{"id":7046,"date":"2026-09-04T12:03:45","date_gmt":"2026-09-04T12:03:45","guid":{"rendered":"https:\/\/fadia.info\/?p=7046"},"modified":"2026-09-04T12:03:55","modified_gmt":"2026-09-04T12:03:55","slug":"se-amplia-la-relacion-de-refrigerantes-autorizados-por-el-rsif","status":"publish","type":"post","link":"https:\/\/fadia.info\/index.php\/2026\/09\/04\/se-amplia-la-relacion-de-refrigerantes-autorizados-por-el-rsif\/","title":{"rendered":"Se ampl\u00eda la relaci\u00f3n de refrigerantes autorizados por el RSIF"},"content":{"rendered":"\n<!--more-->\n\n\n\n<figure class=\"wp-block-image size-full\"><img loading=\"lazy\" decoding=\"async\" width=\"810\" height=\"810\" src=\"https:\/\/fadia.info\/wp-content\/uploads\/2026\/09\/Post-FADIA-morado-27.png\" alt=\"\" class=\"wp-image-7047\" srcset=\"https:\/\/fadia.info\/wp-content\/uploads\/2026\/09\/Post-FADIA-morado-27.png 810w, https:\/\/fadia.info\/wp-content\/uploads\/2026\/09\/Post-FADIA-morado-27-480x480.png 480w\" sizes=\"auto, (min-width: 0px) and (max-width: 480px) 480px, (min-width: 481px) 810px, 100vw\" \/><\/figure>\n\n\n\n<p class=\"wp-block-paragraph\"><strong>La modificaci\u00f3n incorpora los refrigerantes R-444A y R-456A a la relaci\u00f3n de refrigerantes autorizados<\/strong><\/p>\n\n\n\n<p class=\"wp-block-paragraph\">La Direcci\u00f3n General de Estrategia Industrial y de la Peque\u00f1a y Mediana Empresa ha publicado la <strong>Resoluci\u00f3n de 5 de agosto de 2026<\/strong>, por la que se ampl\u00eda la relaci\u00f3n de refrigerantes autorizados por el <strong>Reglamento de Seguridad para Instalaciones Frigor\u00edficas (RSIF)<\/strong>.<\/p>\n\n\n\n<p class=\"wp-block-paragraph\">La actualizaci\u00f3n, de inter\u00e9s para los profesionales y empresas de los sectores <strong>RITE y RSIF<\/strong>, incorpora dos nuevos refrigerantes que se encuentran sujetos al Reglamento europeo F-Gas, al estar incluidos en su Anexo II.<\/p>\n\n\n\n<p class=\"wp-block-paragraph\">Los refrigerantes a\u00f1adidos son:<\/p>\n\n\n\n<ul class=\"wp-block-list\">\n<li><strong>R-444A<\/strong>: compuesto por R-32, R-152a y R-1234zeE. Cuenta con una <strong>clasificaci\u00f3n de seguridad A2L<\/strong> y un <strong>PCA de 88<\/strong>.<\/li>\n\n\n\n<li><strong>R-456A<\/strong>: compuesto por R-32, R-134a y R-1234zeE. Su <strong>clasificaci\u00f3n de seguridad es A1<\/strong> y presenta un <strong>PCA de 685<\/strong>.<\/li>\n<\/ul>\n\n\n\n<p class=\"wp-block-paragraph\">Esta ampliaci\u00f3n actualiza la relaci\u00f3n de refrigerantes que pueden utilizarse conforme al RSIF y supone una novedad de inter\u00e9s para las empresas instaladoras y mantenedoras que trabajan con instalaciones frigor\u00edficas y t\u00e9rmicas.<\/p>\n\n\n\n<p class=\"wp-block-paragraph\">La resoluci\u00f3n ha sido comunicada al sector por <strong>CONAIF<\/strong>, confederaci\u00f3n nacional de referencia de las empresas instaladoras, y ya se encuentra publicada en el Bolet\u00edn Oficial del Estado.<\/p>\n","protected":false},"excerpt":{"rendered":"","protected":false},"author":3,"featured_media":7047,"comment_status":"open","ping_status":"open","sticky":false,"template":"","format":"standard","meta":{"_et_pb_use_builder":"off","_et_pb_old_content":"","_et_gb_content_width":"","_monsterinsights_skip_tracking":false,"footnotes":""},"categories":[4],"tags":[14,106,108,105,107],"class_list":["post-7046","post","type-post","status-publish","format-standard","has-post-thumbnail","hentry","category-fadia","tag-fadia","tag-gases-fluorados","tag-refrigerantes","tag-rite","tag-rsif"],"yoast_head":"<!-- This site is optimized with the Yoast SEO plugin v24.2 - https:\/\/yoast.com\/wordpress\/plugins\/seo\/ -->\n<title>Se ampl\u00eda la relaci\u00f3n de refrigerantes autorizados por el RSIF - Fadia<\/title>\n<meta name=\"robots\" content=\"index, follow, max-snippet:-1, max-image-preview:large, max-video-preview:-1\" \/>\n<link rel=\"canonical\" href=\"https:\/\/fadia.info\/index.php\/2026\/09\/04\/se-amplia-la-relacion-de-refrigerantes-autorizados-por-el-rsif\/\" \/>\n<meta property=\"og:locale\" content=\"es_ES\" \/>\n<meta property=\"og:type\" content=\"article\" \/>\n<meta property=\"og:title\" content=\"Se ampl\u00eda la relaci\u00f3n de refrigerantes autorizados por el RSIF - Fadia\" \/>\n<meta property=\"og:url\" content=\"https:\/\/fadia.info\/index.php\/2026\/09\/04\/se-amplia-la-relacion-de-refrigerantes-autorizados-por-el-rsif\/\" \/>\n<meta property=\"og:site_name\" content=\"Fadia\" \/>\n<meta property=\"article:published_time\" content=\"2026-09-04T12:03:45+00:00\" \/>\n<meta property=\"article:modified_time\" content=\"2026-09-04T12:03:55+00:00\" \/>\n<meta property=\"og:image\" content=\"https:\/\/fadia.info\/wp-content\/uploads\/2026\/09\/Post-FADIA-morado-27.png\" \/>\n\t<meta property=\"og:image:width\" content=\"810\" \/>\n\t<meta property=\"og:image:height\" content=\"810\" \/>\n\t<meta property=\"og:image:type\" content=\"image\/png\" \/>\n<meta name=\"author\" content=\"Miguel\" \/>\n<meta name=\"twitter:card\" content=\"summary_large_image\" \/>\n<meta name=\"twitter:label1\" content=\"Escrito por\" \/>\n\t<meta name=\"twitter:data1\" content=\"Miguel\" \/>\n\t<meta name=\"twitter:label2\" content=\"Tiempo de lectura\" \/>\n\t<meta name=\"twitter:data2\" content=\"2 minutos\" \/>\n<script type=\"application\/ld+json\" class=\"yoast-schema-graph\">{\"@context\":\"https:\/\/schema.org\",\"@graph\":[{\"@type\":\"Article\",\"@id\":\"https:\/\/fadia.info\/index.php\/2026\/09\/04\/se-amplia-la-relacion-de-refrigerantes-autorizados-por-el-rsif\/#article\",\"isPartOf\":{\"@id\":\"https:\/\/fadia.info\/index.php\/2026\/09\/04\/se-amplia-la-relacion-de-refrigerantes-autorizados-por-el-rsif\/\"},\"author\":{\"name\":\"Miguel\",\"@id\":\"https:\/\/fadia.info\/#\/schema\/person\/cdaf7b8ba0a834795f1121971cfaab26\"},\"headline\":\"Se ampl\u00eda la relaci\u00f3n de refrigerantes autorizados por el RSIF\",\"datePublished\":\"2026-09-04T12:03:45+00:00\",\"dateModified\":\"2026-09-04T12:03:55+00:00\",\"mainEntityOfPage\":{\"@id\":\"https:\/\/fadia.info\/index.php\/2026\/09\/04\/se-amplia-la-relacion-de-refrigerantes-autorizados-por-el-rsif\/\"},\"wordCount\":230,\"commentCount\":0,\"publisher\":{\"@id\":\"https:\/\/fadia.info\/#organization\"},\"image\":{\"@id\":\"https:\/\/fadia.info\/index.php\/2026\/09\/04\/se-amplia-la-relacion-de-refrigerantes-autorizados-por-el-rsif\/#primaryimage\"},\"thumbnailUrl\":\"https:\/\/fadia.info\/wp-content\/uploads\/2026\/09\/Post-FADIA-morado-27.png\",\"keywords\":[\"FADIA\",\"gases fluorados\",\"refrigerantes\",\"rite\",\"rsif\"],\"articleSection\":[\"FADIA\"],\"inLanguage\":\"es\",\"potentialAction\":[{\"@type\":\"CommentAction\",\"name\":\"Comment\",\"target\":[\"https:\/\/fadia.info\/index.php\/2026\/09\/04\/se-amplia-la-relacion-de-refrigerantes-autorizados-por-el-rsif\/#respond\"]}]},{\"@type\":\"WebPage\",\"@id\":\"https:\/\/fadia.info\/index.php\/2026\/09\/04\/se-amplia-la-relacion-de-refrigerantes-autorizados-por-el-rsif\/\",\"url\":\"https:\/\/fadia.info\/index.php\/2026\/09\/04\/se-amplia-la-relacion-de-refrigerantes-autorizados-por-el-rsif\/\",\"name\":\"Se ampl\u00eda la relaci\u00f3n de refrigerantes autorizados por el RSIF - Fadia\",\"isPartOf\":{\"@id\":\"https:\/\/fadia.info\/#website\"},\"primaryImageOfPage\":{\"@id\":\"https:\/\/fadia.info\/index.php\/2026\/09\/04\/se-amplia-la-relacion-de-refrigerantes-autorizados-por-el-rsif\/#primaryimage\"},\"image\":{\"@id\":\"https:\/\/fadia.info\/index.php\/2026\/09\/04\/se-amplia-la-relacion-de-refrigerantes-autorizados-por-el-rsif\/#primaryimage\"},\"thumbnailUrl\":\"https:\/\/fadia.info\/wp-content\/uploads\/2026\/09\/Post-FADIA-morado-27.png\",\"datePublished\":\"2026-09-04T12:03:45+00:00\",\"dateModified\":\"2026-09-04T12:03:55+00:00\",\"breadcrumb\":{\"@id\":\"https:\/\/fadia.info\/index.php\/2026\/09\/04\/se-amplia-la-relacion-de-refrigerantes-autorizados-por-el-rsif\/#breadcrumb\"},\"inLanguage\":\"es\",\"potentialAction\":[{\"@type\":\"ReadAction\",\"target\":[\"https:\/\/fadia.info\/index.php\/2026\/09\/04\/se-amplia-la-relacion-de-refrigerantes-autorizados-por-el-rsif\/\"]}]},{\"@type\":\"ImageObject\",\"inLanguage\":\"es\",\"@id\":\"https:\/\/fadia.info\/index.php\/2026\/09\/04\/se-amplia-la-relacion-de-refrigerantes-autorizados-por-el-rsif\/#primaryimage\",\"url\":\"https:\/\/fadia.info\/wp-content\/uploads\/2026\/09\/Post-FADIA-morado-27.png\",\"contentUrl\":\"https:\/\/fadia.info\/wp-content\/uploads\/2026\/09\/Post-FADIA-morado-27.png\",\"width\":810,\"height\":810},{\"@type\":\"BreadcrumbList\",\"@id\":\"https:\/\/fadia.info\/index.php\/2026\/09\/04\/se-amplia-la-relacion-de-refrigerantes-autorizados-por-el-rsif\/#breadcrumb\",\"itemListElement\":[{\"@type\":\"ListItem\",\"position\":1,\"name\":\"Portada\",\"item\":\"https:\/\/fadia.info\/\"},{\"@type\":\"ListItem\",\"position\":2,\"name\":\"Se ampl\u00eda la relaci\u00f3n de refrigerantes autorizados por el RSIF\"}]},{\"@type\":\"WebSite\",\"@id\":\"https:\/\/fadia.info\/#website\",\"url\":\"https:\/\/fadia.info\/\",\"name\":\"Fadia\",\"description\":\"\",\"publisher\":{\"@id\":\"https:\/\/fadia.info\/#organization\"},\"alternateName\":\"Federaci\u00f3n de Asociaciones de Instaladores de Andaluc\u00eda\",\"potentialAction\":[{\"@type\":\"SearchAction\",\"target\":{\"@type\":\"EntryPoint\",\"urlTemplate\":\"https:\/\/fadia.info\/?s={search_term_string}\"},\"query-input\":{\"@type\":\"PropertyValueSpecification\",\"valueRequired\":true,\"valueName\":\"search_term_string\"}}],\"inLanguage\":\"es\"},{\"@type\":\"Organization\",\"@id\":\"https:\/\/fadia.info\/#organization\",\"name\":\"Federaci\u00f3n de Asociaciones de Instaladores de Andaluc\u00eda\",\"alternateName\":\"FADIA\",\"url\":\"https:\/\/fadia.info\/\",\"logo\":{\"@type\":\"ImageObject\",\"inLanguage\":\"es\",\"@id\":\"https:\/\/fadia.info\/#\/schema\/logo\/image\/\",\"url\":\"https:\/\/fadia.info\/wp-content\/uploads\/2023\/11\/logo_fadia.png\",\"contentUrl\":\"https:\/\/fadia.info\/wp-content\/uploads\/2023\/11\/logo_fadia.png\",\"width\":619,\"height\":265,\"caption\":\"Federaci\u00f3n de Asociaciones de Instaladores de Andaluc\u00eda\"},\"image\":{\"@id\":\"https:\/\/fadia.info\/#\/schema\/logo\/image\/\"}},{\"@type\":\"Person\",\"@id\":\"https:\/\/fadia.info\/#\/schema\/person\/cdaf7b8ba0a834795f1121971cfaab26\",\"name\":\"Miguel\",\"image\":{\"@type\":\"ImageObject\",\"inLanguage\":\"es\",\"@id\":\"https:\/\/fadia.info\/#\/schema\/person\/image\/\",\"url\":\"https:\/\/secure.gravatar.com\/avatar\/7f4e60b1e9fe9c37d925854cb71b1cb76e7cee4d38db28d6f7e8677375de1b8e?s=96&d=mm&r=g\",\"contentUrl\":\"https:\/\/secure.gravatar.com\/avatar\/7f4e60b1e9fe9c37d925854cb71b1cb76e7cee4d38db28d6f7e8677375de1b8e?s=96&d=mm&r=g\",\"caption\":\"Miguel\"},\"url\":\"https:\/\/fadia.info\/index.php\/author\/miguel\/\"}]}<\/script>\n<!-- \/ Yoast SEO plugin. -->","yoast_head_json":{"title":"Se ampl\u00eda la relaci\u00f3n de refrigerantes autorizados por el RSIF - Fadia","robots":{"index":"index","follow":"follow","max-snippet":"max-snippet:-1","max-image-preview":"max-image-preview:large","max-video-preview":"max-video-preview:-1"},"canonical":"https:\/\/fadia.info\/index.php\/2026\/09\/04\/se-amplia-la-relacion-de-refrigerantes-autorizados-por-el-rsif\/","og_locale":"es_ES","og_type":"article","og_title":"Se ampl\u00eda la relaci\u00f3n de refrigerantes autorizados por el RSIF - Fadia","og_url":"https:\/\/fadia.info\/index.php\/2026\/09\/04\/se-amplia-la-relacion-de-refrigerantes-autorizados-por-el-rsif\/","og_site_name":"Fadia","article_published_time":"2026-09-04T12:03:45+00:00","article_modified_time":"2026-09-04T12:03:55+00:00","og_image":[{"width":810,"height":810,"url":"https:\/\/fadia.info\/wp-content\/uploads\/2026\/09\/Post-FADIA-morado-27.png","type":"image\/png"}],"author":"Miguel","twitter_card":"summary_large_image","twitter_misc":{"Escrito por":"Miguel","Tiempo de lectura":"2 minutos"},"schema":{"@context":"https:\/\/schema.org","@graph":[{"@type":"Article","@id":"https:\/\/fadia.info\/index.php\/2026\/09\/04\/se-amplia-la-relacion-de-refrigerantes-autorizados-por-el-rsif\/#article","isPartOf":{"@id":"https:\/\/fadia.info\/index.php\/2026\/09\/04\/se-amplia-la-relacion-de-refrigerantes-autorizados-por-el-rsif\/"},"author":{"name":"Miguel","@id":"https:\/\/fadia.info\/#\/schema\/person\/cdaf7b8ba0a834795f1121971cfaab26"},"headline":"Se ampl\u00eda la relaci\u00f3n de refrigerantes autorizados por el RSIF","datePublished":"2026-09-04T12:03:45+00:00","dateModified":"2026-09-04T12:03:55+00:00","mainEntityOfPage":{"@id":"https:\/\/fadia.info\/index.php\/2026\/09\/04\/se-amplia-la-relacion-de-refrigerantes-autorizados-por-el-rsif\/"},"wordCount":230,"commentCount":0,"publisher":{"@id":"https:\/\/fadia.info\/#organization"},"image":{"@id":"https:\/\/fadia.info\/index.php\/2026\/09\/04\/se-amplia-la-relacion-de-refrigerantes-autorizados-por-el-rsif\/#primaryimage"},"thumbnailUrl":"https:\/\/fadia.info\/wp-content\/uploads\/2026\/09\/Post-FADIA-morado-27.png","keywords":["FADIA","gases fluorados","refrigerantes","rite","rsif"],"articleSection":["FADIA"],"inLanguage":"es","potentialAction":[{"@type":"CommentAction","name":"Comment","target":["https:\/\/fadia.info\/index.php\/2026\/09\/04\/se-amplia-la-relacion-de-refrigerantes-autorizados-por-el-rsif\/#respond"]}]},{"@type":"WebPage","@id":"https:\/\/fadia.info\/index.php\/2026\/09\/04\/se-amplia-la-relacion-de-refrigerantes-autorizados-por-el-rsif\/","url":"https:\/\/fadia.info\/index.php\/2026\/09\/04\/se-amplia-la-relacion-de-refrigerantes-autorizados-por-el-rsif\/","name":"Se ampl\u00eda la relaci\u00f3n de refrigerantes autorizados por el RSIF - Fadia","isPartOf":{"@id":"https:\/\/fadia.info\/#website"},"primaryImageOfPage":{"@id":"https:\/\/fadia.info\/index.php\/2026\/09\/04\/se-amplia-la-relacion-de-refrigerantes-autorizados-por-el-rsif\/#primaryimage"},"image":{"@id":"https:\/\/fadia.info\/index.php\/2026\/09\/04\/se-amplia-la-relacion-de-refrigerantes-autorizados-por-el-rsif\/#primaryimage"},"thumbnailUrl":"https:\/\/fadia.info\/wp-content\/uploads\/2026\/09\/Post-FADIA-morado-27.png","datePublished":"2026-09-04T12:03:45+00:00","dateModified":"2026-09-04T12:03:55+00:00","breadcrumb":{"@id":"https:\/\/fadia.info\/index.php\/2026\/09\/04\/se-amplia-la-relacion-de-refrigerantes-autorizados-por-el-rsif\/#breadcrumb"},"inLanguage":"es","potentialAction":[{"@type":"ReadAction","target":["https:\/\/fadia.info\/index.php\/2026\/09\/04\/se-amplia-la-relacion-de-refrigerantes-autorizados-por-el-rsif\/"]}]},{"@type":"ImageObject","inLanguage":"es","@id":"https:\/\/fadia.info\/index.php\/2026\/09\/04\/se-amplia-la-relacion-de-refrigerantes-autorizados-por-el-rsif\/#primaryimage","url":"https:\/\/fadia.info\/wp-content\/uploads\/2026\/09\/Post-FADIA-morado-27.png","contentUrl":"https:\/\/fadia.info\/wp-content\/uploads\/2026\/09\/Post-FADIA-morado-27.png","width":810,"height":810},{"@type":"BreadcrumbList","@id":"https:\/\/fadia.info\/index.php\/2026\/09\/04\/se-amplia-la-relacion-de-refrigerantes-autorizados-por-el-rsif\/#breadcrumb","itemListElement":[{"@type":"ListItem","position":1,"name":"Portada","item":"https:\/\/fadia.info\/"},{"@type":"ListItem","position":2,"name":"Se ampl\u00eda la relaci\u00f3n de refrigerantes autorizados por el RSIF"}]},{"@type":"WebSite","@id":"https:\/\/fadia.info\/#website","url":"https:\/\/fadia.info\/","name":"Fadia","description":"","publisher":{"@id":"https:\/\/fadia.info\/#organization"},"alternateName":"Federaci\u00f3n de Asociaciones de Instaladores de Andaluc\u00eda","potentialAction":[{"@type":"SearchAction","target":{"@type":"EntryPoint","urlTemplate":"https:\/\/fadia.info\/?s={search_term_string}"},"query-input":{"@type":"PropertyValueSpecification","valueRequired":true,"valueName":"search_term_string"}}],"inLanguage":"es"},{"@type":"Organization","@id":"https:\/\/fadia.info\/#organization","name":"Federaci\u00f3n de Asociaciones de Instaladores de Andaluc\u00eda","alternateName":"FADIA","url":"https:\/\/fadia.info\/","logo":{"@type":"ImageObject","inLanguage":"es","@id":"https:\/\/fadia.info\/#\/schema\/logo\/image\/","url":"https:\/\/fadia.info\/wp-content\/uploads\/2023\/11\/logo_fadia.png","contentUrl":"https:\/\/fadia.info\/wp-content\/uploads\/2023\/11\/logo_fadia.png","width":619,"height":265,"caption":"Federaci\u00f3n de Asociaciones de Instaladores de Andaluc\u00eda"},"image":{"@id":"https:\/\/fadia.info\/#\/schema\/logo\/image\/"}},{"@type":"Person","@id":"https:\/\/fadia.info\/#\/schema\/person\/cdaf7b8ba0a834795f1121971cfaab26","name":"Miguel","image":{"@type":"ImageObject","inLanguage":"es","@id":"https:\/\/fadia.info\/#\/schema\/person\/image\/","url":"https:\/\/secure.gravatar.com\/avatar\/7f4e60b1e9fe9c37d925854cb71b1cb76e7cee4d38db28d6f7e8677375de1b8e?s=96&d=mm&r=g","contentUrl":"https:\/\/secure.gravatar.com\/avatar\/7f4e60b1e9fe9c37d925854cb71b1cb76e7cee4d38db28d6f7e8677375de1b8e?s=96&d=mm&r=g","caption":"Miguel"},"url":"https:\/\/fadia.info\/index.php\/author\/miguel\/"}]}},"_links":{"self":[{"href":"https:\/\/fadia.info\/index.php\/wp-json\/wp\/v2\/posts\/7046","targetHints":{"allow":["GET"]}}],"collection":[{"href":"https:\/\/fadia.info\/index.php\/wp-json\/wp\/v2\/posts"}],"about":[{"href":"https:\/\/fadia.info\/index.php\/wp-json\/wp\/v2\/types\/post"}],"author":[{"embeddable":true,"href":"https:\/\/fadia.info\/index.php\/wp-json\/wp\/v2\/users\/3"}],"replies":[{"embeddable":true,"href":"https:\/\/fadia.info\/index.php\/wp-json\/wp\/v2\/comments?post=7046"}],"version-history":[{"count":1,"href":"https:\/\/fadia.info\/index.php\/wp-json\/wp\/v2\/posts\/7046\/revisions"}],"predecessor-version":[{"id":7048,"href":"https:\/\/fadia.info\/index.php\/wp-json\/wp\/v2\/posts\/7046\/revisions\/7048"}],"wp:featuredmedia":[{"embeddable":true,"href":"https:\/\/fadia.info\/index.php\/wp-json\/wp\/v2\/media\/7047"}],"wp:attachment":[{"href":"https:\/\/fadia.info\/index.php\/wp-json\/wp\/v2\/media?parent=7046"}],"wp:term":[{"taxonomy":"category","embeddable":true,"href":"https:\/\/fadia.info\/index.php\/wp-json\/wp\/v2\/categories?post=7046"},{"taxonomy":"post_tag","embeddable":true,"href":"https:\/\/fadia.info\/index.php\/wp-json\/wp\/v2\/tags?post=7046"}],"curies":[{"name":"wp","href":"https:\/\/api.w.org\/{rel}","templated":true}]}}