{"id":6902,"date":"2026-03-13T15:59:41","date_gmt":"2026-03-13T15:59:41","guid":{"rendered":"https:\/\/fadia.info\/?p=6902"},"modified":"2026-03-13T16:22:46","modified_gmt":"2026-03-13T16:22:46","slug":"fenie-energia-la-compania-de-los-instaladores-participara-como-expositor-en-fadia-2026","status":"publish","type":"post","link":"https:\/\/fadia.info\/index.php\/2026\/03\/13\/fenie-energia-la-compania-de-los-instaladores-participara-como-expositor-en-fadia-2026\/","title":{"rendered":"Fen\u00ede Energ\u00eda, la compa\u00f1\u00eda de los instaladores, participar\u00e1 como expositor en FADIA 2026"},"content":{"rendered":"\n<p><strong>Fen\u00ede Energ\u00eda<\/strong>, conocida como <em>la compa\u00f1\u00eda de los instaladores<\/em>, formar\u00e1 parte de <strong>FADIA 2026<\/strong> como empresa expositora, reforzando la presencia de actores clave del sector energ\u00e9tico dentro del evento.<\/p>\n\n\n\n<!--more-->\n\n\n\n<figure class=\"wp-block-image size-large\"><img loading=\"lazy\" decoding=\"async\" width=\"1024\" height=\"1024\" src=\"https:\/\/fadia.info\/wp-content\/uploads\/2026\/03\/Post-FADIA-fenie-energia-1024x1024.png\" alt=\"\" class=\"wp-image-6903\" srcset=\"https:\/\/fadia.info\/wp-content\/uploads\/2026\/03\/Post-FADIA-fenie-energia-1024x1024.png 1024w, https:\/\/fadia.info\/wp-content\/uploads\/2026\/03\/Post-FADIA-fenie-energia-980x980.png 980w, https:\/\/fadia.info\/wp-content\/uploads\/2026\/03\/Post-FADIA-fenie-energia-480x480.png 480w\" sizes=\"auto, (min-width: 0px) and (max-width: 480px) 480px, (min-width: 481px) and (max-width: 980px) 980px, (min-width: 981px) 1024px, 100vw\" \/><\/figure>\n\n\n\n<p><a href=\"https:\/\/www.fenieenergia.es\/es\" target=\"_blank\" rel=\"noreferrer noopener\">Fen\u00ede Energ\u00eda<\/a> se ha consolidado como una comercializadora de referencia en Espa\u00f1a gracias a su modelo \u00fanico basado en una amplia red de empresas instaladoras que participan activamente en el proyecto. Este enfoque permite acercar soluciones energ\u00e9ticas eficientes y personalizadas tanto a hogares como a empresas, impulsando al mismo tiempo el papel del instalador como figura fundamental en la transici\u00f3n energ\u00e9tica.<\/p>\n\n\n\n<p>Durante su participaci\u00f3n en FADIA 2026, la compa\u00f1\u00eda mostrar\u00e1 su propuesta de valor basada en la cercan\u00eda al cliente, la innovaci\u00f3n y el impulso de soluciones energ\u00e9ticas sostenibles. Los asistentes al evento podr\u00e1n conocer de primera mano los servicios que ofrece Fen\u00ede Energ\u00eda, as\u00ed como las oportunidades que su modelo colaborativo genera para profesionales y empresas del sector.<\/p>\n\n\n\n<p>La presencia de Fen\u00ede Energ\u00eda en FADIA 2026 refleja el compromiso del evento con la participaci\u00f3n de empresas que lideran la transformaci\u00f3n energ\u00e9tica y tecnol\u00f3gica, fomentando un espacio de encuentro donde compartir conocimiento, generar oportunidades de colaboraci\u00f3n y descubrir las \u00faltimas tendencias del sector.<\/p>\n\n\n\n<p>FADIA 2026 reunir\u00e1 a empresas, expertos y profesionales de diferentes \u00e1mbitos para abordar los desaf\u00edos del futuro energ\u00e9tico e industrial, consolid\u00e1ndose como un punto de encuentro clave para la innovaci\u00f3n y el desarrollo del sector.<\/p>\n","protected":false},"excerpt":{"rendered":"<p>Fen\u00ede Energ\u00eda, conocida como la compa\u00f1\u00eda de los instaladores, formar\u00e1 parte de FADIA 2026 como empresa expositora, reforzando la presencia de actores clave del sector energ\u00e9tico dentro del evento.<\/p>\n","protected":false},"author":3,"featured_media":6903,"comment_status":"open","ping_status":"open","sticky":false,"template":"","format":"standard","meta":{"_et_pb_use_builder":"off","_et_pb_old_content":"","_et_gb_content_width":"","_monsterinsights_skip_tracking":false,"_monsterinsights_sitenote_active":false,"_monsterinsights_sitenote_note":"","_monsterinsights_sitenote_category":0,"footnotes":""},"categories":[4],"tags":[40,14,57],"class_list":["post-6902","post","type-post","status-publish","format-standard","has-post-thumbnail","hentry","category-fadia","tag-congreso-fadia","tag-fadia","tag-fenie-energia"],"yoast_head":"<!-- This site is optimized with the Yoast SEO plugin v24.2 - https:\/\/yoast.com\/wordpress\/plugins\/seo\/ -->\n<title>Fen\u00ede Energ\u00eda, la compa\u00f1\u00eda de los instaladores, participar\u00e1 como expositor en FADIA 2026 - Fadia<\/title>\n<meta name=\"robots\" content=\"index, follow, max-snippet:-1, max-image-preview:large, max-video-preview:-1\" \/>\n<link rel=\"canonical\" href=\"https:\/\/fadia.info\/index.php\/2026\/03\/13\/fenie-energia-la-compania-de-los-instaladores-participara-como-expositor-en-fadia-2026\/\" \/>\n<meta property=\"og:locale\" content=\"es_ES\" \/>\n<meta property=\"og:type\" content=\"article\" \/>\n<meta property=\"og:title\" content=\"Fen\u00ede Energ\u00eda, la compa\u00f1\u00eda de los instaladores, participar\u00e1 como expositor en FADIA 2026 - Fadia\" \/>\n<meta property=\"og:description\" content=\"Fen\u00ede Energ\u00eda, conocida como la compa\u00f1\u00eda de los instaladores, formar\u00e1 parte de FADIA 2026 como empresa expositora, reforzando la presencia de actores clave del sector energ\u00e9tico dentro del evento.\" \/>\n<meta property=\"og:url\" content=\"https:\/\/fadia.info\/index.php\/2026\/03\/13\/fenie-energia-la-compania-de-los-instaladores-participara-como-expositor-en-fadia-2026\/\" \/>\n<meta property=\"og:site_name\" content=\"Fadia\" \/>\n<meta property=\"article:published_time\" content=\"2026-03-13T15:59:41+00:00\" \/>\n<meta property=\"article:modified_time\" content=\"2026-03-13T16:22:46+00:00\" \/>\n<meta property=\"og:image\" content=\"https:\/\/fadia.info\/wp-content\/uploads\/2026\/03\/Post-FADIA-fenie-energia.png\" \/>\n\t<meta property=\"og:image:width\" content=\"1080\" \/>\n\t<meta property=\"og:image:height\" content=\"1080\" \/>\n\t<meta property=\"og:image:type\" content=\"image\/png\" \/>\n<meta name=\"author\" content=\"Miguel\" \/>\n<meta name=\"twitter:card\" content=\"summary_large_image\" \/>\n<meta name=\"twitter:label1\" content=\"Escrito por\" \/>\n\t<meta name=\"twitter:data1\" content=\"Miguel\" \/>\n\t<meta name=\"twitter:label2\" content=\"Tiempo de lectura\" \/>\n\t<meta name=\"twitter:data2\" content=\"2 minutos\" \/>\n<script type=\"application\/ld+json\" class=\"yoast-schema-graph\">{\"@context\":\"https:\/\/schema.org\",\"@graph\":[{\"@type\":\"Article\",\"@id\":\"https:\/\/fadia.info\/index.php\/2026\/03\/13\/fenie-energia-la-compania-de-los-instaladores-participara-como-expositor-en-fadia-2026\/#article\",\"isPartOf\":{\"@id\":\"https:\/\/fadia.info\/index.php\/2026\/03\/13\/fenie-energia-la-compania-de-los-instaladores-participara-como-expositor-en-fadia-2026\/\"},\"author\":{\"name\":\"Miguel\",\"@id\":\"https:\/\/fadia.info\/#\/schema\/person\/cdaf7b8ba0a834795f1121971cfaab26\"},\"headline\":\"Fen\u00ede Energ\u00eda, la compa\u00f1\u00eda de los instaladores, participar\u00e1 como expositor en FADIA 2026\",\"datePublished\":\"2026-03-13T15:59:41+00:00\",\"dateModified\":\"2026-03-13T16:22:46+00:00\",\"mainEntityOfPage\":{\"@id\":\"https:\/\/fadia.info\/index.php\/2026\/03\/13\/fenie-energia-la-compania-de-los-instaladores-participara-como-expositor-en-fadia-2026\/\"},\"wordCount\":267,\"commentCount\":0,\"publisher\":{\"@id\":\"https:\/\/fadia.info\/#organization\"},\"image\":{\"@id\":\"https:\/\/fadia.info\/index.php\/2026\/03\/13\/fenie-energia-la-compania-de-los-instaladores-participara-como-expositor-en-fadia-2026\/#primaryimage\"},\"thumbnailUrl\":\"https:\/\/fadia.info\/wp-content\/uploads\/2026\/03\/Post-FADIA-fenie-energia.png\",\"keywords\":[\"congreso fadia\",\"FADIA\",\"fen\u00ede energ\u00eda\"],\"articleSection\":[\"FADIA\"],\"inLanguage\":\"es\",\"potentialAction\":[{\"@type\":\"CommentAction\",\"name\":\"Comment\",\"target\":[\"https:\/\/fadia.info\/index.php\/2026\/03\/13\/fenie-energia-la-compania-de-los-instaladores-participara-como-expositor-en-fadia-2026\/#respond\"]}]},{\"@type\":\"WebPage\",\"@id\":\"https:\/\/fadia.info\/index.php\/2026\/03\/13\/fenie-energia-la-compania-de-los-instaladores-participara-como-expositor-en-fadia-2026\/\",\"url\":\"https:\/\/fadia.info\/index.php\/2026\/03\/13\/fenie-energia-la-compania-de-los-instaladores-participara-como-expositor-en-fadia-2026\/\",\"name\":\"Fen\u00ede Energ\u00eda, la compa\u00f1\u00eda de los instaladores, participar\u00e1 como expositor en FADIA 2026 - Fadia\",\"isPartOf\":{\"@id\":\"https:\/\/fadia.info\/#website\"},\"primaryImageOfPage\":{\"@id\":\"https:\/\/fadia.info\/index.php\/2026\/03\/13\/fenie-energia-la-compania-de-los-instaladores-participara-como-expositor-en-fadia-2026\/#primaryimage\"},\"image\":{\"@id\":\"https:\/\/fadia.info\/index.php\/2026\/03\/13\/fenie-energia-la-compania-de-los-instaladores-participara-como-expositor-en-fadia-2026\/#primaryimage\"},\"thumbnailUrl\":\"https:\/\/fadia.info\/wp-content\/uploads\/2026\/03\/Post-FADIA-fenie-energia.png\",\"datePublished\":\"2026-03-13T15:59:41+00:00\",\"dateModified\":\"2026-03-13T16:22:46+00:00\",\"breadcrumb\":{\"@id\":\"https:\/\/fadia.info\/index.php\/2026\/03\/13\/fenie-energia-la-compania-de-los-instaladores-participara-como-expositor-en-fadia-2026\/#breadcrumb\"},\"inLanguage\":\"es\",\"potentialAction\":[{\"@type\":\"ReadAction\",\"target\":[\"https:\/\/fadia.info\/index.php\/2026\/03\/13\/fenie-energia-la-compania-de-los-instaladores-participara-como-expositor-en-fadia-2026\/\"]}]},{\"@type\":\"ImageObject\",\"inLanguage\":\"es\",\"@id\":\"https:\/\/fadia.info\/index.php\/2026\/03\/13\/fenie-energia-la-compania-de-los-instaladores-participara-como-expositor-en-fadia-2026\/#primaryimage\",\"url\":\"https:\/\/fadia.info\/wp-content\/uploads\/2026\/03\/Post-FADIA-fenie-energia.png\",\"contentUrl\":\"https:\/\/fadia.info\/wp-content\/uploads\/2026\/03\/Post-FADIA-fenie-energia.png\",\"width\":1080,\"height\":1080},{\"@type\":\"BreadcrumbList\",\"@id\":\"https:\/\/fadia.info\/index.php\/2026\/03\/13\/fenie-energia-la-compania-de-los-instaladores-participara-como-expositor-en-fadia-2026\/#breadcrumb\",\"itemListElement\":[{\"@type\":\"ListItem\",\"position\":1,\"name\":\"Portada\",\"item\":\"https:\/\/fadia.info\/\"},{\"@type\":\"ListItem\",\"position\":2,\"name\":\"Fen\u00ede Energ\u00eda, la compa\u00f1\u00eda de los instaladores, participar\u00e1 como expositor en FADIA 2026\"}]},{\"@type\":\"WebSite\",\"@id\":\"https:\/\/fadia.info\/#website\",\"url\":\"https:\/\/fadia.info\/\",\"name\":\"Fadia\",\"description\":\"\",\"publisher\":{\"@id\":\"https:\/\/fadia.info\/#organization\"},\"alternateName\":\"Federaci\u00f3n de Asociaciones de Instaladores de Andaluc\u00eda\",\"potentialAction\":[{\"@type\":\"SearchAction\",\"target\":{\"@type\":\"EntryPoint\",\"urlTemplate\":\"https:\/\/fadia.info\/?s={search_term_string}\"},\"query-input\":{\"@type\":\"PropertyValueSpecification\",\"valueRequired\":true,\"valueName\":\"search_term_string\"}}],\"inLanguage\":\"es\"},{\"@type\":\"Organization\",\"@id\":\"https:\/\/fadia.info\/#organization\",\"name\":\"Federaci\u00f3n de Asociaciones de Instaladores de Andaluc\u00eda\",\"alternateName\":\"FADIA\",\"url\":\"https:\/\/fadia.info\/\",\"logo\":{\"@type\":\"ImageObject\",\"inLanguage\":\"es\",\"@id\":\"https:\/\/fadia.info\/#\/schema\/logo\/image\/\",\"url\":\"https:\/\/fadia.info\/wp-content\/uploads\/2023\/11\/logo_fadia.png\",\"contentUrl\":\"https:\/\/fadia.info\/wp-content\/uploads\/2023\/11\/logo_fadia.png\",\"width\":619,\"height\":265,\"caption\":\"Federaci\u00f3n de Asociaciones de Instaladores de Andaluc\u00eda\"},\"image\":{\"@id\":\"https:\/\/fadia.info\/#\/schema\/logo\/image\/\"}},{\"@type\":\"Person\",\"@id\":\"https:\/\/fadia.info\/#\/schema\/person\/cdaf7b8ba0a834795f1121971cfaab26\",\"name\":\"Miguel\",\"image\":{\"@type\":\"ImageObject\",\"inLanguage\":\"es\",\"@id\":\"https:\/\/fadia.info\/#\/schema\/person\/image\/\",\"url\":\"https:\/\/secure.gravatar.com\/avatar\/7f4e60b1e9fe9c37d925854cb71b1cb76e7cee4d38db28d6f7e8677375de1b8e?s=96&d=mm&r=g\",\"contentUrl\":\"https:\/\/secure.gravatar.com\/avatar\/7f4e60b1e9fe9c37d925854cb71b1cb76e7cee4d38db28d6f7e8677375de1b8e?s=96&d=mm&r=g\",\"caption\":\"Miguel\"},\"url\":\"https:\/\/fadia.info\/index.php\/author\/miguel\/\"}]}<\/script>\n<!-- \/ Yoast SEO plugin. -->","yoast_head_json":{"title":"Fen\u00ede Energ\u00eda, la compa\u00f1\u00eda de los instaladores, participar\u00e1 como expositor en FADIA 2026 - Fadia","robots":{"index":"index","follow":"follow","max-snippet":"max-snippet:-1","max-image-preview":"max-image-preview:large","max-video-preview":"max-video-preview:-1"},"canonical":"https:\/\/fadia.info\/index.php\/2026\/03\/13\/fenie-energia-la-compania-de-los-instaladores-participara-como-expositor-en-fadia-2026\/","og_locale":"es_ES","og_type":"article","og_title":"Fen\u00ede Energ\u00eda, la compa\u00f1\u00eda de los instaladores, participar\u00e1 como expositor en FADIA 2026 - Fadia","og_description":"Fen\u00ede Energ\u00eda, conocida como la compa\u00f1\u00eda de los instaladores, formar\u00e1 parte de FADIA 2026 como empresa expositora, reforzando la presencia de actores clave del sector energ\u00e9tico dentro del evento.","og_url":"https:\/\/fadia.info\/index.php\/2026\/03\/13\/fenie-energia-la-compania-de-los-instaladores-participara-como-expositor-en-fadia-2026\/","og_site_name":"Fadia","article_published_time":"2026-03-13T15:59:41+00:00","article_modified_time":"2026-03-13T16:22:46+00:00","og_image":[{"width":1080,"height":1080,"url":"https:\/\/fadia.info\/wp-content\/uploads\/2026\/03\/Post-FADIA-fenie-energia.png","type":"image\/png"}],"author":"Miguel","twitter_card":"summary_large_image","twitter_misc":{"Escrito por":"Miguel","Tiempo de lectura":"2 minutos"},"schema":{"@context":"https:\/\/schema.org","@graph":[{"@type":"Article","@id":"https:\/\/fadia.info\/index.php\/2026\/03\/13\/fenie-energia-la-compania-de-los-instaladores-participara-como-expositor-en-fadia-2026\/#article","isPartOf":{"@id":"https:\/\/fadia.info\/index.php\/2026\/03\/13\/fenie-energia-la-compania-de-los-instaladores-participara-como-expositor-en-fadia-2026\/"},"author":{"name":"Miguel","@id":"https:\/\/fadia.info\/#\/schema\/person\/cdaf7b8ba0a834795f1121971cfaab26"},"headline":"Fen\u00ede Energ\u00eda, la compa\u00f1\u00eda de los instaladores, participar\u00e1 como expositor en FADIA 2026","datePublished":"2026-03-13T15:59:41+00:00","dateModified":"2026-03-13T16:22:46+00:00","mainEntityOfPage":{"@id":"https:\/\/fadia.info\/index.php\/2026\/03\/13\/fenie-energia-la-compania-de-los-instaladores-participara-como-expositor-en-fadia-2026\/"},"wordCount":267,"commentCount":0,"publisher":{"@id":"https:\/\/fadia.info\/#organization"},"image":{"@id":"https:\/\/fadia.info\/index.php\/2026\/03\/13\/fenie-energia-la-compania-de-los-instaladores-participara-como-expositor-en-fadia-2026\/#primaryimage"},"thumbnailUrl":"https:\/\/fadia.info\/wp-content\/uploads\/2026\/03\/Post-FADIA-fenie-energia.png","keywords":["congreso fadia","FADIA","fen\u00ede energ\u00eda"],"articleSection":["FADIA"],"inLanguage":"es","potentialAction":[{"@type":"CommentAction","name":"Comment","target":["https:\/\/fadia.info\/index.php\/2026\/03\/13\/fenie-energia-la-compania-de-los-instaladores-participara-como-expositor-en-fadia-2026\/#respond"]}]},{"@type":"WebPage","@id":"https:\/\/fadia.info\/index.php\/2026\/03\/13\/fenie-energia-la-compania-de-los-instaladores-participara-como-expositor-en-fadia-2026\/","url":"https:\/\/fadia.info\/index.php\/2026\/03\/13\/fenie-energia-la-compania-de-los-instaladores-participara-como-expositor-en-fadia-2026\/","name":"Fen\u00ede Energ\u00eda, la compa\u00f1\u00eda de los instaladores, participar\u00e1 como expositor en FADIA 2026 - Fadia","isPartOf":{"@id":"https:\/\/fadia.info\/#website"},"primaryImageOfPage":{"@id":"https:\/\/fadia.info\/index.php\/2026\/03\/13\/fenie-energia-la-compania-de-los-instaladores-participara-como-expositor-en-fadia-2026\/#primaryimage"},"image":{"@id":"https:\/\/fadia.info\/index.php\/2026\/03\/13\/fenie-energia-la-compania-de-los-instaladores-participara-como-expositor-en-fadia-2026\/#primaryimage"},"thumbnailUrl":"https:\/\/fadia.info\/wp-content\/uploads\/2026\/03\/Post-FADIA-fenie-energia.png","datePublished":"2026-03-13T15:59:41+00:00","dateModified":"2026-03-13T16:22:46+00:00","breadcrumb":{"@id":"https:\/\/fadia.info\/index.php\/2026\/03\/13\/fenie-energia-la-compania-de-los-instaladores-participara-como-expositor-en-fadia-2026\/#breadcrumb"},"inLanguage":"es","potentialAction":[{"@type":"ReadAction","target":["https:\/\/fadia.info\/index.php\/2026\/03\/13\/fenie-energia-la-compania-de-los-instaladores-participara-como-expositor-en-fadia-2026\/"]}]},{"@type":"ImageObject","inLanguage":"es","@id":"https:\/\/fadia.info\/index.php\/2026\/03\/13\/fenie-energia-la-compania-de-los-instaladores-participara-como-expositor-en-fadia-2026\/#primaryimage","url":"https:\/\/fadia.info\/wp-content\/uploads\/2026\/03\/Post-FADIA-fenie-energia.png","contentUrl":"https:\/\/fadia.info\/wp-content\/uploads\/2026\/03\/Post-FADIA-fenie-energia.png","width":1080,"height":1080},{"@type":"BreadcrumbList","@id":"https:\/\/fadia.info\/index.php\/2026\/03\/13\/fenie-energia-la-compania-de-los-instaladores-participara-como-expositor-en-fadia-2026\/#breadcrumb","itemListElement":[{"@type":"ListItem","position":1,"name":"Portada","item":"https:\/\/fadia.info\/"},{"@type":"ListItem","position":2,"name":"Fen\u00ede Energ\u00eda, la compa\u00f1\u00eda de los instaladores, participar\u00e1 como expositor en FADIA 2026"}]},{"@type":"WebSite","@id":"https:\/\/fadia.info\/#website","url":"https:\/\/fadia.info\/","name":"Fadia","description":"","publisher":{"@id":"https:\/\/fadia.info\/#organization"},"alternateName":"Federaci\u00f3n de Asociaciones de Instaladores de Andaluc\u00eda","potentialAction":[{"@type":"SearchAction","target":{"@type":"EntryPoint","urlTemplate":"https:\/\/fadia.info\/?s={search_term_string}"},"query-input":{"@type":"PropertyValueSpecification","valueRequired":true,"valueName":"search_term_string"}}],"inLanguage":"es"},{"@type":"Organization","@id":"https:\/\/fadia.info\/#organization","name":"Federaci\u00f3n de Asociaciones de Instaladores de Andaluc\u00eda","alternateName":"FADIA","url":"https:\/\/fadia.info\/","logo":{"@type":"ImageObject","inLanguage":"es","@id":"https:\/\/fadia.info\/#\/schema\/logo\/image\/","url":"https:\/\/fadia.info\/wp-content\/uploads\/2023\/11\/logo_fadia.png","contentUrl":"https:\/\/fadia.info\/wp-content\/uploads\/2023\/11\/logo_fadia.png","width":619,"height":265,"caption":"Federaci\u00f3n de Asociaciones de Instaladores de Andaluc\u00eda"},"image":{"@id":"https:\/\/fadia.info\/#\/schema\/logo\/image\/"}},{"@type":"Person","@id":"https:\/\/fadia.info\/#\/schema\/person\/cdaf7b8ba0a834795f1121971cfaab26","name":"Miguel","image":{"@type":"ImageObject","inLanguage":"es","@id":"https:\/\/fadia.info\/#\/schema\/person\/image\/","url":"https:\/\/secure.gravatar.com\/avatar\/7f4e60b1e9fe9c37d925854cb71b1cb76e7cee4d38db28d6f7e8677375de1b8e?s=96&d=mm&r=g","contentUrl":"https:\/\/secure.gravatar.com\/avatar\/7f4e60b1e9fe9c37d925854cb71b1cb76e7cee4d38db28d6f7e8677375de1b8e?s=96&d=mm&r=g","caption":"Miguel"},"url":"https:\/\/fadia.info\/index.php\/author\/miguel\/"}]}},"_links":{"self":[{"href":"https:\/\/fadia.info\/index.php\/wp-json\/wp\/v2\/posts\/6902","targetHints":{"allow":["GET"]}}],"collection":[{"href":"https:\/\/fadia.info\/index.php\/wp-json\/wp\/v2\/posts"}],"about":[{"href":"https:\/\/fadia.info\/index.php\/wp-json\/wp\/v2\/types\/post"}],"author":[{"embeddable":true,"href":"https:\/\/fadia.info\/index.php\/wp-json\/wp\/v2\/users\/3"}],"replies":[{"embeddable":true,"href":"https:\/\/fadia.info\/index.php\/wp-json\/wp\/v2\/comments?post=6902"}],"version-history":[{"count":2,"href":"https:\/\/fadia.info\/index.php\/wp-json\/wp\/v2\/posts\/6902\/revisions"}],"predecessor-version":[{"id":6905,"href":"https:\/\/fadia.info\/index.php\/wp-json\/wp\/v2\/posts\/6902\/revisions\/6905"}],"wp:featuredmedia":[{"embeddable":true,"href":"https:\/\/fadia.info\/index.php\/wp-json\/wp\/v2\/media\/6903"}],"wp:attachment":[{"href":"https:\/\/fadia.info\/index.php\/wp-json\/wp\/v2\/media?parent=6902"}],"wp:term":[{"taxonomy":"category","embeddable":true,"href":"https:\/\/fadia.info\/index.php\/wp-json\/wp\/v2\/categories?post=6902"},{"taxonomy":"post_tag","embeddable":true,"href":"https:\/\/fadia.info\/index.php\/wp-json\/wp\/v2\/tags?post=6902"}],"curies":[{"name":"wp","href":"https:\/\/api.w.org\/{rel}","templated":true}]}}