{"id":6891,"date":"2026-03-11T15:21:10","date_gmt":"2026-03-11T15:21:10","guid":{"rendered":"https:\/\/fadia.info\/?p=6891"},"modified":"2026-03-13T13:13:53","modified_gmt":"2026-03-13T13:13:53","slug":"ecoforest-participara-en-el-congreso-fadia-2026-para-compartir-su-vision-sobre-la-innovacion-energetica-en-el-sector","status":"publish","type":"post","link":"https:\/\/fadia.info\/index.php\/2026\/03\/11\/ecoforest-participara-en-el-congreso-fadia-2026-para-compartir-su-vision-sobre-la-innovacion-energetica-en-el-sector\/","title":{"rendered":"Ecoforest participar\u00e1 en el Congreso FADIA 2026 para compartir su visi\u00f3n sobre la innovaci\u00f3n energ\u00e9tica en el sector"},"content":{"rendered":"\n<p>La compa\u00f1\u00eda Ecoforest estar\u00e1 presente en el Congreso FADIA 2026, que se celebrar\u00e1 los pr\u00f3ximos 18 y 19 de marzo, donde abordar\u00e1 los retos y oportunidades de la transici\u00f3n energ\u00e9tica en el \u00e1mbito de las instalaciones.<br><\/p>\n\n\n\n<!--more-->\n\n\n\n<figure class=\"wp-block-image size-full\"><img loading=\"lazy\" decoding=\"async\" width=\"810\" height=\"810\" src=\"https:\/\/fadia.info\/wp-content\/uploads\/2026\/03\/Post-FADIA-ecoforest-1.png\" alt=\"\" class=\"wp-image-6900\" srcset=\"https:\/\/fadia.info\/wp-content\/uploads\/2026\/03\/Post-FADIA-ecoforest-1.png 810w, https:\/\/fadia.info\/wp-content\/uploads\/2026\/03\/Post-FADIA-ecoforest-1-480x480.png 480w\" sizes=\"auto, (min-width: 0px) and (max-width: 480px) 480px, (min-width: 481px) 810px, 100vw\" \/><\/figure>\n\n\n\n<p>El Congreso FADIA 2026, que tendr\u00e1 lugar los d\u00edas 18 y 19 de marzo, contar\u00e1 con la participaci\u00f3n de Ecoforest, una de las empresas de referencia en el desarrollo de soluciones basadas en energ\u00edas renovables para climatizaci\u00f3n y generaci\u00f3n t\u00e9rmica.<\/p>\n\n\n\n<p>La presencia de <a href=\"https:\/\/ecoforest.com\/es\/#\">Ecoforest <\/a>en este encuentro profesional permitir\u00e1 a la compa\u00f1\u00eda compartir con el conjunto del sector su visi\u00f3n sobre el papel de la innovaci\u00f3n tecnol\u00f3gica y las energ\u00edas renovables en la transformaci\u00f3n del modelo energ\u00e9tico de los edificios.<\/p>\n\n\n\n<p>A lo largo del congreso, la empresa dar\u00e1 a conocer algunas de las soluciones que est\u00e1 impulsando para avanzar hacia sistemas de climatizaci\u00f3n m\u00e1s eficientes y sostenibles, as\u00ed como su apuesta por tecnolog\u00edas que contribuyan a la descarbonizaci\u00f3n y a la electrificaci\u00f3n del sector.<\/p>\n\n\n\n<p>Bombas de calor. estufas y calderas tanto de le\u00f1a como de pellets, son los principales productos de una empresa que apuesta por la eficiencia y sostenibilidad.<\/p>\n\n\n\n<p>El Congreso FADIA se ha consolidado como uno de los principales espacios de encuentro para profesionales, empresas instaladoras, fabricantes y representantes institucionales vinculados al \u00e1mbito de las instalaciones y la energ\u00eda. Durante las jornadas se abordar\u00e1n cuestiones clave como la eficiencia energ\u00e9tica, la digitalizaci\u00f3n, la innovaci\u00f3n tecnol\u00f3gica y los retos que plantea la transici\u00f3n energ\u00e9tica.<\/p>\n\n\n\n<p>Con su participaci\u00f3n, Ecoforest reafirma su compromiso con el desarrollo de soluciones sostenibles y con la colaboraci\u00f3n con el conjunto del sector para impulsar un modelo energ\u00e9tico m\u00e1s eficiente y respetuoso con el medio ambiente.<\/p>\n\n\n\n<p>El Congreso FADIA 2026 reunir\u00e1 a expertos y empresas de todo el pa\u00eds en un foro de intercambio de conocimiento y experiencias que contribuir\u00e1 a analizar el presente y el futuro del sector de las instalaciones.<\/p>\n","protected":false},"excerpt":{"rendered":"<p>La compa\u00f1\u00eda Ecoforest estar\u00e1 presente en el Congreso FADIA 2026, que se celebrar\u00e1 los pr\u00f3ximos 18 y 19 de marzo, donde abordar\u00e1 los retos y oportunidades de la transici\u00f3n energ\u00e9tica [&hellip;]<\/p>\n","protected":false},"author":3,"featured_media":6900,"comment_status":"open","ping_status":"open","sticky":false,"template":"","format":"standard","meta":{"_et_pb_use_builder":"off","_et_pb_old_content":"","_et_gb_content_width":"","_monsterinsights_skip_tracking":false,"_monsterinsights_sitenote_active":false,"_monsterinsights_sitenote_note":"","_monsterinsights_sitenote_category":0,"footnotes":""},"categories":[4],"tags":[14,41,15],"class_list":["post-6891","post","type-post","status-publish","format-standard","has-post-thumbnail","hentry","category-fadia","tag-fadia","tag-fontaneria","tag-instaladores"],"yoast_head":"<!-- This site is optimized with the Yoast SEO plugin v24.2 - https:\/\/yoast.com\/wordpress\/plugins\/seo\/ -->\n<title>Ecoforest participar\u00e1 en el Congreso FADIA 2026 para compartir su visi\u00f3n sobre la innovaci\u00f3n energ\u00e9tica en el sector - Fadia<\/title>\n<meta name=\"robots\" content=\"index, follow, max-snippet:-1, max-image-preview:large, max-video-preview:-1\" \/>\n<link rel=\"canonical\" href=\"https:\/\/fadia.info\/index.php\/2026\/03\/11\/ecoforest-participara-en-el-congreso-fadia-2026-para-compartir-su-vision-sobre-la-innovacion-energetica-en-el-sector\/\" \/>\n<meta property=\"og:locale\" content=\"es_ES\" \/>\n<meta property=\"og:type\" content=\"article\" \/>\n<meta property=\"og:title\" content=\"Ecoforest participar\u00e1 en el Congreso FADIA 2026 para compartir su visi\u00f3n sobre la innovaci\u00f3n energ\u00e9tica en el sector - Fadia\" \/>\n<meta property=\"og:description\" content=\"La compa\u00f1\u00eda Ecoforest estar\u00e1 presente en el Congreso FADIA 2026, que se celebrar\u00e1 los pr\u00f3ximos 18 y 19 de marzo, donde abordar\u00e1 los retos y oportunidades de la transici\u00f3n energ\u00e9tica [&hellip;]\" \/>\n<meta property=\"og:url\" content=\"https:\/\/fadia.info\/index.php\/2026\/03\/11\/ecoforest-participara-en-el-congreso-fadia-2026-para-compartir-su-vision-sobre-la-innovacion-energetica-en-el-sector\/\" \/>\n<meta property=\"og:site_name\" content=\"Fadia\" \/>\n<meta property=\"article:published_time\" content=\"2026-03-11T15:21:10+00:00\" \/>\n<meta property=\"article:modified_time\" content=\"2026-03-13T13:13:53+00:00\" \/>\n<meta property=\"og:image\" content=\"https:\/\/fadia.info\/wp-content\/uploads\/2026\/03\/Post-FADIA-ecoforest-1.png\" \/>\n\t<meta property=\"og:image:width\" content=\"810\" \/>\n\t<meta property=\"og:image:height\" content=\"810\" \/>\n\t<meta property=\"og:image:type\" content=\"image\/png\" \/>\n<meta name=\"author\" content=\"Miguel\" \/>\n<meta name=\"twitter:card\" content=\"summary_large_image\" \/>\n<meta name=\"twitter:label1\" content=\"Escrito por\" \/>\n\t<meta name=\"twitter:data1\" content=\"Miguel\" \/>\n\t<meta name=\"twitter:label2\" content=\"Tiempo de lectura\" \/>\n\t<meta name=\"twitter:data2\" content=\"2 minutos\" \/>\n<script type=\"application\/ld+json\" class=\"yoast-schema-graph\">{\"@context\":\"https:\/\/schema.org\",\"@graph\":[{\"@type\":\"Article\",\"@id\":\"https:\/\/fadia.info\/index.php\/2026\/03\/11\/ecoforest-participara-en-el-congreso-fadia-2026-para-compartir-su-vision-sobre-la-innovacion-energetica-en-el-sector\/#article\",\"isPartOf\":{\"@id\":\"https:\/\/fadia.info\/index.php\/2026\/03\/11\/ecoforest-participara-en-el-congreso-fadia-2026-para-compartir-su-vision-sobre-la-innovacion-energetica-en-el-sector\/\"},\"author\":{\"name\":\"Miguel\",\"@id\":\"https:\/\/fadia.info\/#\/schema\/person\/cdaf7b8ba0a834795f1121971cfaab26\"},\"headline\":\"Ecoforest participar\u00e1 en el Congreso FADIA 2026 para compartir su visi\u00f3n sobre la innovaci\u00f3n energ\u00e9tica en el sector\",\"datePublished\":\"2026-03-11T15:21:10+00:00\",\"dateModified\":\"2026-03-13T13:13:53+00:00\",\"mainEntityOfPage\":{\"@id\":\"https:\/\/fadia.info\/index.php\/2026\/03\/11\/ecoforest-participara-en-el-congreso-fadia-2026-para-compartir-su-vision-sobre-la-innovacion-energetica-en-el-sector\/\"},\"wordCount\":361,\"commentCount\":0,\"publisher\":{\"@id\":\"https:\/\/fadia.info\/#organization\"},\"image\":{\"@id\":\"https:\/\/fadia.info\/index.php\/2026\/03\/11\/ecoforest-participara-en-el-congreso-fadia-2026-para-compartir-su-vision-sobre-la-innovacion-energetica-en-el-sector\/#primaryimage\"},\"thumbnailUrl\":\"https:\/\/fadia.info\/wp-content\/uploads\/2026\/03\/Post-FADIA-ecoforest-1.png\",\"keywords\":[\"FADIA\",\"fontaner\u00eda\",\"INSTALADORES\"],\"articleSection\":[\"FADIA\"],\"inLanguage\":\"es\",\"potentialAction\":[{\"@type\":\"CommentAction\",\"name\":\"Comment\",\"target\":[\"https:\/\/fadia.info\/index.php\/2026\/03\/11\/ecoforest-participara-en-el-congreso-fadia-2026-para-compartir-su-vision-sobre-la-innovacion-energetica-en-el-sector\/#respond\"]}]},{\"@type\":\"WebPage\",\"@id\":\"https:\/\/fadia.info\/index.php\/2026\/03\/11\/ecoforest-participara-en-el-congreso-fadia-2026-para-compartir-su-vision-sobre-la-innovacion-energetica-en-el-sector\/\",\"url\":\"https:\/\/fadia.info\/index.php\/2026\/03\/11\/ecoforest-participara-en-el-congreso-fadia-2026-para-compartir-su-vision-sobre-la-innovacion-energetica-en-el-sector\/\",\"name\":\"Ecoforest participar\u00e1 en el Congreso FADIA 2026 para compartir su visi\u00f3n sobre la innovaci\u00f3n energ\u00e9tica en el sector - Fadia\",\"isPartOf\":{\"@id\":\"https:\/\/fadia.info\/#website\"},\"primaryImageOfPage\":{\"@id\":\"https:\/\/fadia.info\/index.php\/2026\/03\/11\/ecoforest-participara-en-el-congreso-fadia-2026-para-compartir-su-vision-sobre-la-innovacion-energetica-en-el-sector\/#primaryimage\"},\"image\":{\"@id\":\"https:\/\/fadia.info\/index.php\/2026\/03\/11\/ecoforest-participara-en-el-congreso-fadia-2026-para-compartir-su-vision-sobre-la-innovacion-energetica-en-el-sector\/#primaryimage\"},\"thumbnailUrl\":\"https:\/\/fadia.info\/wp-content\/uploads\/2026\/03\/Post-FADIA-ecoforest-1.png\",\"datePublished\":\"2026-03-11T15:21:10+00:00\",\"dateModified\":\"2026-03-13T13:13:53+00:00\",\"breadcrumb\":{\"@id\":\"https:\/\/fadia.info\/index.php\/2026\/03\/11\/ecoforest-participara-en-el-congreso-fadia-2026-para-compartir-su-vision-sobre-la-innovacion-energetica-en-el-sector\/#breadcrumb\"},\"inLanguage\":\"es\",\"potentialAction\":[{\"@type\":\"ReadAction\",\"target\":[\"https:\/\/fadia.info\/index.php\/2026\/03\/11\/ecoforest-participara-en-el-congreso-fadia-2026-para-compartir-su-vision-sobre-la-innovacion-energetica-en-el-sector\/\"]}]},{\"@type\":\"ImageObject\",\"inLanguage\":\"es\",\"@id\":\"https:\/\/fadia.info\/index.php\/2026\/03\/11\/ecoforest-participara-en-el-congreso-fadia-2026-para-compartir-su-vision-sobre-la-innovacion-energetica-en-el-sector\/#primaryimage\",\"url\":\"https:\/\/fadia.info\/wp-content\/uploads\/2026\/03\/Post-FADIA-ecoforest-1.png\",\"contentUrl\":\"https:\/\/fadia.info\/wp-content\/uploads\/2026\/03\/Post-FADIA-ecoforest-1.png\",\"width\":810,\"height\":810},{\"@type\":\"BreadcrumbList\",\"@id\":\"https:\/\/fadia.info\/index.php\/2026\/03\/11\/ecoforest-participara-en-el-congreso-fadia-2026-para-compartir-su-vision-sobre-la-innovacion-energetica-en-el-sector\/#breadcrumb\",\"itemListElement\":[{\"@type\":\"ListItem\",\"position\":1,\"name\":\"Portada\",\"item\":\"https:\/\/fadia.info\/\"},{\"@type\":\"ListItem\",\"position\":2,\"name\":\"Ecoforest participar\u00e1 en el Congreso FADIA 2026 para compartir su visi\u00f3n sobre la innovaci\u00f3n energ\u00e9tica en el sector\"}]},{\"@type\":\"WebSite\",\"@id\":\"https:\/\/fadia.info\/#website\",\"url\":\"https:\/\/fadia.info\/\",\"name\":\"Fadia\",\"description\":\"\",\"publisher\":{\"@id\":\"https:\/\/fadia.info\/#organization\"},\"alternateName\":\"Federaci\u00f3n de Asociaciones de Instaladores de Andaluc\u00eda\",\"potentialAction\":[{\"@type\":\"SearchAction\",\"target\":{\"@type\":\"EntryPoint\",\"urlTemplate\":\"https:\/\/fadia.info\/?s={search_term_string}\"},\"query-input\":{\"@type\":\"PropertyValueSpecification\",\"valueRequired\":true,\"valueName\":\"search_term_string\"}}],\"inLanguage\":\"es\"},{\"@type\":\"Organization\",\"@id\":\"https:\/\/fadia.info\/#organization\",\"name\":\"Federaci\u00f3n de Asociaciones de Instaladores de Andaluc\u00eda\",\"alternateName\":\"FADIA\",\"url\":\"https:\/\/fadia.info\/\",\"logo\":{\"@type\":\"ImageObject\",\"inLanguage\":\"es\",\"@id\":\"https:\/\/fadia.info\/#\/schema\/logo\/image\/\",\"url\":\"https:\/\/fadia.info\/wp-content\/uploads\/2023\/11\/logo_fadia.png\",\"contentUrl\":\"https:\/\/fadia.info\/wp-content\/uploads\/2023\/11\/logo_fadia.png\",\"width\":619,\"height\":265,\"caption\":\"Federaci\u00f3n de Asociaciones de Instaladores de Andaluc\u00eda\"},\"image\":{\"@id\":\"https:\/\/fadia.info\/#\/schema\/logo\/image\/\"}},{\"@type\":\"Person\",\"@id\":\"https:\/\/fadia.info\/#\/schema\/person\/cdaf7b8ba0a834795f1121971cfaab26\",\"name\":\"Miguel\",\"image\":{\"@type\":\"ImageObject\",\"inLanguage\":\"es\",\"@id\":\"https:\/\/fadia.info\/#\/schema\/person\/image\/\",\"url\":\"https:\/\/secure.gravatar.com\/avatar\/7f4e60b1e9fe9c37d925854cb71b1cb76e7cee4d38db28d6f7e8677375de1b8e?s=96&d=mm&r=g\",\"contentUrl\":\"https:\/\/secure.gravatar.com\/avatar\/7f4e60b1e9fe9c37d925854cb71b1cb76e7cee4d38db28d6f7e8677375de1b8e?s=96&d=mm&r=g\",\"caption\":\"Miguel\"},\"url\":\"https:\/\/fadia.info\/index.php\/author\/miguel\/\"}]}<\/script>\n<!-- \/ Yoast SEO plugin. -->","yoast_head_json":{"title":"Ecoforest participar\u00e1 en el Congreso FADIA 2026 para compartir su visi\u00f3n sobre la innovaci\u00f3n energ\u00e9tica en el sector - Fadia","robots":{"index":"index","follow":"follow","max-snippet":"max-snippet:-1","max-image-preview":"max-image-preview:large","max-video-preview":"max-video-preview:-1"},"canonical":"https:\/\/fadia.info\/index.php\/2026\/03\/11\/ecoforest-participara-en-el-congreso-fadia-2026-para-compartir-su-vision-sobre-la-innovacion-energetica-en-el-sector\/","og_locale":"es_ES","og_type":"article","og_title":"Ecoforest participar\u00e1 en el Congreso FADIA 2026 para compartir su visi\u00f3n sobre la innovaci\u00f3n energ\u00e9tica en el sector - Fadia","og_description":"La compa\u00f1\u00eda Ecoforest estar\u00e1 presente en el Congreso FADIA 2026, que se celebrar\u00e1 los pr\u00f3ximos 18 y 19 de marzo, donde abordar\u00e1 los retos y oportunidades de la transici\u00f3n energ\u00e9tica [&hellip;]","og_url":"https:\/\/fadia.info\/index.php\/2026\/03\/11\/ecoforest-participara-en-el-congreso-fadia-2026-para-compartir-su-vision-sobre-la-innovacion-energetica-en-el-sector\/","og_site_name":"Fadia","article_published_time":"2026-03-11T15:21:10+00:00","article_modified_time":"2026-03-13T13:13:53+00:00","og_image":[{"width":810,"height":810,"url":"https:\/\/fadia.info\/wp-content\/uploads\/2026\/03\/Post-FADIA-ecoforest-1.png","type":"image\/png"}],"author":"Miguel","twitter_card":"summary_large_image","twitter_misc":{"Escrito por":"Miguel","Tiempo de lectura":"2 minutos"},"schema":{"@context":"https:\/\/schema.org","@graph":[{"@type":"Article","@id":"https:\/\/fadia.info\/index.php\/2026\/03\/11\/ecoforest-participara-en-el-congreso-fadia-2026-para-compartir-su-vision-sobre-la-innovacion-energetica-en-el-sector\/#article","isPartOf":{"@id":"https:\/\/fadia.info\/index.php\/2026\/03\/11\/ecoforest-participara-en-el-congreso-fadia-2026-para-compartir-su-vision-sobre-la-innovacion-energetica-en-el-sector\/"},"author":{"name":"Miguel","@id":"https:\/\/fadia.info\/#\/schema\/person\/cdaf7b8ba0a834795f1121971cfaab26"},"headline":"Ecoforest participar\u00e1 en el Congreso FADIA 2026 para compartir su visi\u00f3n sobre la innovaci\u00f3n energ\u00e9tica en el sector","datePublished":"2026-03-11T15:21:10+00:00","dateModified":"2026-03-13T13:13:53+00:00","mainEntityOfPage":{"@id":"https:\/\/fadia.info\/index.php\/2026\/03\/11\/ecoforest-participara-en-el-congreso-fadia-2026-para-compartir-su-vision-sobre-la-innovacion-energetica-en-el-sector\/"},"wordCount":361,"commentCount":0,"publisher":{"@id":"https:\/\/fadia.info\/#organization"},"image":{"@id":"https:\/\/fadia.info\/index.php\/2026\/03\/11\/ecoforest-participara-en-el-congreso-fadia-2026-para-compartir-su-vision-sobre-la-innovacion-energetica-en-el-sector\/#primaryimage"},"thumbnailUrl":"https:\/\/fadia.info\/wp-content\/uploads\/2026\/03\/Post-FADIA-ecoforest-1.png","keywords":["FADIA","fontaner\u00eda","INSTALADORES"],"articleSection":["FADIA"],"inLanguage":"es","potentialAction":[{"@type":"CommentAction","name":"Comment","target":["https:\/\/fadia.info\/index.php\/2026\/03\/11\/ecoforest-participara-en-el-congreso-fadia-2026-para-compartir-su-vision-sobre-la-innovacion-energetica-en-el-sector\/#respond"]}]},{"@type":"WebPage","@id":"https:\/\/fadia.info\/index.php\/2026\/03\/11\/ecoforest-participara-en-el-congreso-fadia-2026-para-compartir-su-vision-sobre-la-innovacion-energetica-en-el-sector\/","url":"https:\/\/fadia.info\/index.php\/2026\/03\/11\/ecoforest-participara-en-el-congreso-fadia-2026-para-compartir-su-vision-sobre-la-innovacion-energetica-en-el-sector\/","name":"Ecoforest participar\u00e1 en el Congreso FADIA 2026 para compartir su visi\u00f3n sobre la innovaci\u00f3n energ\u00e9tica en el sector - Fadia","isPartOf":{"@id":"https:\/\/fadia.info\/#website"},"primaryImageOfPage":{"@id":"https:\/\/fadia.info\/index.php\/2026\/03\/11\/ecoforest-participara-en-el-congreso-fadia-2026-para-compartir-su-vision-sobre-la-innovacion-energetica-en-el-sector\/#primaryimage"},"image":{"@id":"https:\/\/fadia.info\/index.php\/2026\/03\/11\/ecoforest-participara-en-el-congreso-fadia-2026-para-compartir-su-vision-sobre-la-innovacion-energetica-en-el-sector\/#primaryimage"},"thumbnailUrl":"https:\/\/fadia.info\/wp-content\/uploads\/2026\/03\/Post-FADIA-ecoforest-1.png","datePublished":"2026-03-11T15:21:10+00:00","dateModified":"2026-03-13T13:13:53+00:00","breadcrumb":{"@id":"https:\/\/fadia.info\/index.php\/2026\/03\/11\/ecoforest-participara-en-el-congreso-fadia-2026-para-compartir-su-vision-sobre-la-innovacion-energetica-en-el-sector\/#breadcrumb"},"inLanguage":"es","potentialAction":[{"@type":"ReadAction","target":["https:\/\/fadia.info\/index.php\/2026\/03\/11\/ecoforest-participara-en-el-congreso-fadia-2026-para-compartir-su-vision-sobre-la-innovacion-energetica-en-el-sector\/"]}]},{"@type":"ImageObject","inLanguage":"es","@id":"https:\/\/fadia.info\/index.php\/2026\/03\/11\/ecoforest-participara-en-el-congreso-fadia-2026-para-compartir-su-vision-sobre-la-innovacion-energetica-en-el-sector\/#primaryimage","url":"https:\/\/fadia.info\/wp-content\/uploads\/2026\/03\/Post-FADIA-ecoforest-1.png","contentUrl":"https:\/\/fadia.info\/wp-content\/uploads\/2026\/03\/Post-FADIA-ecoforest-1.png","width":810,"height":810},{"@type":"BreadcrumbList","@id":"https:\/\/fadia.info\/index.php\/2026\/03\/11\/ecoforest-participara-en-el-congreso-fadia-2026-para-compartir-su-vision-sobre-la-innovacion-energetica-en-el-sector\/#breadcrumb","itemListElement":[{"@type":"ListItem","position":1,"name":"Portada","item":"https:\/\/fadia.info\/"},{"@type":"ListItem","position":2,"name":"Ecoforest participar\u00e1 en el Congreso FADIA 2026 para compartir su visi\u00f3n sobre la innovaci\u00f3n energ\u00e9tica en el sector"}]},{"@type":"WebSite","@id":"https:\/\/fadia.info\/#website","url":"https:\/\/fadia.info\/","name":"Fadia","description":"","publisher":{"@id":"https:\/\/fadia.info\/#organization"},"alternateName":"Federaci\u00f3n de Asociaciones de Instaladores de Andaluc\u00eda","potentialAction":[{"@type":"SearchAction","target":{"@type":"EntryPoint","urlTemplate":"https:\/\/fadia.info\/?s={search_term_string}"},"query-input":{"@type":"PropertyValueSpecification","valueRequired":true,"valueName":"search_term_string"}}],"inLanguage":"es"},{"@type":"Organization","@id":"https:\/\/fadia.info\/#organization","name":"Federaci\u00f3n de Asociaciones de Instaladores de Andaluc\u00eda","alternateName":"FADIA","url":"https:\/\/fadia.info\/","logo":{"@type":"ImageObject","inLanguage":"es","@id":"https:\/\/fadia.info\/#\/schema\/logo\/image\/","url":"https:\/\/fadia.info\/wp-content\/uploads\/2023\/11\/logo_fadia.png","contentUrl":"https:\/\/fadia.info\/wp-content\/uploads\/2023\/11\/logo_fadia.png","width":619,"height":265,"caption":"Federaci\u00f3n de Asociaciones de Instaladores de Andaluc\u00eda"},"image":{"@id":"https:\/\/fadia.info\/#\/schema\/logo\/image\/"}},{"@type":"Person","@id":"https:\/\/fadia.info\/#\/schema\/person\/cdaf7b8ba0a834795f1121971cfaab26","name":"Miguel","image":{"@type":"ImageObject","inLanguage":"es","@id":"https:\/\/fadia.info\/#\/schema\/person\/image\/","url":"https:\/\/secure.gravatar.com\/avatar\/7f4e60b1e9fe9c37d925854cb71b1cb76e7cee4d38db28d6f7e8677375de1b8e?s=96&d=mm&r=g","contentUrl":"https:\/\/secure.gravatar.com\/avatar\/7f4e60b1e9fe9c37d925854cb71b1cb76e7cee4d38db28d6f7e8677375de1b8e?s=96&d=mm&r=g","caption":"Miguel"},"url":"https:\/\/fadia.info\/index.php\/author\/miguel\/"}]}},"_links":{"self":[{"href":"https:\/\/fadia.info\/index.php\/wp-json\/wp\/v2\/posts\/6891","targetHints":{"allow":["GET"]}}],"collection":[{"href":"https:\/\/fadia.info\/index.php\/wp-json\/wp\/v2\/posts"}],"about":[{"href":"https:\/\/fadia.info\/index.php\/wp-json\/wp\/v2\/types\/post"}],"author":[{"embeddable":true,"href":"https:\/\/fadia.info\/index.php\/wp-json\/wp\/v2\/users\/3"}],"replies":[{"embeddable":true,"href":"https:\/\/fadia.info\/index.php\/wp-json\/wp\/v2\/comments?post=6891"}],"version-history":[{"count":3,"href":"https:\/\/fadia.info\/index.php\/wp-json\/wp\/v2\/posts\/6891\/revisions"}],"predecessor-version":[{"id":6901,"href":"https:\/\/fadia.info\/index.php\/wp-json\/wp\/v2\/posts\/6891\/revisions\/6901"}],"wp:featuredmedia":[{"embeddable":true,"href":"https:\/\/fadia.info\/index.php\/wp-json\/wp\/v2\/media\/6900"}],"wp:attachment":[{"href":"https:\/\/fadia.info\/index.php\/wp-json\/wp\/v2\/media?parent=6891"}],"wp:term":[{"taxonomy":"category","embeddable":true,"href":"https:\/\/fadia.info\/index.php\/wp-json\/wp\/v2\/categories?post=6891"},{"taxonomy":"post_tag","embeddable":true,"href":"https:\/\/fadia.info\/index.php\/wp-json\/wp\/v2\/tags?post=6891"}],"curies":[{"name":"wp","href":"https:\/\/api.w.org\/{rel}","templated":true}]}}