{"id":6888,"date":"2026-03-10T15:27:56","date_gmt":"2026-03-10T15:27:56","guid":{"rendered":"https:\/\/fadia.info\/?p=6888"},"modified":"2026-03-10T15:30:15","modified_gmt":"2026-03-10T15:30:15","slug":"eurofred-participara-como-empresa-expositora-en-fadia-26","status":"publish","type":"post","link":"https:\/\/fadia.info\/index.php\/2026\/03\/10\/eurofred-participara-como-empresa-expositora-en-fadia-26\/","title":{"rendered":"Eurofred participar\u00e1 como empresa expositora en FADIA-26"},"content":{"rendered":"\n<p>La empresa <a href=\"https:\/\/www.eurofred.com\/es\/\">Eurofred <\/a>estar\u00e1 presente como expositor en<a href=\"https:\/\/www.congresofadia.es\/\"> FADIA\u201126<\/a>, el encuentro profesional que reunir\u00e1 a fabricantes, distribuidores y profesionales del sector de las instalaciones los d\u00edas 18 y 19 de marzo de 2026 en el Palacio de Congresos y Exposiciones de Sevilla (FIBES).<\/p>\n\n\n\n<!--more-->\n\n\n\n<figure class=\"wp-block-image size-full\"><img loading=\"lazy\" decoding=\"async\" width=\"810\" height=\"810\" src=\"https:\/\/fadia.info\/wp-content\/uploads\/2026\/03\/Post-FADIA-eurofred.png\" alt=\"\" class=\"wp-image-6889\" srcset=\"https:\/\/fadia.info\/wp-content\/uploads\/2026\/03\/Post-FADIA-eurofred.png 810w, https:\/\/fadia.info\/wp-content\/uploads\/2026\/03\/Post-FADIA-eurofred-480x480.png 480w\" sizes=\"auto, (min-width: 0px) and (max-width: 480px) 480px, (min-width: 481px) 810px, 100vw\" \/><\/figure>\n\n\n\n<p>La participaci\u00f3n de Eurofred refuerza el car\u00e1cter innovador de esta segunda edici\u00f3n del congreso, consolidado como uno de los principales puntos de encuentro del sector en Andaluc\u00eda. Durante el evento, la compa\u00f1\u00eda mostrar\u00e1 a los asistentes sus soluciones y tecnolog\u00edas orientadas a mejorar la eficiencia energ\u00e9tica, la sostenibilidad y el rendimiento de las instalaciones.<\/p>\n\n\n\n<h3 class=\"wp-block-heading\">Innovaci\u00f3n y tecnolog\u00eda para el instalador<\/h3>\n\n\n\n<p>En su espacio expositivo, Eurofred acercar\u00e1 a los profesionales del sector algunas de sus propuestas m\u00e1s destacadas en climatizaci\u00f3n y soluciones t\u00e9rmicas. Su presencia permitir\u00e1 a instaladores, ingenier\u00edas y empresas del sector conocer de primera mano las \u00faltimas novedades tecnol\u00f3gicas de la compa\u00f1\u00eda, as\u00ed como resolver consultas t\u00e9cnicas y descubrir nuevas oportunidades de aplicaci\u00f3n en proyectos residenciales, comerciales e industriales.<\/p>\n\n\n\n<p>La participaci\u00f3n de fabricantes l\u00edderes como Eurofred contribuye a que FADIA-26 sea un espacio de referencia para el intercambio de conocimiento, la formaci\u00f3n especializada y el networking entre profesionales.<\/p>\n\n\n\n<h3 class=\"wp-block-heading\">Un punto de encuentro para el sector<\/h3>\n\n\n\n<p>Organizado por la Federaci\u00f3n de Asociaciones de Instaladores de Andaluc\u00eda, FADIA-26 se celebra bajo el lema de los <strong>\u201cRetos del instalador del futuro\u201d<\/strong>, poniendo el foco en la digitalizaci\u00f3n, la eficiencia energ\u00e9tica y la evoluci\u00f3n del sector de las instalaciones.<\/p>\n\n\n\n<p>La presencia de Eurofred en la zona expositiva permitir\u00e1 a los asistentes conocer de cerca las soluciones que est\u00e1n marcando la evoluci\u00f3n del sector, as\u00ed como dialogar directamente con los expertos de la compa\u00f1\u00eda.<\/p>\n\n\n\n<p>Con su participaci\u00f3n en FADIA-26, Eurofred reafirma su compromiso con la innovaci\u00f3n, el desarrollo tecnol\u00f3gico y el apoyo a los profesionales que impulsan la transformaci\u00f3n del sector de las instalaciones.<\/p>\n","protected":false},"excerpt":{"rendered":"<p>La empresa Eurofred estar\u00e1 presente como expositor en FADIA\u201126, el encuentro profesional que reunir\u00e1 a fabricantes, distribuidores y profesionales del sector de las instalaciones los d\u00edas 18 y 19 de [&hellip;]<\/p>\n","protected":false},"author":3,"featured_media":6889,"comment_status":"open","ping_status":"open","sticky":false,"template":"","format":"standard","meta":{"_et_pb_use_builder":"off","_et_pb_old_content":"","_et_gb_content_width":"","_monsterinsights_skip_tracking":false,"_monsterinsights_sitenote_active":false,"_monsterinsights_sitenote_note":"","_monsterinsights_sitenote_category":0,"footnotes":""},"categories":[4],"tags":[52,40,77,14],"class_list":["post-6888","post","type-post","status-publish","format-standard","has-post-thumbnail","hentry","category-fadia","tag-asociaciones","tag-congreso-fadia","tag-eurofred","tag-fadia"],"yoast_head":"<!-- This site is optimized with the Yoast SEO plugin v24.2 - https:\/\/yoast.com\/wordpress\/plugins\/seo\/ -->\n<title>Eurofred participar\u00e1 como empresa expositora en FADIA-26 - Fadia<\/title>\n<meta name=\"robots\" content=\"index, follow, max-snippet:-1, max-image-preview:large, max-video-preview:-1\" \/>\n<link rel=\"canonical\" href=\"https:\/\/fadia.info\/index.php\/2026\/03\/10\/eurofred-participara-como-empresa-expositora-en-fadia-26\/\" \/>\n<meta property=\"og:locale\" content=\"es_ES\" \/>\n<meta property=\"og:type\" content=\"article\" \/>\n<meta property=\"og:title\" content=\"Eurofred participar\u00e1 como empresa expositora en FADIA-26 - Fadia\" \/>\n<meta property=\"og:description\" content=\"La empresa Eurofred estar\u00e1 presente como expositor en FADIA\u201126, el encuentro profesional que reunir\u00e1 a fabricantes, distribuidores y profesionales del sector de las instalaciones los d\u00edas 18 y 19 de [&hellip;]\" \/>\n<meta property=\"og:url\" content=\"https:\/\/fadia.info\/index.php\/2026\/03\/10\/eurofred-participara-como-empresa-expositora-en-fadia-26\/\" \/>\n<meta property=\"og:site_name\" content=\"Fadia\" \/>\n<meta property=\"article:published_time\" content=\"2026-03-10T15:27:56+00:00\" \/>\n<meta property=\"article:modified_time\" content=\"2026-03-10T15:30:15+00:00\" \/>\n<meta property=\"og:image\" content=\"https:\/\/fadia.info\/wp-content\/uploads\/2026\/03\/Post-FADIA-eurofred.png\" \/>\n\t<meta property=\"og:image:width\" content=\"810\" \/>\n\t<meta property=\"og:image:height\" content=\"810\" \/>\n\t<meta property=\"og:image:type\" content=\"image\/png\" \/>\n<meta name=\"author\" content=\"Miguel\" \/>\n<meta name=\"twitter:card\" content=\"summary_large_image\" \/>\n<meta name=\"twitter:label1\" content=\"Escrito por\" \/>\n\t<meta name=\"twitter:data1\" content=\"Miguel\" \/>\n\t<meta name=\"twitter:label2\" content=\"Tiempo de lectura\" \/>\n\t<meta name=\"twitter:data2\" content=\"2 minutos\" \/>\n<script type=\"application\/ld+json\" class=\"yoast-schema-graph\">{\"@context\":\"https:\/\/schema.org\",\"@graph\":[{\"@type\":\"Article\",\"@id\":\"https:\/\/fadia.info\/index.php\/2026\/03\/10\/eurofred-participara-como-empresa-expositora-en-fadia-26\/#article\",\"isPartOf\":{\"@id\":\"https:\/\/fadia.info\/index.php\/2026\/03\/10\/eurofred-participara-como-empresa-expositora-en-fadia-26\/\"},\"author\":{\"name\":\"Miguel\",\"@id\":\"https:\/\/fadia.info\/#\/schema\/person\/cdaf7b8ba0a834795f1121971cfaab26\"},\"headline\":\"Eurofred participar\u00e1 como empresa expositora en FADIA-26\",\"datePublished\":\"2026-03-10T15:27:56+00:00\",\"dateModified\":\"2026-03-10T15:30:15+00:00\",\"mainEntityOfPage\":{\"@id\":\"https:\/\/fadia.info\/index.php\/2026\/03\/10\/eurofred-participara-como-empresa-expositora-en-fadia-26\/\"},\"wordCount\":340,\"commentCount\":0,\"publisher\":{\"@id\":\"https:\/\/fadia.info\/#organization\"},\"image\":{\"@id\":\"https:\/\/fadia.info\/index.php\/2026\/03\/10\/eurofred-participara-como-empresa-expositora-en-fadia-26\/#primaryimage\"},\"thumbnailUrl\":\"https:\/\/fadia.info\/wp-content\/uploads\/2026\/03\/Post-FADIA-eurofred.png\",\"keywords\":[\"asociaciones\",\"congreso fadia\",\"eurofred\",\"FADIA\"],\"articleSection\":[\"FADIA\"],\"inLanguage\":\"es\",\"potentialAction\":[{\"@type\":\"CommentAction\",\"name\":\"Comment\",\"target\":[\"https:\/\/fadia.info\/index.php\/2026\/03\/10\/eurofred-participara-como-empresa-expositora-en-fadia-26\/#respond\"]}]},{\"@type\":\"WebPage\",\"@id\":\"https:\/\/fadia.info\/index.php\/2026\/03\/10\/eurofred-participara-como-empresa-expositora-en-fadia-26\/\",\"url\":\"https:\/\/fadia.info\/index.php\/2026\/03\/10\/eurofred-participara-como-empresa-expositora-en-fadia-26\/\",\"name\":\"Eurofred participar\u00e1 como empresa expositora en FADIA-26 - Fadia\",\"isPartOf\":{\"@id\":\"https:\/\/fadia.info\/#website\"},\"primaryImageOfPage\":{\"@id\":\"https:\/\/fadia.info\/index.php\/2026\/03\/10\/eurofred-participara-como-empresa-expositora-en-fadia-26\/#primaryimage\"},\"image\":{\"@id\":\"https:\/\/fadia.info\/index.php\/2026\/03\/10\/eurofred-participara-como-empresa-expositora-en-fadia-26\/#primaryimage\"},\"thumbnailUrl\":\"https:\/\/fadia.info\/wp-content\/uploads\/2026\/03\/Post-FADIA-eurofred.png\",\"datePublished\":\"2026-03-10T15:27:56+00:00\",\"dateModified\":\"2026-03-10T15:30:15+00:00\",\"breadcrumb\":{\"@id\":\"https:\/\/fadia.info\/index.php\/2026\/03\/10\/eurofred-participara-como-empresa-expositora-en-fadia-26\/#breadcrumb\"},\"inLanguage\":\"es\",\"potentialAction\":[{\"@type\":\"ReadAction\",\"target\":[\"https:\/\/fadia.info\/index.php\/2026\/03\/10\/eurofred-participara-como-empresa-expositora-en-fadia-26\/\"]}]},{\"@type\":\"ImageObject\",\"inLanguage\":\"es\",\"@id\":\"https:\/\/fadia.info\/index.php\/2026\/03\/10\/eurofred-participara-como-empresa-expositora-en-fadia-26\/#primaryimage\",\"url\":\"https:\/\/fadia.info\/wp-content\/uploads\/2026\/03\/Post-FADIA-eurofred.png\",\"contentUrl\":\"https:\/\/fadia.info\/wp-content\/uploads\/2026\/03\/Post-FADIA-eurofred.png\",\"width\":810,\"height\":810},{\"@type\":\"BreadcrumbList\",\"@id\":\"https:\/\/fadia.info\/index.php\/2026\/03\/10\/eurofred-participara-como-empresa-expositora-en-fadia-26\/#breadcrumb\",\"itemListElement\":[{\"@type\":\"ListItem\",\"position\":1,\"name\":\"Portada\",\"item\":\"https:\/\/fadia.info\/\"},{\"@type\":\"ListItem\",\"position\":2,\"name\":\"Eurofred participar\u00e1 como empresa expositora en FADIA-26\"}]},{\"@type\":\"WebSite\",\"@id\":\"https:\/\/fadia.info\/#website\",\"url\":\"https:\/\/fadia.info\/\",\"name\":\"Fadia\",\"description\":\"\",\"publisher\":{\"@id\":\"https:\/\/fadia.info\/#organization\"},\"alternateName\":\"Federaci\u00f3n de Asociaciones de Instaladores de Andaluc\u00eda\",\"potentialAction\":[{\"@type\":\"SearchAction\",\"target\":{\"@type\":\"EntryPoint\",\"urlTemplate\":\"https:\/\/fadia.info\/?s={search_term_string}\"},\"query-input\":{\"@type\":\"PropertyValueSpecification\",\"valueRequired\":true,\"valueName\":\"search_term_string\"}}],\"inLanguage\":\"es\"},{\"@type\":\"Organization\",\"@id\":\"https:\/\/fadia.info\/#organization\",\"name\":\"Federaci\u00f3n de Asociaciones de Instaladores de Andaluc\u00eda\",\"alternateName\":\"FADIA\",\"url\":\"https:\/\/fadia.info\/\",\"logo\":{\"@type\":\"ImageObject\",\"inLanguage\":\"es\",\"@id\":\"https:\/\/fadia.info\/#\/schema\/logo\/image\/\",\"url\":\"https:\/\/fadia.info\/wp-content\/uploads\/2023\/11\/logo_fadia.png\",\"contentUrl\":\"https:\/\/fadia.info\/wp-content\/uploads\/2023\/11\/logo_fadia.png\",\"width\":619,\"height\":265,\"caption\":\"Federaci\u00f3n de Asociaciones de Instaladores de Andaluc\u00eda\"},\"image\":{\"@id\":\"https:\/\/fadia.info\/#\/schema\/logo\/image\/\"}},{\"@type\":\"Person\",\"@id\":\"https:\/\/fadia.info\/#\/schema\/person\/cdaf7b8ba0a834795f1121971cfaab26\",\"name\":\"Miguel\",\"image\":{\"@type\":\"ImageObject\",\"inLanguage\":\"es\",\"@id\":\"https:\/\/fadia.info\/#\/schema\/person\/image\/\",\"url\":\"https:\/\/secure.gravatar.com\/avatar\/7f4e60b1e9fe9c37d925854cb71b1cb76e7cee4d38db28d6f7e8677375de1b8e?s=96&d=mm&r=g\",\"contentUrl\":\"https:\/\/secure.gravatar.com\/avatar\/7f4e60b1e9fe9c37d925854cb71b1cb76e7cee4d38db28d6f7e8677375de1b8e?s=96&d=mm&r=g\",\"caption\":\"Miguel\"},\"url\":\"https:\/\/fadia.info\/index.php\/author\/miguel\/\"}]}<\/script>\n<!-- \/ Yoast SEO plugin. -->","yoast_head_json":{"title":"Eurofred participar\u00e1 como empresa expositora en FADIA-26 - Fadia","robots":{"index":"index","follow":"follow","max-snippet":"max-snippet:-1","max-image-preview":"max-image-preview:large","max-video-preview":"max-video-preview:-1"},"canonical":"https:\/\/fadia.info\/index.php\/2026\/03\/10\/eurofred-participara-como-empresa-expositora-en-fadia-26\/","og_locale":"es_ES","og_type":"article","og_title":"Eurofred participar\u00e1 como empresa expositora en FADIA-26 - Fadia","og_description":"La empresa Eurofred estar\u00e1 presente como expositor en FADIA\u201126, el encuentro profesional que reunir\u00e1 a fabricantes, distribuidores y profesionales del sector de las instalaciones los d\u00edas 18 y 19 de [&hellip;]","og_url":"https:\/\/fadia.info\/index.php\/2026\/03\/10\/eurofred-participara-como-empresa-expositora-en-fadia-26\/","og_site_name":"Fadia","article_published_time":"2026-03-10T15:27:56+00:00","article_modified_time":"2026-03-10T15:30:15+00:00","og_image":[{"width":810,"height":810,"url":"https:\/\/fadia.info\/wp-content\/uploads\/2026\/03\/Post-FADIA-eurofred.png","type":"image\/png"}],"author":"Miguel","twitter_card":"summary_large_image","twitter_misc":{"Escrito por":"Miguel","Tiempo de lectura":"2 minutos"},"schema":{"@context":"https:\/\/schema.org","@graph":[{"@type":"Article","@id":"https:\/\/fadia.info\/index.php\/2026\/03\/10\/eurofred-participara-como-empresa-expositora-en-fadia-26\/#article","isPartOf":{"@id":"https:\/\/fadia.info\/index.php\/2026\/03\/10\/eurofred-participara-como-empresa-expositora-en-fadia-26\/"},"author":{"name":"Miguel","@id":"https:\/\/fadia.info\/#\/schema\/person\/cdaf7b8ba0a834795f1121971cfaab26"},"headline":"Eurofred participar\u00e1 como empresa expositora en FADIA-26","datePublished":"2026-03-10T15:27:56+00:00","dateModified":"2026-03-10T15:30:15+00:00","mainEntityOfPage":{"@id":"https:\/\/fadia.info\/index.php\/2026\/03\/10\/eurofred-participara-como-empresa-expositora-en-fadia-26\/"},"wordCount":340,"commentCount":0,"publisher":{"@id":"https:\/\/fadia.info\/#organization"},"image":{"@id":"https:\/\/fadia.info\/index.php\/2026\/03\/10\/eurofred-participara-como-empresa-expositora-en-fadia-26\/#primaryimage"},"thumbnailUrl":"https:\/\/fadia.info\/wp-content\/uploads\/2026\/03\/Post-FADIA-eurofred.png","keywords":["asociaciones","congreso fadia","eurofred","FADIA"],"articleSection":["FADIA"],"inLanguage":"es","potentialAction":[{"@type":"CommentAction","name":"Comment","target":["https:\/\/fadia.info\/index.php\/2026\/03\/10\/eurofred-participara-como-empresa-expositora-en-fadia-26\/#respond"]}]},{"@type":"WebPage","@id":"https:\/\/fadia.info\/index.php\/2026\/03\/10\/eurofred-participara-como-empresa-expositora-en-fadia-26\/","url":"https:\/\/fadia.info\/index.php\/2026\/03\/10\/eurofred-participara-como-empresa-expositora-en-fadia-26\/","name":"Eurofred participar\u00e1 como empresa expositora en FADIA-26 - Fadia","isPartOf":{"@id":"https:\/\/fadia.info\/#website"},"primaryImageOfPage":{"@id":"https:\/\/fadia.info\/index.php\/2026\/03\/10\/eurofred-participara-como-empresa-expositora-en-fadia-26\/#primaryimage"},"image":{"@id":"https:\/\/fadia.info\/index.php\/2026\/03\/10\/eurofred-participara-como-empresa-expositora-en-fadia-26\/#primaryimage"},"thumbnailUrl":"https:\/\/fadia.info\/wp-content\/uploads\/2026\/03\/Post-FADIA-eurofred.png","datePublished":"2026-03-10T15:27:56+00:00","dateModified":"2026-03-10T15:30:15+00:00","breadcrumb":{"@id":"https:\/\/fadia.info\/index.php\/2026\/03\/10\/eurofred-participara-como-empresa-expositora-en-fadia-26\/#breadcrumb"},"inLanguage":"es","potentialAction":[{"@type":"ReadAction","target":["https:\/\/fadia.info\/index.php\/2026\/03\/10\/eurofred-participara-como-empresa-expositora-en-fadia-26\/"]}]},{"@type":"ImageObject","inLanguage":"es","@id":"https:\/\/fadia.info\/index.php\/2026\/03\/10\/eurofred-participara-como-empresa-expositora-en-fadia-26\/#primaryimage","url":"https:\/\/fadia.info\/wp-content\/uploads\/2026\/03\/Post-FADIA-eurofred.png","contentUrl":"https:\/\/fadia.info\/wp-content\/uploads\/2026\/03\/Post-FADIA-eurofred.png","width":810,"height":810},{"@type":"BreadcrumbList","@id":"https:\/\/fadia.info\/index.php\/2026\/03\/10\/eurofred-participara-como-empresa-expositora-en-fadia-26\/#breadcrumb","itemListElement":[{"@type":"ListItem","position":1,"name":"Portada","item":"https:\/\/fadia.info\/"},{"@type":"ListItem","position":2,"name":"Eurofred participar\u00e1 como empresa expositora en FADIA-26"}]},{"@type":"WebSite","@id":"https:\/\/fadia.info\/#website","url":"https:\/\/fadia.info\/","name":"Fadia","description":"","publisher":{"@id":"https:\/\/fadia.info\/#organization"},"alternateName":"Federaci\u00f3n de Asociaciones de Instaladores de Andaluc\u00eda","potentialAction":[{"@type":"SearchAction","target":{"@type":"EntryPoint","urlTemplate":"https:\/\/fadia.info\/?s={search_term_string}"},"query-input":{"@type":"PropertyValueSpecification","valueRequired":true,"valueName":"search_term_string"}}],"inLanguage":"es"},{"@type":"Organization","@id":"https:\/\/fadia.info\/#organization","name":"Federaci\u00f3n de Asociaciones de Instaladores de Andaluc\u00eda","alternateName":"FADIA","url":"https:\/\/fadia.info\/","logo":{"@type":"ImageObject","inLanguage":"es","@id":"https:\/\/fadia.info\/#\/schema\/logo\/image\/","url":"https:\/\/fadia.info\/wp-content\/uploads\/2023\/11\/logo_fadia.png","contentUrl":"https:\/\/fadia.info\/wp-content\/uploads\/2023\/11\/logo_fadia.png","width":619,"height":265,"caption":"Federaci\u00f3n de Asociaciones de Instaladores de Andaluc\u00eda"},"image":{"@id":"https:\/\/fadia.info\/#\/schema\/logo\/image\/"}},{"@type":"Person","@id":"https:\/\/fadia.info\/#\/schema\/person\/cdaf7b8ba0a834795f1121971cfaab26","name":"Miguel","image":{"@type":"ImageObject","inLanguage":"es","@id":"https:\/\/fadia.info\/#\/schema\/person\/image\/","url":"https:\/\/secure.gravatar.com\/avatar\/7f4e60b1e9fe9c37d925854cb71b1cb76e7cee4d38db28d6f7e8677375de1b8e?s=96&d=mm&r=g","contentUrl":"https:\/\/secure.gravatar.com\/avatar\/7f4e60b1e9fe9c37d925854cb71b1cb76e7cee4d38db28d6f7e8677375de1b8e?s=96&d=mm&r=g","caption":"Miguel"},"url":"https:\/\/fadia.info\/index.php\/author\/miguel\/"}]}},"_links":{"self":[{"href":"https:\/\/fadia.info\/index.php\/wp-json\/wp\/v2\/posts\/6888","targetHints":{"allow":["GET"]}}],"collection":[{"href":"https:\/\/fadia.info\/index.php\/wp-json\/wp\/v2\/posts"}],"about":[{"href":"https:\/\/fadia.info\/index.php\/wp-json\/wp\/v2\/types\/post"}],"author":[{"embeddable":true,"href":"https:\/\/fadia.info\/index.php\/wp-json\/wp\/v2\/users\/3"}],"replies":[{"embeddable":true,"href":"https:\/\/fadia.info\/index.php\/wp-json\/wp\/v2\/comments?post=6888"}],"version-history":[{"count":1,"href":"https:\/\/fadia.info\/index.php\/wp-json\/wp\/v2\/posts\/6888\/revisions"}],"predecessor-version":[{"id":6890,"href":"https:\/\/fadia.info\/index.php\/wp-json\/wp\/v2\/posts\/6888\/revisions\/6890"}],"wp:featuredmedia":[{"embeddable":true,"href":"https:\/\/fadia.info\/index.php\/wp-json\/wp\/v2\/media\/6889"}],"wp:attachment":[{"href":"https:\/\/fadia.info\/index.php\/wp-json\/wp\/v2\/media?parent=6888"}],"wp:term":[{"taxonomy":"category","embeddable":true,"href":"https:\/\/fadia.info\/index.php\/wp-json\/wp\/v2\/categories?post=6888"},{"taxonomy":"post_tag","embeddable":true,"href":"https:\/\/fadia.info\/index.php\/wp-json\/wp\/v2\/tags?post=6888"}],"curies":[{"name":"wp","href":"https:\/\/api.w.org\/{rel}","templated":true}]}}