{"id":6863,"date":"2026-03-08T09:55:09","date_gmt":"2026-03-08T09:55:09","guid":{"rendered":"https:\/\/fadia.info\/?p=6863"},"modified":"2026-03-08T09:56:41","modified_gmt":"2026-03-08T09:56:41","slug":"innova-ups-confirma-su-participacion-en-fadia-26","status":"publish","type":"post","link":"https:\/\/fadia.info\/index.php\/2026\/03\/08\/innova-ups-confirma-su-participacion-en-fadia-26\/","title":{"rendered":"Innova UPS confirma su participaci\u00f3n en FADIA-26"},"content":{"rendered":"\n<p>El <strong>Congreso y Feria de los Instaladores de Andaluc\u00eda \u2013 FADIA-26<\/strong> contin\u00faa sumando empresas referentes del sector. En esta edici\u00f3n contaremos con la participaci\u00f3n de <strong>Innova UPS<\/strong>, compa\u00f1\u00eda especializada en <strong>Sistemas de Alimentaci\u00f3n Ininterrumpida (SAI\/UPS)<\/strong> y soluciones avanzadas de protecci\u00f3n energ\u00e9tica.<\/p>\n\n\n\n<!--more-->\n\n\n\n<figure class=\"wp-block-image size-large\"><img loading=\"lazy\" decoding=\"async\" width=\"1024\" height=\"1024\" src=\"https:\/\/fadia.info\/wp-content\/uploads\/2026\/03\/Post-FADIA-INNOVA-1024x1024.png\" alt=\"\" class=\"wp-image-6864\" srcset=\"https:\/\/fadia.info\/wp-content\/uploads\/2026\/03\/Post-FADIA-INNOVA-1024x1024.png 1024w, https:\/\/fadia.info\/wp-content\/uploads\/2026\/03\/Post-FADIA-INNOVA-980x980.png 980w, https:\/\/fadia.info\/wp-content\/uploads\/2026\/03\/Post-FADIA-INNOVA-480x480.png 480w\" sizes=\"auto, (min-width: 0px) and (max-width: 480px) 480px, (min-width: 481px) and (max-width: 980px) 980px, (min-width: 981px) 1024px, 100vw\" \/><\/figure>\n\n\n\n<p>Durante el congreso, <a href=\"https:\/\/innovaups.com\/\" target=\"_blank\" rel=\"noreferrer noopener\">Innova UPS<\/a> presentar\u00e1 sus soluciones tecnol\u00f3gicas orientadas a garantizar la continuidad del suministro el\u00e9ctrico y la protecci\u00f3n de infraestructuras cr\u00edticas, aspectos cada vez m\u00e1s relevantes en un contexto de creciente digitalizaci\u00f3n y demanda energ\u00e9tica.<\/p>\n\n\n\n<p><a href=\"http:\/\/congresofadia.com\" target=\"_blank\" rel=\"noreferrer noopener\">FADIA-26<\/a> reunir\u00e1 a fabricantes, distribuidores, instaladores y profesionales del sector para analizar los <strong>retos del instalador del futuro<\/strong>, abordando temas como la transici\u00f3n energ\u00e9tica, la eficiencia energ\u00e9tica, la digitalizaci\u00f3n y las nuevas oportunidades tecnol\u00f3gicas para el sector de las instalaciones.<\/p>\n\n\n\n<p>La presencia de empresas como <strong>Innova UPS<\/strong> refuerza el compromiso de FADIA-26 con la innovaci\u00f3n, la transferencia de conocimiento y el impulso del ecosistema profesional de los instaladores.<\/p>\n\n\n\n<p>\ud83d\udccd Sevilla \u2013 Palacio de Congresos y Exposiciones (FIBES)<br>\ud83d\udcc5 18 y 19 de marzo de 2026<\/p>\n\n\n\n<p>Nos vemos en <strong>FADIA-26<\/strong>, el punto de encuentro del sector.<\/p>\n\n\n\n<p>#FADIA26 #CongresoFADIA #Instaladores #Innovaci\u00f3n #Energ\u00eda #Instalaciones<\/p>\n","protected":false},"excerpt":{"rendered":"<p>El Congreso y Feria de los Instaladores de Andaluc\u00eda \u2013 FADIA-26 contin\u00faa sumando empresas referentes del sector. En esta edici\u00f3n contaremos con la participaci\u00f3n de Innova UPS, compa\u00f1\u00eda especializada en [&hellip;]<\/p>\n","protected":false},"author":3,"featured_media":6864,"comment_status":"open","ping_status":"open","sticky":false,"template":"","format":"standard","meta":{"_et_pb_use_builder":"off","_et_pb_old_content":"","_et_gb_content_width":"","_monsterinsights_skip_tracking":false,"_monsterinsights_sitenote_active":false,"_monsterinsights_sitenote_note":"","_monsterinsights_sitenote_category":0,"footnotes":""},"categories":[4],"tags":[40,14,75],"class_list":["post-6863","post","type-post","status-publish","format-standard","has-post-thumbnail","hentry","category-fadia","tag-congreso-fadia","tag-fadia","tag-innova-ups"],"yoast_head":"<!-- This site is optimized with the Yoast SEO plugin v24.2 - https:\/\/yoast.com\/wordpress\/plugins\/seo\/ -->\n<title>Innova UPS confirma su participaci\u00f3n en FADIA-26 - Fadia<\/title>\n<meta name=\"robots\" content=\"index, follow, max-snippet:-1, max-image-preview:large, max-video-preview:-1\" \/>\n<link rel=\"canonical\" href=\"https:\/\/fadia.info\/index.php\/2026\/03\/08\/innova-ups-confirma-su-participacion-en-fadia-26\/\" \/>\n<meta property=\"og:locale\" content=\"es_ES\" \/>\n<meta property=\"og:type\" content=\"article\" \/>\n<meta property=\"og:title\" content=\"Innova UPS confirma su participaci\u00f3n en FADIA-26 - Fadia\" \/>\n<meta property=\"og:description\" content=\"El Congreso y Feria de los Instaladores de Andaluc\u00eda \u2013 FADIA-26 contin\u00faa sumando empresas referentes del sector. En esta edici\u00f3n contaremos con la participaci\u00f3n de Innova UPS, compa\u00f1\u00eda especializada en [&hellip;]\" \/>\n<meta property=\"og:url\" content=\"https:\/\/fadia.info\/index.php\/2026\/03\/08\/innova-ups-confirma-su-participacion-en-fadia-26\/\" \/>\n<meta property=\"og:site_name\" content=\"Fadia\" \/>\n<meta property=\"article:published_time\" content=\"2026-03-08T09:55:09+00:00\" \/>\n<meta property=\"article:modified_time\" content=\"2026-03-08T09:56:41+00:00\" \/>\n<meta property=\"og:image\" content=\"https:\/\/fadia.info\/wp-content\/uploads\/2026\/03\/Post-FADIA-INNOVA.png\" \/>\n\t<meta property=\"og:image:width\" content=\"1080\" \/>\n\t<meta property=\"og:image:height\" content=\"1080\" \/>\n\t<meta property=\"og:image:type\" content=\"image\/png\" \/>\n<meta name=\"author\" content=\"Miguel\" \/>\n<meta name=\"twitter:card\" content=\"summary_large_image\" \/>\n<meta name=\"twitter:label1\" content=\"Escrito por\" \/>\n\t<meta name=\"twitter:data1\" content=\"Miguel\" \/>\n\t<meta name=\"twitter:label2\" content=\"Tiempo de lectura\" \/>\n\t<meta name=\"twitter:data2\" content=\"2 minutos\" \/>\n<script type=\"application\/ld+json\" class=\"yoast-schema-graph\">{\"@context\":\"https:\/\/schema.org\",\"@graph\":[{\"@type\":\"Article\",\"@id\":\"https:\/\/fadia.info\/index.php\/2026\/03\/08\/innova-ups-confirma-su-participacion-en-fadia-26\/#article\",\"isPartOf\":{\"@id\":\"https:\/\/fadia.info\/index.php\/2026\/03\/08\/innova-ups-confirma-su-participacion-en-fadia-26\/\"},\"author\":{\"name\":\"Miguel\",\"@id\":\"https:\/\/fadia.info\/#\/schema\/person\/cdaf7b8ba0a834795f1121971cfaab26\"},\"headline\":\"Innova UPS confirma su participaci\u00f3n en FADIA-26\",\"datePublished\":\"2026-03-08T09:55:09+00:00\",\"dateModified\":\"2026-03-08T09:56:41+00:00\",\"mainEntityOfPage\":{\"@id\":\"https:\/\/fadia.info\/index.php\/2026\/03\/08\/innova-ups-confirma-su-participacion-en-fadia-26\/\"},\"wordCount\":204,\"commentCount\":0,\"publisher\":{\"@id\":\"https:\/\/fadia.info\/#organization\"},\"image\":{\"@id\":\"https:\/\/fadia.info\/index.php\/2026\/03\/08\/innova-ups-confirma-su-participacion-en-fadia-26\/#primaryimage\"},\"thumbnailUrl\":\"https:\/\/fadia.info\/wp-content\/uploads\/2026\/03\/Post-FADIA-INNOVA.png\",\"keywords\":[\"congreso fadia\",\"FADIA\",\"innova ups\"],\"articleSection\":[\"FADIA\"],\"inLanguage\":\"es\",\"potentialAction\":[{\"@type\":\"CommentAction\",\"name\":\"Comment\",\"target\":[\"https:\/\/fadia.info\/index.php\/2026\/03\/08\/innova-ups-confirma-su-participacion-en-fadia-26\/#respond\"]}]},{\"@type\":\"WebPage\",\"@id\":\"https:\/\/fadia.info\/index.php\/2026\/03\/08\/innova-ups-confirma-su-participacion-en-fadia-26\/\",\"url\":\"https:\/\/fadia.info\/index.php\/2026\/03\/08\/innova-ups-confirma-su-participacion-en-fadia-26\/\",\"name\":\"Innova UPS confirma su participaci\u00f3n en FADIA-26 - Fadia\",\"isPartOf\":{\"@id\":\"https:\/\/fadia.info\/#website\"},\"primaryImageOfPage\":{\"@id\":\"https:\/\/fadia.info\/index.php\/2026\/03\/08\/innova-ups-confirma-su-participacion-en-fadia-26\/#primaryimage\"},\"image\":{\"@id\":\"https:\/\/fadia.info\/index.php\/2026\/03\/08\/innova-ups-confirma-su-participacion-en-fadia-26\/#primaryimage\"},\"thumbnailUrl\":\"https:\/\/fadia.info\/wp-content\/uploads\/2026\/03\/Post-FADIA-INNOVA.png\",\"datePublished\":\"2026-03-08T09:55:09+00:00\",\"dateModified\":\"2026-03-08T09:56:41+00:00\",\"breadcrumb\":{\"@id\":\"https:\/\/fadia.info\/index.php\/2026\/03\/08\/innova-ups-confirma-su-participacion-en-fadia-26\/#breadcrumb\"},\"inLanguage\":\"es\",\"potentialAction\":[{\"@type\":\"ReadAction\",\"target\":[\"https:\/\/fadia.info\/index.php\/2026\/03\/08\/innova-ups-confirma-su-participacion-en-fadia-26\/\"]}]},{\"@type\":\"ImageObject\",\"inLanguage\":\"es\",\"@id\":\"https:\/\/fadia.info\/index.php\/2026\/03\/08\/innova-ups-confirma-su-participacion-en-fadia-26\/#primaryimage\",\"url\":\"https:\/\/fadia.info\/wp-content\/uploads\/2026\/03\/Post-FADIA-INNOVA.png\",\"contentUrl\":\"https:\/\/fadia.info\/wp-content\/uploads\/2026\/03\/Post-FADIA-INNOVA.png\",\"width\":1080,\"height\":1080},{\"@type\":\"BreadcrumbList\",\"@id\":\"https:\/\/fadia.info\/index.php\/2026\/03\/08\/innova-ups-confirma-su-participacion-en-fadia-26\/#breadcrumb\",\"itemListElement\":[{\"@type\":\"ListItem\",\"position\":1,\"name\":\"Portada\",\"item\":\"https:\/\/fadia.info\/\"},{\"@type\":\"ListItem\",\"position\":2,\"name\":\"Innova UPS confirma su participaci\u00f3n en FADIA-26\"}]},{\"@type\":\"WebSite\",\"@id\":\"https:\/\/fadia.info\/#website\",\"url\":\"https:\/\/fadia.info\/\",\"name\":\"Fadia\",\"description\":\"\",\"publisher\":{\"@id\":\"https:\/\/fadia.info\/#organization\"},\"alternateName\":\"Federaci\u00f3n de Asociaciones de Instaladores de Andaluc\u00eda\",\"potentialAction\":[{\"@type\":\"SearchAction\",\"target\":{\"@type\":\"EntryPoint\",\"urlTemplate\":\"https:\/\/fadia.info\/?s={search_term_string}\"},\"query-input\":{\"@type\":\"PropertyValueSpecification\",\"valueRequired\":true,\"valueName\":\"search_term_string\"}}],\"inLanguage\":\"es\"},{\"@type\":\"Organization\",\"@id\":\"https:\/\/fadia.info\/#organization\",\"name\":\"Federaci\u00f3n de Asociaciones de Instaladores de Andaluc\u00eda\",\"alternateName\":\"FADIA\",\"url\":\"https:\/\/fadia.info\/\",\"logo\":{\"@type\":\"ImageObject\",\"inLanguage\":\"es\",\"@id\":\"https:\/\/fadia.info\/#\/schema\/logo\/image\/\",\"url\":\"https:\/\/fadia.info\/wp-content\/uploads\/2023\/11\/logo_fadia.png\",\"contentUrl\":\"https:\/\/fadia.info\/wp-content\/uploads\/2023\/11\/logo_fadia.png\",\"width\":619,\"height\":265,\"caption\":\"Federaci\u00f3n de Asociaciones de Instaladores de Andaluc\u00eda\"},\"image\":{\"@id\":\"https:\/\/fadia.info\/#\/schema\/logo\/image\/\"}},{\"@type\":\"Person\",\"@id\":\"https:\/\/fadia.info\/#\/schema\/person\/cdaf7b8ba0a834795f1121971cfaab26\",\"name\":\"Miguel\",\"image\":{\"@type\":\"ImageObject\",\"inLanguage\":\"es\",\"@id\":\"https:\/\/fadia.info\/#\/schema\/person\/image\/\",\"url\":\"https:\/\/secure.gravatar.com\/avatar\/7f4e60b1e9fe9c37d925854cb71b1cb76e7cee4d38db28d6f7e8677375de1b8e?s=96&d=mm&r=g\",\"contentUrl\":\"https:\/\/secure.gravatar.com\/avatar\/7f4e60b1e9fe9c37d925854cb71b1cb76e7cee4d38db28d6f7e8677375de1b8e?s=96&d=mm&r=g\",\"caption\":\"Miguel\"},\"url\":\"https:\/\/fadia.info\/index.php\/author\/miguel\/\"}]}<\/script>\n<!-- \/ Yoast SEO plugin. -->","yoast_head_json":{"title":"Innova UPS confirma su participaci\u00f3n en FADIA-26 - Fadia","robots":{"index":"index","follow":"follow","max-snippet":"max-snippet:-1","max-image-preview":"max-image-preview:large","max-video-preview":"max-video-preview:-1"},"canonical":"https:\/\/fadia.info\/index.php\/2026\/03\/08\/innova-ups-confirma-su-participacion-en-fadia-26\/","og_locale":"es_ES","og_type":"article","og_title":"Innova UPS confirma su participaci\u00f3n en FADIA-26 - Fadia","og_description":"El Congreso y Feria de los Instaladores de Andaluc\u00eda \u2013 FADIA-26 contin\u00faa sumando empresas referentes del sector. En esta edici\u00f3n contaremos con la participaci\u00f3n de Innova UPS, compa\u00f1\u00eda especializada en [&hellip;]","og_url":"https:\/\/fadia.info\/index.php\/2026\/03\/08\/innova-ups-confirma-su-participacion-en-fadia-26\/","og_site_name":"Fadia","article_published_time":"2026-03-08T09:55:09+00:00","article_modified_time":"2026-03-08T09:56:41+00:00","og_image":[{"width":1080,"height":1080,"url":"https:\/\/fadia.info\/wp-content\/uploads\/2026\/03\/Post-FADIA-INNOVA.png","type":"image\/png"}],"author":"Miguel","twitter_card":"summary_large_image","twitter_misc":{"Escrito por":"Miguel","Tiempo de lectura":"2 minutos"},"schema":{"@context":"https:\/\/schema.org","@graph":[{"@type":"Article","@id":"https:\/\/fadia.info\/index.php\/2026\/03\/08\/innova-ups-confirma-su-participacion-en-fadia-26\/#article","isPartOf":{"@id":"https:\/\/fadia.info\/index.php\/2026\/03\/08\/innova-ups-confirma-su-participacion-en-fadia-26\/"},"author":{"name":"Miguel","@id":"https:\/\/fadia.info\/#\/schema\/person\/cdaf7b8ba0a834795f1121971cfaab26"},"headline":"Innova UPS confirma su participaci\u00f3n en FADIA-26","datePublished":"2026-03-08T09:55:09+00:00","dateModified":"2026-03-08T09:56:41+00:00","mainEntityOfPage":{"@id":"https:\/\/fadia.info\/index.php\/2026\/03\/08\/innova-ups-confirma-su-participacion-en-fadia-26\/"},"wordCount":204,"commentCount":0,"publisher":{"@id":"https:\/\/fadia.info\/#organization"},"image":{"@id":"https:\/\/fadia.info\/index.php\/2026\/03\/08\/innova-ups-confirma-su-participacion-en-fadia-26\/#primaryimage"},"thumbnailUrl":"https:\/\/fadia.info\/wp-content\/uploads\/2026\/03\/Post-FADIA-INNOVA.png","keywords":["congreso fadia","FADIA","innova ups"],"articleSection":["FADIA"],"inLanguage":"es","potentialAction":[{"@type":"CommentAction","name":"Comment","target":["https:\/\/fadia.info\/index.php\/2026\/03\/08\/innova-ups-confirma-su-participacion-en-fadia-26\/#respond"]}]},{"@type":"WebPage","@id":"https:\/\/fadia.info\/index.php\/2026\/03\/08\/innova-ups-confirma-su-participacion-en-fadia-26\/","url":"https:\/\/fadia.info\/index.php\/2026\/03\/08\/innova-ups-confirma-su-participacion-en-fadia-26\/","name":"Innova UPS confirma su participaci\u00f3n en FADIA-26 - Fadia","isPartOf":{"@id":"https:\/\/fadia.info\/#website"},"primaryImageOfPage":{"@id":"https:\/\/fadia.info\/index.php\/2026\/03\/08\/innova-ups-confirma-su-participacion-en-fadia-26\/#primaryimage"},"image":{"@id":"https:\/\/fadia.info\/index.php\/2026\/03\/08\/innova-ups-confirma-su-participacion-en-fadia-26\/#primaryimage"},"thumbnailUrl":"https:\/\/fadia.info\/wp-content\/uploads\/2026\/03\/Post-FADIA-INNOVA.png","datePublished":"2026-03-08T09:55:09+00:00","dateModified":"2026-03-08T09:56:41+00:00","breadcrumb":{"@id":"https:\/\/fadia.info\/index.php\/2026\/03\/08\/innova-ups-confirma-su-participacion-en-fadia-26\/#breadcrumb"},"inLanguage":"es","potentialAction":[{"@type":"ReadAction","target":["https:\/\/fadia.info\/index.php\/2026\/03\/08\/innova-ups-confirma-su-participacion-en-fadia-26\/"]}]},{"@type":"ImageObject","inLanguage":"es","@id":"https:\/\/fadia.info\/index.php\/2026\/03\/08\/innova-ups-confirma-su-participacion-en-fadia-26\/#primaryimage","url":"https:\/\/fadia.info\/wp-content\/uploads\/2026\/03\/Post-FADIA-INNOVA.png","contentUrl":"https:\/\/fadia.info\/wp-content\/uploads\/2026\/03\/Post-FADIA-INNOVA.png","width":1080,"height":1080},{"@type":"BreadcrumbList","@id":"https:\/\/fadia.info\/index.php\/2026\/03\/08\/innova-ups-confirma-su-participacion-en-fadia-26\/#breadcrumb","itemListElement":[{"@type":"ListItem","position":1,"name":"Portada","item":"https:\/\/fadia.info\/"},{"@type":"ListItem","position":2,"name":"Innova UPS confirma su participaci\u00f3n en FADIA-26"}]},{"@type":"WebSite","@id":"https:\/\/fadia.info\/#website","url":"https:\/\/fadia.info\/","name":"Fadia","description":"","publisher":{"@id":"https:\/\/fadia.info\/#organization"},"alternateName":"Federaci\u00f3n de Asociaciones de Instaladores de Andaluc\u00eda","potentialAction":[{"@type":"SearchAction","target":{"@type":"EntryPoint","urlTemplate":"https:\/\/fadia.info\/?s={search_term_string}"},"query-input":{"@type":"PropertyValueSpecification","valueRequired":true,"valueName":"search_term_string"}}],"inLanguage":"es"},{"@type":"Organization","@id":"https:\/\/fadia.info\/#organization","name":"Federaci\u00f3n de Asociaciones de Instaladores de Andaluc\u00eda","alternateName":"FADIA","url":"https:\/\/fadia.info\/","logo":{"@type":"ImageObject","inLanguage":"es","@id":"https:\/\/fadia.info\/#\/schema\/logo\/image\/","url":"https:\/\/fadia.info\/wp-content\/uploads\/2023\/11\/logo_fadia.png","contentUrl":"https:\/\/fadia.info\/wp-content\/uploads\/2023\/11\/logo_fadia.png","width":619,"height":265,"caption":"Federaci\u00f3n de Asociaciones de Instaladores de Andaluc\u00eda"},"image":{"@id":"https:\/\/fadia.info\/#\/schema\/logo\/image\/"}},{"@type":"Person","@id":"https:\/\/fadia.info\/#\/schema\/person\/cdaf7b8ba0a834795f1121971cfaab26","name":"Miguel","image":{"@type":"ImageObject","inLanguage":"es","@id":"https:\/\/fadia.info\/#\/schema\/person\/image\/","url":"https:\/\/secure.gravatar.com\/avatar\/7f4e60b1e9fe9c37d925854cb71b1cb76e7cee4d38db28d6f7e8677375de1b8e?s=96&d=mm&r=g","contentUrl":"https:\/\/secure.gravatar.com\/avatar\/7f4e60b1e9fe9c37d925854cb71b1cb76e7cee4d38db28d6f7e8677375de1b8e?s=96&d=mm&r=g","caption":"Miguel"},"url":"https:\/\/fadia.info\/index.php\/author\/miguel\/"}]}},"_links":{"self":[{"href":"https:\/\/fadia.info\/index.php\/wp-json\/wp\/v2\/posts\/6863","targetHints":{"allow":["GET"]}}],"collection":[{"href":"https:\/\/fadia.info\/index.php\/wp-json\/wp\/v2\/posts"}],"about":[{"href":"https:\/\/fadia.info\/index.php\/wp-json\/wp\/v2\/types\/post"}],"author":[{"embeddable":true,"href":"https:\/\/fadia.info\/index.php\/wp-json\/wp\/v2\/users\/3"}],"replies":[{"embeddable":true,"href":"https:\/\/fadia.info\/index.php\/wp-json\/wp\/v2\/comments?post=6863"}],"version-history":[{"count":1,"href":"https:\/\/fadia.info\/index.php\/wp-json\/wp\/v2\/posts\/6863\/revisions"}],"predecessor-version":[{"id":6865,"href":"https:\/\/fadia.info\/index.php\/wp-json\/wp\/v2\/posts\/6863\/revisions\/6865"}],"wp:featuredmedia":[{"embeddable":true,"href":"https:\/\/fadia.info\/index.php\/wp-json\/wp\/v2\/media\/6864"}],"wp:attachment":[{"href":"https:\/\/fadia.info\/index.php\/wp-json\/wp\/v2\/media?parent=6863"}],"wp:term":[{"taxonomy":"category","embeddable":true,"href":"https:\/\/fadia.info\/index.php\/wp-json\/wp\/v2\/categories?post=6863"},{"taxonomy":"post_tag","embeddable":true,"href":"https:\/\/fadia.info\/index.php\/wp-json\/wp\/v2\/tags?post=6863"}],"curies":[{"name":"wp","href":"https:\/\/api.w.org\/{rel}","templated":true}]}}