{"id":6855,"date":"2026-03-06T11:51:40","date_gmt":"2026-03-06T11:51:40","guid":{"rendered":"https:\/\/fadia.info\/?p=6855"},"modified":"2026-03-06T11:51:46","modified_gmt":"2026-03-06T11:51:46","slug":"tecna-participara-en-el-congreso-y-feria-fadia-26-con-innovaciones-orientadas-al-instalador","status":"publish","type":"post","link":"https:\/\/fadia.info\/index.php\/2026\/03\/06\/tecna-participara-en-el-congreso-y-feria-fadia-26-con-innovaciones-orientadas-al-instalador\/","title":{"rendered":"Tecna participar\u00e1 en el Congreso y Feria FADIA 26 con innovaciones orientadas al instalador"},"content":{"rendered":"\n<p>La empresa <a href=\"https:\/\/tecna.es\/\" target=\"_blank\" rel=\"noreferrer noopener\">Tecna <\/a>participar\u00e1 en el pr\u00f3ximo Congreso y Feria <a href=\"https:\/\/www.congresofadia.es\/\" target=\"_blank\" rel=\"noreferrer noopener\">FADIA 26<\/a>, uno de los encuentros profesionales m\u00e1s relevantes del sector de la instalaci\u00f3n, donde presentar\u00e1 sus \u00faltimas soluciones tecnol\u00f3gicas pensadas para mejorar el trabajo diario de los instaladores.<\/p>\n\n\n\n<!--more-->\n\n\n\n<figure class=\"wp-block-image size-large\"><img loading=\"lazy\" decoding=\"async\" width=\"1024\" height=\"1024\" src=\"https:\/\/fadia.info\/wp-content\/uploads\/2026\/03\/Post-FADIA-morado-12-1024x1024.png\" alt=\"\" class=\"wp-image-6856\" srcset=\"https:\/\/fadia.info\/wp-content\/uploads\/2026\/03\/Post-FADIA-morado-12-1024x1024.png 1024w, https:\/\/fadia.info\/wp-content\/uploads\/2026\/03\/Post-FADIA-morado-12-980x980.png 980w, https:\/\/fadia.info\/wp-content\/uploads\/2026\/03\/Post-FADIA-morado-12-480x480.png 480w\" sizes=\"auto, (min-width: 0px) and (max-width: 480px) 480px, (min-width: 481px) and (max-width: 980px) 980px, (min-width: 981px) 1024px, 100vw\" \/><\/figure>\n\n\n\n<p>Durante el evento, Tecna dar\u00e1 a conocer una gama de innovaciones centradas en la eficiencia y la facilidad de instalaci\u00f3n. Estas soluciones est\u00e1n dise\u00f1adas para responder a las nuevas demandas del sector, en un contexto en el que la rapidez, la fiabilidad y la integraci\u00f3n tecnol\u00f3gica son cada vez m\u00e1s importantes para los profesionales.<\/p>\n\n\n\n<p>Entre las propuestas que la compa\u00f1\u00eda presentar\u00e1, destacan soluciones\u00a0<strong>sostenibles para la climatizaci\u00f3n de entornos comerciales, industriales y residenciales<\/strong>,\u00a0adem\u00e1s de una propuesta completa de\u00a0<strong>soluciones integrales para el sector HVAC<\/strong>, unida a su fuerte\u00a0<strong>compromiso con la excelencia en el servicio<\/strong>.<\/p>\n\n\n\n<p>La participaci\u00f3n de Tecna en FADIA 26 permitir\u00e1 a los asistentes conocer de primera mano estas soluciones y compartir experiencias con el equipo t\u00e9cnico de la empresa, que estar\u00e1 presente para ofrecer demostraciones y asesoramiento especializado a los profesionales del sector.<\/p>\n\n\n\n<p>Con su presencia en el Congreso y Feria FADIA 26, Tecna reafirma su compromiso con el instalador profesional, desarrollando soluciones que combinan tecnolog\u00eda avanzada con una clara orientaci\u00f3n pr\u00e1ctica, pensadas para facilitar el trabajo en campo y mejorar la competitividad de las empresas instaladoras.<\/p>\n","protected":false},"excerpt":{"rendered":"<p>La empresa Tecna participar\u00e1 en el pr\u00f3ximo Congreso y Feria FADIA 26, uno de los encuentros profesionales m\u00e1s relevantes del sector de la instalaci\u00f3n, donde presentar\u00e1 sus \u00faltimas soluciones tecnol\u00f3gicas [&hellip;]<\/p>\n","protected":false},"author":3,"featured_media":6856,"comment_status":"open","ping_status":"open","sticky":false,"template":"","format":"standard","meta":{"_et_pb_use_builder":"off","_et_pb_old_content":"","_et_gb_content_width":"","_monsterinsights_skip_tracking":false,"_monsterinsights_sitenote_active":false,"_monsterinsights_sitenote_note":"","_monsterinsights_sitenote_category":0,"footnotes":""},"categories":[4],"tags":[74,40,15],"class_list":["post-6855","post","type-post","status-publish","format-standard","has-post-thumbnail","hentry","category-fadia","tag-climatizacion","tag-congreso-fadia","tag-instaladores"],"yoast_head":"<!-- This site is optimized with the Yoast SEO plugin v24.2 - https:\/\/yoast.com\/wordpress\/plugins\/seo\/ -->\n<title>Tecna participar\u00e1 en el Congreso y Feria FADIA 26 con innovaciones orientadas al instalador - Fadia<\/title>\n<meta name=\"robots\" content=\"index, follow, max-snippet:-1, max-image-preview:large, max-video-preview:-1\" \/>\n<link rel=\"canonical\" href=\"https:\/\/fadia.info\/index.php\/2026\/03\/06\/tecna-participara-en-el-congreso-y-feria-fadia-26-con-innovaciones-orientadas-al-instalador\/\" \/>\n<meta property=\"og:locale\" content=\"es_ES\" \/>\n<meta property=\"og:type\" content=\"article\" \/>\n<meta property=\"og:title\" content=\"Tecna participar\u00e1 en el Congreso y Feria FADIA 26 con innovaciones orientadas al instalador - Fadia\" \/>\n<meta property=\"og:description\" content=\"La empresa Tecna participar\u00e1 en el pr\u00f3ximo Congreso y Feria FADIA 26, uno de los encuentros profesionales m\u00e1s relevantes del sector de la instalaci\u00f3n, donde presentar\u00e1 sus \u00faltimas soluciones tecnol\u00f3gicas [&hellip;]\" \/>\n<meta property=\"og:url\" content=\"https:\/\/fadia.info\/index.php\/2026\/03\/06\/tecna-participara-en-el-congreso-y-feria-fadia-26-con-innovaciones-orientadas-al-instalador\/\" \/>\n<meta property=\"og:site_name\" content=\"Fadia\" \/>\n<meta property=\"article:published_time\" content=\"2026-03-06T11:51:40+00:00\" \/>\n<meta property=\"article:modified_time\" content=\"2026-03-06T11:51:46+00:00\" \/>\n<meta property=\"og:image\" content=\"https:\/\/fadia.info\/wp-content\/uploads\/2026\/03\/Post-FADIA-morado-12.png\" \/>\n\t<meta property=\"og:image:width\" content=\"1080\" \/>\n\t<meta property=\"og:image:height\" content=\"1080\" \/>\n\t<meta property=\"og:image:type\" content=\"image\/png\" \/>\n<meta name=\"author\" content=\"Miguel\" \/>\n<meta name=\"twitter:card\" content=\"summary_large_image\" \/>\n<meta name=\"twitter:label1\" content=\"Escrito por\" \/>\n\t<meta name=\"twitter:data1\" content=\"Miguel\" \/>\n\t<meta name=\"twitter:label2\" content=\"Tiempo de lectura\" \/>\n\t<meta name=\"twitter:data2\" content=\"2 minutos\" \/>\n<script type=\"application\/ld+json\" class=\"yoast-schema-graph\">{\"@context\":\"https:\/\/schema.org\",\"@graph\":[{\"@type\":\"Article\",\"@id\":\"https:\/\/fadia.info\/index.php\/2026\/03\/06\/tecna-participara-en-el-congreso-y-feria-fadia-26-con-innovaciones-orientadas-al-instalador\/#article\",\"isPartOf\":{\"@id\":\"https:\/\/fadia.info\/index.php\/2026\/03\/06\/tecna-participara-en-el-congreso-y-feria-fadia-26-con-innovaciones-orientadas-al-instalador\/\"},\"author\":{\"name\":\"Miguel\",\"@id\":\"https:\/\/fadia.info\/#\/schema\/person\/cdaf7b8ba0a834795f1121971cfaab26\"},\"headline\":\"Tecna participar\u00e1 en el Congreso y Feria FADIA 26 con innovaciones orientadas al instalador\",\"datePublished\":\"2026-03-06T11:51:40+00:00\",\"dateModified\":\"2026-03-06T11:51:46+00:00\",\"mainEntityOfPage\":{\"@id\":\"https:\/\/fadia.info\/index.php\/2026\/03\/06\/tecna-participara-en-el-congreso-y-feria-fadia-26-con-innovaciones-orientadas-al-instalador\/\"},\"wordCount\":248,\"commentCount\":0,\"publisher\":{\"@id\":\"https:\/\/fadia.info\/#organization\"},\"image\":{\"@id\":\"https:\/\/fadia.info\/index.php\/2026\/03\/06\/tecna-participara-en-el-congreso-y-feria-fadia-26-con-innovaciones-orientadas-al-instalador\/#primaryimage\"},\"thumbnailUrl\":\"https:\/\/fadia.info\/wp-content\/uploads\/2026\/03\/Post-FADIA-morado-12.png\",\"keywords\":[\"climatizaci\u00f3n\",\"congreso fadia\",\"INSTALADORES\"],\"articleSection\":[\"FADIA\"],\"inLanguage\":\"es\",\"potentialAction\":[{\"@type\":\"CommentAction\",\"name\":\"Comment\",\"target\":[\"https:\/\/fadia.info\/index.php\/2026\/03\/06\/tecna-participara-en-el-congreso-y-feria-fadia-26-con-innovaciones-orientadas-al-instalador\/#respond\"]}]},{\"@type\":\"WebPage\",\"@id\":\"https:\/\/fadia.info\/index.php\/2026\/03\/06\/tecna-participara-en-el-congreso-y-feria-fadia-26-con-innovaciones-orientadas-al-instalador\/\",\"url\":\"https:\/\/fadia.info\/index.php\/2026\/03\/06\/tecna-participara-en-el-congreso-y-feria-fadia-26-con-innovaciones-orientadas-al-instalador\/\",\"name\":\"Tecna participar\u00e1 en el Congreso y Feria FADIA 26 con innovaciones orientadas al instalador - Fadia\",\"isPartOf\":{\"@id\":\"https:\/\/fadia.info\/#website\"},\"primaryImageOfPage\":{\"@id\":\"https:\/\/fadia.info\/index.php\/2026\/03\/06\/tecna-participara-en-el-congreso-y-feria-fadia-26-con-innovaciones-orientadas-al-instalador\/#primaryimage\"},\"image\":{\"@id\":\"https:\/\/fadia.info\/index.php\/2026\/03\/06\/tecna-participara-en-el-congreso-y-feria-fadia-26-con-innovaciones-orientadas-al-instalador\/#primaryimage\"},\"thumbnailUrl\":\"https:\/\/fadia.info\/wp-content\/uploads\/2026\/03\/Post-FADIA-morado-12.png\",\"datePublished\":\"2026-03-06T11:51:40+00:00\",\"dateModified\":\"2026-03-06T11:51:46+00:00\",\"breadcrumb\":{\"@id\":\"https:\/\/fadia.info\/index.php\/2026\/03\/06\/tecna-participara-en-el-congreso-y-feria-fadia-26-con-innovaciones-orientadas-al-instalador\/#breadcrumb\"},\"inLanguage\":\"es\",\"potentialAction\":[{\"@type\":\"ReadAction\",\"target\":[\"https:\/\/fadia.info\/index.php\/2026\/03\/06\/tecna-participara-en-el-congreso-y-feria-fadia-26-con-innovaciones-orientadas-al-instalador\/\"]}]},{\"@type\":\"ImageObject\",\"inLanguage\":\"es\",\"@id\":\"https:\/\/fadia.info\/index.php\/2026\/03\/06\/tecna-participara-en-el-congreso-y-feria-fadia-26-con-innovaciones-orientadas-al-instalador\/#primaryimage\",\"url\":\"https:\/\/fadia.info\/wp-content\/uploads\/2026\/03\/Post-FADIA-morado-12.png\",\"contentUrl\":\"https:\/\/fadia.info\/wp-content\/uploads\/2026\/03\/Post-FADIA-morado-12.png\",\"width\":1080,\"height\":1080},{\"@type\":\"BreadcrumbList\",\"@id\":\"https:\/\/fadia.info\/index.php\/2026\/03\/06\/tecna-participara-en-el-congreso-y-feria-fadia-26-con-innovaciones-orientadas-al-instalador\/#breadcrumb\",\"itemListElement\":[{\"@type\":\"ListItem\",\"position\":1,\"name\":\"Portada\",\"item\":\"https:\/\/fadia.info\/\"},{\"@type\":\"ListItem\",\"position\":2,\"name\":\"Tecna participar\u00e1 en el Congreso y Feria FADIA 26 con innovaciones orientadas al instalador\"}]},{\"@type\":\"WebSite\",\"@id\":\"https:\/\/fadia.info\/#website\",\"url\":\"https:\/\/fadia.info\/\",\"name\":\"Fadia\",\"description\":\"\",\"publisher\":{\"@id\":\"https:\/\/fadia.info\/#organization\"},\"alternateName\":\"Federaci\u00f3n de Asociaciones de Instaladores de Andaluc\u00eda\",\"potentialAction\":[{\"@type\":\"SearchAction\",\"target\":{\"@type\":\"EntryPoint\",\"urlTemplate\":\"https:\/\/fadia.info\/?s={search_term_string}\"},\"query-input\":{\"@type\":\"PropertyValueSpecification\",\"valueRequired\":true,\"valueName\":\"search_term_string\"}}],\"inLanguage\":\"es\"},{\"@type\":\"Organization\",\"@id\":\"https:\/\/fadia.info\/#organization\",\"name\":\"Federaci\u00f3n de Asociaciones de Instaladores de Andaluc\u00eda\",\"alternateName\":\"FADIA\",\"url\":\"https:\/\/fadia.info\/\",\"logo\":{\"@type\":\"ImageObject\",\"inLanguage\":\"es\",\"@id\":\"https:\/\/fadia.info\/#\/schema\/logo\/image\/\",\"url\":\"https:\/\/fadia.info\/wp-content\/uploads\/2023\/11\/logo_fadia.png\",\"contentUrl\":\"https:\/\/fadia.info\/wp-content\/uploads\/2023\/11\/logo_fadia.png\",\"width\":619,\"height\":265,\"caption\":\"Federaci\u00f3n de Asociaciones de Instaladores de Andaluc\u00eda\"},\"image\":{\"@id\":\"https:\/\/fadia.info\/#\/schema\/logo\/image\/\"}},{\"@type\":\"Person\",\"@id\":\"https:\/\/fadia.info\/#\/schema\/person\/cdaf7b8ba0a834795f1121971cfaab26\",\"name\":\"Miguel\",\"image\":{\"@type\":\"ImageObject\",\"inLanguage\":\"es\",\"@id\":\"https:\/\/fadia.info\/#\/schema\/person\/image\/\",\"url\":\"https:\/\/secure.gravatar.com\/avatar\/7f4e60b1e9fe9c37d925854cb71b1cb76e7cee4d38db28d6f7e8677375de1b8e?s=96&d=mm&r=g\",\"contentUrl\":\"https:\/\/secure.gravatar.com\/avatar\/7f4e60b1e9fe9c37d925854cb71b1cb76e7cee4d38db28d6f7e8677375de1b8e?s=96&d=mm&r=g\",\"caption\":\"Miguel\"},\"url\":\"https:\/\/fadia.info\/index.php\/author\/miguel\/\"}]}<\/script>\n<!-- \/ Yoast SEO plugin. -->","yoast_head_json":{"title":"Tecna participar\u00e1 en el Congreso y Feria FADIA 26 con innovaciones orientadas al instalador - Fadia","robots":{"index":"index","follow":"follow","max-snippet":"max-snippet:-1","max-image-preview":"max-image-preview:large","max-video-preview":"max-video-preview:-1"},"canonical":"https:\/\/fadia.info\/index.php\/2026\/03\/06\/tecna-participara-en-el-congreso-y-feria-fadia-26-con-innovaciones-orientadas-al-instalador\/","og_locale":"es_ES","og_type":"article","og_title":"Tecna participar\u00e1 en el Congreso y Feria FADIA 26 con innovaciones orientadas al instalador - Fadia","og_description":"La empresa Tecna participar\u00e1 en el pr\u00f3ximo Congreso y Feria FADIA 26, uno de los encuentros profesionales m\u00e1s relevantes del sector de la instalaci\u00f3n, donde presentar\u00e1 sus \u00faltimas soluciones tecnol\u00f3gicas [&hellip;]","og_url":"https:\/\/fadia.info\/index.php\/2026\/03\/06\/tecna-participara-en-el-congreso-y-feria-fadia-26-con-innovaciones-orientadas-al-instalador\/","og_site_name":"Fadia","article_published_time":"2026-03-06T11:51:40+00:00","article_modified_time":"2026-03-06T11:51:46+00:00","og_image":[{"width":1080,"height":1080,"url":"https:\/\/fadia.info\/wp-content\/uploads\/2026\/03\/Post-FADIA-morado-12.png","type":"image\/png"}],"author":"Miguel","twitter_card":"summary_large_image","twitter_misc":{"Escrito por":"Miguel","Tiempo de lectura":"2 minutos"},"schema":{"@context":"https:\/\/schema.org","@graph":[{"@type":"Article","@id":"https:\/\/fadia.info\/index.php\/2026\/03\/06\/tecna-participara-en-el-congreso-y-feria-fadia-26-con-innovaciones-orientadas-al-instalador\/#article","isPartOf":{"@id":"https:\/\/fadia.info\/index.php\/2026\/03\/06\/tecna-participara-en-el-congreso-y-feria-fadia-26-con-innovaciones-orientadas-al-instalador\/"},"author":{"name":"Miguel","@id":"https:\/\/fadia.info\/#\/schema\/person\/cdaf7b8ba0a834795f1121971cfaab26"},"headline":"Tecna participar\u00e1 en el Congreso y Feria FADIA 26 con innovaciones orientadas al instalador","datePublished":"2026-03-06T11:51:40+00:00","dateModified":"2026-03-06T11:51:46+00:00","mainEntityOfPage":{"@id":"https:\/\/fadia.info\/index.php\/2026\/03\/06\/tecna-participara-en-el-congreso-y-feria-fadia-26-con-innovaciones-orientadas-al-instalador\/"},"wordCount":248,"commentCount":0,"publisher":{"@id":"https:\/\/fadia.info\/#organization"},"image":{"@id":"https:\/\/fadia.info\/index.php\/2026\/03\/06\/tecna-participara-en-el-congreso-y-feria-fadia-26-con-innovaciones-orientadas-al-instalador\/#primaryimage"},"thumbnailUrl":"https:\/\/fadia.info\/wp-content\/uploads\/2026\/03\/Post-FADIA-morado-12.png","keywords":["climatizaci\u00f3n","congreso fadia","INSTALADORES"],"articleSection":["FADIA"],"inLanguage":"es","potentialAction":[{"@type":"CommentAction","name":"Comment","target":["https:\/\/fadia.info\/index.php\/2026\/03\/06\/tecna-participara-en-el-congreso-y-feria-fadia-26-con-innovaciones-orientadas-al-instalador\/#respond"]}]},{"@type":"WebPage","@id":"https:\/\/fadia.info\/index.php\/2026\/03\/06\/tecna-participara-en-el-congreso-y-feria-fadia-26-con-innovaciones-orientadas-al-instalador\/","url":"https:\/\/fadia.info\/index.php\/2026\/03\/06\/tecna-participara-en-el-congreso-y-feria-fadia-26-con-innovaciones-orientadas-al-instalador\/","name":"Tecna participar\u00e1 en el Congreso y Feria FADIA 26 con innovaciones orientadas al instalador - Fadia","isPartOf":{"@id":"https:\/\/fadia.info\/#website"},"primaryImageOfPage":{"@id":"https:\/\/fadia.info\/index.php\/2026\/03\/06\/tecna-participara-en-el-congreso-y-feria-fadia-26-con-innovaciones-orientadas-al-instalador\/#primaryimage"},"image":{"@id":"https:\/\/fadia.info\/index.php\/2026\/03\/06\/tecna-participara-en-el-congreso-y-feria-fadia-26-con-innovaciones-orientadas-al-instalador\/#primaryimage"},"thumbnailUrl":"https:\/\/fadia.info\/wp-content\/uploads\/2026\/03\/Post-FADIA-morado-12.png","datePublished":"2026-03-06T11:51:40+00:00","dateModified":"2026-03-06T11:51:46+00:00","breadcrumb":{"@id":"https:\/\/fadia.info\/index.php\/2026\/03\/06\/tecna-participara-en-el-congreso-y-feria-fadia-26-con-innovaciones-orientadas-al-instalador\/#breadcrumb"},"inLanguage":"es","potentialAction":[{"@type":"ReadAction","target":["https:\/\/fadia.info\/index.php\/2026\/03\/06\/tecna-participara-en-el-congreso-y-feria-fadia-26-con-innovaciones-orientadas-al-instalador\/"]}]},{"@type":"ImageObject","inLanguage":"es","@id":"https:\/\/fadia.info\/index.php\/2026\/03\/06\/tecna-participara-en-el-congreso-y-feria-fadia-26-con-innovaciones-orientadas-al-instalador\/#primaryimage","url":"https:\/\/fadia.info\/wp-content\/uploads\/2026\/03\/Post-FADIA-morado-12.png","contentUrl":"https:\/\/fadia.info\/wp-content\/uploads\/2026\/03\/Post-FADIA-morado-12.png","width":1080,"height":1080},{"@type":"BreadcrumbList","@id":"https:\/\/fadia.info\/index.php\/2026\/03\/06\/tecna-participara-en-el-congreso-y-feria-fadia-26-con-innovaciones-orientadas-al-instalador\/#breadcrumb","itemListElement":[{"@type":"ListItem","position":1,"name":"Portada","item":"https:\/\/fadia.info\/"},{"@type":"ListItem","position":2,"name":"Tecna participar\u00e1 en el Congreso y Feria FADIA 26 con innovaciones orientadas al instalador"}]},{"@type":"WebSite","@id":"https:\/\/fadia.info\/#website","url":"https:\/\/fadia.info\/","name":"Fadia","description":"","publisher":{"@id":"https:\/\/fadia.info\/#organization"},"alternateName":"Federaci\u00f3n de Asociaciones de Instaladores de Andaluc\u00eda","potentialAction":[{"@type":"SearchAction","target":{"@type":"EntryPoint","urlTemplate":"https:\/\/fadia.info\/?s={search_term_string}"},"query-input":{"@type":"PropertyValueSpecification","valueRequired":true,"valueName":"search_term_string"}}],"inLanguage":"es"},{"@type":"Organization","@id":"https:\/\/fadia.info\/#organization","name":"Federaci\u00f3n de Asociaciones de Instaladores de Andaluc\u00eda","alternateName":"FADIA","url":"https:\/\/fadia.info\/","logo":{"@type":"ImageObject","inLanguage":"es","@id":"https:\/\/fadia.info\/#\/schema\/logo\/image\/","url":"https:\/\/fadia.info\/wp-content\/uploads\/2023\/11\/logo_fadia.png","contentUrl":"https:\/\/fadia.info\/wp-content\/uploads\/2023\/11\/logo_fadia.png","width":619,"height":265,"caption":"Federaci\u00f3n de Asociaciones de Instaladores de Andaluc\u00eda"},"image":{"@id":"https:\/\/fadia.info\/#\/schema\/logo\/image\/"}},{"@type":"Person","@id":"https:\/\/fadia.info\/#\/schema\/person\/cdaf7b8ba0a834795f1121971cfaab26","name":"Miguel","image":{"@type":"ImageObject","inLanguage":"es","@id":"https:\/\/fadia.info\/#\/schema\/person\/image\/","url":"https:\/\/secure.gravatar.com\/avatar\/7f4e60b1e9fe9c37d925854cb71b1cb76e7cee4d38db28d6f7e8677375de1b8e?s=96&d=mm&r=g","contentUrl":"https:\/\/secure.gravatar.com\/avatar\/7f4e60b1e9fe9c37d925854cb71b1cb76e7cee4d38db28d6f7e8677375de1b8e?s=96&d=mm&r=g","caption":"Miguel"},"url":"https:\/\/fadia.info\/index.php\/author\/miguel\/"}]}},"_links":{"self":[{"href":"https:\/\/fadia.info\/index.php\/wp-json\/wp\/v2\/posts\/6855","targetHints":{"allow":["GET"]}}],"collection":[{"href":"https:\/\/fadia.info\/index.php\/wp-json\/wp\/v2\/posts"}],"about":[{"href":"https:\/\/fadia.info\/index.php\/wp-json\/wp\/v2\/types\/post"}],"author":[{"embeddable":true,"href":"https:\/\/fadia.info\/index.php\/wp-json\/wp\/v2\/users\/3"}],"replies":[{"embeddable":true,"href":"https:\/\/fadia.info\/index.php\/wp-json\/wp\/v2\/comments?post=6855"}],"version-history":[{"count":1,"href":"https:\/\/fadia.info\/index.php\/wp-json\/wp\/v2\/posts\/6855\/revisions"}],"predecessor-version":[{"id":6857,"href":"https:\/\/fadia.info\/index.php\/wp-json\/wp\/v2\/posts\/6855\/revisions\/6857"}],"wp:featuredmedia":[{"embeddable":true,"href":"https:\/\/fadia.info\/index.php\/wp-json\/wp\/v2\/media\/6856"}],"wp:attachment":[{"href":"https:\/\/fadia.info\/index.php\/wp-json\/wp\/v2\/media?parent=6855"}],"wp:term":[{"taxonomy":"category","embeddable":true,"href":"https:\/\/fadia.info\/index.php\/wp-json\/wp\/v2\/categories?post=6855"},{"taxonomy":"post_tag","embeddable":true,"href":"https:\/\/fadia.info\/index.php\/wp-json\/wp\/v2\/tags?post=6855"}],"curies":[{"name":"wp","href":"https:\/\/api.w.org\/{rel}","templated":true}]}}