{"id":6778,"date":"2026-02-13T17:23:11","date_gmt":"2026-02-13T17:23:11","guid":{"rendered":"https:\/\/fadia.info\/?p=6778"},"modified":"2026-02-13T17:23:20","modified_gmt":"2026-02-13T17:23:20","slug":"ecotic-refuerza-su-compromiso-con-la-sostenibilidad-y-la-economia-circular-en-fadia-26-el-congreso-y-feria-de-los-instaladores-de-andalucia","status":"publish","type":"post","link":"https:\/\/fadia.info\/index.php\/2026\/02\/13\/ecotic-refuerza-su-compromiso-con-la-sostenibilidad-y-la-economia-circular-en-fadia-26-el-congreso-y-feria-de-los-instaladores-de-andalucia\/","title":{"rendered":"ECOTIC refuerza su compromiso con la sostenibilidad y la econom\u00eda circular en FADIA-26, el Congreso y Feria de los Instaladores de Andaluc\u00eda"},"content":{"rendered":"\n<p>ECOTIC, entidad dedicada a la gesti\u00f3n sostenible de residuos y la promoci\u00f3n de la econom\u00eda circular, anuncia su participaci\u00f3n en FADIA-26, la segunda edici\u00f3n del Congreso y Feria de los Instaladores de Andaluc\u00eda que se celebrar\u00e1 los d\u00edas 18 y 19 de marzo de 2026 en el Palacio de Congresos y Exposiciones de Sevilla (FIBES).<\/p>\n\n\n\n<!--more-->\n\n\n\n<figure class=\"wp-block-image size-large\"><img loading=\"lazy\" decoding=\"async\" width=\"1024\" height=\"576\" src=\"https:\/\/fadia.info\/wp-content\/uploads\/2026\/02\/fadia_ecotic-1024x576.png\" alt=\"\" class=\"wp-image-6779\" srcset=\"https:\/\/fadia.info\/wp-content\/uploads\/2026\/02\/fadia_ecotic-980x551.png 980w, https:\/\/fadia.info\/wp-content\/uploads\/2026\/02\/fadia_ecotic-480x270.png 480w\" sizes=\"auto, (min-width: 0px) and (max-width: 480px) 480px, (min-width: 481px) and (max-width: 980px) 980px, (min-width: 981px) 1024px, 100vw\" \/><\/figure>\n\n\n\n<p>Organizado por la Federaci\u00f3n de Asociaciones de Instaladores de Andaluc\u00eda (FADIA), FADIA-26 se ha consolidado como el principal punto de encuentro profesional para el sector de las instalaciones en la regi\u00f3n, abordando los \u201cRetos del Instalador del Futuro\u201d frente a desaf\u00edos como la digitalizaci\u00f3n, la transici\u00f3n energ\u00e9tica, la descarbonizaci\u00f3n y la eficiencia energ\u00e9tica.<\/p>\n\n\n\n<p>La participaci\u00f3n de ECOTIC en FADIA-26 refuerza su compromiso con los instaladores y otros agentes del sector para fomentar buenas pr\u00e1cticas de gesti\u00f3n ambiental, promover la correcta gesti\u00f3n de residuos de aparatos el\u00e9ctricos y electr\u00f3nicos (RAEE), y avanzar hacia modelos de negocio m\u00e1s sostenibles y circulares. ECOTIC llevar\u00e1 a este foro su experiencia y enfoque integrado en torno a la econom\u00eda circular, aportando perspectiva sobre c\u00f3mo la gesti\u00f3n responsable de residuos contribuye a la competitividad y sostenibilidad del sector.<\/p>\n\n\n\n<p>Durante la feria y congreso, ECOTIC tendr\u00e1 la oportunidad de interactuar con profesionales, asociaciones, administraciones y empresas del sector de las instalaciones, compartiendo conocimientos pr\u00e1cticos y soluciones innovadoras para afrontar los retos actuales de la profesi\u00f3n. Asimismo, se prev\u00e9 que ECOTIC participe en actividades de networking, encuentros y posible apoyo a contenidos formativos y mesas de debate que integren la visi\u00f3n de la econom\u00eda circular dentro del \u00e1mbito de las instalaciones.<\/p>\n\n\n\n<p>FADIA-26 contar\u00e1 con espacios expositivos, ponencias, talleres y oportunidades de colaboraci\u00f3n en torno a la innovaci\u00f3n tecnol\u00f3gica, la digitalizaci\u00f3n de procesos, la eficiencia energ\u00e9tica, la seguridad y salud laboral o el contexto normativo, buscando potenciar el papel del instalador como agente estrat\u00e9gico en un mercado cada vez m\u00e1s din\u00e1mico y sostenible.<\/p>\n\n\n\n<p>Con esta participaci\u00f3n, ECOTIC reafirma su papel como actor relevante en el impulso de pr\u00e1cticas responsables y sostenibles dentro de la industria, consolidando su compromiso con el medio ambiente y la econom\u00eda circular en todos los eslabones de la cadena de valor.<\/p>\n","protected":false},"excerpt":{"rendered":"<p>ECOTIC, entidad dedicada a la gesti\u00f3n sostenible de residuos y la promoci\u00f3n de la econom\u00eda circular, anuncia su participaci\u00f3n en FADIA-26, la segunda edici\u00f3n del Congreso y Feria de los [&hellip;]<\/p>\n","protected":false},"author":3,"featured_media":6779,"comment_status":"open","ping_status":"open","sticky":false,"template":"","format":"standard","meta":{"_et_pb_use_builder":"off","_et_pb_old_content":"","_et_gb_content_width":"","_monsterinsights_skip_tracking":false,"_monsterinsights_sitenote_active":false,"_monsterinsights_sitenote_note":"","_monsterinsights_sitenote_category":0,"footnotes":""},"categories":[1],"tags":[40,61,14,15],"class_list":["post-6778","post","type-post","status-publish","format-standard","has-post-thumbnail","hentry","category-uncategorized","tag-congreso-fadia","tag-ecotic","tag-fadia","tag-instaladores"],"yoast_head":"<!-- This site is optimized with the Yoast SEO plugin v24.2 - https:\/\/yoast.com\/wordpress\/plugins\/seo\/ -->\n<title>ECOTIC refuerza su compromiso con la sostenibilidad y la econom\u00eda circular en FADIA-26, el Congreso y Feria de los Instaladores de Andaluc\u00eda - Fadia<\/title>\n<meta name=\"robots\" content=\"index, follow, max-snippet:-1, max-image-preview:large, max-video-preview:-1\" \/>\n<link rel=\"canonical\" href=\"https:\/\/fadia.info\/index.php\/2026\/02\/13\/ecotic-refuerza-su-compromiso-con-la-sostenibilidad-y-la-economia-circular-en-fadia-26-el-congreso-y-feria-de-los-instaladores-de-andalucia\/\" \/>\n<meta property=\"og:locale\" content=\"es_ES\" \/>\n<meta property=\"og:type\" content=\"article\" \/>\n<meta property=\"og:title\" content=\"ECOTIC refuerza su compromiso con la sostenibilidad y la econom\u00eda circular en FADIA-26, el Congreso y Feria de los Instaladores de Andaluc\u00eda - Fadia\" \/>\n<meta property=\"og:description\" content=\"ECOTIC, entidad dedicada a la gesti\u00f3n sostenible de residuos y la promoci\u00f3n de la econom\u00eda circular, anuncia su participaci\u00f3n en FADIA-26, la segunda edici\u00f3n del Congreso y Feria de los [&hellip;]\" \/>\n<meta property=\"og:url\" content=\"https:\/\/fadia.info\/index.php\/2026\/02\/13\/ecotic-refuerza-su-compromiso-con-la-sostenibilidad-y-la-economia-circular-en-fadia-26-el-congreso-y-feria-de-los-instaladores-de-andalucia\/\" \/>\n<meta property=\"og:site_name\" content=\"Fadia\" \/>\n<meta property=\"article:published_time\" content=\"2026-02-13T17:23:11+00:00\" \/>\n<meta property=\"article:modified_time\" content=\"2026-02-13T17:23:20+00:00\" \/>\n<meta property=\"og:image\" content=\"https:\/\/fadia.info\/wp-content\/uploads\/2026\/02\/fadia_ecotic.png\" \/>\n\t<meta property=\"og:image:width\" content=\"1920\" \/>\n\t<meta property=\"og:image:height\" content=\"1080\" \/>\n\t<meta property=\"og:image:type\" content=\"image\/png\" \/>\n<meta name=\"author\" content=\"Miguel\" \/>\n<meta name=\"twitter:card\" content=\"summary_large_image\" \/>\n<meta name=\"twitter:label1\" content=\"Escrito por\" \/>\n\t<meta name=\"twitter:data1\" content=\"Miguel\" \/>\n\t<meta name=\"twitter:label2\" content=\"Tiempo de lectura\" \/>\n\t<meta name=\"twitter:data2\" content=\"3 minutos\" \/>\n<script type=\"application\/ld+json\" class=\"yoast-schema-graph\">{\"@context\":\"https:\/\/schema.org\",\"@graph\":[{\"@type\":\"Article\",\"@id\":\"https:\/\/fadia.info\/index.php\/2026\/02\/13\/ecotic-refuerza-su-compromiso-con-la-sostenibilidad-y-la-economia-circular-en-fadia-26-el-congreso-y-feria-de-los-instaladores-de-andalucia\/#article\",\"isPartOf\":{\"@id\":\"https:\/\/fadia.info\/index.php\/2026\/02\/13\/ecotic-refuerza-su-compromiso-con-la-sostenibilidad-y-la-economia-circular-en-fadia-26-el-congreso-y-feria-de-los-instaladores-de-andalucia\/\"},\"author\":{\"name\":\"Miguel\",\"@id\":\"https:\/\/fadia.info\/#\/schema\/person\/cdaf7b8ba0a834795f1121971cfaab26\"},\"headline\":\"ECOTIC refuerza su compromiso con la sostenibilidad y la econom\u00eda circular en FADIA-26, el Congreso y Feria de los Instaladores de Andaluc\u00eda\",\"datePublished\":\"2026-02-13T17:23:11+00:00\",\"dateModified\":\"2026-02-13T17:23:20+00:00\",\"mainEntityOfPage\":{\"@id\":\"https:\/\/fadia.info\/index.php\/2026\/02\/13\/ecotic-refuerza-su-compromiso-con-la-sostenibilidad-y-la-economia-circular-en-fadia-26-el-congreso-y-feria-de-los-instaladores-de-andalucia\/\"},\"wordCount\":413,\"commentCount\":0,\"publisher\":{\"@id\":\"https:\/\/fadia.info\/#organization\"},\"image\":{\"@id\":\"https:\/\/fadia.info\/index.php\/2026\/02\/13\/ecotic-refuerza-su-compromiso-con-la-sostenibilidad-y-la-economia-circular-en-fadia-26-el-congreso-y-feria-de-los-instaladores-de-andalucia\/#primaryimage\"},\"thumbnailUrl\":\"https:\/\/fadia.info\/wp-content\/uploads\/2026\/02\/fadia_ecotic.png\",\"keywords\":[\"congreso fadia\",\"ecotic\",\"FADIA\",\"INSTALADORES\"],\"articleSection\":[\"Uncategorized\"],\"inLanguage\":\"es\",\"potentialAction\":[{\"@type\":\"CommentAction\",\"name\":\"Comment\",\"target\":[\"https:\/\/fadia.info\/index.php\/2026\/02\/13\/ecotic-refuerza-su-compromiso-con-la-sostenibilidad-y-la-economia-circular-en-fadia-26-el-congreso-y-feria-de-los-instaladores-de-andalucia\/#respond\"]}]},{\"@type\":\"WebPage\",\"@id\":\"https:\/\/fadia.info\/index.php\/2026\/02\/13\/ecotic-refuerza-su-compromiso-con-la-sostenibilidad-y-la-economia-circular-en-fadia-26-el-congreso-y-feria-de-los-instaladores-de-andalucia\/\",\"url\":\"https:\/\/fadia.info\/index.php\/2026\/02\/13\/ecotic-refuerza-su-compromiso-con-la-sostenibilidad-y-la-economia-circular-en-fadia-26-el-congreso-y-feria-de-los-instaladores-de-andalucia\/\",\"name\":\"ECOTIC refuerza su compromiso con la sostenibilidad y la econom\u00eda circular en FADIA-26, el Congreso y Feria de los Instaladores de Andaluc\u00eda - Fadia\",\"isPartOf\":{\"@id\":\"https:\/\/fadia.info\/#website\"},\"primaryImageOfPage\":{\"@id\":\"https:\/\/fadia.info\/index.php\/2026\/02\/13\/ecotic-refuerza-su-compromiso-con-la-sostenibilidad-y-la-economia-circular-en-fadia-26-el-congreso-y-feria-de-los-instaladores-de-andalucia\/#primaryimage\"},\"image\":{\"@id\":\"https:\/\/fadia.info\/index.php\/2026\/02\/13\/ecotic-refuerza-su-compromiso-con-la-sostenibilidad-y-la-economia-circular-en-fadia-26-el-congreso-y-feria-de-los-instaladores-de-andalucia\/#primaryimage\"},\"thumbnailUrl\":\"https:\/\/fadia.info\/wp-content\/uploads\/2026\/02\/fadia_ecotic.png\",\"datePublished\":\"2026-02-13T17:23:11+00:00\",\"dateModified\":\"2026-02-13T17:23:20+00:00\",\"breadcrumb\":{\"@id\":\"https:\/\/fadia.info\/index.php\/2026\/02\/13\/ecotic-refuerza-su-compromiso-con-la-sostenibilidad-y-la-economia-circular-en-fadia-26-el-congreso-y-feria-de-los-instaladores-de-andalucia\/#breadcrumb\"},\"inLanguage\":\"es\",\"potentialAction\":[{\"@type\":\"ReadAction\",\"target\":[\"https:\/\/fadia.info\/index.php\/2026\/02\/13\/ecotic-refuerza-su-compromiso-con-la-sostenibilidad-y-la-economia-circular-en-fadia-26-el-congreso-y-feria-de-los-instaladores-de-andalucia\/\"]}]},{\"@type\":\"ImageObject\",\"inLanguage\":\"es\",\"@id\":\"https:\/\/fadia.info\/index.php\/2026\/02\/13\/ecotic-refuerza-su-compromiso-con-la-sostenibilidad-y-la-economia-circular-en-fadia-26-el-congreso-y-feria-de-los-instaladores-de-andalucia\/#primaryimage\",\"url\":\"https:\/\/fadia.info\/wp-content\/uploads\/2026\/02\/fadia_ecotic.png\",\"contentUrl\":\"https:\/\/fadia.info\/wp-content\/uploads\/2026\/02\/fadia_ecotic.png\",\"width\":1920,\"height\":1080},{\"@type\":\"BreadcrumbList\",\"@id\":\"https:\/\/fadia.info\/index.php\/2026\/02\/13\/ecotic-refuerza-su-compromiso-con-la-sostenibilidad-y-la-economia-circular-en-fadia-26-el-congreso-y-feria-de-los-instaladores-de-andalucia\/#breadcrumb\",\"itemListElement\":[{\"@type\":\"ListItem\",\"position\":1,\"name\":\"Portada\",\"item\":\"https:\/\/fadia.info\/\"},{\"@type\":\"ListItem\",\"position\":2,\"name\":\"ECOTIC refuerza su compromiso con la sostenibilidad y la econom\u00eda circular en FADIA-26, el Congreso y Feria de los Instaladores de Andaluc\u00eda\"}]},{\"@type\":\"WebSite\",\"@id\":\"https:\/\/fadia.info\/#website\",\"url\":\"https:\/\/fadia.info\/\",\"name\":\"Fadia\",\"description\":\"\",\"publisher\":{\"@id\":\"https:\/\/fadia.info\/#organization\"},\"alternateName\":\"Federaci\u00f3n de Asociaciones de Instaladores de Andaluc\u00eda\",\"potentialAction\":[{\"@type\":\"SearchAction\",\"target\":{\"@type\":\"EntryPoint\",\"urlTemplate\":\"https:\/\/fadia.info\/?s={search_term_string}\"},\"query-input\":{\"@type\":\"PropertyValueSpecification\",\"valueRequired\":true,\"valueName\":\"search_term_string\"}}],\"inLanguage\":\"es\"},{\"@type\":\"Organization\",\"@id\":\"https:\/\/fadia.info\/#organization\",\"name\":\"Federaci\u00f3n de Asociaciones de Instaladores de Andaluc\u00eda\",\"alternateName\":\"FADIA\",\"url\":\"https:\/\/fadia.info\/\",\"logo\":{\"@type\":\"ImageObject\",\"inLanguage\":\"es\",\"@id\":\"https:\/\/fadia.info\/#\/schema\/logo\/image\/\",\"url\":\"https:\/\/fadia.info\/wp-content\/uploads\/2023\/11\/logo_fadia.png\",\"contentUrl\":\"https:\/\/fadia.info\/wp-content\/uploads\/2023\/11\/logo_fadia.png\",\"width\":619,\"height\":265,\"caption\":\"Federaci\u00f3n de Asociaciones de Instaladores de Andaluc\u00eda\"},\"image\":{\"@id\":\"https:\/\/fadia.info\/#\/schema\/logo\/image\/\"}},{\"@type\":\"Person\",\"@id\":\"https:\/\/fadia.info\/#\/schema\/person\/cdaf7b8ba0a834795f1121971cfaab26\",\"name\":\"Miguel\",\"image\":{\"@type\":\"ImageObject\",\"inLanguage\":\"es\",\"@id\":\"https:\/\/fadia.info\/#\/schema\/person\/image\/\",\"url\":\"https:\/\/secure.gravatar.com\/avatar\/7f4e60b1e9fe9c37d925854cb71b1cb76e7cee4d38db28d6f7e8677375de1b8e?s=96&d=mm&r=g\",\"contentUrl\":\"https:\/\/secure.gravatar.com\/avatar\/7f4e60b1e9fe9c37d925854cb71b1cb76e7cee4d38db28d6f7e8677375de1b8e?s=96&d=mm&r=g\",\"caption\":\"Miguel\"},\"url\":\"https:\/\/fadia.info\/index.php\/author\/miguel\/\"}]}<\/script>\n<!-- \/ Yoast SEO plugin. -->","yoast_head_json":{"title":"ECOTIC refuerza su compromiso con la sostenibilidad y la econom\u00eda circular en FADIA-26, el Congreso y Feria de los Instaladores de Andaluc\u00eda - Fadia","robots":{"index":"index","follow":"follow","max-snippet":"max-snippet:-1","max-image-preview":"max-image-preview:large","max-video-preview":"max-video-preview:-1"},"canonical":"https:\/\/fadia.info\/index.php\/2026\/02\/13\/ecotic-refuerza-su-compromiso-con-la-sostenibilidad-y-la-economia-circular-en-fadia-26-el-congreso-y-feria-de-los-instaladores-de-andalucia\/","og_locale":"es_ES","og_type":"article","og_title":"ECOTIC refuerza su compromiso con la sostenibilidad y la econom\u00eda circular en FADIA-26, el Congreso y Feria de los Instaladores de Andaluc\u00eda - Fadia","og_description":"ECOTIC, entidad dedicada a la gesti\u00f3n sostenible de residuos y la promoci\u00f3n de la econom\u00eda circular, anuncia su participaci\u00f3n en FADIA-26, la segunda edici\u00f3n del Congreso y Feria de los [&hellip;]","og_url":"https:\/\/fadia.info\/index.php\/2026\/02\/13\/ecotic-refuerza-su-compromiso-con-la-sostenibilidad-y-la-economia-circular-en-fadia-26-el-congreso-y-feria-de-los-instaladores-de-andalucia\/","og_site_name":"Fadia","article_published_time":"2026-02-13T17:23:11+00:00","article_modified_time":"2026-02-13T17:23:20+00:00","og_image":[{"width":1920,"height":1080,"url":"https:\/\/fadia.info\/wp-content\/uploads\/2026\/02\/fadia_ecotic.png","type":"image\/png"}],"author":"Miguel","twitter_card":"summary_large_image","twitter_misc":{"Escrito por":"Miguel","Tiempo de lectura":"3 minutos"},"schema":{"@context":"https:\/\/schema.org","@graph":[{"@type":"Article","@id":"https:\/\/fadia.info\/index.php\/2026\/02\/13\/ecotic-refuerza-su-compromiso-con-la-sostenibilidad-y-la-economia-circular-en-fadia-26-el-congreso-y-feria-de-los-instaladores-de-andalucia\/#article","isPartOf":{"@id":"https:\/\/fadia.info\/index.php\/2026\/02\/13\/ecotic-refuerza-su-compromiso-con-la-sostenibilidad-y-la-economia-circular-en-fadia-26-el-congreso-y-feria-de-los-instaladores-de-andalucia\/"},"author":{"name":"Miguel","@id":"https:\/\/fadia.info\/#\/schema\/person\/cdaf7b8ba0a834795f1121971cfaab26"},"headline":"ECOTIC refuerza su compromiso con la sostenibilidad y la econom\u00eda circular en FADIA-26, el Congreso y Feria de los Instaladores de Andaluc\u00eda","datePublished":"2026-02-13T17:23:11+00:00","dateModified":"2026-02-13T17:23:20+00:00","mainEntityOfPage":{"@id":"https:\/\/fadia.info\/index.php\/2026\/02\/13\/ecotic-refuerza-su-compromiso-con-la-sostenibilidad-y-la-economia-circular-en-fadia-26-el-congreso-y-feria-de-los-instaladores-de-andalucia\/"},"wordCount":413,"commentCount":0,"publisher":{"@id":"https:\/\/fadia.info\/#organization"},"image":{"@id":"https:\/\/fadia.info\/index.php\/2026\/02\/13\/ecotic-refuerza-su-compromiso-con-la-sostenibilidad-y-la-economia-circular-en-fadia-26-el-congreso-y-feria-de-los-instaladores-de-andalucia\/#primaryimage"},"thumbnailUrl":"https:\/\/fadia.info\/wp-content\/uploads\/2026\/02\/fadia_ecotic.png","keywords":["congreso fadia","ecotic","FADIA","INSTALADORES"],"articleSection":["Uncategorized"],"inLanguage":"es","potentialAction":[{"@type":"CommentAction","name":"Comment","target":["https:\/\/fadia.info\/index.php\/2026\/02\/13\/ecotic-refuerza-su-compromiso-con-la-sostenibilidad-y-la-economia-circular-en-fadia-26-el-congreso-y-feria-de-los-instaladores-de-andalucia\/#respond"]}]},{"@type":"WebPage","@id":"https:\/\/fadia.info\/index.php\/2026\/02\/13\/ecotic-refuerza-su-compromiso-con-la-sostenibilidad-y-la-economia-circular-en-fadia-26-el-congreso-y-feria-de-los-instaladores-de-andalucia\/","url":"https:\/\/fadia.info\/index.php\/2026\/02\/13\/ecotic-refuerza-su-compromiso-con-la-sostenibilidad-y-la-economia-circular-en-fadia-26-el-congreso-y-feria-de-los-instaladores-de-andalucia\/","name":"ECOTIC refuerza su compromiso con la sostenibilidad y la econom\u00eda circular en FADIA-26, el Congreso y Feria de los Instaladores de Andaluc\u00eda - Fadia","isPartOf":{"@id":"https:\/\/fadia.info\/#website"},"primaryImageOfPage":{"@id":"https:\/\/fadia.info\/index.php\/2026\/02\/13\/ecotic-refuerza-su-compromiso-con-la-sostenibilidad-y-la-economia-circular-en-fadia-26-el-congreso-y-feria-de-los-instaladores-de-andalucia\/#primaryimage"},"image":{"@id":"https:\/\/fadia.info\/index.php\/2026\/02\/13\/ecotic-refuerza-su-compromiso-con-la-sostenibilidad-y-la-economia-circular-en-fadia-26-el-congreso-y-feria-de-los-instaladores-de-andalucia\/#primaryimage"},"thumbnailUrl":"https:\/\/fadia.info\/wp-content\/uploads\/2026\/02\/fadia_ecotic.png","datePublished":"2026-02-13T17:23:11+00:00","dateModified":"2026-02-13T17:23:20+00:00","breadcrumb":{"@id":"https:\/\/fadia.info\/index.php\/2026\/02\/13\/ecotic-refuerza-su-compromiso-con-la-sostenibilidad-y-la-economia-circular-en-fadia-26-el-congreso-y-feria-de-los-instaladores-de-andalucia\/#breadcrumb"},"inLanguage":"es","potentialAction":[{"@type":"ReadAction","target":["https:\/\/fadia.info\/index.php\/2026\/02\/13\/ecotic-refuerza-su-compromiso-con-la-sostenibilidad-y-la-economia-circular-en-fadia-26-el-congreso-y-feria-de-los-instaladores-de-andalucia\/"]}]},{"@type":"ImageObject","inLanguage":"es","@id":"https:\/\/fadia.info\/index.php\/2026\/02\/13\/ecotic-refuerza-su-compromiso-con-la-sostenibilidad-y-la-economia-circular-en-fadia-26-el-congreso-y-feria-de-los-instaladores-de-andalucia\/#primaryimage","url":"https:\/\/fadia.info\/wp-content\/uploads\/2026\/02\/fadia_ecotic.png","contentUrl":"https:\/\/fadia.info\/wp-content\/uploads\/2026\/02\/fadia_ecotic.png","width":1920,"height":1080},{"@type":"BreadcrumbList","@id":"https:\/\/fadia.info\/index.php\/2026\/02\/13\/ecotic-refuerza-su-compromiso-con-la-sostenibilidad-y-la-economia-circular-en-fadia-26-el-congreso-y-feria-de-los-instaladores-de-andalucia\/#breadcrumb","itemListElement":[{"@type":"ListItem","position":1,"name":"Portada","item":"https:\/\/fadia.info\/"},{"@type":"ListItem","position":2,"name":"ECOTIC refuerza su compromiso con la sostenibilidad y la econom\u00eda circular en FADIA-26, el Congreso y Feria de los Instaladores de Andaluc\u00eda"}]},{"@type":"WebSite","@id":"https:\/\/fadia.info\/#website","url":"https:\/\/fadia.info\/","name":"Fadia","description":"","publisher":{"@id":"https:\/\/fadia.info\/#organization"},"alternateName":"Federaci\u00f3n de Asociaciones de Instaladores de Andaluc\u00eda","potentialAction":[{"@type":"SearchAction","target":{"@type":"EntryPoint","urlTemplate":"https:\/\/fadia.info\/?s={search_term_string}"},"query-input":{"@type":"PropertyValueSpecification","valueRequired":true,"valueName":"search_term_string"}}],"inLanguage":"es"},{"@type":"Organization","@id":"https:\/\/fadia.info\/#organization","name":"Federaci\u00f3n de Asociaciones de Instaladores de Andaluc\u00eda","alternateName":"FADIA","url":"https:\/\/fadia.info\/","logo":{"@type":"ImageObject","inLanguage":"es","@id":"https:\/\/fadia.info\/#\/schema\/logo\/image\/","url":"https:\/\/fadia.info\/wp-content\/uploads\/2023\/11\/logo_fadia.png","contentUrl":"https:\/\/fadia.info\/wp-content\/uploads\/2023\/11\/logo_fadia.png","width":619,"height":265,"caption":"Federaci\u00f3n de Asociaciones de Instaladores de Andaluc\u00eda"},"image":{"@id":"https:\/\/fadia.info\/#\/schema\/logo\/image\/"}},{"@type":"Person","@id":"https:\/\/fadia.info\/#\/schema\/person\/cdaf7b8ba0a834795f1121971cfaab26","name":"Miguel","image":{"@type":"ImageObject","inLanguage":"es","@id":"https:\/\/fadia.info\/#\/schema\/person\/image\/","url":"https:\/\/secure.gravatar.com\/avatar\/7f4e60b1e9fe9c37d925854cb71b1cb76e7cee4d38db28d6f7e8677375de1b8e?s=96&d=mm&r=g","contentUrl":"https:\/\/secure.gravatar.com\/avatar\/7f4e60b1e9fe9c37d925854cb71b1cb76e7cee4d38db28d6f7e8677375de1b8e?s=96&d=mm&r=g","caption":"Miguel"},"url":"https:\/\/fadia.info\/index.php\/author\/miguel\/"}]}},"_links":{"self":[{"href":"https:\/\/fadia.info\/index.php\/wp-json\/wp\/v2\/posts\/6778","targetHints":{"allow":["GET"]}}],"collection":[{"href":"https:\/\/fadia.info\/index.php\/wp-json\/wp\/v2\/posts"}],"about":[{"href":"https:\/\/fadia.info\/index.php\/wp-json\/wp\/v2\/types\/post"}],"author":[{"embeddable":true,"href":"https:\/\/fadia.info\/index.php\/wp-json\/wp\/v2\/users\/3"}],"replies":[{"embeddable":true,"href":"https:\/\/fadia.info\/index.php\/wp-json\/wp\/v2\/comments?post=6778"}],"version-history":[{"count":1,"href":"https:\/\/fadia.info\/index.php\/wp-json\/wp\/v2\/posts\/6778\/revisions"}],"predecessor-version":[{"id":6780,"href":"https:\/\/fadia.info\/index.php\/wp-json\/wp\/v2\/posts\/6778\/revisions\/6780"}],"wp:featuredmedia":[{"embeddable":true,"href":"https:\/\/fadia.info\/index.php\/wp-json\/wp\/v2\/media\/6779"}],"wp:attachment":[{"href":"https:\/\/fadia.info\/index.php\/wp-json\/wp\/v2\/media?parent=6778"}],"wp:term":[{"taxonomy":"category","embeddable":true,"href":"https:\/\/fadia.info\/index.php\/wp-json\/wp\/v2\/categories?post=6778"},{"taxonomy":"post_tag","embeddable":true,"href":"https:\/\/fadia.info\/index.php\/wp-json\/wp\/v2\/tags?post=6778"}],"curies":[{"name":"wp","href":"https:\/\/api.w.org\/{rel}","templated":true}]}}