{"id":6773,"date":"2026-02-05T12:21:55","date_gmt":"2026-02-05T12:21:55","guid":{"rendered":"https:\/\/fadia.info\/?p=6773"},"modified":"2026-02-05T12:47:07","modified_gmt":"2026-02-05T12:47:07","slug":"svelt-estara-presente-en-fadia-2026-con-soluciones-seguras-para-trabajos-en-altura","status":"publish","type":"post","link":"https:\/\/fadia.info\/index.php\/2026\/02\/05\/svelt-estara-presente-en-fadia-2026-con-soluciones-seguras-para-trabajos-en-altura\/","title":{"rendered":"Svelt estar\u00e1 presente en FADIA 2026 con soluciones seguras para trabajos en altura"},"content":{"rendered":"\n<p>En <a href=\"https:\/\/www.svelt.it\/es\"><strong>Svelt<\/strong> <\/a>reafirman su compromiso con el sector profesional participando en <strong>FADIA 2026<\/strong>, la feria de referencia para los instaladores, que se celebrar\u00e1 los d\u00edas <strong>18 y 19 de marzo de 2026<\/strong> en el <strong>Palacio de Congresos de Sevilla \u2013 FIBES<\/strong>.<\/p>\n\n\n\n<!--more-->\n\n\n\n<figure class=\"wp-block-image size-large\"><img loading=\"lazy\" decoding=\"async\" width=\"768\" height=\"1024\" src=\"https:\/\/fadia.info\/wp-content\/uploads\/2026\/02\/Moby-fibra-01-1-768x1024.png\" alt=\"\" class=\"wp-image-6774\"\/><\/figure>\n\n\n\n<p>En esta ocasi\u00f3n, Svelt presentar\u00e1 su <strong>gama de productos deFibra de Vidrio<\/strong>, un material cada vez m\u00e1s solicitado por los instaladores gracias a su <strong>m\u00e1xima seguridad, aislamiento el\u00e9ctrico y alta resistencia<\/strong>, especialmente indicado para trabajos en entornos exigentes. Entre ellos, destacan algunas de las escaleras <strong>de fibra de vidrio como la Conquest, MOBY FIBRA y FIBRASAFE<\/strong>, dise\u00f1adas para ofrecer estabilidad, durabilidad y confianza en trabajos en altura.<\/p>\n\n\n\n<p>Adem\u00e1s, los visitantes que se acerquen al stand de la Compa\u00f1\u00eda, podr\u00e1n conocer de primera mano sus <strong>soluciones en aluminio<\/strong>, tanto en escaleras como en andamios. Productos reconocidos por su <strong>versatilidad, robustez y fiabilidad<\/strong>, como el <strong>andamio Roller<\/strong> y las <strong>escaleras como la ESCALISIMA, TELEFLY, REGINA y MAREA MAXI<\/strong>. pensados para facilitar el trabajo diario y mejorar la eficiencia y seguridad en el entorno profesional.<\/p>\n\n\n\n<p>Como novedad destacada en esta edici\u00f3n, en el stand de Svelt se realizar\u00e1n <strong>demostraciones en vivo<\/strong> donde se mostrar\u00e1:<\/p>\n\n\n\n<ul class=\"wp-block-list\">\n<li>El <strong>uso correcto de la l\u00ednea de vida en escaleras port\u00e1tiles<\/strong>.<\/li>\n\n\n\n<li><strong>Procedimientos de rescate en una escalera de mano<\/strong>, enfocados a la prevenci\u00f3n y actuaci\u00f3n segura ante situaciones de riesgo.<\/li>\n<\/ul>\n\n\n\n<p>Estas demostraciones est\u00e1n orientadas a reforzar la <strong>formaci\u00f3n pr\u00e1ctica<\/strong> y concienciar sobre la importancia de trabajar en altura de manera segura y conforme a la normativa.<\/p>\n\n\n\n<p>El objetivo de Svelt en <strong>FADIA 2026<\/strong> es claro: <strong>escuchar a los instaladores<\/strong>, mostrar <strong>soluciones pr\u00e1cticas<\/strong>, compartir su experiencia y seguir desarrollando <strong>productos seguros, fiables y adaptados al trabajo en altura<\/strong>.<\/p>\n\n\n\n<p>Desde Svelt esperan a los instaladores en <strong>FADIA 2026<\/strong> para que se pueda conocer de primera mano las soluciones y descubrir c\u00f3mo se sigue evolucionando para acompa\u00f1ar al profesional en cada proyecto en altura.<\/p>\n\n\n\n<p><strong><em>Stand ST75 \u2013 \u00a1Vis\u00edtanos!<\/em><\/strong><em><\/em><\/p>\n","protected":false},"excerpt":{"rendered":"<p>En Svelt reafirman su compromiso con el sector profesional participando en FADIA 2026, la feria de referencia para los instaladores, que se celebrar\u00e1 los d\u00edas 18 y 19 de marzo [&hellip;]<\/p>\n","protected":false},"author":3,"featured_media":6774,"comment_status":"open","ping_status":"open","sticky":false,"template":"","format":"standard","meta":{"_et_pb_use_builder":"off","_et_pb_old_content":"","_et_gb_content_width":"","_monsterinsights_skip_tracking":false,"_monsterinsights_sitenote_active":false,"_monsterinsights_sitenote_note":"","_monsterinsights_sitenote_category":0,"footnotes":""},"categories":[4],"tags":[40,14,15],"class_list":["post-6773","post","type-post","status-publish","format-standard","has-post-thumbnail","hentry","category-fadia","tag-congreso-fadia","tag-fadia","tag-instaladores"],"yoast_head":"<!-- This site is optimized with the Yoast SEO plugin v24.2 - https:\/\/yoast.com\/wordpress\/plugins\/seo\/ -->\n<title>Svelt estar\u00e1 presente en FADIA 2026 con soluciones seguras para trabajos en altura - Fadia<\/title>\n<meta name=\"robots\" content=\"index, follow, max-snippet:-1, max-image-preview:large, max-video-preview:-1\" \/>\n<link rel=\"canonical\" href=\"https:\/\/fadia.info\/index.php\/2026\/02\/05\/svelt-estara-presente-en-fadia-2026-con-soluciones-seguras-para-trabajos-en-altura\/\" \/>\n<meta property=\"og:locale\" content=\"es_ES\" \/>\n<meta property=\"og:type\" content=\"article\" \/>\n<meta property=\"og:title\" content=\"Svelt estar\u00e1 presente en FADIA 2026 con soluciones seguras para trabajos en altura - Fadia\" \/>\n<meta property=\"og:description\" content=\"En Svelt reafirman su compromiso con el sector profesional participando en FADIA 2026, la feria de referencia para los instaladores, que se celebrar\u00e1 los d\u00edas 18 y 19 de marzo [&hellip;]\" \/>\n<meta property=\"og:url\" content=\"https:\/\/fadia.info\/index.php\/2026\/02\/05\/svelt-estara-presente-en-fadia-2026-con-soluciones-seguras-para-trabajos-en-altura\/\" \/>\n<meta property=\"og:site_name\" content=\"Fadia\" \/>\n<meta property=\"article:published_time\" content=\"2026-02-05T12:21:55+00:00\" \/>\n<meta property=\"article:modified_time\" content=\"2026-02-05T12:47:07+00:00\" \/>\n<meta property=\"og:image\" content=\"https:\/\/fadia.info\/wp-content\/uploads\/2026\/02\/Moby-fibra-01-1-scaled.png\" \/>\n\t<meta property=\"og:image:width\" content=\"1920\" \/>\n\t<meta property=\"og:image:height\" content=\"2560\" \/>\n\t<meta property=\"og:image:type\" content=\"image\/png\" \/>\n<meta name=\"author\" content=\"Miguel\" \/>\n<meta name=\"twitter:card\" content=\"summary_large_image\" \/>\n<meta name=\"twitter:label1\" content=\"Escrito por\" \/>\n\t<meta name=\"twitter:data1\" content=\"Miguel\" \/>\n\t<meta name=\"twitter:label2\" content=\"Tiempo de lectura\" \/>\n\t<meta name=\"twitter:data2\" content=\"2 minutos\" \/>\n<script type=\"application\/ld+json\" class=\"yoast-schema-graph\">{\"@context\":\"https:\/\/schema.org\",\"@graph\":[{\"@type\":\"Article\",\"@id\":\"https:\/\/fadia.info\/index.php\/2026\/02\/05\/svelt-estara-presente-en-fadia-2026-con-soluciones-seguras-para-trabajos-en-altura\/#article\",\"isPartOf\":{\"@id\":\"https:\/\/fadia.info\/index.php\/2026\/02\/05\/svelt-estara-presente-en-fadia-2026-con-soluciones-seguras-para-trabajos-en-altura\/\"},\"author\":{\"name\":\"Miguel\",\"@id\":\"https:\/\/fadia.info\/#\/schema\/person\/cdaf7b8ba0a834795f1121971cfaab26\"},\"headline\":\"Svelt estar\u00e1 presente en FADIA 2026 con soluciones seguras para trabajos en altura\",\"datePublished\":\"2026-02-05T12:21:55+00:00\",\"dateModified\":\"2026-02-05T12:47:07+00:00\",\"mainEntityOfPage\":{\"@id\":\"https:\/\/fadia.info\/index.php\/2026\/02\/05\/svelt-estara-presente-en-fadia-2026-con-soluciones-seguras-para-trabajos-en-altura\/\"},\"wordCount\":343,\"commentCount\":0,\"publisher\":{\"@id\":\"https:\/\/fadia.info\/#organization\"},\"image\":{\"@id\":\"https:\/\/fadia.info\/index.php\/2026\/02\/05\/svelt-estara-presente-en-fadia-2026-con-soluciones-seguras-para-trabajos-en-altura\/#primaryimage\"},\"thumbnailUrl\":\"https:\/\/fadia.info\/wp-content\/uploads\/2026\/02\/Moby-fibra-01-1-scaled.png\",\"keywords\":[\"congreso fadia\",\"FADIA\",\"INSTALADORES\"],\"articleSection\":[\"FADIA\"],\"inLanguage\":\"es\",\"potentialAction\":[{\"@type\":\"CommentAction\",\"name\":\"Comment\",\"target\":[\"https:\/\/fadia.info\/index.php\/2026\/02\/05\/svelt-estara-presente-en-fadia-2026-con-soluciones-seguras-para-trabajos-en-altura\/#respond\"]}]},{\"@type\":\"WebPage\",\"@id\":\"https:\/\/fadia.info\/index.php\/2026\/02\/05\/svelt-estara-presente-en-fadia-2026-con-soluciones-seguras-para-trabajos-en-altura\/\",\"url\":\"https:\/\/fadia.info\/index.php\/2026\/02\/05\/svelt-estara-presente-en-fadia-2026-con-soluciones-seguras-para-trabajos-en-altura\/\",\"name\":\"Svelt estar\u00e1 presente en FADIA 2026 con soluciones seguras para trabajos en altura - Fadia\",\"isPartOf\":{\"@id\":\"https:\/\/fadia.info\/#website\"},\"primaryImageOfPage\":{\"@id\":\"https:\/\/fadia.info\/index.php\/2026\/02\/05\/svelt-estara-presente-en-fadia-2026-con-soluciones-seguras-para-trabajos-en-altura\/#primaryimage\"},\"image\":{\"@id\":\"https:\/\/fadia.info\/index.php\/2026\/02\/05\/svelt-estara-presente-en-fadia-2026-con-soluciones-seguras-para-trabajos-en-altura\/#primaryimage\"},\"thumbnailUrl\":\"https:\/\/fadia.info\/wp-content\/uploads\/2026\/02\/Moby-fibra-01-1-scaled.png\",\"datePublished\":\"2026-02-05T12:21:55+00:00\",\"dateModified\":\"2026-02-05T12:47:07+00:00\",\"breadcrumb\":{\"@id\":\"https:\/\/fadia.info\/index.php\/2026\/02\/05\/svelt-estara-presente-en-fadia-2026-con-soluciones-seguras-para-trabajos-en-altura\/#breadcrumb\"},\"inLanguage\":\"es\",\"potentialAction\":[{\"@type\":\"ReadAction\",\"target\":[\"https:\/\/fadia.info\/index.php\/2026\/02\/05\/svelt-estara-presente-en-fadia-2026-con-soluciones-seguras-para-trabajos-en-altura\/\"]}]},{\"@type\":\"ImageObject\",\"inLanguage\":\"es\",\"@id\":\"https:\/\/fadia.info\/index.php\/2026\/02\/05\/svelt-estara-presente-en-fadia-2026-con-soluciones-seguras-para-trabajos-en-altura\/#primaryimage\",\"url\":\"https:\/\/fadia.info\/wp-content\/uploads\/2026\/02\/Moby-fibra-01-1-scaled.png\",\"contentUrl\":\"https:\/\/fadia.info\/wp-content\/uploads\/2026\/02\/Moby-fibra-01-1-scaled.png\",\"width\":1920,\"height\":2560},{\"@type\":\"BreadcrumbList\",\"@id\":\"https:\/\/fadia.info\/index.php\/2026\/02\/05\/svelt-estara-presente-en-fadia-2026-con-soluciones-seguras-para-trabajos-en-altura\/#breadcrumb\",\"itemListElement\":[{\"@type\":\"ListItem\",\"position\":1,\"name\":\"Portada\",\"item\":\"https:\/\/fadia.info\/\"},{\"@type\":\"ListItem\",\"position\":2,\"name\":\"Svelt estar\u00e1 presente en FADIA 2026 con soluciones seguras para trabajos en altura\"}]},{\"@type\":\"WebSite\",\"@id\":\"https:\/\/fadia.info\/#website\",\"url\":\"https:\/\/fadia.info\/\",\"name\":\"Fadia\",\"description\":\"\",\"publisher\":{\"@id\":\"https:\/\/fadia.info\/#organization\"},\"alternateName\":\"Federaci\u00f3n de Asociaciones de Instaladores de Andaluc\u00eda\",\"potentialAction\":[{\"@type\":\"SearchAction\",\"target\":{\"@type\":\"EntryPoint\",\"urlTemplate\":\"https:\/\/fadia.info\/?s={search_term_string}\"},\"query-input\":{\"@type\":\"PropertyValueSpecification\",\"valueRequired\":true,\"valueName\":\"search_term_string\"}}],\"inLanguage\":\"es\"},{\"@type\":\"Organization\",\"@id\":\"https:\/\/fadia.info\/#organization\",\"name\":\"Federaci\u00f3n de Asociaciones de Instaladores de Andaluc\u00eda\",\"alternateName\":\"FADIA\",\"url\":\"https:\/\/fadia.info\/\",\"logo\":{\"@type\":\"ImageObject\",\"inLanguage\":\"es\",\"@id\":\"https:\/\/fadia.info\/#\/schema\/logo\/image\/\",\"url\":\"https:\/\/fadia.info\/wp-content\/uploads\/2023\/11\/logo_fadia.png\",\"contentUrl\":\"https:\/\/fadia.info\/wp-content\/uploads\/2023\/11\/logo_fadia.png\",\"width\":619,\"height\":265,\"caption\":\"Federaci\u00f3n de Asociaciones de Instaladores de Andaluc\u00eda\"},\"image\":{\"@id\":\"https:\/\/fadia.info\/#\/schema\/logo\/image\/\"}},{\"@type\":\"Person\",\"@id\":\"https:\/\/fadia.info\/#\/schema\/person\/cdaf7b8ba0a834795f1121971cfaab26\",\"name\":\"Miguel\",\"image\":{\"@type\":\"ImageObject\",\"inLanguage\":\"es\",\"@id\":\"https:\/\/fadia.info\/#\/schema\/person\/image\/\",\"url\":\"https:\/\/secure.gravatar.com\/avatar\/7f4e60b1e9fe9c37d925854cb71b1cb76e7cee4d38db28d6f7e8677375de1b8e?s=96&d=mm&r=g\",\"contentUrl\":\"https:\/\/secure.gravatar.com\/avatar\/7f4e60b1e9fe9c37d925854cb71b1cb76e7cee4d38db28d6f7e8677375de1b8e?s=96&d=mm&r=g\",\"caption\":\"Miguel\"},\"url\":\"https:\/\/fadia.info\/index.php\/author\/miguel\/\"}]}<\/script>\n<!-- \/ Yoast SEO plugin. -->","yoast_head_json":{"title":"Svelt estar\u00e1 presente en FADIA 2026 con soluciones seguras para trabajos en altura - Fadia","robots":{"index":"index","follow":"follow","max-snippet":"max-snippet:-1","max-image-preview":"max-image-preview:large","max-video-preview":"max-video-preview:-1"},"canonical":"https:\/\/fadia.info\/index.php\/2026\/02\/05\/svelt-estara-presente-en-fadia-2026-con-soluciones-seguras-para-trabajos-en-altura\/","og_locale":"es_ES","og_type":"article","og_title":"Svelt estar\u00e1 presente en FADIA 2026 con soluciones seguras para trabajos en altura - Fadia","og_description":"En Svelt reafirman su compromiso con el sector profesional participando en FADIA 2026, la feria de referencia para los instaladores, que se celebrar\u00e1 los d\u00edas 18 y 19 de marzo [&hellip;]","og_url":"https:\/\/fadia.info\/index.php\/2026\/02\/05\/svelt-estara-presente-en-fadia-2026-con-soluciones-seguras-para-trabajos-en-altura\/","og_site_name":"Fadia","article_published_time":"2026-02-05T12:21:55+00:00","article_modified_time":"2026-02-05T12:47:07+00:00","og_image":[{"width":1920,"height":2560,"url":"https:\/\/fadia.info\/wp-content\/uploads\/2026\/02\/Moby-fibra-01-1-scaled.png","type":"image\/png"}],"author":"Miguel","twitter_card":"summary_large_image","twitter_misc":{"Escrito por":"Miguel","Tiempo de lectura":"2 minutos"},"schema":{"@context":"https:\/\/schema.org","@graph":[{"@type":"Article","@id":"https:\/\/fadia.info\/index.php\/2026\/02\/05\/svelt-estara-presente-en-fadia-2026-con-soluciones-seguras-para-trabajos-en-altura\/#article","isPartOf":{"@id":"https:\/\/fadia.info\/index.php\/2026\/02\/05\/svelt-estara-presente-en-fadia-2026-con-soluciones-seguras-para-trabajos-en-altura\/"},"author":{"name":"Miguel","@id":"https:\/\/fadia.info\/#\/schema\/person\/cdaf7b8ba0a834795f1121971cfaab26"},"headline":"Svelt estar\u00e1 presente en FADIA 2026 con soluciones seguras para trabajos en altura","datePublished":"2026-02-05T12:21:55+00:00","dateModified":"2026-02-05T12:47:07+00:00","mainEntityOfPage":{"@id":"https:\/\/fadia.info\/index.php\/2026\/02\/05\/svelt-estara-presente-en-fadia-2026-con-soluciones-seguras-para-trabajos-en-altura\/"},"wordCount":343,"commentCount":0,"publisher":{"@id":"https:\/\/fadia.info\/#organization"},"image":{"@id":"https:\/\/fadia.info\/index.php\/2026\/02\/05\/svelt-estara-presente-en-fadia-2026-con-soluciones-seguras-para-trabajos-en-altura\/#primaryimage"},"thumbnailUrl":"https:\/\/fadia.info\/wp-content\/uploads\/2026\/02\/Moby-fibra-01-1-scaled.png","keywords":["congreso fadia","FADIA","INSTALADORES"],"articleSection":["FADIA"],"inLanguage":"es","potentialAction":[{"@type":"CommentAction","name":"Comment","target":["https:\/\/fadia.info\/index.php\/2026\/02\/05\/svelt-estara-presente-en-fadia-2026-con-soluciones-seguras-para-trabajos-en-altura\/#respond"]}]},{"@type":"WebPage","@id":"https:\/\/fadia.info\/index.php\/2026\/02\/05\/svelt-estara-presente-en-fadia-2026-con-soluciones-seguras-para-trabajos-en-altura\/","url":"https:\/\/fadia.info\/index.php\/2026\/02\/05\/svelt-estara-presente-en-fadia-2026-con-soluciones-seguras-para-trabajos-en-altura\/","name":"Svelt estar\u00e1 presente en FADIA 2026 con soluciones seguras para trabajos en altura - Fadia","isPartOf":{"@id":"https:\/\/fadia.info\/#website"},"primaryImageOfPage":{"@id":"https:\/\/fadia.info\/index.php\/2026\/02\/05\/svelt-estara-presente-en-fadia-2026-con-soluciones-seguras-para-trabajos-en-altura\/#primaryimage"},"image":{"@id":"https:\/\/fadia.info\/index.php\/2026\/02\/05\/svelt-estara-presente-en-fadia-2026-con-soluciones-seguras-para-trabajos-en-altura\/#primaryimage"},"thumbnailUrl":"https:\/\/fadia.info\/wp-content\/uploads\/2026\/02\/Moby-fibra-01-1-scaled.png","datePublished":"2026-02-05T12:21:55+00:00","dateModified":"2026-02-05T12:47:07+00:00","breadcrumb":{"@id":"https:\/\/fadia.info\/index.php\/2026\/02\/05\/svelt-estara-presente-en-fadia-2026-con-soluciones-seguras-para-trabajos-en-altura\/#breadcrumb"},"inLanguage":"es","potentialAction":[{"@type":"ReadAction","target":["https:\/\/fadia.info\/index.php\/2026\/02\/05\/svelt-estara-presente-en-fadia-2026-con-soluciones-seguras-para-trabajos-en-altura\/"]}]},{"@type":"ImageObject","inLanguage":"es","@id":"https:\/\/fadia.info\/index.php\/2026\/02\/05\/svelt-estara-presente-en-fadia-2026-con-soluciones-seguras-para-trabajos-en-altura\/#primaryimage","url":"https:\/\/fadia.info\/wp-content\/uploads\/2026\/02\/Moby-fibra-01-1-scaled.png","contentUrl":"https:\/\/fadia.info\/wp-content\/uploads\/2026\/02\/Moby-fibra-01-1-scaled.png","width":1920,"height":2560},{"@type":"BreadcrumbList","@id":"https:\/\/fadia.info\/index.php\/2026\/02\/05\/svelt-estara-presente-en-fadia-2026-con-soluciones-seguras-para-trabajos-en-altura\/#breadcrumb","itemListElement":[{"@type":"ListItem","position":1,"name":"Portada","item":"https:\/\/fadia.info\/"},{"@type":"ListItem","position":2,"name":"Svelt estar\u00e1 presente en FADIA 2026 con soluciones seguras para trabajos en altura"}]},{"@type":"WebSite","@id":"https:\/\/fadia.info\/#website","url":"https:\/\/fadia.info\/","name":"Fadia","description":"","publisher":{"@id":"https:\/\/fadia.info\/#organization"},"alternateName":"Federaci\u00f3n de Asociaciones de Instaladores de Andaluc\u00eda","potentialAction":[{"@type":"SearchAction","target":{"@type":"EntryPoint","urlTemplate":"https:\/\/fadia.info\/?s={search_term_string}"},"query-input":{"@type":"PropertyValueSpecification","valueRequired":true,"valueName":"search_term_string"}}],"inLanguage":"es"},{"@type":"Organization","@id":"https:\/\/fadia.info\/#organization","name":"Federaci\u00f3n de Asociaciones de Instaladores de Andaluc\u00eda","alternateName":"FADIA","url":"https:\/\/fadia.info\/","logo":{"@type":"ImageObject","inLanguage":"es","@id":"https:\/\/fadia.info\/#\/schema\/logo\/image\/","url":"https:\/\/fadia.info\/wp-content\/uploads\/2023\/11\/logo_fadia.png","contentUrl":"https:\/\/fadia.info\/wp-content\/uploads\/2023\/11\/logo_fadia.png","width":619,"height":265,"caption":"Federaci\u00f3n de Asociaciones de Instaladores de Andaluc\u00eda"},"image":{"@id":"https:\/\/fadia.info\/#\/schema\/logo\/image\/"}},{"@type":"Person","@id":"https:\/\/fadia.info\/#\/schema\/person\/cdaf7b8ba0a834795f1121971cfaab26","name":"Miguel","image":{"@type":"ImageObject","inLanguage":"es","@id":"https:\/\/fadia.info\/#\/schema\/person\/image\/","url":"https:\/\/secure.gravatar.com\/avatar\/7f4e60b1e9fe9c37d925854cb71b1cb76e7cee4d38db28d6f7e8677375de1b8e?s=96&d=mm&r=g","contentUrl":"https:\/\/secure.gravatar.com\/avatar\/7f4e60b1e9fe9c37d925854cb71b1cb76e7cee4d38db28d6f7e8677375de1b8e?s=96&d=mm&r=g","caption":"Miguel"},"url":"https:\/\/fadia.info\/index.php\/author\/miguel\/"}]}},"_links":{"self":[{"href":"https:\/\/fadia.info\/index.php\/wp-json\/wp\/v2\/posts\/6773","targetHints":{"allow":["GET"]}}],"collection":[{"href":"https:\/\/fadia.info\/index.php\/wp-json\/wp\/v2\/posts"}],"about":[{"href":"https:\/\/fadia.info\/index.php\/wp-json\/wp\/v2\/types\/post"}],"author":[{"embeddable":true,"href":"https:\/\/fadia.info\/index.php\/wp-json\/wp\/v2\/users\/3"}],"replies":[{"embeddable":true,"href":"https:\/\/fadia.info\/index.php\/wp-json\/wp\/v2\/comments?post=6773"}],"version-history":[{"count":2,"href":"https:\/\/fadia.info\/index.php\/wp-json\/wp\/v2\/posts\/6773\/revisions"}],"predecessor-version":[{"id":6776,"href":"https:\/\/fadia.info\/index.php\/wp-json\/wp\/v2\/posts\/6773\/revisions\/6776"}],"wp:featuredmedia":[{"embeddable":true,"href":"https:\/\/fadia.info\/index.php\/wp-json\/wp\/v2\/media\/6774"}],"wp:attachment":[{"href":"https:\/\/fadia.info\/index.php\/wp-json\/wp\/v2\/media?parent=6773"}],"wp:term":[{"taxonomy":"category","embeddable":true,"href":"https:\/\/fadia.info\/index.php\/wp-json\/wp\/v2\/categories?post=6773"},{"taxonomy":"post_tag","embeddable":true,"href":"https:\/\/fadia.info\/index.php\/wp-json\/wp\/v2\/tags?post=6773"}],"curies":[{"name":"wp","href":"https:\/\/api.w.org\/{rel}","templated":true}]}}