{"id":6753,"date":"2026-01-20T09:07:41","date_gmt":"2026-01-20T09:07:41","guid":{"rendered":"https:\/\/fadia.info\/?p=6753"},"modified":"2026-01-20T09:13:28","modified_gmt":"2026-01-20T09:13:28","slug":"fadia-se-solidariza-con-la-tragedia-de-adamuz","status":"publish","type":"post","link":"https:\/\/fadia.info\/index.php\/2026\/01\/20\/fadia-se-solidariza-con-la-tragedia-de-adamuz\/","title":{"rendered":"Fadia se solidariza con la tragedia de Adamuz\u00a0"},"content":{"rendered":"\n<p>La Federaci\u00f3n de Asociaciones de Instaladores de Andaluc\u00eda (FADIA), en representaci\u00f3n del sector andaluz de los instaladores, expresa su m\u00e1s profundo pesar por el tr\u00e1gico accidente ferroviario ocurrido en la provincia de C\u00f3rdoba.<\/p>\n\n\n\n<!--more-->\n\n\n\n<figure class=\"wp-block-image size-large\"><img loading=\"lazy\" decoding=\"async\" width=\"1024\" height=\"1024\" src=\"https:\/\/fadia.info\/wp-content\/uploads\/2026\/01\/Post-FADIA-Adamuz-1024x1024.png\" alt=\"\" class=\"wp-image-6754\" srcset=\"https:\/\/fadia.info\/wp-content\/uploads\/2026\/01\/Post-FADIA-Adamuz-1024x1024.png 1024w, https:\/\/fadia.info\/wp-content\/uploads\/2026\/01\/Post-FADIA-Adamuz-980x980.png 980w, https:\/\/fadia.info\/wp-content\/uploads\/2026\/01\/Post-FADIA-Adamuz-480x480.png 480w\" sizes=\"auto, (min-width: 0px) and (max-width: 480px) 480px, (min-width: 481px) and (max-width: 980px) 980px, (min-width: 981px) 1024px, 100vw\" \/><\/figure>\n\n\n\n<p>Queremos trasladar nuestras m\u00e1s sinceras condolencias a las familias y seres queridos de las personas fallecidas, as\u00ed como nuestro apoyo y solidaridad a todos los heridos y afectados por este devastador suceso. Compartimos el dolor de<br>estos momentos y acompa\u00f1amos a quienes atraviesan una situaci\u00f3n tan dif\u00edcil.<\/p>\n\n\n\n<p>FADIA desea reconocer de manera especial la ejemplar actuaci\u00f3n del pueblo de Adamuz, cuyos vecinos y vecinas respondieron con una rapidez, humanidad y entrega que honran a toda Andaluc\u00eda. Su ayuda inmediata y su solidaridad<br>espont\u00e1nea han sido fundamentales en las primeras intervenciones.<\/p>\n\n\n\n<p>Asimismo, expresamos nuestro profundo agradecimiento a los servicios de emergencia, fuerzas de seguridad, personal sanitario y voluntariado, cuyo trabajo incansable y profesionalidad han sido esenciales para atender a las v\u00edctimas y controlar la situaci\u00f3n.<\/p>\n\n\n\n<p>Desde FADIA nos ponemos a plena disposici\u00f3n de la administraci\u00f3n competente para colaborar en todo aquello que pueda ser necesario, as\u00ed como de las familias y personas afectadas que pudieran requerir apoyo dentro de nuestras capacidades como sector profesional.<\/p>\n\n\n\n<p>Nuestro pensamiento permanece con todas las v\u00edctimas y con quienes hoy sufren las consecuencias de esta tragedia.<\/p>\n","protected":false},"excerpt":{"rendered":"<p>La Federaci\u00f3n de Asociaciones de Instaladores de Andaluc\u00eda (FADIA), en representaci\u00f3n del sector andaluz de los instaladores, expresa su m\u00e1s profundo pesar por el tr\u00e1gico accidente ferroviario ocurrido en la [&hellip;]<\/p>\n","protected":false},"author":3,"featured_media":6754,"comment_status":"open","ping_status":"open","sticky":false,"template":"","format":"standard","meta":{"_et_pb_use_builder":"off","_et_pb_old_content":"","_et_gb_content_width":"","_monsterinsights_skip_tracking":false,"_monsterinsights_sitenote_active":false,"_monsterinsights_sitenote_note":"","_monsterinsights_sitenote_category":0,"footnotes":""},"categories":[4],"tags":[],"class_list":["post-6753","post","type-post","status-publish","format-standard","has-post-thumbnail","hentry","category-fadia"],"yoast_head":"<!-- This site is optimized with the Yoast SEO plugin v24.2 - https:\/\/yoast.com\/wordpress\/plugins\/seo\/ -->\n<title>Fadia se solidariza con la tragedia de Adamuz\u00a0 - Fadia<\/title>\n<meta name=\"robots\" content=\"index, follow, max-snippet:-1, max-image-preview:large, max-video-preview:-1\" \/>\n<link rel=\"canonical\" href=\"https:\/\/fadia.info\/index.php\/2026\/01\/20\/fadia-se-solidariza-con-la-tragedia-de-adamuz\/\" \/>\n<meta property=\"og:locale\" content=\"es_ES\" \/>\n<meta property=\"og:type\" content=\"article\" \/>\n<meta property=\"og:title\" content=\"Fadia se solidariza con la tragedia de Adamuz\u00a0 - Fadia\" \/>\n<meta property=\"og:description\" content=\"La Federaci\u00f3n de Asociaciones de Instaladores de Andaluc\u00eda (FADIA), en representaci\u00f3n del sector andaluz de los instaladores, expresa su m\u00e1s profundo pesar por el tr\u00e1gico accidente ferroviario ocurrido en la [&hellip;]\" \/>\n<meta property=\"og:url\" content=\"https:\/\/fadia.info\/index.php\/2026\/01\/20\/fadia-se-solidariza-con-la-tragedia-de-adamuz\/\" \/>\n<meta property=\"og:site_name\" content=\"Fadia\" \/>\n<meta property=\"article:published_time\" content=\"2026-01-20T09:07:41+00:00\" \/>\n<meta property=\"article:modified_time\" content=\"2026-01-20T09:13:28+00:00\" \/>\n<meta property=\"og:image\" content=\"https:\/\/fadia.info\/wp-content\/uploads\/2026\/01\/Post-FADIA-Adamuz.png\" \/>\n\t<meta property=\"og:image:width\" content=\"1080\" \/>\n\t<meta property=\"og:image:height\" content=\"1080\" \/>\n\t<meta property=\"og:image:type\" content=\"image\/png\" \/>\n<meta name=\"author\" content=\"Miguel\" \/>\n<meta name=\"twitter:card\" content=\"summary_large_image\" \/>\n<meta name=\"twitter:label1\" content=\"Escrito por\" \/>\n\t<meta name=\"twitter:data1\" content=\"Miguel\" \/>\n\t<meta name=\"twitter:label2\" content=\"Tiempo de lectura\" \/>\n\t<meta name=\"twitter:data2\" content=\"2 minutos\" \/>\n<script type=\"application\/ld+json\" class=\"yoast-schema-graph\">{\"@context\":\"https:\/\/schema.org\",\"@graph\":[{\"@type\":\"Article\",\"@id\":\"https:\/\/fadia.info\/index.php\/2026\/01\/20\/fadia-se-solidariza-con-la-tragedia-de-adamuz\/#article\",\"isPartOf\":{\"@id\":\"https:\/\/fadia.info\/index.php\/2026\/01\/20\/fadia-se-solidariza-con-la-tragedia-de-adamuz\/\"},\"author\":{\"name\":\"Miguel\",\"@id\":\"https:\/\/fadia.info\/#\/schema\/person\/cdaf7b8ba0a834795f1121971cfaab26\"},\"headline\":\"Fadia se solidariza con la tragedia de Adamuz\u00a0\",\"datePublished\":\"2026-01-20T09:07:41+00:00\",\"dateModified\":\"2026-01-20T09:13:28+00:00\",\"mainEntityOfPage\":{\"@id\":\"https:\/\/fadia.info\/index.php\/2026\/01\/20\/fadia-se-solidariza-con-la-tragedia-de-adamuz\/\"},\"wordCount\":237,\"commentCount\":0,\"publisher\":{\"@id\":\"https:\/\/fadia.info\/#organization\"},\"image\":{\"@id\":\"https:\/\/fadia.info\/index.php\/2026\/01\/20\/fadia-se-solidariza-con-la-tragedia-de-adamuz\/#primaryimage\"},\"thumbnailUrl\":\"https:\/\/fadia.info\/wp-content\/uploads\/2026\/01\/Post-FADIA-Adamuz.png\",\"articleSection\":[\"FADIA\"],\"inLanguage\":\"es\",\"potentialAction\":[{\"@type\":\"CommentAction\",\"name\":\"Comment\",\"target\":[\"https:\/\/fadia.info\/index.php\/2026\/01\/20\/fadia-se-solidariza-con-la-tragedia-de-adamuz\/#respond\"]}]},{\"@type\":\"WebPage\",\"@id\":\"https:\/\/fadia.info\/index.php\/2026\/01\/20\/fadia-se-solidariza-con-la-tragedia-de-adamuz\/\",\"url\":\"https:\/\/fadia.info\/index.php\/2026\/01\/20\/fadia-se-solidariza-con-la-tragedia-de-adamuz\/\",\"name\":\"Fadia se solidariza con la tragedia de Adamuz\u00a0 - Fadia\",\"isPartOf\":{\"@id\":\"https:\/\/fadia.info\/#website\"},\"primaryImageOfPage\":{\"@id\":\"https:\/\/fadia.info\/index.php\/2026\/01\/20\/fadia-se-solidariza-con-la-tragedia-de-adamuz\/#primaryimage\"},\"image\":{\"@id\":\"https:\/\/fadia.info\/index.php\/2026\/01\/20\/fadia-se-solidariza-con-la-tragedia-de-adamuz\/#primaryimage\"},\"thumbnailUrl\":\"https:\/\/fadia.info\/wp-content\/uploads\/2026\/01\/Post-FADIA-Adamuz.png\",\"datePublished\":\"2026-01-20T09:07:41+00:00\",\"dateModified\":\"2026-01-20T09:13:28+00:00\",\"breadcrumb\":{\"@id\":\"https:\/\/fadia.info\/index.php\/2026\/01\/20\/fadia-se-solidariza-con-la-tragedia-de-adamuz\/#breadcrumb\"},\"inLanguage\":\"es\",\"potentialAction\":[{\"@type\":\"ReadAction\",\"target\":[\"https:\/\/fadia.info\/index.php\/2026\/01\/20\/fadia-se-solidariza-con-la-tragedia-de-adamuz\/\"]}]},{\"@type\":\"ImageObject\",\"inLanguage\":\"es\",\"@id\":\"https:\/\/fadia.info\/index.php\/2026\/01\/20\/fadia-se-solidariza-con-la-tragedia-de-adamuz\/#primaryimage\",\"url\":\"https:\/\/fadia.info\/wp-content\/uploads\/2026\/01\/Post-FADIA-Adamuz.png\",\"contentUrl\":\"https:\/\/fadia.info\/wp-content\/uploads\/2026\/01\/Post-FADIA-Adamuz.png\",\"width\":1080,\"height\":1080},{\"@type\":\"BreadcrumbList\",\"@id\":\"https:\/\/fadia.info\/index.php\/2026\/01\/20\/fadia-se-solidariza-con-la-tragedia-de-adamuz\/#breadcrumb\",\"itemListElement\":[{\"@type\":\"ListItem\",\"position\":1,\"name\":\"Portada\",\"item\":\"https:\/\/fadia.info\/\"},{\"@type\":\"ListItem\",\"position\":2,\"name\":\"Fadia se solidariza con la tragedia de Adamuz\u00a0\"}]},{\"@type\":\"WebSite\",\"@id\":\"https:\/\/fadia.info\/#website\",\"url\":\"https:\/\/fadia.info\/\",\"name\":\"Fadia\",\"description\":\"\",\"publisher\":{\"@id\":\"https:\/\/fadia.info\/#organization\"},\"alternateName\":\"Federaci\u00f3n de Asociaciones de Instaladores de Andaluc\u00eda\",\"potentialAction\":[{\"@type\":\"SearchAction\",\"target\":{\"@type\":\"EntryPoint\",\"urlTemplate\":\"https:\/\/fadia.info\/?s={search_term_string}\"},\"query-input\":{\"@type\":\"PropertyValueSpecification\",\"valueRequired\":true,\"valueName\":\"search_term_string\"}}],\"inLanguage\":\"es\"},{\"@type\":\"Organization\",\"@id\":\"https:\/\/fadia.info\/#organization\",\"name\":\"Federaci\u00f3n de Asociaciones de Instaladores de Andaluc\u00eda\",\"alternateName\":\"FADIA\",\"url\":\"https:\/\/fadia.info\/\",\"logo\":{\"@type\":\"ImageObject\",\"inLanguage\":\"es\",\"@id\":\"https:\/\/fadia.info\/#\/schema\/logo\/image\/\",\"url\":\"https:\/\/fadia.info\/wp-content\/uploads\/2023\/11\/logo_fadia.png\",\"contentUrl\":\"https:\/\/fadia.info\/wp-content\/uploads\/2023\/11\/logo_fadia.png\",\"width\":619,\"height\":265,\"caption\":\"Federaci\u00f3n de Asociaciones de Instaladores de Andaluc\u00eda\"},\"image\":{\"@id\":\"https:\/\/fadia.info\/#\/schema\/logo\/image\/\"}},{\"@type\":\"Person\",\"@id\":\"https:\/\/fadia.info\/#\/schema\/person\/cdaf7b8ba0a834795f1121971cfaab26\",\"name\":\"Miguel\",\"image\":{\"@type\":\"ImageObject\",\"inLanguage\":\"es\",\"@id\":\"https:\/\/fadia.info\/#\/schema\/person\/image\/\",\"url\":\"https:\/\/secure.gravatar.com\/avatar\/7f4e60b1e9fe9c37d925854cb71b1cb76e7cee4d38db28d6f7e8677375de1b8e?s=96&d=mm&r=g\",\"contentUrl\":\"https:\/\/secure.gravatar.com\/avatar\/7f4e60b1e9fe9c37d925854cb71b1cb76e7cee4d38db28d6f7e8677375de1b8e?s=96&d=mm&r=g\",\"caption\":\"Miguel\"},\"url\":\"https:\/\/fadia.info\/index.php\/author\/miguel\/\"}]}<\/script>\n<!-- \/ Yoast SEO plugin. -->","yoast_head_json":{"title":"Fadia se solidariza con la tragedia de Adamuz\u00a0 - Fadia","robots":{"index":"index","follow":"follow","max-snippet":"max-snippet:-1","max-image-preview":"max-image-preview:large","max-video-preview":"max-video-preview:-1"},"canonical":"https:\/\/fadia.info\/index.php\/2026\/01\/20\/fadia-se-solidariza-con-la-tragedia-de-adamuz\/","og_locale":"es_ES","og_type":"article","og_title":"Fadia se solidariza con la tragedia de Adamuz\u00a0 - Fadia","og_description":"La Federaci\u00f3n de Asociaciones de Instaladores de Andaluc\u00eda (FADIA), en representaci\u00f3n del sector andaluz de los instaladores, expresa su m\u00e1s profundo pesar por el tr\u00e1gico accidente ferroviario ocurrido en la [&hellip;]","og_url":"https:\/\/fadia.info\/index.php\/2026\/01\/20\/fadia-se-solidariza-con-la-tragedia-de-adamuz\/","og_site_name":"Fadia","article_published_time":"2026-01-20T09:07:41+00:00","article_modified_time":"2026-01-20T09:13:28+00:00","og_image":[{"width":1080,"height":1080,"url":"https:\/\/fadia.info\/wp-content\/uploads\/2026\/01\/Post-FADIA-Adamuz.png","type":"image\/png"}],"author":"Miguel","twitter_card":"summary_large_image","twitter_misc":{"Escrito por":"Miguel","Tiempo de lectura":"2 minutos"},"schema":{"@context":"https:\/\/schema.org","@graph":[{"@type":"Article","@id":"https:\/\/fadia.info\/index.php\/2026\/01\/20\/fadia-se-solidariza-con-la-tragedia-de-adamuz\/#article","isPartOf":{"@id":"https:\/\/fadia.info\/index.php\/2026\/01\/20\/fadia-se-solidariza-con-la-tragedia-de-adamuz\/"},"author":{"name":"Miguel","@id":"https:\/\/fadia.info\/#\/schema\/person\/cdaf7b8ba0a834795f1121971cfaab26"},"headline":"Fadia se solidariza con la tragedia de Adamuz\u00a0","datePublished":"2026-01-20T09:07:41+00:00","dateModified":"2026-01-20T09:13:28+00:00","mainEntityOfPage":{"@id":"https:\/\/fadia.info\/index.php\/2026\/01\/20\/fadia-se-solidariza-con-la-tragedia-de-adamuz\/"},"wordCount":237,"commentCount":0,"publisher":{"@id":"https:\/\/fadia.info\/#organization"},"image":{"@id":"https:\/\/fadia.info\/index.php\/2026\/01\/20\/fadia-se-solidariza-con-la-tragedia-de-adamuz\/#primaryimage"},"thumbnailUrl":"https:\/\/fadia.info\/wp-content\/uploads\/2026\/01\/Post-FADIA-Adamuz.png","articleSection":["FADIA"],"inLanguage":"es","potentialAction":[{"@type":"CommentAction","name":"Comment","target":["https:\/\/fadia.info\/index.php\/2026\/01\/20\/fadia-se-solidariza-con-la-tragedia-de-adamuz\/#respond"]}]},{"@type":"WebPage","@id":"https:\/\/fadia.info\/index.php\/2026\/01\/20\/fadia-se-solidariza-con-la-tragedia-de-adamuz\/","url":"https:\/\/fadia.info\/index.php\/2026\/01\/20\/fadia-se-solidariza-con-la-tragedia-de-adamuz\/","name":"Fadia se solidariza con la tragedia de Adamuz\u00a0 - Fadia","isPartOf":{"@id":"https:\/\/fadia.info\/#website"},"primaryImageOfPage":{"@id":"https:\/\/fadia.info\/index.php\/2026\/01\/20\/fadia-se-solidariza-con-la-tragedia-de-adamuz\/#primaryimage"},"image":{"@id":"https:\/\/fadia.info\/index.php\/2026\/01\/20\/fadia-se-solidariza-con-la-tragedia-de-adamuz\/#primaryimage"},"thumbnailUrl":"https:\/\/fadia.info\/wp-content\/uploads\/2026\/01\/Post-FADIA-Adamuz.png","datePublished":"2026-01-20T09:07:41+00:00","dateModified":"2026-01-20T09:13:28+00:00","breadcrumb":{"@id":"https:\/\/fadia.info\/index.php\/2026\/01\/20\/fadia-se-solidariza-con-la-tragedia-de-adamuz\/#breadcrumb"},"inLanguage":"es","potentialAction":[{"@type":"ReadAction","target":["https:\/\/fadia.info\/index.php\/2026\/01\/20\/fadia-se-solidariza-con-la-tragedia-de-adamuz\/"]}]},{"@type":"ImageObject","inLanguage":"es","@id":"https:\/\/fadia.info\/index.php\/2026\/01\/20\/fadia-se-solidariza-con-la-tragedia-de-adamuz\/#primaryimage","url":"https:\/\/fadia.info\/wp-content\/uploads\/2026\/01\/Post-FADIA-Adamuz.png","contentUrl":"https:\/\/fadia.info\/wp-content\/uploads\/2026\/01\/Post-FADIA-Adamuz.png","width":1080,"height":1080},{"@type":"BreadcrumbList","@id":"https:\/\/fadia.info\/index.php\/2026\/01\/20\/fadia-se-solidariza-con-la-tragedia-de-adamuz\/#breadcrumb","itemListElement":[{"@type":"ListItem","position":1,"name":"Portada","item":"https:\/\/fadia.info\/"},{"@type":"ListItem","position":2,"name":"Fadia se solidariza con la tragedia de Adamuz\u00a0"}]},{"@type":"WebSite","@id":"https:\/\/fadia.info\/#website","url":"https:\/\/fadia.info\/","name":"Fadia","description":"","publisher":{"@id":"https:\/\/fadia.info\/#organization"},"alternateName":"Federaci\u00f3n de Asociaciones de Instaladores de Andaluc\u00eda","potentialAction":[{"@type":"SearchAction","target":{"@type":"EntryPoint","urlTemplate":"https:\/\/fadia.info\/?s={search_term_string}"},"query-input":{"@type":"PropertyValueSpecification","valueRequired":true,"valueName":"search_term_string"}}],"inLanguage":"es"},{"@type":"Organization","@id":"https:\/\/fadia.info\/#organization","name":"Federaci\u00f3n de Asociaciones de Instaladores de Andaluc\u00eda","alternateName":"FADIA","url":"https:\/\/fadia.info\/","logo":{"@type":"ImageObject","inLanguage":"es","@id":"https:\/\/fadia.info\/#\/schema\/logo\/image\/","url":"https:\/\/fadia.info\/wp-content\/uploads\/2023\/11\/logo_fadia.png","contentUrl":"https:\/\/fadia.info\/wp-content\/uploads\/2023\/11\/logo_fadia.png","width":619,"height":265,"caption":"Federaci\u00f3n de Asociaciones de Instaladores de Andaluc\u00eda"},"image":{"@id":"https:\/\/fadia.info\/#\/schema\/logo\/image\/"}},{"@type":"Person","@id":"https:\/\/fadia.info\/#\/schema\/person\/cdaf7b8ba0a834795f1121971cfaab26","name":"Miguel","image":{"@type":"ImageObject","inLanguage":"es","@id":"https:\/\/fadia.info\/#\/schema\/person\/image\/","url":"https:\/\/secure.gravatar.com\/avatar\/7f4e60b1e9fe9c37d925854cb71b1cb76e7cee4d38db28d6f7e8677375de1b8e?s=96&d=mm&r=g","contentUrl":"https:\/\/secure.gravatar.com\/avatar\/7f4e60b1e9fe9c37d925854cb71b1cb76e7cee4d38db28d6f7e8677375de1b8e?s=96&d=mm&r=g","caption":"Miguel"},"url":"https:\/\/fadia.info\/index.php\/author\/miguel\/"}]}},"_links":{"self":[{"href":"https:\/\/fadia.info\/index.php\/wp-json\/wp\/v2\/posts\/6753","targetHints":{"allow":["GET"]}}],"collection":[{"href":"https:\/\/fadia.info\/index.php\/wp-json\/wp\/v2\/posts"}],"about":[{"href":"https:\/\/fadia.info\/index.php\/wp-json\/wp\/v2\/types\/post"}],"author":[{"embeddable":true,"href":"https:\/\/fadia.info\/index.php\/wp-json\/wp\/v2\/users\/3"}],"replies":[{"embeddable":true,"href":"https:\/\/fadia.info\/index.php\/wp-json\/wp\/v2\/comments?post=6753"}],"version-history":[{"count":1,"href":"https:\/\/fadia.info\/index.php\/wp-json\/wp\/v2\/posts\/6753\/revisions"}],"predecessor-version":[{"id":6755,"href":"https:\/\/fadia.info\/index.php\/wp-json\/wp\/v2\/posts\/6753\/revisions\/6755"}],"wp:featuredmedia":[{"embeddable":true,"href":"https:\/\/fadia.info\/index.php\/wp-json\/wp\/v2\/media\/6754"}],"wp:attachment":[{"href":"https:\/\/fadia.info\/index.php\/wp-json\/wp\/v2\/media?parent=6753"}],"wp:term":[{"taxonomy":"category","embeddable":true,"href":"https:\/\/fadia.info\/index.php\/wp-json\/wp\/v2\/categories?post=6753"},{"taxonomy":"post_tag","embeddable":true,"href":"https:\/\/fadia.info\/index.php\/wp-json\/wp\/v2\/tags?post=6753"}],"curies":[{"name":"wp","href":"https:\/\/api.w.org\/{rel}","templated":true}]}}