{"id":6748,"date":"2026-01-19T21:58:36","date_gmt":"2026-01-19T21:58:36","guid":{"rendered":"https:\/\/fadia.info\/?p=6748"},"modified":"2026-01-19T21:58:43","modified_gmt":"2026-01-19T21:58:43","slug":"comunicado-oficial-de-fadia","status":"publish","type":"post","link":"https:\/\/fadia.info\/index.php\/2026\/01\/19\/comunicado-oficial-de-fadia\/","title":{"rendered":"COMUNICADO OFICIAL DE FADIA"},"content":{"rendered":"\n<p><strong>Federaci\u00f3n de Asociaciones de Instaladores de Andaluc\u00eda<\/strong><\/p>\n\n\n\n<p>La Federaci\u00f3n de Asociaciones de Instaladores de Andaluc\u00eda (FADIA), en representaci\u00f3n del sector andaluz de los instaladores, expresa su m\u00e1s profundo pesar por el tr\u00e1gico accidente ferroviario ocurrido en la provincia de C\u00f3rdoba.<\/p>\n\n\n\n<p><br>Queremos trasladar nuestras m\u00e1s sinceras condolencias a las familias y seres queridos de las personas fallecidas, as\u00ed como nuestro apoyo y solidaridad a todos los heridos y afectados por este devastador suceso. Compartimos el dolor de estos momentos y acompa\u00f1amos a quienes atraviesan una situaci\u00f3n tan dif\u00edcil.<\/p>\n\n\n\n<p><br>FADIA desea reconocer de manera especial la ejemplar actuaci\u00f3n del pueblo de Adamuz, cuyos vecinos y vecinas respondieron con una rapidez, humanidad y entrega que honran a toda Andaluc\u00eda. Su ayuda inmediata y su solidaridad espont\u00e1nea han sido fundamentales en las primeras intervenciones.<\/p>\n\n\n\n<p><br>Asimismo, expresamos nuestro profundo agradecimiento a los servicios de emergencia, fuerzas de seguridad, personal sanitario y voluntariado, cuyo trabajo incansable y profesionalidad han sido esenciales para atender a las v\u00edctimas y controlar la situaci\u00f3n.<\/p>\n\n\n\n<p><br>Desde FADIA nos ponemos a plena disposici\u00f3n de la administraci\u00f3n competente para colaborar en todo aquello que pueda ser necesario, as\u00ed como de las familias y personas afectadas que pudieran requerir apoyo dentro de nuestras capacidades como sector profesional.<\/p>\n\n\n\n<p><br>Nuestro pensamiento permanece con todas las v\u00edctimas y con quienes hoy sufren las consecuencias de esta tragedia.<\/p>\n\n\n\n<p><\/p>\n\n\n\n<p class=\"has-text-align-right\">En Andaluc\u00eda a 19 de Enero de 2.026<br>La Federaci\u00f3n Andaluza de Instaladores<\/p>\n\n\n\n<figure class=\"wp-block-image aligncenter size-large is-resized\"><img loading=\"lazy\" decoding=\"async\" width=\"1024\" height=\"443\" src=\"https:\/\/fadia.info\/wp-content\/uploads\/2026\/01\/FADIAluto-1024x443.png\" alt=\"\" class=\"wp-image-6747\" style=\"aspect-ratio:2.311594838936189;width:569px;height:auto\" srcset=\"https:\/\/fadia.info\/wp-content\/uploads\/2026\/01\/FADIAluto-980x424.png 980w, https:\/\/fadia.info\/wp-content\/uploads\/2026\/01\/FADIAluto-480x207.png 480w\" sizes=\"auto, (min-width: 0px) and (max-width: 480px) 480px, (min-width: 481px) and (max-width: 980px) 980px, (min-width: 981px) 1024px, 100vw\" \/><\/figure>\n","protected":false},"excerpt":{"rendered":"<p>Federaci\u00f3n de Asociaciones de Instaladores de Andaluc\u00eda La Federaci\u00f3n de Asociaciones de Instaladores de Andaluc\u00eda (FADIA), en representaci\u00f3n del sector andaluz de los instaladores, expresa su m\u00e1s profundo pesar por [&hellip;]<\/p>\n","protected":false},"author":2,"featured_media":6747,"comment_status":"open","ping_status":"open","sticky":false,"template":"","format":"standard","meta":{"_et_pb_use_builder":"off","_et_pb_old_content":"","_et_gb_content_width":"","_monsterinsights_skip_tracking":false,"_monsterinsights_sitenote_active":false,"_monsterinsights_sitenote_note":"","_monsterinsights_sitenote_category":0,"footnotes":""},"categories":[1],"tags":[],"class_list":["post-6748","post","type-post","status-publish","format-standard","has-post-thumbnail","hentry","category-uncategorized"],"yoast_head":"<!-- This site is optimized with the Yoast SEO plugin v24.2 - https:\/\/yoast.com\/wordpress\/plugins\/seo\/ -->\n<title>COMUNICADO OFICIAL DE FADIA - Fadia<\/title>\n<meta name=\"robots\" content=\"index, follow, max-snippet:-1, max-image-preview:large, max-video-preview:-1\" \/>\n<link rel=\"canonical\" href=\"https:\/\/fadia.info\/index.php\/2026\/01\/19\/comunicado-oficial-de-fadia\/\" \/>\n<meta property=\"og:locale\" content=\"es_ES\" \/>\n<meta property=\"og:type\" content=\"article\" \/>\n<meta property=\"og:title\" content=\"COMUNICADO OFICIAL DE FADIA - Fadia\" \/>\n<meta property=\"og:description\" content=\"Federaci\u00f3n de Asociaciones de Instaladores de Andaluc\u00eda La Federaci\u00f3n de Asociaciones de Instaladores de Andaluc\u00eda (FADIA), en representaci\u00f3n del sector andaluz de los instaladores, expresa su m\u00e1s profundo pesar por [&hellip;]\" \/>\n<meta property=\"og:url\" content=\"https:\/\/fadia.info\/index.php\/2026\/01\/19\/comunicado-oficial-de-fadia\/\" \/>\n<meta property=\"og:site_name\" content=\"Fadia\" \/>\n<meta property=\"article:published_time\" content=\"2026-01-19T21:58:36+00:00\" \/>\n<meta property=\"article:modified_time\" content=\"2026-01-19T21:58:43+00:00\" \/>\n<meta property=\"og:image\" content=\"https:\/\/fadia.info\/wp-content\/uploads\/2026\/01\/FADIAluto.png\" \/>\n\t<meta property=\"og:image:width\" content=\"1874\" \/>\n\t<meta property=\"og:image:height\" content=\"810\" \/>\n\t<meta property=\"og:image:type\" content=\"image\/png\" \/>\n<meta name=\"author\" content=\"Aurelio\" \/>\n<meta name=\"twitter:card\" content=\"summary_large_image\" \/>\n<meta name=\"twitter:label1\" content=\"Escrito por\" \/>\n\t<meta name=\"twitter:data1\" content=\"Aurelio\" \/>\n\t<meta name=\"twitter:label2\" content=\"Tiempo de lectura\" \/>\n\t<meta name=\"twitter:data2\" content=\"1 minuto\" \/>\n<script type=\"application\/ld+json\" class=\"yoast-schema-graph\">{\"@context\":\"https:\/\/schema.org\",\"@graph\":[{\"@type\":\"Article\",\"@id\":\"https:\/\/fadia.info\/index.php\/2026\/01\/19\/comunicado-oficial-de-fadia\/#article\",\"isPartOf\":{\"@id\":\"https:\/\/fadia.info\/index.php\/2026\/01\/19\/comunicado-oficial-de-fadia\/\"},\"author\":{\"name\":\"Aurelio\",\"@id\":\"https:\/\/fadia.info\/#\/schema\/person\/aa4411cc66a8fedc6ced3ca37d7ead1c\"},\"headline\":\"COMUNICADO OFICIAL DE FADIA\",\"datePublished\":\"2026-01-19T21:58:36+00:00\",\"dateModified\":\"2026-01-19T21:58:43+00:00\",\"mainEntityOfPage\":{\"@id\":\"https:\/\/fadia.info\/index.php\/2026\/01\/19\/comunicado-oficial-de-fadia\/\"},\"wordCount\":257,\"commentCount\":0,\"publisher\":{\"@id\":\"https:\/\/fadia.info\/#organization\"},\"image\":{\"@id\":\"https:\/\/fadia.info\/index.php\/2026\/01\/19\/comunicado-oficial-de-fadia\/#primaryimage\"},\"thumbnailUrl\":\"https:\/\/fadia.info\/wp-content\/uploads\/2026\/01\/FADIAluto.png\",\"articleSection\":[\"Uncategorized\"],\"inLanguage\":\"es\",\"potentialAction\":[{\"@type\":\"CommentAction\",\"name\":\"Comment\",\"target\":[\"https:\/\/fadia.info\/index.php\/2026\/01\/19\/comunicado-oficial-de-fadia\/#respond\"]}]},{\"@type\":\"WebPage\",\"@id\":\"https:\/\/fadia.info\/index.php\/2026\/01\/19\/comunicado-oficial-de-fadia\/\",\"url\":\"https:\/\/fadia.info\/index.php\/2026\/01\/19\/comunicado-oficial-de-fadia\/\",\"name\":\"COMUNICADO OFICIAL DE FADIA - Fadia\",\"isPartOf\":{\"@id\":\"https:\/\/fadia.info\/#website\"},\"primaryImageOfPage\":{\"@id\":\"https:\/\/fadia.info\/index.php\/2026\/01\/19\/comunicado-oficial-de-fadia\/#primaryimage\"},\"image\":{\"@id\":\"https:\/\/fadia.info\/index.php\/2026\/01\/19\/comunicado-oficial-de-fadia\/#primaryimage\"},\"thumbnailUrl\":\"https:\/\/fadia.info\/wp-content\/uploads\/2026\/01\/FADIAluto.png\",\"datePublished\":\"2026-01-19T21:58:36+00:00\",\"dateModified\":\"2026-01-19T21:58:43+00:00\",\"breadcrumb\":{\"@id\":\"https:\/\/fadia.info\/index.php\/2026\/01\/19\/comunicado-oficial-de-fadia\/#breadcrumb\"},\"inLanguage\":\"es\",\"potentialAction\":[{\"@type\":\"ReadAction\",\"target\":[\"https:\/\/fadia.info\/index.php\/2026\/01\/19\/comunicado-oficial-de-fadia\/\"]}]},{\"@type\":\"ImageObject\",\"inLanguage\":\"es\",\"@id\":\"https:\/\/fadia.info\/index.php\/2026\/01\/19\/comunicado-oficial-de-fadia\/#primaryimage\",\"url\":\"https:\/\/fadia.info\/wp-content\/uploads\/2026\/01\/FADIAluto.png\",\"contentUrl\":\"https:\/\/fadia.info\/wp-content\/uploads\/2026\/01\/FADIAluto.png\",\"width\":1874,\"height\":810},{\"@type\":\"BreadcrumbList\",\"@id\":\"https:\/\/fadia.info\/index.php\/2026\/01\/19\/comunicado-oficial-de-fadia\/#breadcrumb\",\"itemListElement\":[{\"@type\":\"ListItem\",\"position\":1,\"name\":\"Portada\",\"item\":\"https:\/\/fadia.info\/\"},{\"@type\":\"ListItem\",\"position\":2,\"name\":\"COMUNICADO OFICIAL DE FADIA\"}]},{\"@type\":\"WebSite\",\"@id\":\"https:\/\/fadia.info\/#website\",\"url\":\"https:\/\/fadia.info\/\",\"name\":\"Fadia\",\"description\":\"\",\"publisher\":{\"@id\":\"https:\/\/fadia.info\/#organization\"},\"alternateName\":\"Federaci\u00f3n de Asociaciones de Instaladores de Andaluc\u00eda\",\"potentialAction\":[{\"@type\":\"SearchAction\",\"target\":{\"@type\":\"EntryPoint\",\"urlTemplate\":\"https:\/\/fadia.info\/?s={search_term_string}\"},\"query-input\":{\"@type\":\"PropertyValueSpecification\",\"valueRequired\":true,\"valueName\":\"search_term_string\"}}],\"inLanguage\":\"es\"},{\"@type\":\"Organization\",\"@id\":\"https:\/\/fadia.info\/#organization\",\"name\":\"Federaci\u00f3n de Asociaciones de Instaladores de Andaluc\u00eda\",\"alternateName\":\"FADIA\",\"url\":\"https:\/\/fadia.info\/\",\"logo\":{\"@type\":\"ImageObject\",\"inLanguage\":\"es\",\"@id\":\"https:\/\/fadia.info\/#\/schema\/logo\/image\/\",\"url\":\"https:\/\/fadia.info\/wp-content\/uploads\/2023\/11\/logo_fadia.png\",\"contentUrl\":\"https:\/\/fadia.info\/wp-content\/uploads\/2023\/11\/logo_fadia.png\",\"width\":619,\"height\":265,\"caption\":\"Federaci\u00f3n de Asociaciones de Instaladores de Andaluc\u00eda\"},\"image\":{\"@id\":\"https:\/\/fadia.info\/#\/schema\/logo\/image\/\"}},{\"@type\":\"Person\",\"@id\":\"https:\/\/fadia.info\/#\/schema\/person\/aa4411cc66a8fedc6ced3ca37d7ead1c\",\"name\":\"Aurelio\",\"image\":{\"@type\":\"ImageObject\",\"inLanguage\":\"es\",\"@id\":\"https:\/\/fadia.info\/#\/schema\/person\/image\/\",\"url\":\"https:\/\/secure.gravatar.com\/avatar\/fdd11656fc57e25cf55ea4a1570e97b76ba4cb8dea034a1a8b9c352d328058c6?s=96&d=mm&r=g\",\"contentUrl\":\"https:\/\/secure.gravatar.com\/avatar\/fdd11656fc57e25cf55ea4a1570e97b76ba4cb8dea034a1a8b9c352d328058c6?s=96&d=mm&r=g\",\"caption\":\"Aurelio\"},\"url\":\"https:\/\/fadia.info\/index.php\/author\/secretario-fadia\/\"}]}<\/script>\n<!-- \/ Yoast SEO plugin. -->","yoast_head_json":{"title":"COMUNICADO OFICIAL DE FADIA - Fadia","robots":{"index":"index","follow":"follow","max-snippet":"max-snippet:-1","max-image-preview":"max-image-preview:large","max-video-preview":"max-video-preview:-1"},"canonical":"https:\/\/fadia.info\/index.php\/2026\/01\/19\/comunicado-oficial-de-fadia\/","og_locale":"es_ES","og_type":"article","og_title":"COMUNICADO OFICIAL DE FADIA - Fadia","og_description":"Federaci\u00f3n de Asociaciones de Instaladores de Andaluc\u00eda La Federaci\u00f3n de Asociaciones de Instaladores de Andaluc\u00eda (FADIA), en representaci\u00f3n del sector andaluz de los instaladores, expresa su m\u00e1s profundo pesar por [&hellip;]","og_url":"https:\/\/fadia.info\/index.php\/2026\/01\/19\/comunicado-oficial-de-fadia\/","og_site_name":"Fadia","article_published_time":"2026-01-19T21:58:36+00:00","article_modified_time":"2026-01-19T21:58:43+00:00","og_image":[{"width":1874,"height":810,"url":"https:\/\/fadia.info\/wp-content\/uploads\/2026\/01\/FADIAluto.png","type":"image\/png"}],"author":"Aurelio","twitter_card":"summary_large_image","twitter_misc":{"Escrito por":"Aurelio","Tiempo de lectura":"1 minuto"},"schema":{"@context":"https:\/\/schema.org","@graph":[{"@type":"Article","@id":"https:\/\/fadia.info\/index.php\/2026\/01\/19\/comunicado-oficial-de-fadia\/#article","isPartOf":{"@id":"https:\/\/fadia.info\/index.php\/2026\/01\/19\/comunicado-oficial-de-fadia\/"},"author":{"name":"Aurelio","@id":"https:\/\/fadia.info\/#\/schema\/person\/aa4411cc66a8fedc6ced3ca37d7ead1c"},"headline":"COMUNICADO OFICIAL DE FADIA","datePublished":"2026-01-19T21:58:36+00:00","dateModified":"2026-01-19T21:58:43+00:00","mainEntityOfPage":{"@id":"https:\/\/fadia.info\/index.php\/2026\/01\/19\/comunicado-oficial-de-fadia\/"},"wordCount":257,"commentCount":0,"publisher":{"@id":"https:\/\/fadia.info\/#organization"},"image":{"@id":"https:\/\/fadia.info\/index.php\/2026\/01\/19\/comunicado-oficial-de-fadia\/#primaryimage"},"thumbnailUrl":"https:\/\/fadia.info\/wp-content\/uploads\/2026\/01\/FADIAluto.png","articleSection":["Uncategorized"],"inLanguage":"es","potentialAction":[{"@type":"CommentAction","name":"Comment","target":["https:\/\/fadia.info\/index.php\/2026\/01\/19\/comunicado-oficial-de-fadia\/#respond"]}]},{"@type":"WebPage","@id":"https:\/\/fadia.info\/index.php\/2026\/01\/19\/comunicado-oficial-de-fadia\/","url":"https:\/\/fadia.info\/index.php\/2026\/01\/19\/comunicado-oficial-de-fadia\/","name":"COMUNICADO OFICIAL DE FADIA - Fadia","isPartOf":{"@id":"https:\/\/fadia.info\/#website"},"primaryImageOfPage":{"@id":"https:\/\/fadia.info\/index.php\/2026\/01\/19\/comunicado-oficial-de-fadia\/#primaryimage"},"image":{"@id":"https:\/\/fadia.info\/index.php\/2026\/01\/19\/comunicado-oficial-de-fadia\/#primaryimage"},"thumbnailUrl":"https:\/\/fadia.info\/wp-content\/uploads\/2026\/01\/FADIAluto.png","datePublished":"2026-01-19T21:58:36+00:00","dateModified":"2026-01-19T21:58:43+00:00","breadcrumb":{"@id":"https:\/\/fadia.info\/index.php\/2026\/01\/19\/comunicado-oficial-de-fadia\/#breadcrumb"},"inLanguage":"es","potentialAction":[{"@type":"ReadAction","target":["https:\/\/fadia.info\/index.php\/2026\/01\/19\/comunicado-oficial-de-fadia\/"]}]},{"@type":"ImageObject","inLanguage":"es","@id":"https:\/\/fadia.info\/index.php\/2026\/01\/19\/comunicado-oficial-de-fadia\/#primaryimage","url":"https:\/\/fadia.info\/wp-content\/uploads\/2026\/01\/FADIAluto.png","contentUrl":"https:\/\/fadia.info\/wp-content\/uploads\/2026\/01\/FADIAluto.png","width":1874,"height":810},{"@type":"BreadcrumbList","@id":"https:\/\/fadia.info\/index.php\/2026\/01\/19\/comunicado-oficial-de-fadia\/#breadcrumb","itemListElement":[{"@type":"ListItem","position":1,"name":"Portada","item":"https:\/\/fadia.info\/"},{"@type":"ListItem","position":2,"name":"COMUNICADO OFICIAL DE FADIA"}]},{"@type":"WebSite","@id":"https:\/\/fadia.info\/#website","url":"https:\/\/fadia.info\/","name":"Fadia","description":"","publisher":{"@id":"https:\/\/fadia.info\/#organization"},"alternateName":"Federaci\u00f3n de Asociaciones de Instaladores de Andaluc\u00eda","potentialAction":[{"@type":"SearchAction","target":{"@type":"EntryPoint","urlTemplate":"https:\/\/fadia.info\/?s={search_term_string}"},"query-input":{"@type":"PropertyValueSpecification","valueRequired":true,"valueName":"search_term_string"}}],"inLanguage":"es"},{"@type":"Organization","@id":"https:\/\/fadia.info\/#organization","name":"Federaci\u00f3n de Asociaciones de Instaladores de Andaluc\u00eda","alternateName":"FADIA","url":"https:\/\/fadia.info\/","logo":{"@type":"ImageObject","inLanguage":"es","@id":"https:\/\/fadia.info\/#\/schema\/logo\/image\/","url":"https:\/\/fadia.info\/wp-content\/uploads\/2023\/11\/logo_fadia.png","contentUrl":"https:\/\/fadia.info\/wp-content\/uploads\/2023\/11\/logo_fadia.png","width":619,"height":265,"caption":"Federaci\u00f3n de Asociaciones de Instaladores de Andaluc\u00eda"},"image":{"@id":"https:\/\/fadia.info\/#\/schema\/logo\/image\/"}},{"@type":"Person","@id":"https:\/\/fadia.info\/#\/schema\/person\/aa4411cc66a8fedc6ced3ca37d7ead1c","name":"Aurelio","image":{"@type":"ImageObject","inLanguage":"es","@id":"https:\/\/fadia.info\/#\/schema\/person\/image\/","url":"https:\/\/secure.gravatar.com\/avatar\/fdd11656fc57e25cf55ea4a1570e97b76ba4cb8dea034a1a8b9c352d328058c6?s=96&d=mm&r=g","contentUrl":"https:\/\/secure.gravatar.com\/avatar\/fdd11656fc57e25cf55ea4a1570e97b76ba4cb8dea034a1a8b9c352d328058c6?s=96&d=mm&r=g","caption":"Aurelio"},"url":"https:\/\/fadia.info\/index.php\/author\/secretario-fadia\/"}]}},"_links":{"self":[{"href":"https:\/\/fadia.info\/index.php\/wp-json\/wp\/v2\/posts\/6748","targetHints":{"allow":["GET"]}}],"collection":[{"href":"https:\/\/fadia.info\/index.php\/wp-json\/wp\/v2\/posts"}],"about":[{"href":"https:\/\/fadia.info\/index.php\/wp-json\/wp\/v2\/types\/post"}],"author":[{"embeddable":true,"href":"https:\/\/fadia.info\/index.php\/wp-json\/wp\/v2\/users\/2"}],"replies":[{"embeddable":true,"href":"https:\/\/fadia.info\/index.php\/wp-json\/wp\/v2\/comments?post=6748"}],"version-history":[{"count":2,"href":"https:\/\/fadia.info\/index.php\/wp-json\/wp\/v2\/posts\/6748\/revisions"}],"predecessor-version":[{"id":6750,"href":"https:\/\/fadia.info\/index.php\/wp-json\/wp\/v2\/posts\/6748\/revisions\/6750"}],"wp:featuredmedia":[{"embeddable":true,"href":"https:\/\/fadia.info\/index.php\/wp-json\/wp\/v2\/media\/6747"}],"wp:attachment":[{"href":"https:\/\/fadia.info\/index.php\/wp-json\/wp\/v2\/media?parent=6748"}],"wp:term":[{"taxonomy":"category","embeddable":true,"href":"https:\/\/fadia.info\/index.php\/wp-json\/wp\/v2\/categories?post=6748"},{"taxonomy":"post_tag","embeddable":true,"href":"https:\/\/fadia.info\/index.php\/wp-json\/wp\/v2\/tags?post=6748"}],"curies":[{"name":"wp","href":"https:\/\/api.w.org\/{rel}","templated":true}]}}