{"id":6734,"date":"2026-01-09T17:03:42","date_gmt":"2026-01-09T17:03:42","guid":{"rendered":"https:\/\/fadia.info\/?p=6734"},"modified":"2026-01-09T17:07:38","modified_gmt":"2026-01-09T17:07:38","slug":"entrevista-de-c-de-material-electrico-andres-rodriguez-presidente-de-profeca-subraya-que-el-sector-de-las-instalaciones-ofrece-una-oportunidad-de-futuro-real","status":"publish","type":"post","link":"https:\/\/fadia.info\/index.php\/2026\/01\/09\/entrevista-de-c-de-material-electrico-andres-rodriguez-presidente-de-profeca-subraya-que-el-sector-de-las-instalaciones-ofrece-una-oportunidad-de-futuro-real\/","title":{"rendered":"Entrevista de C de Material El\u00e9ctrico: Andr\u00e9s Rodr\u00edguez, presidente de Profeca, subraya que el sector de las instalaciones \u201cofrece una oportunidad de futuro real\u201d"},"content":{"rendered":"\n<p>Andr\u00e9s Rodr\u00edguez Brenes, presidente de la <strong>Asociaci\u00f3n Profesional de Instaladores de la Provincia de C\u00e1diz (Profeca)<\/strong>, ha ofrecido una entrevista detallada al medio especializado C de Material El\u00e9ctrico en la que repasa los principales retos, oportunidades y tendencias del sector de las instalaciones, destacando su creciente relevancia en la transici\u00f3n energ\u00e9tica y el mercado laboral.<\/p>\n\n\n\n<!--more-->\n\n\n\n<figure class=\"wp-block-image size-large\"><a href=\"https:\/\/material-electrico.cdecomunicacion.es\/noticias\/instaladores\/199569\/andres-rodriguez-presidente-profeca-sector-instalaciones-ofrece-oportunidad-futuro-real\"><img loading=\"lazy\" decoding=\"async\" width=\"1024\" height=\"605\" src=\"https:\/\/fadia.info\/wp-content\/uploads\/2026\/01\/Andres_rodriguez_presidente_profeca-1024x605.png\" alt=\"\" class=\"wp-image-6735\" srcset=\"https:\/\/fadia.info\/wp-content\/uploads\/2026\/01\/Andres_rodriguez_presidente_profeca-1024x605.png 1024w, https:\/\/fadia.info\/wp-content\/uploads\/2026\/01\/Andres_rodriguez_presidente_profeca-980x579.png 980w, https:\/\/fadia.info\/wp-content\/uploads\/2026\/01\/Andres_rodriguez_presidente_profeca-480x284.png 480w\" sizes=\"auto, (min-width: 0px) and (max-width: 480px) 480px, (min-width: 481px) and (max-width: 980px) 980px, (min-width: 981px) 1024px, 100vw\" \/><\/a><\/figure>\n\n\n\n<p>Con una trayectoria de <strong>37 a\u00f1os y 92 empresas asociadas<\/strong> \u2014con presencia en m\u00e1s de treinta municipios gaditanos\u2014 <a href=\"https:\/\/profeca.es\/\">Profeca <\/a>se ha consolidado como un interlocutor clave en la provincia de C\u00e1diz tanto ante las administraciones como frente a actores institucionales y asociaciones sectoriales.<\/p>\n\n\n\n<p>Su presidente Andr\u00e9s Rodr\u00edguez abord\u00f3, a lo largo de la entrevista, los principales desaf\u00edos que enfrenta el sector de cara a 2026, entre ellos la <strong>adaptaci\u00f3n a nuevas normativas t\u00e9cnicas<\/strong> como REBT, RIPCI y RITE, la integraci\u00f3n real de tecnolog\u00edas ligadas a la <strong>transici\u00f3n energ\u00e9tica<\/strong> \u2014como autoconsumo avanzado, almacenamiento, movilidad el\u00e9ctrica e hidr\u00f3geno\u2014 y la digitalizaci\u00f3n de procesos y herramientas de gesti\u00f3n.<\/p>\n\n\n\n<p>Tambi\u00e9n lanz\u00f3 un mensaje claro a las nuevas generaciones: <em>\u201cEl sector de las instalaciones ofrece una oportunidad de futuro real\u201d<\/em>, con empleo estable, formaci\u00f3n continua y un papel protagonista en la construcci\u00f3n de un modelo energ\u00e9tico m\u00e1s eficiente y sostenible.<\/p>\n\n\n\n<p>Puedes ver la entrevista completa en la web de<a href=\"https:\/\/material-electrico.cdecomunicacion.es\/noticias\/instaladores\/199569\/andres-rodriguez-presidente-profeca-sector-instalaciones-ofrece-oportunidad-futuro-real\"> C de Material El\u00e9ctrico<\/a><\/p>\n","protected":false},"excerpt":{"rendered":"<p>Andr\u00e9s Rodr\u00edguez Brenes, presidente de la Asociaci\u00f3n Profesional de Instaladores de la Provincia de C\u00e1diz (Profeca), ha ofrecido una entrevista detallada al medio especializado C de Material El\u00e9ctrico en la [&hellip;]<\/p>\n","protected":false},"author":3,"featured_media":6735,"comment_status":"open","ping_status":"open","sticky":false,"template":"","format":"standard","meta":{"_et_pb_use_builder":"off","_et_pb_old_content":"","_et_gb_content_width":"","_monsterinsights_skip_tracking":false,"_monsterinsights_sitenote_active":false,"_monsterinsights_sitenote_note":"","_monsterinsights_sitenote_category":0,"footnotes":""},"categories":[4],"tags":[59,14,15,23],"class_list":["post-6734","post","type-post","status-publish","format-standard","has-post-thumbnail","hentry","category-fadia","tag-cadiz","tag-fadia","tag-instaladores","tag-profeca"],"yoast_head":"<!-- This site is optimized with the Yoast SEO plugin v24.2 - https:\/\/yoast.com\/wordpress\/plugins\/seo\/ -->\n<title>Entrevista de C de Material El\u00e9ctrico: Andr\u00e9s Rodr\u00edguez, presidente de Profeca, subraya que el sector de las instalaciones \u201cofrece una oportunidad de futuro real\u201d - Fadia<\/title>\n<meta name=\"description\" content=\"Andr\u00e9s Rodr\u00edguez Brenes, presidente de la Asociaci\u00f3n Profesional de Instaladores de la Provincia de C\u00e1diz (Profeca), ha ofrecido una entrevista detallada al medio especializado C de Material El\u00e9ctrico en la que repasa los principales retos, oportunidades y tendencias del sector de las instalaciones, destacando su creciente relevancia en la transici\u00f3n energ\u00e9tica y el mercado laboral.\" \/>\n<meta name=\"robots\" content=\"index, follow, max-snippet:-1, max-image-preview:large, max-video-preview:-1\" \/>\n<link rel=\"canonical\" href=\"https:\/\/fadia.info\/index.php\/2026\/01\/09\/entrevista-de-c-de-material-electrico-andres-rodriguez-presidente-de-profeca-subraya-que-el-sector-de-las-instalaciones-ofrece-una-oportunidad-de-futuro-real\/\" \/>\n<meta property=\"og:locale\" content=\"es_ES\" \/>\n<meta property=\"og:type\" content=\"article\" \/>\n<meta property=\"og:title\" content=\"Entrevista de C de Material El\u00e9ctrico: Andr\u00e9s Rodr\u00edguez, presidente de Profeca, subraya que el sector de las instalaciones \u201cofrece una oportunidad de futuro real\u201d - Fadia\" \/>\n<meta property=\"og:description\" content=\"Andr\u00e9s Rodr\u00edguez Brenes, presidente de la Asociaci\u00f3n Profesional de Instaladores de la Provincia de C\u00e1diz (Profeca), ha ofrecido una entrevista detallada al medio especializado C de Material El\u00e9ctrico en la que repasa los principales retos, oportunidades y tendencias del sector de las instalaciones, destacando su creciente relevancia en la transici\u00f3n energ\u00e9tica y el mercado laboral.\" \/>\n<meta property=\"og:url\" content=\"https:\/\/fadia.info\/index.php\/2026\/01\/09\/entrevista-de-c-de-material-electrico-andres-rodriguez-presidente-de-profeca-subraya-que-el-sector-de-las-instalaciones-ofrece-una-oportunidad-de-futuro-real\/\" \/>\n<meta property=\"og:site_name\" content=\"Fadia\" \/>\n<meta property=\"article:published_time\" content=\"2026-01-09T17:03:42+00:00\" \/>\n<meta property=\"article:modified_time\" content=\"2026-01-09T17:07:38+00:00\" \/>\n<meta property=\"og:image\" content=\"https:\/\/fadia.info\/wp-content\/uploads\/2026\/01\/Andres_rodriguez_presidente_profeca.png\" \/>\n\t<meta property=\"og:image:width\" content=\"1061\" \/>\n\t<meta property=\"og:image:height\" content=\"627\" \/>\n\t<meta property=\"og:image:type\" content=\"image\/png\" \/>\n<meta name=\"author\" content=\"Miguel\" \/>\n<meta name=\"twitter:card\" content=\"summary_large_image\" \/>\n<meta name=\"twitter:label1\" content=\"Escrito por\" \/>\n\t<meta name=\"twitter:data1\" content=\"Miguel\" \/>\n\t<meta name=\"twitter:label2\" content=\"Tiempo de lectura\" \/>\n\t<meta name=\"twitter:data2\" content=\"2 minutos\" \/>\n<script type=\"application\/ld+json\" class=\"yoast-schema-graph\">{\"@context\":\"https:\/\/schema.org\",\"@graph\":[{\"@type\":\"Article\",\"@id\":\"https:\/\/fadia.info\/index.php\/2026\/01\/09\/entrevista-de-c-de-material-electrico-andres-rodriguez-presidente-de-profeca-subraya-que-el-sector-de-las-instalaciones-ofrece-una-oportunidad-de-futuro-real\/#article\",\"isPartOf\":{\"@id\":\"https:\/\/fadia.info\/index.php\/2026\/01\/09\/entrevista-de-c-de-material-electrico-andres-rodriguez-presidente-de-profeca-subraya-que-el-sector-de-las-instalaciones-ofrece-una-oportunidad-de-futuro-real\/\"},\"author\":{\"name\":\"Miguel\",\"@id\":\"https:\/\/fadia.info\/#\/schema\/person\/cdaf7b8ba0a834795f1121971cfaab26\"},\"headline\":\"Entrevista de C de Material El\u00e9ctrico: Andr\u00e9s Rodr\u00edguez, presidente de Profeca, subraya que el sector de las instalaciones \u201cofrece una oportunidad de futuro real\u201d\",\"datePublished\":\"2026-01-09T17:03:42+00:00\",\"dateModified\":\"2026-01-09T17:07:38+00:00\",\"mainEntityOfPage\":{\"@id\":\"https:\/\/fadia.info\/index.php\/2026\/01\/09\/entrevista-de-c-de-material-electrico-andres-rodriguez-presidente-de-profeca-subraya-que-el-sector-de-las-instalaciones-ofrece-una-oportunidad-de-futuro-real\/\"},\"wordCount\":266,\"commentCount\":0,\"publisher\":{\"@id\":\"https:\/\/fadia.info\/#organization\"},\"image\":{\"@id\":\"https:\/\/fadia.info\/index.php\/2026\/01\/09\/entrevista-de-c-de-material-electrico-andres-rodriguez-presidente-de-profeca-subraya-que-el-sector-de-las-instalaciones-ofrece-una-oportunidad-de-futuro-real\/#primaryimage\"},\"thumbnailUrl\":\"https:\/\/fadia.info\/wp-content\/uploads\/2026\/01\/Andres_rodriguez_presidente_profeca.png\",\"keywords\":[\"C\u00e1diz\",\"FADIA\",\"INSTALADORES\",\"profeca\"],\"articleSection\":[\"FADIA\"],\"inLanguage\":\"es\",\"potentialAction\":[{\"@type\":\"CommentAction\",\"name\":\"Comment\",\"target\":[\"https:\/\/fadia.info\/index.php\/2026\/01\/09\/entrevista-de-c-de-material-electrico-andres-rodriguez-presidente-de-profeca-subraya-que-el-sector-de-las-instalaciones-ofrece-una-oportunidad-de-futuro-real\/#respond\"]}]},{\"@type\":\"WebPage\",\"@id\":\"https:\/\/fadia.info\/index.php\/2026\/01\/09\/entrevista-de-c-de-material-electrico-andres-rodriguez-presidente-de-profeca-subraya-que-el-sector-de-las-instalaciones-ofrece-una-oportunidad-de-futuro-real\/\",\"url\":\"https:\/\/fadia.info\/index.php\/2026\/01\/09\/entrevista-de-c-de-material-electrico-andres-rodriguez-presidente-de-profeca-subraya-que-el-sector-de-las-instalaciones-ofrece-una-oportunidad-de-futuro-real\/\",\"name\":\"Entrevista de C de Material El\u00e9ctrico: Andr\u00e9s Rodr\u00edguez, presidente de Profeca, subraya que el sector de las instalaciones \u201cofrece una oportunidad de futuro real\u201d - Fadia\",\"isPartOf\":{\"@id\":\"https:\/\/fadia.info\/#website\"},\"primaryImageOfPage\":{\"@id\":\"https:\/\/fadia.info\/index.php\/2026\/01\/09\/entrevista-de-c-de-material-electrico-andres-rodriguez-presidente-de-profeca-subraya-que-el-sector-de-las-instalaciones-ofrece-una-oportunidad-de-futuro-real\/#primaryimage\"},\"image\":{\"@id\":\"https:\/\/fadia.info\/index.php\/2026\/01\/09\/entrevista-de-c-de-material-electrico-andres-rodriguez-presidente-de-profeca-subraya-que-el-sector-de-las-instalaciones-ofrece-una-oportunidad-de-futuro-real\/#primaryimage\"},\"thumbnailUrl\":\"https:\/\/fadia.info\/wp-content\/uploads\/2026\/01\/Andres_rodriguez_presidente_profeca.png\",\"datePublished\":\"2026-01-09T17:03:42+00:00\",\"dateModified\":\"2026-01-09T17:07:38+00:00\",\"description\":\"Andr\u00e9s Rodr\u00edguez Brenes, presidente de la Asociaci\u00f3n Profesional de Instaladores de la Provincia de C\u00e1diz (Profeca), ha ofrecido una entrevista detallada al medio especializado C de Material El\u00e9ctrico en la que repasa los principales retos, oportunidades y tendencias del sector de las instalaciones, destacando su creciente relevancia en la transici\u00f3n energ\u00e9tica y el mercado laboral.\",\"breadcrumb\":{\"@id\":\"https:\/\/fadia.info\/index.php\/2026\/01\/09\/entrevista-de-c-de-material-electrico-andres-rodriguez-presidente-de-profeca-subraya-que-el-sector-de-las-instalaciones-ofrece-una-oportunidad-de-futuro-real\/#breadcrumb\"},\"inLanguage\":\"es\",\"potentialAction\":[{\"@type\":\"ReadAction\",\"target\":[\"https:\/\/fadia.info\/index.php\/2026\/01\/09\/entrevista-de-c-de-material-electrico-andres-rodriguez-presidente-de-profeca-subraya-que-el-sector-de-las-instalaciones-ofrece-una-oportunidad-de-futuro-real\/\"]}]},{\"@type\":\"ImageObject\",\"inLanguage\":\"es\",\"@id\":\"https:\/\/fadia.info\/index.php\/2026\/01\/09\/entrevista-de-c-de-material-electrico-andres-rodriguez-presidente-de-profeca-subraya-que-el-sector-de-las-instalaciones-ofrece-una-oportunidad-de-futuro-real\/#primaryimage\",\"url\":\"https:\/\/fadia.info\/wp-content\/uploads\/2026\/01\/Andres_rodriguez_presidente_profeca.png\",\"contentUrl\":\"https:\/\/fadia.info\/wp-content\/uploads\/2026\/01\/Andres_rodriguez_presidente_profeca.png\",\"width\":1061,\"height\":627},{\"@type\":\"BreadcrumbList\",\"@id\":\"https:\/\/fadia.info\/index.php\/2026\/01\/09\/entrevista-de-c-de-material-electrico-andres-rodriguez-presidente-de-profeca-subraya-que-el-sector-de-las-instalaciones-ofrece-una-oportunidad-de-futuro-real\/#breadcrumb\",\"itemListElement\":[{\"@type\":\"ListItem\",\"position\":1,\"name\":\"Portada\",\"item\":\"https:\/\/fadia.info\/\"},{\"@type\":\"ListItem\",\"position\":2,\"name\":\"Entrevista de C de Material El\u00e9ctrico: Andr\u00e9s Rodr\u00edguez, presidente de Profeca, subraya que el sector de las instalaciones \u201cofrece una oportunidad de futuro real\u201d\"}]},{\"@type\":\"WebSite\",\"@id\":\"https:\/\/fadia.info\/#website\",\"url\":\"https:\/\/fadia.info\/\",\"name\":\"Fadia\",\"description\":\"\",\"publisher\":{\"@id\":\"https:\/\/fadia.info\/#organization\"},\"alternateName\":\"Federaci\u00f3n de Asociaciones de Instaladores de Andaluc\u00eda\",\"potentialAction\":[{\"@type\":\"SearchAction\",\"target\":{\"@type\":\"EntryPoint\",\"urlTemplate\":\"https:\/\/fadia.info\/?s={search_term_string}\"},\"query-input\":{\"@type\":\"PropertyValueSpecification\",\"valueRequired\":true,\"valueName\":\"search_term_string\"}}],\"inLanguage\":\"es\"},{\"@type\":\"Organization\",\"@id\":\"https:\/\/fadia.info\/#organization\",\"name\":\"Federaci\u00f3n de Asociaciones de Instaladores de Andaluc\u00eda\",\"alternateName\":\"FADIA\",\"url\":\"https:\/\/fadia.info\/\",\"logo\":{\"@type\":\"ImageObject\",\"inLanguage\":\"es\",\"@id\":\"https:\/\/fadia.info\/#\/schema\/logo\/image\/\",\"url\":\"https:\/\/fadia.info\/wp-content\/uploads\/2023\/11\/logo_fadia.png\",\"contentUrl\":\"https:\/\/fadia.info\/wp-content\/uploads\/2023\/11\/logo_fadia.png\",\"width\":619,\"height\":265,\"caption\":\"Federaci\u00f3n de Asociaciones de Instaladores de Andaluc\u00eda\"},\"image\":{\"@id\":\"https:\/\/fadia.info\/#\/schema\/logo\/image\/\"}},{\"@type\":\"Person\",\"@id\":\"https:\/\/fadia.info\/#\/schema\/person\/cdaf7b8ba0a834795f1121971cfaab26\",\"name\":\"Miguel\",\"image\":{\"@type\":\"ImageObject\",\"inLanguage\":\"es\",\"@id\":\"https:\/\/fadia.info\/#\/schema\/person\/image\/\",\"url\":\"https:\/\/secure.gravatar.com\/avatar\/7f4e60b1e9fe9c37d925854cb71b1cb76e7cee4d38db28d6f7e8677375de1b8e?s=96&d=mm&r=g\",\"contentUrl\":\"https:\/\/secure.gravatar.com\/avatar\/7f4e60b1e9fe9c37d925854cb71b1cb76e7cee4d38db28d6f7e8677375de1b8e?s=96&d=mm&r=g\",\"caption\":\"Miguel\"},\"url\":\"https:\/\/fadia.info\/index.php\/author\/miguel\/\"}]}<\/script>\n<!-- \/ Yoast SEO plugin. -->","yoast_head_json":{"title":"Entrevista de C de Material El\u00e9ctrico: Andr\u00e9s Rodr\u00edguez, presidente de Profeca, subraya que el sector de las instalaciones \u201cofrece una oportunidad de futuro real\u201d - Fadia","description":"Andr\u00e9s Rodr\u00edguez Brenes, presidente de la Asociaci\u00f3n Profesional de Instaladores de la Provincia de C\u00e1diz (Profeca), ha ofrecido una entrevista detallada al medio especializado C de Material El\u00e9ctrico en la que repasa los principales retos, oportunidades y tendencias del sector de las instalaciones, destacando su creciente relevancia en la transici\u00f3n energ\u00e9tica y el mercado laboral.","robots":{"index":"index","follow":"follow","max-snippet":"max-snippet:-1","max-image-preview":"max-image-preview:large","max-video-preview":"max-video-preview:-1"},"canonical":"https:\/\/fadia.info\/index.php\/2026\/01\/09\/entrevista-de-c-de-material-electrico-andres-rodriguez-presidente-de-profeca-subraya-que-el-sector-de-las-instalaciones-ofrece-una-oportunidad-de-futuro-real\/","og_locale":"es_ES","og_type":"article","og_title":"Entrevista de C de Material El\u00e9ctrico: Andr\u00e9s Rodr\u00edguez, presidente de Profeca, subraya que el sector de las instalaciones \u201cofrece una oportunidad de futuro real\u201d - Fadia","og_description":"Andr\u00e9s Rodr\u00edguez Brenes, presidente de la Asociaci\u00f3n Profesional de Instaladores de la Provincia de C\u00e1diz (Profeca), ha ofrecido una entrevista detallada al medio especializado C de Material El\u00e9ctrico en la que repasa los principales retos, oportunidades y tendencias del sector de las instalaciones, destacando su creciente relevancia en la transici\u00f3n energ\u00e9tica y el mercado laboral.","og_url":"https:\/\/fadia.info\/index.php\/2026\/01\/09\/entrevista-de-c-de-material-electrico-andres-rodriguez-presidente-de-profeca-subraya-que-el-sector-de-las-instalaciones-ofrece-una-oportunidad-de-futuro-real\/","og_site_name":"Fadia","article_published_time":"2026-01-09T17:03:42+00:00","article_modified_time":"2026-01-09T17:07:38+00:00","og_image":[{"width":1061,"height":627,"url":"https:\/\/fadia.info\/wp-content\/uploads\/2026\/01\/Andres_rodriguez_presidente_profeca.png","type":"image\/png"}],"author":"Miguel","twitter_card":"summary_large_image","twitter_misc":{"Escrito por":"Miguel","Tiempo de lectura":"2 minutos"},"schema":{"@context":"https:\/\/schema.org","@graph":[{"@type":"Article","@id":"https:\/\/fadia.info\/index.php\/2026\/01\/09\/entrevista-de-c-de-material-electrico-andres-rodriguez-presidente-de-profeca-subraya-que-el-sector-de-las-instalaciones-ofrece-una-oportunidad-de-futuro-real\/#article","isPartOf":{"@id":"https:\/\/fadia.info\/index.php\/2026\/01\/09\/entrevista-de-c-de-material-electrico-andres-rodriguez-presidente-de-profeca-subraya-que-el-sector-de-las-instalaciones-ofrece-una-oportunidad-de-futuro-real\/"},"author":{"name":"Miguel","@id":"https:\/\/fadia.info\/#\/schema\/person\/cdaf7b8ba0a834795f1121971cfaab26"},"headline":"Entrevista de C de Material El\u00e9ctrico: Andr\u00e9s Rodr\u00edguez, presidente de Profeca, subraya que el sector de las instalaciones \u201cofrece una oportunidad de futuro real\u201d","datePublished":"2026-01-09T17:03:42+00:00","dateModified":"2026-01-09T17:07:38+00:00","mainEntityOfPage":{"@id":"https:\/\/fadia.info\/index.php\/2026\/01\/09\/entrevista-de-c-de-material-electrico-andres-rodriguez-presidente-de-profeca-subraya-que-el-sector-de-las-instalaciones-ofrece-una-oportunidad-de-futuro-real\/"},"wordCount":266,"commentCount":0,"publisher":{"@id":"https:\/\/fadia.info\/#organization"},"image":{"@id":"https:\/\/fadia.info\/index.php\/2026\/01\/09\/entrevista-de-c-de-material-electrico-andres-rodriguez-presidente-de-profeca-subraya-que-el-sector-de-las-instalaciones-ofrece-una-oportunidad-de-futuro-real\/#primaryimage"},"thumbnailUrl":"https:\/\/fadia.info\/wp-content\/uploads\/2026\/01\/Andres_rodriguez_presidente_profeca.png","keywords":["C\u00e1diz","FADIA","INSTALADORES","profeca"],"articleSection":["FADIA"],"inLanguage":"es","potentialAction":[{"@type":"CommentAction","name":"Comment","target":["https:\/\/fadia.info\/index.php\/2026\/01\/09\/entrevista-de-c-de-material-electrico-andres-rodriguez-presidente-de-profeca-subraya-que-el-sector-de-las-instalaciones-ofrece-una-oportunidad-de-futuro-real\/#respond"]}]},{"@type":"WebPage","@id":"https:\/\/fadia.info\/index.php\/2026\/01\/09\/entrevista-de-c-de-material-electrico-andres-rodriguez-presidente-de-profeca-subraya-que-el-sector-de-las-instalaciones-ofrece-una-oportunidad-de-futuro-real\/","url":"https:\/\/fadia.info\/index.php\/2026\/01\/09\/entrevista-de-c-de-material-electrico-andres-rodriguez-presidente-de-profeca-subraya-que-el-sector-de-las-instalaciones-ofrece-una-oportunidad-de-futuro-real\/","name":"Entrevista de C de Material El\u00e9ctrico: Andr\u00e9s Rodr\u00edguez, presidente de Profeca, subraya que el sector de las instalaciones \u201cofrece una oportunidad de futuro real\u201d - Fadia","isPartOf":{"@id":"https:\/\/fadia.info\/#website"},"primaryImageOfPage":{"@id":"https:\/\/fadia.info\/index.php\/2026\/01\/09\/entrevista-de-c-de-material-electrico-andres-rodriguez-presidente-de-profeca-subraya-que-el-sector-de-las-instalaciones-ofrece-una-oportunidad-de-futuro-real\/#primaryimage"},"image":{"@id":"https:\/\/fadia.info\/index.php\/2026\/01\/09\/entrevista-de-c-de-material-electrico-andres-rodriguez-presidente-de-profeca-subraya-que-el-sector-de-las-instalaciones-ofrece-una-oportunidad-de-futuro-real\/#primaryimage"},"thumbnailUrl":"https:\/\/fadia.info\/wp-content\/uploads\/2026\/01\/Andres_rodriguez_presidente_profeca.png","datePublished":"2026-01-09T17:03:42+00:00","dateModified":"2026-01-09T17:07:38+00:00","description":"Andr\u00e9s Rodr\u00edguez Brenes, presidente de la Asociaci\u00f3n Profesional de Instaladores de la Provincia de C\u00e1diz (Profeca), ha ofrecido una entrevista detallada al medio especializado C de Material El\u00e9ctrico en la que repasa los principales retos, oportunidades y tendencias del sector de las instalaciones, destacando su creciente relevancia en la transici\u00f3n energ\u00e9tica y el mercado laboral.","breadcrumb":{"@id":"https:\/\/fadia.info\/index.php\/2026\/01\/09\/entrevista-de-c-de-material-electrico-andres-rodriguez-presidente-de-profeca-subraya-que-el-sector-de-las-instalaciones-ofrece-una-oportunidad-de-futuro-real\/#breadcrumb"},"inLanguage":"es","potentialAction":[{"@type":"ReadAction","target":["https:\/\/fadia.info\/index.php\/2026\/01\/09\/entrevista-de-c-de-material-electrico-andres-rodriguez-presidente-de-profeca-subraya-que-el-sector-de-las-instalaciones-ofrece-una-oportunidad-de-futuro-real\/"]}]},{"@type":"ImageObject","inLanguage":"es","@id":"https:\/\/fadia.info\/index.php\/2026\/01\/09\/entrevista-de-c-de-material-electrico-andres-rodriguez-presidente-de-profeca-subraya-que-el-sector-de-las-instalaciones-ofrece-una-oportunidad-de-futuro-real\/#primaryimage","url":"https:\/\/fadia.info\/wp-content\/uploads\/2026\/01\/Andres_rodriguez_presidente_profeca.png","contentUrl":"https:\/\/fadia.info\/wp-content\/uploads\/2026\/01\/Andres_rodriguez_presidente_profeca.png","width":1061,"height":627},{"@type":"BreadcrumbList","@id":"https:\/\/fadia.info\/index.php\/2026\/01\/09\/entrevista-de-c-de-material-electrico-andres-rodriguez-presidente-de-profeca-subraya-que-el-sector-de-las-instalaciones-ofrece-una-oportunidad-de-futuro-real\/#breadcrumb","itemListElement":[{"@type":"ListItem","position":1,"name":"Portada","item":"https:\/\/fadia.info\/"},{"@type":"ListItem","position":2,"name":"Entrevista de C de Material El\u00e9ctrico: Andr\u00e9s Rodr\u00edguez, presidente de Profeca, subraya que el sector de las instalaciones \u201cofrece una oportunidad de futuro real\u201d"}]},{"@type":"WebSite","@id":"https:\/\/fadia.info\/#website","url":"https:\/\/fadia.info\/","name":"Fadia","description":"","publisher":{"@id":"https:\/\/fadia.info\/#organization"},"alternateName":"Federaci\u00f3n de Asociaciones de Instaladores de Andaluc\u00eda","potentialAction":[{"@type":"SearchAction","target":{"@type":"EntryPoint","urlTemplate":"https:\/\/fadia.info\/?s={search_term_string}"},"query-input":{"@type":"PropertyValueSpecification","valueRequired":true,"valueName":"search_term_string"}}],"inLanguage":"es"},{"@type":"Organization","@id":"https:\/\/fadia.info\/#organization","name":"Federaci\u00f3n de Asociaciones de Instaladores de Andaluc\u00eda","alternateName":"FADIA","url":"https:\/\/fadia.info\/","logo":{"@type":"ImageObject","inLanguage":"es","@id":"https:\/\/fadia.info\/#\/schema\/logo\/image\/","url":"https:\/\/fadia.info\/wp-content\/uploads\/2023\/11\/logo_fadia.png","contentUrl":"https:\/\/fadia.info\/wp-content\/uploads\/2023\/11\/logo_fadia.png","width":619,"height":265,"caption":"Federaci\u00f3n de Asociaciones de Instaladores de Andaluc\u00eda"},"image":{"@id":"https:\/\/fadia.info\/#\/schema\/logo\/image\/"}},{"@type":"Person","@id":"https:\/\/fadia.info\/#\/schema\/person\/cdaf7b8ba0a834795f1121971cfaab26","name":"Miguel","image":{"@type":"ImageObject","inLanguage":"es","@id":"https:\/\/fadia.info\/#\/schema\/person\/image\/","url":"https:\/\/secure.gravatar.com\/avatar\/7f4e60b1e9fe9c37d925854cb71b1cb76e7cee4d38db28d6f7e8677375de1b8e?s=96&d=mm&r=g","contentUrl":"https:\/\/secure.gravatar.com\/avatar\/7f4e60b1e9fe9c37d925854cb71b1cb76e7cee4d38db28d6f7e8677375de1b8e?s=96&d=mm&r=g","caption":"Miguel"},"url":"https:\/\/fadia.info\/index.php\/author\/miguel\/"}]}},"_links":{"self":[{"href":"https:\/\/fadia.info\/index.php\/wp-json\/wp\/v2\/posts\/6734","targetHints":{"allow":["GET"]}}],"collection":[{"href":"https:\/\/fadia.info\/index.php\/wp-json\/wp\/v2\/posts"}],"about":[{"href":"https:\/\/fadia.info\/index.php\/wp-json\/wp\/v2\/types\/post"}],"author":[{"embeddable":true,"href":"https:\/\/fadia.info\/index.php\/wp-json\/wp\/v2\/users\/3"}],"replies":[{"embeddable":true,"href":"https:\/\/fadia.info\/index.php\/wp-json\/wp\/v2\/comments?post=6734"}],"version-history":[{"count":2,"href":"https:\/\/fadia.info\/index.php\/wp-json\/wp\/v2\/posts\/6734\/revisions"}],"predecessor-version":[{"id":6738,"href":"https:\/\/fadia.info\/index.php\/wp-json\/wp\/v2\/posts\/6734\/revisions\/6738"}],"wp:featuredmedia":[{"embeddable":true,"href":"https:\/\/fadia.info\/index.php\/wp-json\/wp\/v2\/media\/6735"}],"wp:attachment":[{"href":"https:\/\/fadia.info\/index.php\/wp-json\/wp\/v2\/media?parent=6734"}],"wp:term":[{"taxonomy":"category","embeddable":true,"href":"https:\/\/fadia.info\/index.php\/wp-json\/wp\/v2\/categories?post=6734"},{"taxonomy":"post_tag","embeddable":true,"href":"https:\/\/fadia.info\/index.php\/wp-json\/wp\/v2\/tags?post=6734"}],"curies":[{"name":"wp","href":"https:\/\/api.w.org\/{rel}","templated":true}]}}