{"id":6724,"date":"2025-12-24T11:04:11","date_gmt":"2025-12-24T11:04:11","guid":{"rendered":"https:\/\/fadia.info\/?p=6724"},"modified":"2025-12-24T11:16:46","modified_gmt":"2025-12-24T11:16:46","slug":"los-instaladores-se-mueven-para-regular-la-profesion-de-fontanero","status":"publish","type":"post","link":"https:\/\/fadia.info\/index.php\/2025\/12\/24\/los-instaladores-se-mueven-para-regular-la-profesion-de-fontanero\/","title":{"rendered":"Los instaladores se movilizan para regular la profesi\u00f3n de fontanero"},"content":{"rendered":"\n<p>Desde Fadia se han intensificado las conversaciones con la Junta de Andaluc\u00eda para regular este sector vital en nuestro d\u00eda a d\u00eda. La comisi\u00f3n de RITE de la Federaci\u00f3n est\u00e1 trabajando tambi\u00e9n con este fin. A estas actuaciones se suma la \u00faltima iniciativa de Conaif que junto a otras organizaciones ha solicitado la regulaci\u00f3n de la fontaner\u00eda en el nuevo C\u00f3digo T\u00e9cnico de la Edificaci\u00f3n.<\/p>\n\n\n\n<!--more-->\n\n\n\n<figure class=\"wp-block-image size-full\"><img loading=\"lazy\" decoding=\"async\" width=\"800\" height=\"531\" src=\"https:\/\/fadia.info\/wp-content\/uploads\/2025\/12\/propuesta-fontaneria.jpg\" alt=\"\" class=\"wp-image-6725\" srcset=\"https:\/\/fadia.info\/wp-content\/uploads\/2025\/12\/propuesta-fontaneria.jpg 800w, https:\/\/fadia.info\/wp-content\/uploads\/2025\/12\/propuesta-fontaneria-480x319.jpg 480w\" sizes=\"auto, (min-width: 0px) and (max-width: 480px) 480px, (min-width: 481px) 800px, 100vw\" \/><\/figure>\n\n\n\n<p>Los instaladores contin\u00faan moviliz\u00e1ndose para la regulaci\u00f3n de la fontaner\u00eda, siendo esta una actividad esencial para el correcto funcionamiento de nuestras ciudades e industrias. En este sentido, la comisi\u00f3n de RITE de Fadia se ha marcado entre sus objetivos la regulaci\u00f3n de este sector.  Una de las \u00faltimas actuaciones es la llevada a cabo por Conaif.<\/p>\n\n\n\n<p><strong>Conaif y otras organizaciones solicitan la regulaci\u00f3n<\/strong><\/p>\n\n\n\n<p>Once organizaciones empresariales y profesionales relacionadas con las instalaciones de agua y el saneamiento en las edificaciones han presentado una propuesta de enmienda al Proyecto de Real Decreto por el que se modifica el C\u00f3digo T\u00e9cnico de la Edificaci\u00f3n (CTE), para que este marco normativo incorpore en su nueva redacci\u00f3n la regulaci\u00f3n de la fontaner\u00eda como actividad profesional y, con ello, la obligaci\u00f3n de que sean instaladores habilitados quienes lleven a cabo la ejecuci\u00f3n, reparaci\u00f3n y mantenimiento de las instalaciones reguladas en el DB HS 4 Suministro de Agua y DB HS 5 Evacuaci\u00f3n de Aguas.<\/p>\n\n\n\n<p>Liderando esta acci\u00f3n, que busca garantizar la calidad, salubridad y seguridad de las instalaciones de agua, as\u00ed como mejorar la protecci\u00f3n de los consumidores; est\u00e1n las organizaciones e instituciones ANAIP-AseTUB, DAQUAS, AMASCAL, ANDIMAC, SERCOBE, AGRIVAL, CEPCO, CONAIF, CGCOII, COGITI y CSCAE.<\/p>\n\n\n\n<p>Todas estas entidades, y los colectivos profesionales y empresariales a los que representan, tienen inter\u00e9s en que la instalaci\u00f3n de sistemas de suministro y evacuaci\u00f3n de agua por parte de profesionales se articule en torno a un r\u00e9gimen de habilitaci\u00f3n por la incidencia directa que tiene en la seguridad y salud de los ciudadanos.<\/p>\n\n\n\n<p>Por ello, en la propuesta de enmienda presentada piden que sean empresas instaladoras habilitadas de fontaner\u00eda y saneamiento, constituidas legalmente, dadas de alta en el r\u00e9gimen de la Seguridad Social, con los medios t\u00e9cnicos y humanos necesarios para realizar la actividad y un seguro de responsabilidad civil suscrito, las que se ocupen de la ejecuci\u00f3n, mantenimiento y reparaci\u00f3n de las instalaciones de agua y redes de saneamiento.<\/p>\n\n\n\n<p>Solicitan tambi\u00e9n que el personal de dichas empresas instaladoras est\u00e9 debidamente formado, de acuerdo con unos contenidos m\u00ednimos establecidos, adem\u00e1s de capacitado para ejercer por alguna de las v\u00edas de acceso reconocidas en los reglamentos de seguridad industrial: t\u00edtulo universitario, F.P., certificado de profesionalidad, acreditaci\u00f3n por experiencia, entidad de certificaci\u00f3n de personas o cualificaci\u00f3n en otro pa\u00eds miembro de la Uni\u00f3n Europea.<\/p>\n\n\n\n<p>Asimismo, para la puesta en servicio o mantenimiento de las citadas instalaciones, solicitan que se exija un certificado de instalaci\u00f3n firmado por un instalador habilitado.<\/p>\n\n\n\n<p><strong>Tambi\u00e9n a nivel auton\u00f3mico<\/strong><\/p>\n\n\n\n<p>De modo complementario y en paralelo a esta propuesta, varias federaciones auton\u00f3micas y asociaciones provinciales de instaladores integradas en CONAIF, entre ellas Fadia, han presentado a las consejer\u00edas competentes de sus respectivas comunidades aut\u00f3nomas iniciativas similares de regulaci\u00f3n de la actividad.<\/p>\n\n\n\n<p>Las organizaciones que colaboran en esta iniciativa de \u00e1mbito nacional son la Asociaci\u00f3n Espa\u00f1ola de Industriales de Pl\u00e1sticos (ANAIP\/Grupo Sectorial de Tuber\u00edas Pl\u00e1sticas AseTUB), la Asociaci\u00f3n Espa\u00f1ola del Agua Urbana (DAQUAS), la Asociaci\u00f3n de Mayoristas de Saneamiento, Calefacci\u00f3n, Fontaner\u00eda, Gas, Aire Acondicionado y Afines (AMASCAL), la Asociaci\u00f3n Nacional de Distribuci\u00f3n Profesional de Materiales para la Edificaci\u00f3n y Rehabilitaci\u00f3n (ANDIMAC), la Asociaci\u00f3n Nacional de Fabricantes de Bienes de Equipo (SERCOBE), la Asociaci\u00f3n Nacional de Fabricantes de Grifer\u00eda y Valvuler\u00eda (AGRIVAL), la Confederaci\u00f3n Espa\u00f1ola de Asociaciones de Fabricantes de Productos de Construcci\u00f3n (CEPCO), la Confederaci\u00f3n Nacional de Asociaciones de Empresas Instaladoras y Mantenedoras de Energ\u00eda y Fluidos (CONAIF), el Consejo General de Colegios Oficiales de Ingenieros Industriales (CGCOII), el Consejo General de la Ingenier\u00eda T\u00e9cnica Industrial de Espa\u00f1a (COGITI) y el Consejo Superior de los Colegios de Arquitectos de Espa\u00f1a (CSCAE).<\/p>\n\n\n\n<p> <\/p>\n","protected":false},"excerpt":{"rendered":"<p>Desde Fadia se han intensificado las conversaciones con la Junta de Andaluc\u00eda para regular este sector vital en nuestro d\u00eda a d\u00eda. La comisi\u00f3n de RITE de la Federaci\u00f3n est\u00e1 [&hellip;]<\/p>\n","protected":false},"author":3,"featured_media":6725,"comment_status":"open","ping_status":"open","sticky":false,"template":"","format":"standard","meta":{"_et_pb_use_builder":"off","_et_pb_old_content":"","_et_gb_content_width":"","_monsterinsights_skip_tracking":false,"_monsterinsights_sitenote_active":false,"_monsterinsights_sitenote_note":"","_monsterinsights_sitenote_category":0,"footnotes":""},"categories":[4],"tags":[14,41,15],"class_list":["post-6724","post","type-post","status-publish","format-standard","has-post-thumbnail","hentry","category-fadia","tag-fadia","tag-fontaneria","tag-instaladores"],"yoast_head":"<!-- This site is optimized with the Yoast SEO plugin v24.2 - https:\/\/yoast.com\/wordpress\/plugins\/seo\/ -->\n<title>Los instaladores se movilizan para regular la profesi\u00f3n de fontanero - Fadia<\/title>\n<meta name=\"robots\" content=\"index, follow, max-snippet:-1, max-image-preview:large, max-video-preview:-1\" \/>\n<link rel=\"canonical\" href=\"https:\/\/fadia.info\/index.php\/2025\/12\/24\/los-instaladores-se-mueven-para-regular-la-profesion-de-fontanero\/\" \/>\n<meta property=\"og:locale\" content=\"es_ES\" \/>\n<meta property=\"og:type\" content=\"article\" \/>\n<meta property=\"og:title\" content=\"Los instaladores se movilizan para regular la profesi\u00f3n de fontanero - Fadia\" \/>\n<meta property=\"og:description\" content=\"Desde Fadia se han intensificado las conversaciones con la Junta de Andaluc\u00eda para regular este sector vital en nuestro d\u00eda a d\u00eda. La comisi\u00f3n de RITE de la Federaci\u00f3n est\u00e1 [&hellip;]\" \/>\n<meta property=\"og:url\" content=\"https:\/\/fadia.info\/index.php\/2025\/12\/24\/los-instaladores-se-mueven-para-regular-la-profesion-de-fontanero\/\" \/>\n<meta property=\"og:site_name\" content=\"Fadia\" \/>\n<meta property=\"article:published_time\" content=\"2025-12-24T11:04:11+00:00\" \/>\n<meta property=\"article:modified_time\" content=\"2025-12-24T11:16:46+00:00\" \/>\n<meta property=\"og:image\" content=\"https:\/\/fadia.info\/wp-content\/uploads\/2025\/12\/propuesta-fontaneria.jpg\" \/>\n\t<meta property=\"og:image:width\" content=\"800\" \/>\n\t<meta property=\"og:image:height\" content=\"531\" \/>\n\t<meta property=\"og:image:type\" content=\"image\/jpeg\" \/>\n<meta name=\"author\" content=\"Miguel\" \/>\n<meta name=\"twitter:card\" content=\"summary_large_image\" \/>\n<meta name=\"twitter:label1\" content=\"Escrito por\" \/>\n\t<meta name=\"twitter:data1\" content=\"Miguel\" \/>\n\t<meta name=\"twitter:label2\" content=\"Tiempo de lectura\" \/>\n\t<meta name=\"twitter:data2\" content=\"4 minutos\" \/>\n<script type=\"application\/ld+json\" class=\"yoast-schema-graph\">{\"@context\":\"https:\/\/schema.org\",\"@graph\":[{\"@type\":\"Article\",\"@id\":\"https:\/\/fadia.info\/index.php\/2025\/12\/24\/los-instaladores-se-mueven-para-regular-la-profesion-de-fontanero\/#article\",\"isPartOf\":{\"@id\":\"https:\/\/fadia.info\/index.php\/2025\/12\/24\/los-instaladores-se-mueven-para-regular-la-profesion-de-fontanero\/\"},\"author\":{\"name\":\"Miguel\",\"@id\":\"https:\/\/fadia.info\/#\/schema\/person\/cdaf7b8ba0a834795f1121971cfaab26\"},\"headline\":\"Los instaladores se movilizan para regular la profesi\u00f3n de fontanero\",\"datePublished\":\"2025-12-24T11:04:11+00:00\",\"dateModified\":\"2025-12-24T11:16:46+00:00\",\"mainEntityOfPage\":{\"@id\":\"https:\/\/fadia.info\/index.php\/2025\/12\/24\/los-instaladores-se-mueven-para-regular-la-profesion-de-fontanero\/\"},\"wordCount\":753,\"commentCount\":0,\"publisher\":{\"@id\":\"https:\/\/fadia.info\/#organization\"},\"image\":{\"@id\":\"https:\/\/fadia.info\/index.php\/2025\/12\/24\/los-instaladores-se-mueven-para-regular-la-profesion-de-fontanero\/#primaryimage\"},\"thumbnailUrl\":\"https:\/\/fadia.info\/wp-content\/uploads\/2025\/12\/propuesta-fontaneria.jpg\",\"keywords\":[\"FADIA\",\"fontaner\u00eda\",\"INSTALADORES\"],\"articleSection\":[\"FADIA\"],\"inLanguage\":\"es\",\"potentialAction\":[{\"@type\":\"CommentAction\",\"name\":\"Comment\",\"target\":[\"https:\/\/fadia.info\/index.php\/2025\/12\/24\/los-instaladores-se-mueven-para-regular-la-profesion-de-fontanero\/#respond\"]}]},{\"@type\":\"WebPage\",\"@id\":\"https:\/\/fadia.info\/index.php\/2025\/12\/24\/los-instaladores-se-mueven-para-regular-la-profesion-de-fontanero\/\",\"url\":\"https:\/\/fadia.info\/index.php\/2025\/12\/24\/los-instaladores-se-mueven-para-regular-la-profesion-de-fontanero\/\",\"name\":\"Los instaladores se movilizan para regular la profesi\u00f3n de fontanero - Fadia\",\"isPartOf\":{\"@id\":\"https:\/\/fadia.info\/#website\"},\"primaryImageOfPage\":{\"@id\":\"https:\/\/fadia.info\/index.php\/2025\/12\/24\/los-instaladores-se-mueven-para-regular-la-profesion-de-fontanero\/#primaryimage\"},\"image\":{\"@id\":\"https:\/\/fadia.info\/index.php\/2025\/12\/24\/los-instaladores-se-mueven-para-regular-la-profesion-de-fontanero\/#primaryimage\"},\"thumbnailUrl\":\"https:\/\/fadia.info\/wp-content\/uploads\/2025\/12\/propuesta-fontaneria.jpg\",\"datePublished\":\"2025-12-24T11:04:11+00:00\",\"dateModified\":\"2025-12-24T11:16:46+00:00\",\"breadcrumb\":{\"@id\":\"https:\/\/fadia.info\/index.php\/2025\/12\/24\/los-instaladores-se-mueven-para-regular-la-profesion-de-fontanero\/#breadcrumb\"},\"inLanguage\":\"es\",\"potentialAction\":[{\"@type\":\"ReadAction\",\"target\":[\"https:\/\/fadia.info\/index.php\/2025\/12\/24\/los-instaladores-se-mueven-para-regular-la-profesion-de-fontanero\/\"]}]},{\"@type\":\"ImageObject\",\"inLanguage\":\"es\",\"@id\":\"https:\/\/fadia.info\/index.php\/2025\/12\/24\/los-instaladores-se-mueven-para-regular-la-profesion-de-fontanero\/#primaryimage\",\"url\":\"https:\/\/fadia.info\/wp-content\/uploads\/2025\/12\/propuesta-fontaneria.jpg\",\"contentUrl\":\"https:\/\/fadia.info\/wp-content\/uploads\/2025\/12\/propuesta-fontaneria.jpg\",\"width\":800,\"height\":531},{\"@type\":\"BreadcrumbList\",\"@id\":\"https:\/\/fadia.info\/index.php\/2025\/12\/24\/los-instaladores-se-mueven-para-regular-la-profesion-de-fontanero\/#breadcrumb\",\"itemListElement\":[{\"@type\":\"ListItem\",\"position\":1,\"name\":\"Portada\",\"item\":\"https:\/\/fadia.info\/\"},{\"@type\":\"ListItem\",\"position\":2,\"name\":\"Los instaladores se movilizan para regular la profesi\u00f3n de fontanero\"}]},{\"@type\":\"WebSite\",\"@id\":\"https:\/\/fadia.info\/#website\",\"url\":\"https:\/\/fadia.info\/\",\"name\":\"Fadia\",\"description\":\"\",\"publisher\":{\"@id\":\"https:\/\/fadia.info\/#organization\"},\"alternateName\":\"Federaci\u00f3n de Asociaciones de Instaladores de Andaluc\u00eda\",\"potentialAction\":[{\"@type\":\"SearchAction\",\"target\":{\"@type\":\"EntryPoint\",\"urlTemplate\":\"https:\/\/fadia.info\/?s={search_term_string}\"},\"query-input\":{\"@type\":\"PropertyValueSpecification\",\"valueRequired\":true,\"valueName\":\"search_term_string\"}}],\"inLanguage\":\"es\"},{\"@type\":\"Organization\",\"@id\":\"https:\/\/fadia.info\/#organization\",\"name\":\"Federaci\u00f3n de Asociaciones de Instaladores de Andaluc\u00eda\",\"alternateName\":\"FADIA\",\"url\":\"https:\/\/fadia.info\/\",\"logo\":{\"@type\":\"ImageObject\",\"inLanguage\":\"es\",\"@id\":\"https:\/\/fadia.info\/#\/schema\/logo\/image\/\",\"url\":\"https:\/\/fadia.info\/wp-content\/uploads\/2023\/11\/logo_fadia.png\",\"contentUrl\":\"https:\/\/fadia.info\/wp-content\/uploads\/2023\/11\/logo_fadia.png\",\"width\":619,\"height\":265,\"caption\":\"Federaci\u00f3n de Asociaciones de Instaladores de Andaluc\u00eda\"},\"image\":{\"@id\":\"https:\/\/fadia.info\/#\/schema\/logo\/image\/\"}},{\"@type\":\"Person\",\"@id\":\"https:\/\/fadia.info\/#\/schema\/person\/cdaf7b8ba0a834795f1121971cfaab26\",\"name\":\"Miguel\",\"image\":{\"@type\":\"ImageObject\",\"inLanguage\":\"es\",\"@id\":\"https:\/\/fadia.info\/#\/schema\/person\/image\/\",\"url\":\"https:\/\/secure.gravatar.com\/avatar\/7f4e60b1e9fe9c37d925854cb71b1cb76e7cee4d38db28d6f7e8677375de1b8e?s=96&d=mm&r=g\",\"contentUrl\":\"https:\/\/secure.gravatar.com\/avatar\/7f4e60b1e9fe9c37d925854cb71b1cb76e7cee4d38db28d6f7e8677375de1b8e?s=96&d=mm&r=g\",\"caption\":\"Miguel\"},\"url\":\"https:\/\/fadia.info\/index.php\/author\/miguel\/\"}]}<\/script>\n<!-- \/ Yoast SEO plugin. -->","yoast_head_json":{"title":"Los instaladores se movilizan para regular la profesi\u00f3n de fontanero - Fadia","robots":{"index":"index","follow":"follow","max-snippet":"max-snippet:-1","max-image-preview":"max-image-preview:large","max-video-preview":"max-video-preview:-1"},"canonical":"https:\/\/fadia.info\/index.php\/2025\/12\/24\/los-instaladores-se-mueven-para-regular-la-profesion-de-fontanero\/","og_locale":"es_ES","og_type":"article","og_title":"Los instaladores se movilizan para regular la profesi\u00f3n de fontanero - Fadia","og_description":"Desde Fadia se han intensificado las conversaciones con la Junta de Andaluc\u00eda para regular este sector vital en nuestro d\u00eda a d\u00eda. La comisi\u00f3n de RITE de la Federaci\u00f3n est\u00e1 [&hellip;]","og_url":"https:\/\/fadia.info\/index.php\/2025\/12\/24\/los-instaladores-se-mueven-para-regular-la-profesion-de-fontanero\/","og_site_name":"Fadia","article_published_time":"2025-12-24T11:04:11+00:00","article_modified_time":"2025-12-24T11:16:46+00:00","og_image":[{"width":800,"height":531,"url":"https:\/\/fadia.info\/wp-content\/uploads\/2025\/12\/propuesta-fontaneria.jpg","type":"image\/jpeg"}],"author":"Miguel","twitter_card":"summary_large_image","twitter_misc":{"Escrito por":"Miguel","Tiempo de lectura":"4 minutos"},"schema":{"@context":"https:\/\/schema.org","@graph":[{"@type":"Article","@id":"https:\/\/fadia.info\/index.php\/2025\/12\/24\/los-instaladores-se-mueven-para-regular-la-profesion-de-fontanero\/#article","isPartOf":{"@id":"https:\/\/fadia.info\/index.php\/2025\/12\/24\/los-instaladores-se-mueven-para-regular-la-profesion-de-fontanero\/"},"author":{"name":"Miguel","@id":"https:\/\/fadia.info\/#\/schema\/person\/cdaf7b8ba0a834795f1121971cfaab26"},"headline":"Los instaladores se movilizan para regular la profesi\u00f3n de fontanero","datePublished":"2025-12-24T11:04:11+00:00","dateModified":"2025-12-24T11:16:46+00:00","mainEntityOfPage":{"@id":"https:\/\/fadia.info\/index.php\/2025\/12\/24\/los-instaladores-se-mueven-para-regular-la-profesion-de-fontanero\/"},"wordCount":753,"commentCount":0,"publisher":{"@id":"https:\/\/fadia.info\/#organization"},"image":{"@id":"https:\/\/fadia.info\/index.php\/2025\/12\/24\/los-instaladores-se-mueven-para-regular-la-profesion-de-fontanero\/#primaryimage"},"thumbnailUrl":"https:\/\/fadia.info\/wp-content\/uploads\/2025\/12\/propuesta-fontaneria.jpg","keywords":["FADIA","fontaner\u00eda","INSTALADORES"],"articleSection":["FADIA"],"inLanguage":"es","potentialAction":[{"@type":"CommentAction","name":"Comment","target":["https:\/\/fadia.info\/index.php\/2025\/12\/24\/los-instaladores-se-mueven-para-regular-la-profesion-de-fontanero\/#respond"]}]},{"@type":"WebPage","@id":"https:\/\/fadia.info\/index.php\/2025\/12\/24\/los-instaladores-se-mueven-para-regular-la-profesion-de-fontanero\/","url":"https:\/\/fadia.info\/index.php\/2025\/12\/24\/los-instaladores-se-mueven-para-regular-la-profesion-de-fontanero\/","name":"Los instaladores se movilizan para regular la profesi\u00f3n de fontanero - Fadia","isPartOf":{"@id":"https:\/\/fadia.info\/#website"},"primaryImageOfPage":{"@id":"https:\/\/fadia.info\/index.php\/2025\/12\/24\/los-instaladores-se-mueven-para-regular-la-profesion-de-fontanero\/#primaryimage"},"image":{"@id":"https:\/\/fadia.info\/index.php\/2025\/12\/24\/los-instaladores-se-mueven-para-regular-la-profesion-de-fontanero\/#primaryimage"},"thumbnailUrl":"https:\/\/fadia.info\/wp-content\/uploads\/2025\/12\/propuesta-fontaneria.jpg","datePublished":"2025-12-24T11:04:11+00:00","dateModified":"2025-12-24T11:16:46+00:00","breadcrumb":{"@id":"https:\/\/fadia.info\/index.php\/2025\/12\/24\/los-instaladores-se-mueven-para-regular-la-profesion-de-fontanero\/#breadcrumb"},"inLanguage":"es","potentialAction":[{"@type":"ReadAction","target":["https:\/\/fadia.info\/index.php\/2025\/12\/24\/los-instaladores-se-mueven-para-regular-la-profesion-de-fontanero\/"]}]},{"@type":"ImageObject","inLanguage":"es","@id":"https:\/\/fadia.info\/index.php\/2025\/12\/24\/los-instaladores-se-mueven-para-regular-la-profesion-de-fontanero\/#primaryimage","url":"https:\/\/fadia.info\/wp-content\/uploads\/2025\/12\/propuesta-fontaneria.jpg","contentUrl":"https:\/\/fadia.info\/wp-content\/uploads\/2025\/12\/propuesta-fontaneria.jpg","width":800,"height":531},{"@type":"BreadcrumbList","@id":"https:\/\/fadia.info\/index.php\/2025\/12\/24\/los-instaladores-se-mueven-para-regular-la-profesion-de-fontanero\/#breadcrumb","itemListElement":[{"@type":"ListItem","position":1,"name":"Portada","item":"https:\/\/fadia.info\/"},{"@type":"ListItem","position":2,"name":"Los instaladores se movilizan para regular la profesi\u00f3n de fontanero"}]},{"@type":"WebSite","@id":"https:\/\/fadia.info\/#website","url":"https:\/\/fadia.info\/","name":"Fadia","description":"","publisher":{"@id":"https:\/\/fadia.info\/#organization"},"alternateName":"Federaci\u00f3n de Asociaciones de Instaladores de Andaluc\u00eda","potentialAction":[{"@type":"SearchAction","target":{"@type":"EntryPoint","urlTemplate":"https:\/\/fadia.info\/?s={search_term_string}"},"query-input":{"@type":"PropertyValueSpecification","valueRequired":true,"valueName":"search_term_string"}}],"inLanguage":"es"},{"@type":"Organization","@id":"https:\/\/fadia.info\/#organization","name":"Federaci\u00f3n de Asociaciones de Instaladores de Andaluc\u00eda","alternateName":"FADIA","url":"https:\/\/fadia.info\/","logo":{"@type":"ImageObject","inLanguage":"es","@id":"https:\/\/fadia.info\/#\/schema\/logo\/image\/","url":"https:\/\/fadia.info\/wp-content\/uploads\/2023\/11\/logo_fadia.png","contentUrl":"https:\/\/fadia.info\/wp-content\/uploads\/2023\/11\/logo_fadia.png","width":619,"height":265,"caption":"Federaci\u00f3n de Asociaciones de Instaladores de Andaluc\u00eda"},"image":{"@id":"https:\/\/fadia.info\/#\/schema\/logo\/image\/"}},{"@type":"Person","@id":"https:\/\/fadia.info\/#\/schema\/person\/cdaf7b8ba0a834795f1121971cfaab26","name":"Miguel","image":{"@type":"ImageObject","inLanguage":"es","@id":"https:\/\/fadia.info\/#\/schema\/person\/image\/","url":"https:\/\/secure.gravatar.com\/avatar\/7f4e60b1e9fe9c37d925854cb71b1cb76e7cee4d38db28d6f7e8677375de1b8e?s=96&d=mm&r=g","contentUrl":"https:\/\/secure.gravatar.com\/avatar\/7f4e60b1e9fe9c37d925854cb71b1cb76e7cee4d38db28d6f7e8677375de1b8e?s=96&d=mm&r=g","caption":"Miguel"},"url":"https:\/\/fadia.info\/index.php\/author\/miguel\/"}]}},"_links":{"self":[{"href":"https:\/\/fadia.info\/index.php\/wp-json\/wp\/v2\/posts\/6724","targetHints":{"allow":["GET"]}}],"collection":[{"href":"https:\/\/fadia.info\/index.php\/wp-json\/wp\/v2\/posts"}],"about":[{"href":"https:\/\/fadia.info\/index.php\/wp-json\/wp\/v2\/types\/post"}],"author":[{"embeddable":true,"href":"https:\/\/fadia.info\/index.php\/wp-json\/wp\/v2\/users\/3"}],"replies":[{"embeddable":true,"href":"https:\/\/fadia.info\/index.php\/wp-json\/wp\/v2\/comments?post=6724"}],"version-history":[{"count":3,"href":"https:\/\/fadia.info\/index.php\/wp-json\/wp\/v2\/posts\/6724\/revisions"}],"predecessor-version":[{"id":6729,"href":"https:\/\/fadia.info\/index.php\/wp-json\/wp\/v2\/posts\/6724\/revisions\/6729"}],"wp:featuredmedia":[{"embeddable":true,"href":"https:\/\/fadia.info\/index.php\/wp-json\/wp\/v2\/media\/6725"}],"wp:attachment":[{"href":"https:\/\/fadia.info\/index.php\/wp-json\/wp\/v2\/media?parent=6724"}],"wp:term":[{"taxonomy":"category","embeddable":true,"href":"https:\/\/fadia.info\/index.php\/wp-json\/wp\/v2\/categories?post=6724"},{"taxonomy":"post_tag","embeddable":true,"href":"https:\/\/fadia.info\/index.php\/wp-json\/wp\/v2\/tags?post=6724"}],"curies":[{"name":"wp","href":"https:\/\/api.w.org\/{rel}","templated":true}]}}