{"id":6707,"date":"2025-12-12T06:50:44","date_gmt":"2025-12-12T06:50:44","guid":{"rendered":"https:\/\/fadia.info\/?p=6707"},"modified":"2025-12-13T11:44:38","modified_gmt":"2025-12-13T11:44:38","slug":"la-junta-directiva-de-fadia-se-reune-en-sevilla-para-reforzar-la-coordinacion-del-sector-instalador-andaluz","status":"publish","type":"post","link":"https:\/\/fadia.info\/index.php\/2025\/12\/12\/la-junta-directiva-de-fadia-se-reune-en-sevilla-para-reforzar-la-coordinacion-del-sector-instalador-andaluz\/","title":{"rendered":"La Junta Directiva de FADIA se re\u00fane en Sevilla para reforzar la coordinaci\u00f3n del sector instalador andaluz"},"content":{"rendered":"\n<p>La Federaci\u00f3n de Asociaciones de Empresas Instaladoras de Andaluc\u00eda (FADIA) celebr\u00f3 en Sevilla su reuni\u00f3n de Junta Directiva, un encuentro que tuvo lugar en la sede de Epyme y que cont\u00f3 con la participaci\u00f3n de representantes de todas las asociaciones provinciales andaluzas.<\/p>\n\n\n\n<!--more-->\n\n\n\n<figure class=\"wp-block-image size-large\"><img loading=\"lazy\" decoding=\"async\" width=\"1024\" height=\"768\" src=\"https:\/\/fadia.info\/wp-content\/uploads\/2025\/12\/junta_fadia_25-1024x768.jpeg\" alt=\"\" class=\"wp-image-6708\" srcset=\"https:\/\/fadia.info\/wp-content\/uploads\/2025\/12\/junta_fadia_25-980x735.jpeg 980w, https:\/\/fadia.info\/wp-content\/uploads\/2025\/12\/junta_fadia_25-480x360.jpeg 480w\" sizes=\"auto, (min-width: 0px) and (max-width: 480px) 480px, (min-width: 481px) and (max-width: 980px) 980px, (min-width: 981px) 1024px, 100vw\" \/><\/figure>\n\n\n\n<p><\/p>\n\n\n\n<p>Durante la sesi\u00f3n se abordaron las principales l\u00edneas estrat\u00e9gicas para los pr\u00f3ximos meses, con especial atenci\u00f3n a la celebraci\u00f3n de la Feria y Congreso de los instaladores Fadia-26. Tambi\u00e9n se debatieron los retos regulatorios que afectan al sector en materia de energ\u00eda, electricidad y climatizaci\u00f3n. Las asociaciones coincidieron en la necesidad de fortalecer la uni\u00f3n del tejido empresarial andaluz para afrontar con garant\u00edas los cambios tecnol\u00f3gicos y normativos.<\/p>\n\n\n\n<p>La reuni\u00f3n tambi\u00e9n sirvi\u00f3 para poner en com\u00fan iniciativas provinciales y avanzar en proyectos conjuntos orientados a mejorar la competitividad y visibilidad del sector. Desde FADIA se destac\u00f3 la importancia de mantener una comunicaci\u00f3n fluida entre las diferentes asociaciones para garantizar una representaci\u00f3n s\u00f3lida ante las administraciones p\u00fablicas y los agentes del sector.<\/p>\n\n\n\n<p>En el apartado de ruegos y preguntas se denunci\u00f3 el da\u00f1o reputacional causado por el uso del t\u00e9rmino \u201cfontanero\/a\u201d vinculado a corrupci\u00f3n y manipulaci\u00f3n en los medios de comunicaci\u00f3n. Para ello, desde la Federaci\u00f3n y sus asociaciones, se har\u00e1 un llamamiento a los medios locales para que eviten, en la medida de lo posible, el uso de este t\u00e9rmino en los contextos antes indicados.<\/p>\n\n\n\n<p>El encuentro finaliz\u00f3 con el compromiso de seguir impulsando acciones coordinadas que favorezcan el crecimiento y profesionalizaci\u00f3n de las empresas instaladoras andaluzas.<\/p>\n","protected":false},"excerpt":{"rendered":"<p>La Federaci\u00f3n de Asociaciones de Empresas Instaladoras de Andaluc\u00eda (FADIA) celebr\u00f3 en Sevilla su reuni\u00f3n de Junta Directiva, un encuentro que tuvo lugar en la sede de Epyme y que [&hellip;]<\/p>\n","protected":false},"author":3,"featured_media":6708,"comment_status":"open","ping_status":"open","sticky":false,"template":"","format":"standard","meta":{"_et_pb_use_builder":"off","_et_pb_old_content":"","_et_gb_content_width":"","_monsterinsights_skip_tracking":false,"_monsterinsights_sitenote_active":false,"_monsterinsights_sitenote_note":"","_monsterinsights_sitenote_category":0,"footnotes":""},"categories":[4],"tags":[],"class_list":["post-6707","post","type-post","status-publish","format-standard","has-post-thumbnail","hentry","category-fadia"],"yoast_head":"<!-- This site is optimized with the Yoast SEO plugin v24.2 - https:\/\/yoast.com\/wordpress\/plugins\/seo\/ -->\n<title>La Junta Directiva de FADIA se re\u00fane en Sevilla para reforzar la coordinaci\u00f3n del sector instalador andaluz - Fadia<\/title>\n<meta name=\"robots\" content=\"index, follow, max-snippet:-1, max-image-preview:large, max-video-preview:-1\" \/>\n<link rel=\"canonical\" href=\"https:\/\/fadia.info\/index.php\/2025\/12\/12\/la-junta-directiva-de-fadia-se-reune-en-sevilla-para-reforzar-la-coordinacion-del-sector-instalador-andaluz\/\" \/>\n<meta property=\"og:locale\" content=\"es_ES\" \/>\n<meta property=\"og:type\" content=\"article\" \/>\n<meta property=\"og:title\" content=\"La Junta Directiva de FADIA se re\u00fane en Sevilla para reforzar la coordinaci\u00f3n del sector instalador andaluz - Fadia\" \/>\n<meta property=\"og:description\" content=\"La Federaci\u00f3n de Asociaciones de Empresas Instaladoras de Andaluc\u00eda (FADIA) celebr\u00f3 en Sevilla su reuni\u00f3n de Junta Directiva, un encuentro que tuvo lugar en la sede de Epyme y que [&hellip;]\" \/>\n<meta property=\"og:url\" content=\"https:\/\/fadia.info\/index.php\/2025\/12\/12\/la-junta-directiva-de-fadia-se-reune-en-sevilla-para-reforzar-la-coordinacion-del-sector-instalador-andaluz\/\" \/>\n<meta property=\"og:site_name\" content=\"Fadia\" \/>\n<meta property=\"article:published_time\" content=\"2025-12-12T06:50:44+00:00\" \/>\n<meta property=\"article:modified_time\" content=\"2025-12-13T11:44:38+00:00\" \/>\n<meta property=\"og:image\" content=\"https:\/\/fadia.info\/wp-content\/uploads\/2025\/12\/junta_fadia_25.jpeg\" \/>\n\t<meta property=\"og:image:width\" content=\"1600\" \/>\n\t<meta property=\"og:image:height\" content=\"1200\" \/>\n\t<meta property=\"og:image:type\" content=\"image\/jpeg\" \/>\n<meta name=\"author\" content=\"Miguel\" \/>\n<meta name=\"twitter:card\" content=\"summary_large_image\" \/>\n<meta name=\"twitter:label1\" content=\"Escrito por\" \/>\n\t<meta name=\"twitter:data1\" content=\"Miguel\" \/>\n\t<meta name=\"twitter:label2\" content=\"Tiempo de lectura\" \/>\n\t<meta name=\"twitter:data2\" content=\"2 minutos\" \/>\n<script type=\"application\/ld+json\" class=\"yoast-schema-graph\">{\"@context\":\"https:\/\/schema.org\",\"@graph\":[{\"@type\":\"Article\",\"@id\":\"https:\/\/fadia.info\/index.php\/2025\/12\/12\/la-junta-directiva-de-fadia-se-reune-en-sevilla-para-reforzar-la-coordinacion-del-sector-instalador-andaluz\/#article\",\"isPartOf\":{\"@id\":\"https:\/\/fadia.info\/index.php\/2025\/12\/12\/la-junta-directiva-de-fadia-se-reune-en-sevilla-para-reforzar-la-coordinacion-del-sector-instalador-andaluz\/\"},\"author\":{\"name\":\"Miguel\",\"@id\":\"https:\/\/fadia.info\/#\/schema\/person\/cdaf7b8ba0a834795f1121971cfaab26\"},\"headline\":\"La Junta Directiva de FADIA se re\u00fane en Sevilla para reforzar la coordinaci\u00f3n del sector instalador andaluz\",\"datePublished\":\"2025-12-12T06:50:44+00:00\",\"dateModified\":\"2025-12-13T11:44:38+00:00\",\"mainEntityOfPage\":{\"@id\":\"https:\/\/fadia.info\/index.php\/2025\/12\/12\/la-junta-directiva-de-fadia-se-reune-en-sevilla-para-reforzar-la-coordinacion-del-sector-instalador-andaluz\/\"},\"wordCount\":300,\"commentCount\":0,\"publisher\":{\"@id\":\"https:\/\/fadia.info\/#organization\"},\"image\":{\"@id\":\"https:\/\/fadia.info\/index.php\/2025\/12\/12\/la-junta-directiva-de-fadia-se-reune-en-sevilla-para-reforzar-la-coordinacion-del-sector-instalador-andaluz\/#primaryimage\"},\"thumbnailUrl\":\"https:\/\/fadia.info\/wp-content\/uploads\/2025\/12\/junta_fadia_25.jpeg\",\"articleSection\":[\"FADIA\"],\"inLanguage\":\"es\",\"potentialAction\":[{\"@type\":\"CommentAction\",\"name\":\"Comment\",\"target\":[\"https:\/\/fadia.info\/index.php\/2025\/12\/12\/la-junta-directiva-de-fadia-se-reune-en-sevilla-para-reforzar-la-coordinacion-del-sector-instalador-andaluz\/#respond\"]}]},{\"@type\":\"WebPage\",\"@id\":\"https:\/\/fadia.info\/index.php\/2025\/12\/12\/la-junta-directiva-de-fadia-se-reune-en-sevilla-para-reforzar-la-coordinacion-del-sector-instalador-andaluz\/\",\"url\":\"https:\/\/fadia.info\/index.php\/2025\/12\/12\/la-junta-directiva-de-fadia-se-reune-en-sevilla-para-reforzar-la-coordinacion-del-sector-instalador-andaluz\/\",\"name\":\"La Junta Directiva de FADIA se re\u00fane en Sevilla para reforzar la coordinaci\u00f3n del sector instalador andaluz - Fadia\",\"isPartOf\":{\"@id\":\"https:\/\/fadia.info\/#website\"},\"primaryImageOfPage\":{\"@id\":\"https:\/\/fadia.info\/index.php\/2025\/12\/12\/la-junta-directiva-de-fadia-se-reune-en-sevilla-para-reforzar-la-coordinacion-del-sector-instalador-andaluz\/#primaryimage\"},\"image\":{\"@id\":\"https:\/\/fadia.info\/index.php\/2025\/12\/12\/la-junta-directiva-de-fadia-se-reune-en-sevilla-para-reforzar-la-coordinacion-del-sector-instalador-andaluz\/#primaryimage\"},\"thumbnailUrl\":\"https:\/\/fadia.info\/wp-content\/uploads\/2025\/12\/junta_fadia_25.jpeg\",\"datePublished\":\"2025-12-12T06:50:44+00:00\",\"dateModified\":\"2025-12-13T11:44:38+00:00\",\"breadcrumb\":{\"@id\":\"https:\/\/fadia.info\/index.php\/2025\/12\/12\/la-junta-directiva-de-fadia-se-reune-en-sevilla-para-reforzar-la-coordinacion-del-sector-instalador-andaluz\/#breadcrumb\"},\"inLanguage\":\"es\",\"potentialAction\":[{\"@type\":\"ReadAction\",\"target\":[\"https:\/\/fadia.info\/index.php\/2025\/12\/12\/la-junta-directiva-de-fadia-se-reune-en-sevilla-para-reforzar-la-coordinacion-del-sector-instalador-andaluz\/\"]}]},{\"@type\":\"ImageObject\",\"inLanguage\":\"es\",\"@id\":\"https:\/\/fadia.info\/index.php\/2025\/12\/12\/la-junta-directiva-de-fadia-se-reune-en-sevilla-para-reforzar-la-coordinacion-del-sector-instalador-andaluz\/#primaryimage\",\"url\":\"https:\/\/fadia.info\/wp-content\/uploads\/2025\/12\/junta_fadia_25.jpeg\",\"contentUrl\":\"https:\/\/fadia.info\/wp-content\/uploads\/2025\/12\/junta_fadia_25.jpeg\",\"width\":1600,\"height\":1200},{\"@type\":\"BreadcrumbList\",\"@id\":\"https:\/\/fadia.info\/index.php\/2025\/12\/12\/la-junta-directiva-de-fadia-se-reune-en-sevilla-para-reforzar-la-coordinacion-del-sector-instalador-andaluz\/#breadcrumb\",\"itemListElement\":[{\"@type\":\"ListItem\",\"position\":1,\"name\":\"Portada\",\"item\":\"https:\/\/fadia.info\/\"},{\"@type\":\"ListItem\",\"position\":2,\"name\":\"La Junta Directiva de FADIA se re\u00fane en Sevilla para reforzar la coordinaci\u00f3n del sector instalador andaluz\"}]},{\"@type\":\"WebSite\",\"@id\":\"https:\/\/fadia.info\/#website\",\"url\":\"https:\/\/fadia.info\/\",\"name\":\"Fadia\",\"description\":\"\",\"publisher\":{\"@id\":\"https:\/\/fadia.info\/#organization\"},\"alternateName\":\"Federaci\u00f3n de Asociaciones de Instaladores de Andaluc\u00eda\",\"potentialAction\":[{\"@type\":\"SearchAction\",\"target\":{\"@type\":\"EntryPoint\",\"urlTemplate\":\"https:\/\/fadia.info\/?s={search_term_string}\"},\"query-input\":{\"@type\":\"PropertyValueSpecification\",\"valueRequired\":true,\"valueName\":\"search_term_string\"}}],\"inLanguage\":\"es\"},{\"@type\":\"Organization\",\"@id\":\"https:\/\/fadia.info\/#organization\",\"name\":\"Federaci\u00f3n de Asociaciones de Instaladores de Andaluc\u00eda\",\"alternateName\":\"FADIA\",\"url\":\"https:\/\/fadia.info\/\",\"logo\":{\"@type\":\"ImageObject\",\"inLanguage\":\"es\",\"@id\":\"https:\/\/fadia.info\/#\/schema\/logo\/image\/\",\"url\":\"https:\/\/fadia.info\/wp-content\/uploads\/2023\/11\/logo_fadia.png\",\"contentUrl\":\"https:\/\/fadia.info\/wp-content\/uploads\/2023\/11\/logo_fadia.png\",\"width\":619,\"height\":265,\"caption\":\"Federaci\u00f3n de Asociaciones de Instaladores de Andaluc\u00eda\"},\"image\":{\"@id\":\"https:\/\/fadia.info\/#\/schema\/logo\/image\/\"}},{\"@type\":\"Person\",\"@id\":\"https:\/\/fadia.info\/#\/schema\/person\/cdaf7b8ba0a834795f1121971cfaab26\",\"name\":\"Miguel\",\"image\":{\"@type\":\"ImageObject\",\"inLanguage\":\"es\",\"@id\":\"https:\/\/fadia.info\/#\/schema\/person\/image\/\",\"url\":\"https:\/\/secure.gravatar.com\/avatar\/7f4e60b1e9fe9c37d925854cb71b1cb76e7cee4d38db28d6f7e8677375de1b8e?s=96&d=mm&r=g\",\"contentUrl\":\"https:\/\/secure.gravatar.com\/avatar\/7f4e60b1e9fe9c37d925854cb71b1cb76e7cee4d38db28d6f7e8677375de1b8e?s=96&d=mm&r=g\",\"caption\":\"Miguel\"},\"url\":\"https:\/\/fadia.info\/index.php\/author\/miguel\/\"}]}<\/script>\n<!-- \/ Yoast SEO plugin. -->","yoast_head_json":{"title":"La Junta Directiva de FADIA se re\u00fane en Sevilla para reforzar la coordinaci\u00f3n del sector instalador andaluz - Fadia","robots":{"index":"index","follow":"follow","max-snippet":"max-snippet:-1","max-image-preview":"max-image-preview:large","max-video-preview":"max-video-preview:-1"},"canonical":"https:\/\/fadia.info\/index.php\/2025\/12\/12\/la-junta-directiva-de-fadia-se-reune-en-sevilla-para-reforzar-la-coordinacion-del-sector-instalador-andaluz\/","og_locale":"es_ES","og_type":"article","og_title":"La Junta Directiva de FADIA se re\u00fane en Sevilla para reforzar la coordinaci\u00f3n del sector instalador andaluz - Fadia","og_description":"La Federaci\u00f3n de Asociaciones de Empresas Instaladoras de Andaluc\u00eda (FADIA) celebr\u00f3 en Sevilla su reuni\u00f3n de Junta Directiva, un encuentro que tuvo lugar en la sede de Epyme y que [&hellip;]","og_url":"https:\/\/fadia.info\/index.php\/2025\/12\/12\/la-junta-directiva-de-fadia-se-reune-en-sevilla-para-reforzar-la-coordinacion-del-sector-instalador-andaluz\/","og_site_name":"Fadia","article_published_time":"2025-12-12T06:50:44+00:00","article_modified_time":"2025-12-13T11:44:38+00:00","og_image":[{"width":1600,"height":1200,"url":"https:\/\/fadia.info\/wp-content\/uploads\/2025\/12\/junta_fadia_25.jpeg","type":"image\/jpeg"}],"author":"Miguel","twitter_card":"summary_large_image","twitter_misc":{"Escrito por":"Miguel","Tiempo de lectura":"2 minutos"},"schema":{"@context":"https:\/\/schema.org","@graph":[{"@type":"Article","@id":"https:\/\/fadia.info\/index.php\/2025\/12\/12\/la-junta-directiva-de-fadia-se-reune-en-sevilla-para-reforzar-la-coordinacion-del-sector-instalador-andaluz\/#article","isPartOf":{"@id":"https:\/\/fadia.info\/index.php\/2025\/12\/12\/la-junta-directiva-de-fadia-se-reune-en-sevilla-para-reforzar-la-coordinacion-del-sector-instalador-andaluz\/"},"author":{"name":"Miguel","@id":"https:\/\/fadia.info\/#\/schema\/person\/cdaf7b8ba0a834795f1121971cfaab26"},"headline":"La Junta Directiva de FADIA se re\u00fane en Sevilla para reforzar la coordinaci\u00f3n del sector instalador andaluz","datePublished":"2025-12-12T06:50:44+00:00","dateModified":"2025-12-13T11:44:38+00:00","mainEntityOfPage":{"@id":"https:\/\/fadia.info\/index.php\/2025\/12\/12\/la-junta-directiva-de-fadia-se-reune-en-sevilla-para-reforzar-la-coordinacion-del-sector-instalador-andaluz\/"},"wordCount":300,"commentCount":0,"publisher":{"@id":"https:\/\/fadia.info\/#organization"},"image":{"@id":"https:\/\/fadia.info\/index.php\/2025\/12\/12\/la-junta-directiva-de-fadia-se-reune-en-sevilla-para-reforzar-la-coordinacion-del-sector-instalador-andaluz\/#primaryimage"},"thumbnailUrl":"https:\/\/fadia.info\/wp-content\/uploads\/2025\/12\/junta_fadia_25.jpeg","articleSection":["FADIA"],"inLanguage":"es","potentialAction":[{"@type":"CommentAction","name":"Comment","target":["https:\/\/fadia.info\/index.php\/2025\/12\/12\/la-junta-directiva-de-fadia-se-reune-en-sevilla-para-reforzar-la-coordinacion-del-sector-instalador-andaluz\/#respond"]}]},{"@type":"WebPage","@id":"https:\/\/fadia.info\/index.php\/2025\/12\/12\/la-junta-directiva-de-fadia-se-reune-en-sevilla-para-reforzar-la-coordinacion-del-sector-instalador-andaluz\/","url":"https:\/\/fadia.info\/index.php\/2025\/12\/12\/la-junta-directiva-de-fadia-se-reune-en-sevilla-para-reforzar-la-coordinacion-del-sector-instalador-andaluz\/","name":"La Junta Directiva de FADIA se re\u00fane en Sevilla para reforzar la coordinaci\u00f3n del sector instalador andaluz - Fadia","isPartOf":{"@id":"https:\/\/fadia.info\/#website"},"primaryImageOfPage":{"@id":"https:\/\/fadia.info\/index.php\/2025\/12\/12\/la-junta-directiva-de-fadia-se-reune-en-sevilla-para-reforzar-la-coordinacion-del-sector-instalador-andaluz\/#primaryimage"},"image":{"@id":"https:\/\/fadia.info\/index.php\/2025\/12\/12\/la-junta-directiva-de-fadia-se-reune-en-sevilla-para-reforzar-la-coordinacion-del-sector-instalador-andaluz\/#primaryimage"},"thumbnailUrl":"https:\/\/fadia.info\/wp-content\/uploads\/2025\/12\/junta_fadia_25.jpeg","datePublished":"2025-12-12T06:50:44+00:00","dateModified":"2025-12-13T11:44:38+00:00","breadcrumb":{"@id":"https:\/\/fadia.info\/index.php\/2025\/12\/12\/la-junta-directiva-de-fadia-se-reune-en-sevilla-para-reforzar-la-coordinacion-del-sector-instalador-andaluz\/#breadcrumb"},"inLanguage":"es","potentialAction":[{"@type":"ReadAction","target":["https:\/\/fadia.info\/index.php\/2025\/12\/12\/la-junta-directiva-de-fadia-se-reune-en-sevilla-para-reforzar-la-coordinacion-del-sector-instalador-andaluz\/"]}]},{"@type":"ImageObject","inLanguage":"es","@id":"https:\/\/fadia.info\/index.php\/2025\/12\/12\/la-junta-directiva-de-fadia-se-reune-en-sevilla-para-reforzar-la-coordinacion-del-sector-instalador-andaluz\/#primaryimage","url":"https:\/\/fadia.info\/wp-content\/uploads\/2025\/12\/junta_fadia_25.jpeg","contentUrl":"https:\/\/fadia.info\/wp-content\/uploads\/2025\/12\/junta_fadia_25.jpeg","width":1600,"height":1200},{"@type":"BreadcrumbList","@id":"https:\/\/fadia.info\/index.php\/2025\/12\/12\/la-junta-directiva-de-fadia-se-reune-en-sevilla-para-reforzar-la-coordinacion-del-sector-instalador-andaluz\/#breadcrumb","itemListElement":[{"@type":"ListItem","position":1,"name":"Portada","item":"https:\/\/fadia.info\/"},{"@type":"ListItem","position":2,"name":"La Junta Directiva de FADIA se re\u00fane en Sevilla para reforzar la coordinaci\u00f3n del sector instalador andaluz"}]},{"@type":"WebSite","@id":"https:\/\/fadia.info\/#website","url":"https:\/\/fadia.info\/","name":"Fadia","description":"","publisher":{"@id":"https:\/\/fadia.info\/#organization"},"alternateName":"Federaci\u00f3n de Asociaciones de Instaladores de Andaluc\u00eda","potentialAction":[{"@type":"SearchAction","target":{"@type":"EntryPoint","urlTemplate":"https:\/\/fadia.info\/?s={search_term_string}"},"query-input":{"@type":"PropertyValueSpecification","valueRequired":true,"valueName":"search_term_string"}}],"inLanguage":"es"},{"@type":"Organization","@id":"https:\/\/fadia.info\/#organization","name":"Federaci\u00f3n de Asociaciones de Instaladores de Andaluc\u00eda","alternateName":"FADIA","url":"https:\/\/fadia.info\/","logo":{"@type":"ImageObject","inLanguage":"es","@id":"https:\/\/fadia.info\/#\/schema\/logo\/image\/","url":"https:\/\/fadia.info\/wp-content\/uploads\/2023\/11\/logo_fadia.png","contentUrl":"https:\/\/fadia.info\/wp-content\/uploads\/2023\/11\/logo_fadia.png","width":619,"height":265,"caption":"Federaci\u00f3n de Asociaciones de Instaladores de Andaluc\u00eda"},"image":{"@id":"https:\/\/fadia.info\/#\/schema\/logo\/image\/"}},{"@type":"Person","@id":"https:\/\/fadia.info\/#\/schema\/person\/cdaf7b8ba0a834795f1121971cfaab26","name":"Miguel","image":{"@type":"ImageObject","inLanguage":"es","@id":"https:\/\/fadia.info\/#\/schema\/person\/image\/","url":"https:\/\/secure.gravatar.com\/avatar\/7f4e60b1e9fe9c37d925854cb71b1cb76e7cee4d38db28d6f7e8677375de1b8e?s=96&d=mm&r=g","contentUrl":"https:\/\/secure.gravatar.com\/avatar\/7f4e60b1e9fe9c37d925854cb71b1cb76e7cee4d38db28d6f7e8677375de1b8e?s=96&d=mm&r=g","caption":"Miguel"},"url":"https:\/\/fadia.info\/index.php\/author\/miguel\/"}]}},"_links":{"self":[{"href":"https:\/\/fadia.info\/index.php\/wp-json\/wp\/v2\/posts\/6707","targetHints":{"allow":["GET"]}}],"collection":[{"href":"https:\/\/fadia.info\/index.php\/wp-json\/wp\/v2\/posts"}],"about":[{"href":"https:\/\/fadia.info\/index.php\/wp-json\/wp\/v2\/types\/post"}],"author":[{"embeddable":true,"href":"https:\/\/fadia.info\/index.php\/wp-json\/wp\/v2\/users\/3"}],"replies":[{"embeddable":true,"href":"https:\/\/fadia.info\/index.php\/wp-json\/wp\/v2\/comments?post=6707"}],"version-history":[{"count":3,"href":"https:\/\/fadia.info\/index.php\/wp-json\/wp\/v2\/posts\/6707\/revisions"}],"predecessor-version":[{"id":6716,"href":"https:\/\/fadia.info\/index.php\/wp-json\/wp\/v2\/posts\/6707\/revisions\/6716"}],"wp:featuredmedia":[{"embeddable":true,"href":"https:\/\/fadia.info\/index.php\/wp-json\/wp\/v2\/media\/6708"}],"wp:attachment":[{"href":"https:\/\/fadia.info\/index.php\/wp-json\/wp\/v2\/media?parent=6707"}],"wp:term":[{"taxonomy":"category","embeddable":true,"href":"https:\/\/fadia.info\/index.php\/wp-json\/wp\/v2\/categories?post=6707"},{"taxonomy":"post_tag","embeddable":true,"href":"https:\/\/fadia.info\/index.php\/wp-json\/wp\/v2\/tags?post=6707"}],"curies":[{"name":"wp","href":"https:\/\/api.w.org\/{rel}","templated":true}]}}