{"id":6687,"date":"2025-12-02T10:57:20","date_gmt":"2025-12-02T10:57:20","guid":{"rendered":"https:\/\/fadia.info\/?p=6687"},"modified":"2025-12-02T10:57:29","modified_gmt":"2025-12-02T10:57:29","slug":"fadia-protagonista-en-la-semana-de-la-electrificacion-y-la-descarbonizacion-con-una-gran-participacion-de-las-asociaciones-provinciales","status":"publish","type":"post","link":"https:\/\/fadia.info\/index.php\/2025\/12\/02\/fadia-protagonista-en-la-semana-de-la-electrificacion-y-la-descarbonizacion-con-una-gran-participacion-de-las-asociaciones-provinciales\/","title":{"rendered":"FADIA protagonista en la semana de la electrificaci\u00f3n y la descarbonizaci\u00f3n con una gran participaci\u00f3n de las asociaciones provinciales"},"content":{"rendered":"\n<p>La Federaci\u00f3n de Asociaciones de Instaladores de Andaluc\u00eda (FADIA) ha desarrollado una completa agenda de actividades enmarcadas en la <strong>Semana de la Electrificaci\u00f3n y la Descarbonizaci\u00f3n<\/strong>, y especialmente en el espacio \u201cEl mundo del Instalador\u201d de Fenie.<\/p>\n\n\n\n<!--more-->\n\n\n\n<p>El evento, integrado por las ferias Matelec, Genera, y C&amp;R, ha reunido a representantes sectoriales, empresas instaladoras y agentes sociales de toda la comunidad para analizar los retos y oportunidades de la transici\u00f3n energ\u00e9tica. En el mismo, la Federaci\u00f3n ha aprovechado para presentar el Congreso y Feria de los instaladores andaluces<a href=\"https:\/\/www.congresofadia.es\/\"> FADIA-26<\/a>.<\/p>\n\n\n\n<figure class=\"wp-block-image size-large\"><img loading=\"lazy\" decoding=\"async\" width=\"1024\" height=\"683\" src=\"https:\/\/fadia.info\/wp-content\/uploads\/2025\/12\/MS_8677-1024x683.jpg\" alt=\"\" class=\"wp-image-6690\" srcset=\"https:\/\/fadia.info\/wp-content\/uploads\/2025\/12\/MS_8677-980x653.jpg 980w, https:\/\/fadia.info\/wp-content\/uploads\/2025\/12\/MS_8677-480x320.jpg 480w\" sizes=\"auto, (min-width: 0px) and (max-width: 480px) 480px, (min-width: 481px) and (max-width: 980px) 980px, (min-width: 981px) 1024px, 100vw\" \/><\/figure>\n\n\n\n<p>Uno de los momentos m\u00e1s destacados ha sido la intervenci\u00f3n de <strong>\u00c1ngel Noguera, presidente de Fadia y de la Asociaci\u00f3n de Ja\u00e9n<\/strong>, en una mesa redonda centrada en la evoluci\u00f3n del perfil profesional del instalador y el papel clave de las pymes en la implantaci\u00f3n real de soluciones de eficiencia energ\u00e9tica.<\/p>\n\n\n\n<figure class=\"wp-block-image size-large\"><img loading=\"lazy\" decoding=\"async\" width=\"1024\" height=\"683\" src=\"https:\/\/fadia.info\/wp-content\/uploads\/2025\/12\/MS_8339-1024x683.jpg\" alt=\"\" class=\"wp-image-6688\" srcset=\"https:\/\/fadia.info\/wp-content\/uploads\/2025\/12\/MS_8339-980x653.jpg 980w, https:\/\/fadia.info\/wp-content\/uploads\/2025\/12\/MS_8339-480x320.jpg 480w\" sizes=\"auto, (min-width: 0px) and (max-width: 480px) 480px, (min-width: 481px) and (max-width: 980px) 980px, (min-width: 981px) 1024px, 100vw\" \/><\/figure>\n\n\n\n<p><strong>La mesa redonda dedicada al Convenio del Metal<\/strong>, cont\u00f3 con la participaci\u00f3n de <strong>Maite Cubero, presidenta de Epyme<\/strong>, quien aport\u00f3 la perspectiva del sector instalador sevillano y subray\u00f3 la necesidad de seguir avanzando en la profesionalizaci\u00f3n, la formaci\u00f3n continua y la adaptaci\u00f3n del convenio a las necesidades de las pymes del sector.<\/p>\n\n\n\n<p>Por su parte, la Asociaci\u00f3n de <strong>C\u00f3rdoba<\/strong> <strong>Apieco<\/strong>, y su presidente Miguel Pastor, ha tenido un papel preponderante en la organizaci\u00f3n del <strong>concurso de J\u00f3venes Instaladores<\/strong>, una actividad que puso en valor el talento joven y la capacidad de innovaci\u00f3n de los futuros profesionales del sector y uno de los grandes atractivos de la feria.<\/p>\n\n\n\n<p>En este sentido, hay que destacar la asistencia de los j\u00f3venes instaladores andaluces que un a\u00f1o m\u00e1s representaron a sus institutos y provincias en la competici\u00f3n nacional.<\/p>\n\n\n\n<figure class=\"wp-block-image size-large\"><img loading=\"lazy\" decoding=\"async\" width=\"1024\" height=\"683\" src=\"https:\/\/fadia.info\/wp-content\/uploads\/2025\/12\/MS_5207-1024x683.jpg\" alt=\"\" class=\"wp-image-6691\" srcset=\"https:\/\/fadia.info\/wp-content\/uploads\/2025\/12\/MS_5207-980x653.jpg 980w, https:\/\/fadia.info\/wp-content\/uploads\/2025\/12\/MS_5207-480x320.jpg 480w\" sizes=\"auto, (min-width: 0px) and (max-width: 480px) 480px, (min-width: 481px) and (max-width: 980px) 980px, (min-width: 981px) 1024px, 100vw\" \/><\/figure>\n\n\n\n<p>La semana tambi\u00e9n registr\u00f3 una s\u00f3lida representaci\u00f3n territorial, con la <strong>asistencia y participaci\u00f3n activa de las asociaciones provinciales de C\u00e1diz, Almer\u00eda, Granada y M\u00e1laga<\/strong>, reforzando as\u00ed el papel de FADIA como foro com\u00fan del sector instalador andaluz.<\/p>\n\n\n\n<p>Con esta agenda de actividades, FADIA consolida su compromiso con el impulso a la electrificaci\u00f3n, la descarbonizaci\u00f3n y la transici\u00f3n energ\u00e9tica, situando a los instaladores andaluces en el centro de la evoluci\u00f3n hacia un modelo energ\u00e9tico m\u00e1s sostenible, conectado y eficiente.<\/p>\n","protected":false},"excerpt":{"rendered":"<p>La Federaci\u00f3n de Asociaciones de Instaladores de Andaluc\u00eda (FADIA) ha desarrollado una completa agenda de actividades enmarcadas en la Semana de la Electrificaci\u00f3n y la Descarbonizaci\u00f3n, y especialmente en el [&hellip;]<\/p>\n","protected":false},"author":3,"featured_media":6689,"comment_status":"open","ping_status":"open","sticky":false,"template":"","format":"standard","meta":{"_et_pb_use_builder":"off","_et_pb_old_content":"","_et_gb_content_width":"","_monsterinsights_skip_tracking":false,"_monsterinsights_sitenote_active":false,"_monsterinsights_sitenote_note":"","_monsterinsights_sitenote_category":0,"footnotes":""},"categories":[4],"tags":[58,14,26,49,15],"class_list":["post-6687","post","type-post","status-publish","format-standard","has-post-thumbnail","hentry","category-fadia","tag-cr","tag-fadia","tag-fenie","tag-genera","tag-instaladores"],"yoast_head":"<!-- This site is optimized with the Yoast SEO plugin v24.2 - https:\/\/yoast.com\/wordpress\/plugins\/seo\/ -->\n<title>FADIA protagonista en la semana de la electrificaci\u00f3n y la descarbonizaci\u00f3n con una gran participaci\u00f3n de las asociaciones provinciales - Fadia<\/title>\n<meta name=\"robots\" content=\"index, follow, max-snippet:-1, max-image-preview:large, max-video-preview:-1\" \/>\n<link rel=\"canonical\" href=\"https:\/\/fadia.info\/index.php\/2025\/12\/02\/fadia-protagonista-en-la-semana-de-la-electrificacion-y-la-descarbonizacion-con-una-gran-participacion-de-las-asociaciones-provinciales\/\" \/>\n<meta property=\"og:locale\" content=\"es_ES\" \/>\n<meta property=\"og:type\" content=\"article\" \/>\n<meta property=\"og:title\" content=\"FADIA protagonista en la semana de la electrificaci\u00f3n y la descarbonizaci\u00f3n con una gran participaci\u00f3n de las asociaciones provinciales - Fadia\" \/>\n<meta property=\"og:description\" content=\"La Federaci\u00f3n de Asociaciones de Instaladores de Andaluc\u00eda (FADIA) ha desarrollado una completa agenda de actividades enmarcadas en la Semana de la Electrificaci\u00f3n y la Descarbonizaci\u00f3n, y especialmente en el [&hellip;]\" \/>\n<meta property=\"og:url\" content=\"https:\/\/fadia.info\/index.php\/2025\/12\/02\/fadia-protagonista-en-la-semana-de-la-electrificacion-y-la-descarbonizacion-con-una-gran-participacion-de-las-asociaciones-provinciales\/\" \/>\n<meta property=\"og:site_name\" content=\"Fadia\" \/>\n<meta property=\"article:published_time\" content=\"2025-12-02T10:57:20+00:00\" \/>\n<meta property=\"article:modified_time\" content=\"2025-12-02T10:57:29+00:00\" \/>\n<meta property=\"og:image\" content=\"https:\/\/fadia.info\/wp-content\/uploads\/2025\/12\/MS_9252-scaled.jpg\" \/>\n\t<meta property=\"og:image:width\" content=\"2560\" \/>\n\t<meta property=\"og:image:height\" content=\"1707\" \/>\n\t<meta property=\"og:image:type\" content=\"image\/jpeg\" \/>\n<meta name=\"author\" content=\"Miguel\" \/>\n<meta name=\"twitter:card\" content=\"summary_large_image\" \/>\n<meta name=\"twitter:label1\" content=\"Escrito por\" \/>\n\t<meta name=\"twitter:data1\" content=\"Miguel\" \/>\n\t<meta name=\"twitter:label2\" content=\"Tiempo de lectura\" \/>\n\t<meta name=\"twitter:data2\" content=\"3 minutos\" \/>\n<script type=\"application\/ld+json\" class=\"yoast-schema-graph\">{\"@context\":\"https:\/\/schema.org\",\"@graph\":[{\"@type\":\"Article\",\"@id\":\"https:\/\/fadia.info\/index.php\/2025\/12\/02\/fadia-protagonista-en-la-semana-de-la-electrificacion-y-la-descarbonizacion-con-una-gran-participacion-de-las-asociaciones-provinciales\/#article\",\"isPartOf\":{\"@id\":\"https:\/\/fadia.info\/index.php\/2025\/12\/02\/fadia-protagonista-en-la-semana-de-la-electrificacion-y-la-descarbonizacion-con-una-gran-participacion-de-las-asociaciones-provinciales\/\"},\"author\":{\"name\":\"Miguel\",\"@id\":\"https:\/\/fadia.info\/#\/schema\/person\/cdaf7b8ba0a834795f1121971cfaab26\"},\"headline\":\"FADIA protagonista en la semana de la electrificaci\u00f3n y la descarbonizaci\u00f3n con una gran participaci\u00f3n de las asociaciones provinciales\",\"datePublished\":\"2025-12-02T10:57:20+00:00\",\"dateModified\":\"2025-12-02T10:57:29+00:00\",\"mainEntityOfPage\":{\"@id\":\"https:\/\/fadia.info\/index.php\/2025\/12\/02\/fadia-protagonista-en-la-semana-de-la-electrificacion-y-la-descarbonizacion-con-una-gran-participacion-de-las-asociaciones-provinciales\/\"},\"wordCount\":418,\"commentCount\":0,\"publisher\":{\"@id\":\"https:\/\/fadia.info\/#organization\"},\"image\":{\"@id\":\"https:\/\/fadia.info\/index.php\/2025\/12\/02\/fadia-protagonista-en-la-semana-de-la-electrificacion-y-la-descarbonizacion-con-una-gran-participacion-de-las-asociaciones-provinciales\/#primaryimage\"},\"thumbnailUrl\":\"https:\/\/fadia.info\/wp-content\/uploads\/2025\/12\/MS_9252-scaled.jpg\",\"keywords\":[\"C&amp;R\",\"FADIA\",\"fenie\",\"genera\",\"INSTALADORES\"],\"articleSection\":[\"FADIA\"],\"inLanguage\":\"es\",\"potentialAction\":[{\"@type\":\"CommentAction\",\"name\":\"Comment\",\"target\":[\"https:\/\/fadia.info\/index.php\/2025\/12\/02\/fadia-protagonista-en-la-semana-de-la-electrificacion-y-la-descarbonizacion-con-una-gran-participacion-de-las-asociaciones-provinciales\/#respond\"]}]},{\"@type\":\"WebPage\",\"@id\":\"https:\/\/fadia.info\/index.php\/2025\/12\/02\/fadia-protagonista-en-la-semana-de-la-electrificacion-y-la-descarbonizacion-con-una-gran-participacion-de-las-asociaciones-provinciales\/\",\"url\":\"https:\/\/fadia.info\/index.php\/2025\/12\/02\/fadia-protagonista-en-la-semana-de-la-electrificacion-y-la-descarbonizacion-con-una-gran-participacion-de-las-asociaciones-provinciales\/\",\"name\":\"FADIA protagonista en la semana de la electrificaci\u00f3n y la descarbonizaci\u00f3n con una gran participaci\u00f3n de las asociaciones provinciales - Fadia\",\"isPartOf\":{\"@id\":\"https:\/\/fadia.info\/#website\"},\"primaryImageOfPage\":{\"@id\":\"https:\/\/fadia.info\/index.php\/2025\/12\/02\/fadia-protagonista-en-la-semana-de-la-electrificacion-y-la-descarbonizacion-con-una-gran-participacion-de-las-asociaciones-provinciales\/#primaryimage\"},\"image\":{\"@id\":\"https:\/\/fadia.info\/index.php\/2025\/12\/02\/fadia-protagonista-en-la-semana-de-la-electrificacion-y-la-descarbonizacion-con-una-gran-participacion-de-las-asociaciones-provinciales\/#primaryimage\"},\"thumbnailUrl\":\"https:\/\/fadia.info\/wp-content\/uploads\/2025\/12\/MS_9252-scaled.jpg\",\"datePublished\":\"2025-12-02T10:57:20+00:00\",\"dateModified\":\"2025-12-02T10:57:29+00:00\",\"breadcrumb\":{\"@id\":\"https:\/\/fadia.info\/index.php\/2025\/12\/02\/fadia-protagonista-en-la-semana-de-la-electrificacion-y-la-descarbonizacion-con-una-gran-participacion-de-las-asociaciones-provinciales\/#breadcrumb\"},\"inLanguage\":\"es\",\"potentialAction\":[{\"@type\":\"ReadAction\",\"target\":[\"https:\/\/fadia.info\/index.php\/2025\/12\/02\/fadia-protagonista-en-la-semana-de-la-electrificacion-y-la-descarbonizacion-con-una-gran-participacion-de-las-asociaciones-provinciales\/\"]}]},{\"@type\":\"ImageObject\",\"inLanguage\":\"es\",\"@id\":\"https:\/\/fadia.info\/index.php\/2025\/12\/02\/fadia-protagonista-en-la-semana-de-la-electrificacion-y-la-descarbonizacion-con-una-gran-participacion-de-las-asociaciones-provinciales\/#primaryimage\",\"url\":\"https:\/\/fadia.info\/wp-content\/uploads\/2025\/12\/MS_9252-scaled.jpg\",\"contentUrl\":\"https:\/\/fadia.info\/wp-content\/uploads\/2025\/12\/MS_9252-scaled.jpg\",\"width\":2560,\"height\":1707},{\"@type\":\"BreadcrumbList\",\"@id\":\"https:\/\/fadia.info\/index.php\/2025\/12\/02\/fadia-protagonista-en-la-semana-de-la-electrificacion-y-la-descarbonizacion-con-una-gran-participacion-de-las-asociaciones-provinciales\/#breadcrumb\",\"itemListElement\":[{\"@type\":\"ListItem\",\"position\":1,\"name\":\"Portada\",\"item\":\"https:\/\/fadia.info\/\"},{\"@type\":\"ListItem\",\"position\":2,\"name\":\"FADIA protagonista en la semana de la electrificaci\u00f3n y la descarbonizaci\u00f3n con una gran participaci\u00f3n de las asociaciones provinciales\"}]},{\"@type\":\"WebSite\",\"@id\":\"https:\/\/fadia.info\/#website\",\"url\":\"https:\/\/fadia.info\/\",\"name\":\"Fadia\",\"description\":\"\",\"publisher\":{\"@id\":\"https:\/\/fadia.info\/#organization\"},\"alternateName\":\"Federaci\u00f3n de Asociaciones de Instaladores de Andaluc\u00eda\",\"potentialAction\":[{\"@type\":\"SearchAction\",\"target\":{\"@type\":\"EntryPoint\",\"urlTemplate\":\"https:\/\/fadia.info\/?s={search_term_string}\"},\"query-input\":{\"@type\":\"PropertyValueSpecification\",\"valueRequired\":true,\"valueName\":\"search_term_string\"}}],\"inLanguage\":\"es\"},{\"@type\":\"Organization\",\"@id\":\"https:\/\/fadia.info\/#organization\",\"name\":\"Federaci\u00f3n de Asociaciones de Instaladores de Andaluc\u00eda\",\"alternateName\":\"FADIA\",\"url\":\"https:\/\/fadia.info\/\",\"logo\":{\"@type\":\"ImageObject\",\"inLanguage\":\"es\",\"@id\":\"https:\/\/fadia.info\/#\/schema\/logo\/image\/\",\"url\":\"https:\/\/fadia.info\/wp-content\/uploads\/2023\/11\/logo_fadia.png\",\"contentUrl\":\"https:\/\/fadia.info\/wp-content\/uploads\/2023\/11\/logo_fadia.png\",\"width\":619,\"height\":265,\"caption\":\"Federaci\u00f3n de Asociaciones de Instaladores de Andaluc\u00eda\"},\"image\":{\"@id\":\"https:\/\/fadia.info\/#\/schema\/logo\/image\/\"}},{\"@type\":\"Person\",\"@id\":\"https:\/\/fadia.info\/#\/schema\/person\/cdaf7b8ba0a834795f1121971cfaab26\",\"name\":\"Miguel\",\"image\":{\"@type\":\"ImageObject\",\"inLanguage\":\"es\",\"@id\":\"https:\/\/fadia.info\/#\/schema\/person\/image\/\",\"url\":\"https:\/\/secure.gravatar.com\/avatar\/7f4e60b1e9fe9c37d925854cb71b1cb76e7cee4d38db28d6f7e8677375de1b8e?s=96&d=mm&r=g\",\"contentUrl\":\"https:\/\/secure.gravatar.com\/avatar\/7f4e60b1e9fe9c37d925854cb71b1cb76e7cee4d38db28d6f7e8677375de1b8e?s=96&d=mm&r=g\",\"caption\":\"Miguel\"},\"url\":\"https:\/\/fadia.info\/index.php\/author\/miguel\/\"}]}<\/script>\n<!-- \/ Yoast SEO plugin. -->","yoast_head_json":{"title":"FADIA protagonista en la semana de la electrificaci\u00f3n y la descarbonizaci\u00f3n con una gran participaci\u00f3n de las asociaciones provinciales - Fadia","robots":{"index":"index","follow":"follow","max-snippet":"max-snippet:-1","max-image-preview":"max-image-preview:large","max-video-preview":"max-video-preview:-1"},"canonical":"https:\/\/fadia.info\/index.php\/2025\/12\/02\/fadia-protagonista-en-la-semana-de-la-electrificacion-y-la-descarbonizacion-con-una-gran-participacion-de-las-asociaciones-provinciales\/","og_locale":"es_ES","og_type":"article","og_title":"FADIA protagonista en la semana de la electrificaci\u00f3n y la descarbonizaci\u00f3n con una gran participaci\u00f3n de las asociaciones provinciales - Fadia","og_description":"La Federaci\u00f3n de Asociaciones de Instaladores de Andaluc\u00eda (FADIA) ha desarrollado una completa agenda de actividades enmarcadas en la Semana de la Electrificaci\u00f3n y la Descarbonizaci\u00f3n, y especialmente en el [&hellip;]","og_url":"https:\/\/fadia.info\/index.php\/2025\/12\/02\/fadia-protagonista-en-la-semana-de-la-electrificacion-y-la-descarbonizacion-con-una-gran-participacion-de-las-asociaciones-provinciales\/","og_site_name":"Fadia","article_published_time":"2025-12-02T10:57:20+00:00","article_modified_time":"2025-12-02T10:57:29+00:00","og_image":[{"width":2560,"height":1707,"url":"https:\/\/fadia.info\/wp-content\/uploads\/2025\/12\/MS_9252-scaled.jpg","type":"image\/jpeg"}],"author":"Miguel","twitter_card":"summary_large_image","twitter_misc":{"Escrito por":"Miguel","Tiempo de lectura":"3 minutos"},"schema":{"@context":"https:\/\/schema.org","@graph":[{"@type":"Article","@id":"https:\/\/fadia.info\/index.php\/2025\/12\/02\/fadia-protagonista-en-la-semana-de-la-electrificacion-y-la-descarbonizacion-con-una-gran-participacion-de-las-asociaciones-provinciales\/#article","isPartOf":{"@id":"https:\/\/fadia.info\/index.php\/2025\/12\/02\/fadia-protagonista-en-la-semana-de-la-electrificacion-y-la-descarbonizacion-con-una-gran-participacion-de-las-asociaciones-provinciales\/"},"author":{"name":"Miguel","@id":"https:\/\/fadia.info\/#\/schema\/person\/cdaf7b8ba0a834795f1121971cfaab26"},"headline":"FADIA protagonista en la semana de la electrificaci\u00f3n y la descarbonizaci\u00f3n con una gran participaci\u00f3n de las asociaciones provinciales","datePublished":"2025-12-02T10:57:20+00:00","dateModified":"2025-12-02T10:57:29+00:00","mainEntityOfPage":{"@id":"https:\/\/fadia.info\/index.php\/2025\/12\/02\/fadia-protagonista-en-la-semana-de-la-electrificacion-y-la-descarbonizacion-con-una-gran-participacion-de-las-asociaciones-provinciales\/"},"wordCount":418,"commentCount":0,"publisher":{"@id":"https:\/\/fadia.info\/#organization"},"image":{"@id":"https:\/\/fadia.info\/index.php\/2025\/12\/02\/fadia-protagonista-en-la-semana-de-la-electrificacion-y-la-descarbonizacion-con-una-gran-participacion-de-las-asociaciones-provinciales\/#primaryimage"},"thumbnailUrl":"https:\/\/fadia.info\/wp-content\/uploads\/2025\/12\/MS_9252-scaled.jpg","keywords":["C&amp;R","FADIA","fenie","genera","INSTALADORES"],"articleSection":["FADIA"],"inLanguage":"es","potentialAction":[{"@type":"CommentAction","name":"Comment","target":["https:\/\/fadia.info\/index.php\/2025\/12\/02\/fadia-protagonista-en-la-semana-de-la-electrificacion-y-la-descarbonizacion-con-una-gran-participacion-de-las-asociaciones-provinciales\/#respond"]}]},{"@type":"WebPage","@id":"https:\/\/fadia.info\/index.php\/2025\/12\/02\/fadia-protagonista-en-la-semana-de-la-electrificacion-y-la-descarbonizacion-con-una-gran-participacion-de-las-asociaciones-provinciales\/","url":"https:\/\/fadia.info\/index.php\/2025\/12\/02\/fadia-protagonista-en-la-semana-de-la-electrificacion-y-la-descarbonizacion-con-una-gran-participacion-de-las-asociaciones-provinciales\/","name":"FADIA protagonista en la semana de la electrificaci\u00f3n y la descarbonizaci\u00f3n con una gran participaci\u00f3n de las asociaciones provinciales - Fadia","isPartOf":{"@id":"https:\/\/fadia.info\/#website"},"primaryImageOfPage":{"@id":"https:\/\/fadia.info\/index.php\/2025\/12\/02\/fadia-protagonista-en-la-semana-de-la-electrificacion-y-la-descarbonizacion-con-una-gran-participacion-de-las-asociaciones-provinciales\/#primaryimage"},"image":{"@id":"https:\/\/fadia.info\/index.php\/2025\/12\/02\/fadia-protagonista-en-la-semana-de-la-electrificacion-y-la-descarbonizacion-con-una-gran-participacion-de-las-asociaciones-provinciales\/#primaryimage"},"thumbnailUrl":"https:\/\/fadia.info\/wp-content\/uploads\/2025\/12\/MS_9252-scaled.jpg","datePublished":"2025-12-02T10:57:20+00:00","dateModified":"2025-12-02T10:57:29+00:00","breadcrumb":{"@id":"https:\/\/fadia.info\/index.php\/2025\/12\/02\/fadia-protagonista-en-la-semana-de-la-electrificacion-y-la-descarbonizacion-con-una-gran-participacion-de-las-asociaciones-provinciales\/#breadcrumb"},"inLanguage":"es","potentialAction":[{"@type":"ReadAction","target":["https:\/\/fadia.info\/index.php\/2025\/12\/02\/fadia-protagonista-en-la-semana-de-la-electrificacion-y-la-descarbonizacion-con-una-gran-participacion-de-las-asociaciones-provinciales\/"]}]},{"@type":"ImageObject","inLanguage":"es","@id":"https:\/\/fadia.info\/index.php\/2025\/12\/02\/fadia-protagonista-en-la-semana-de-la-electrificacion-y-la-descarbonizacion-con-una-gran-participacion-de-las-asociaciones-provinciales\/#primaryimage","url":"https:\/\/fadia.info\/wp-content\/uploads\/2025\/12\/MS_9252-scaled.jpg","contentUrl":"https:\/\/fadia.info\/wp-content\/uploads\/2025\/12\/MS_9252-scaled.jpg","width":2560,"height":1707},{"@type":"BreadcrumbList","@id":"https:\/\/fadia.info\/index.php\/2025\/12\/02\/fadia-protagonista-en-la-semana-de-la-electrificacion-y-la-descarbonizacion-con-una-gran-participacion-de-las-asociaciones-provinciales\/#breadcrumb","itemListElement":[{"@type":"ListItem","position":1,"name":"Portada","item":"https:\/\/fadia.info\/"},{"@type":"ListItem","position":2,"name":"FADIA protagonista en la semana de la electrificaci\u00f3n y la descarbonizaci\u00f3n con una gran participaci\u00f3n de las asociaciones provinciales"}]},{"@type":"WebSite","@id":"https:\/\/fadia.info\/#website","url":"https:\/\/fadia.info\/","name":"Fadia","description":"","publisher":{"@id":"https:\/\/fadia.info\/#organization"},"alternateName":"Federaci\u00f3n de Asociaciones de Instaladores de Andaluc\u00eda","potentialAction":[{"@type":"SearchAction","target":{"@type":"EntryPoint","urlTemplate":"https:\/\/fadia.info\/?s={search_term_string}"},"query-input":{"@type":"PropertyValueSpecification","valueRequired":true,"valueName":"search_term_string"}}],"inLanguage":"es"},{"@type":"Organization","@id":"https:\/\/fadia.info\/#organization","name":"Federaci\u00f3n de Asociaciones de Instaladores de Andaluc\u00eda","alternateName":"FADIA","url":"https:\/\/fadia.info\/","logo":{"@type":"ImageObject","inLanguage":"es","@id":"https:\/\/fadia.info\/#\/schema\/logo\/image\/","url":"https:\/\/fadia.info\/wp-content\/uploads\/2023\/11\/logo_fadia.png","contentUrl":"https:\/\/fadia.info\/wp-content\/uploads\/2023\/11\/logo_fadia.png","width":619,"height":265,"caption":"Federaci\u00f3n de Asociaciones de Instaladores de Andaluc\u00eda"},"image":{"@id":"https:\/\/fadia.info\/#\/schema\/logo\/image\/"}},{"@type":"Person","@id":"https:\/\/fadia.info\/#\/schema\/person\/cdaf7b8ba0a834795f1121971cfaab26","name":"Miguel","image":{"@type":"ImageObject","inLanguage":"es","@id":"https:\/\/fadia.info\/#\/schema\/person\/image\/","url":"https:\/\/secure.gravatar.com\/avatar\/7f4e60b1e9fe9c37d925854cb71b1cb76e7cee4d38db28d6f7e8677375de1b8e?s=96&d=mm&r=g","contentUrl":"https:\/\/secure.gravatar.com\/avatar\/7f4e60b1e9fe9c37d925854cb71b1cb76e7cee4d38db28d6f7e8677375de1b8e?s=96&d=mm&r=g","caption":"Miguel"},"url":"https:\/\/fadia.info\/index.php\/author\/miguel\/"}]}},"_links":{"self":[{"href":"https:\/\/fadia.info\/index.php\/wp-json\/wp\/v2\/posts\/6687","targetHints":{"allow":["GET"]}}],"collection":[{"href":"https:\/\/fadia.info\/index.php\/wp-json\/wp\/v2\/posts"}],"about":[{"href":"https:\/\/fadia.info\/index.php\/wp-json\/wp\/v2\/types\/post"}],"author":[{"embeddable":true,"href":"https:\/\/fadia.info\/index.php\/wp-json\/wp\/v2\/users\/3"}],"replies":[{"embeddable":true,"href":"https:\/\/fadia.info\/index.php\/wp-json\/wp\/v2\/comments?post=6687"}],"version-history":[{"count":1,"href":"https:\/\/fadia.info\/index.php\/wp-json\/wp\/v2\/posts\/6687\/revisions"}],"predecessor-version":[{"id":6692,"href":"https:\/\/fadia.info\/index.php\/wp-json\/wp\/v2\/posts\/6687\/revisions\/6692"}],"wp:featuredmedia":[{"embeddable":true,"href":"https:\/\/fadia.info\/index.php\/wp-json\/wp\/v2\/media\/6689"}],"wp:attachment":[{"href":"https:\/\/fadia.info\/index.php\/wp-json\/wp\/v2\/media?parent=6687"}],"wp:term":[{"taxonomy":"category","embeddable":true,"href":"https:\/\/fadia.info\/index.php\/wp-json\/wp\/v2\/categories?post=6687"},{"taxonomy":"post_tag","embeddable":true,"href":"https:\/\/fadia.info\/index.php\/wp-json\/wp\/v2\/tags?post=6687"}],"curies":[{"name":"wp","href":"https:\/\/api.w.org\/{rel}","templated":true}]}}