{"id":6662,"date":"2025-11-21T18:51:37","date_gmt":"2025-11-21T18:51:37","guid":{"rendered":"https:\/\/fadia.info\/?p=6662"},"modified":"2025-11-21T18:51:39","modified_gmt":"2025-11-21T18:51:39","slug":"encuentro-institucional-de-fadia-en-la-presentacion-del-programa-nise","status":"publish","type":"post","link":"https:\/\/fadia.info\/index.php\/2025\/11\/21\/encuentro-institucional-de-fadia-en-la-presentacion-del-programa-nise\/","title":{"rendered":"Encuentro institucional de FADIA en la presentaci\u00f3n del programa NISE"},"content":{"rendered":"\n<p>En el marco de la presentaci\u00f3n del programa <strong>NISE<\/strong>, el presidente de <strong>FADIA<\/strong>, \u00c1ngel Noguera, junto al secretario de la Federaci\u00f3n, Aurelio Chaves, participaron en un encuentro de gran relevancia institucional celebrado en Sevilla. <\/p>\n\n\n\n<!--more-->\n\n\n\n<figure class=\"wp-block-image size-large\"><img loading=\"lazy\" decoding=\"async\" width=\"1024\" height=\"576\" src=\"https:\/\/fadia.info\/wp-content\/uploads\/2025\/11\/Fadia_nise-1024x576.jpeg\" alt=\"\" class=\"wp-image-6663\" srcset=\"https:\/\/fadia.info\/wp-content\/uploads\/2025\/11\/Fadia_nise-980x551.jpeg 980w, https:\/\/fadia.info\/wp-content\/uploads\/2025\/11\/Fadia_nise-480x270.jpeg 480w\" sizes=\"auto, (min-width: 0px) and (max-width: 480px) 480px, (min-width: 481px) and (max-width: 980px) 980px, (min-width: 981px) 1024px, 100vw\" \/><\/figure>\n\n\n\n<p class=\"has-small-font-size\">\u00c1ngel Noguera junto al alcalde de Sevilla Jos\u00e9 Luis Sanz.<\/p>\n\n\n\n<p>Durante el acto, ambos representantes mantuvieron un contacto directo con el <strong>Alcalde de Sevilla<\/strong>, Jos\u00e9 Luis Sanz, El\u00a0consejero\u00a0de Industria, Energ\u00eda y Minas, Jorge\u00a0Paradela, as\u00ed como con el <strong>Teniente de Alcalde, \u00c1lvaro Pimentel<\/strong>, entre otras personalidades destacadas del \u00e1mbito pol\u00edtico y empresarial de la ciudad.<\/p>\n\n\n\n<figure class=\"wp-block-image size-large\"><img loading=\"lazy\" decoding=\"async\" width=\"1024\" height=\"576\" src=\"https:\/\/fadia.info\/wp-content\/uploads\/2025\/11\/Fadia_nise1-1024x576.jpeg\" alt=\"\" class=\"wp-image-6664\" srcset=\"https:\/\/fadia.info\/wp-content\/uploads\/2025\/11\/Fadia_nise1-980x551.jpeg 980w, https:\/\/fadia.info\/wp-content\/uploads\/2025\/11\/Fadia_nise1-480x270.jpeg 480w\" sizes=\"auto, (min-width: 0px) and (max-width: 480px) 480px, (min-width: 481px) and (max-width: 980px) 980px, (min-width: 981px) 1024px, 100vw\" \/><\/figure>\n\n\n\n<p class=\"has-small-font-size\">Jorge Paradela y \u00c1ngel Noguera en un instante del evento.<\/p>\n\n\n\n<p>La presencia de FADIA en este evento permiti\u00f3 fortalecer lazos y abrir nuevas v\u00edas de colaboraci\u00f3n, aprovechando la ocasi\u00f3n para trasladar una <strong>invitaci\u00f3n oficial al <a href=\"https:\/\/fadia.info\/index.php\/2025\/07\/30\/la-segunda-edicion-del-congreso-y-feria-de-los-instaladores-de-andalucia-fadia-26-tendra-lugar-en-la-ciudad-de-sevilla-y-se-celebrara-en-el-primer-trimestre-del-2026\/\">Congreso-Feria FADIA26<\/a><\/strong>, que se celebrar\u00e1 el pr\u00f3ximo a\u00f1o y que reunir\u00e1 a los principales agentes del sector.<\/p>\n\n\n\n<p>Este encuentro refuerza el compromiso de FADIA con la innovaci\u00f3n, la participaci\u00f3n institucional y el impulso del tejido profesional andaluz.<\/p>\n","protected":false},"excerpt":{"rendered":"<p>En el marco de la presentaci\u00f3n del programa NISE, el presidente de FADIA, \u00c1ngel Noguera, junto al secretario de la Federaci\u00f3n, Aurelio Chaves, participaron en un encuentro de gran relevancia [&hellip;]<\/p>\n","protected":false},"author":3,"featured_media":6663,"comment_status":"open","ping_status":"open","sticky":false,"template":"","format":"standard","meta":{"_et_pb_use_builder":"off","_et_pb_old_content":"","_et_gb_content_width":"","_monsterinsights_skip_tracking":false,"_monsterinsights_sitenote_active":false,"_monsterinsights_sitenote_note":"","_monsterinsights_sitenote_category":0,"footnotes":""},"categories":[4],"tags":[40,14,15,37],"class_list":["post-6662","post","type-post","status-publish","format-standard","has-post-thumbnail","hentry","category-fadia","tag-congreso-fadia","tag-fadia","tag-instaladores","tag-nise"],"yoast_head":"<!-- This site is optimized with the Yoast SEO plugin v24.2 - https:\/\/yoast.com\/wordpress\/plugins\/seo\/ -->\n<title>Encuentro institucional de FADIA en la presentaci\u00f3n del programa NISE - Fadia<\/title>\n<meta name=\"robots\" content=\"index, follow, max-snippet:-1, max-image-preview:large, max-video-preview:-1\" \/>\n<link rel=\"canonical\" href=\"https:\/\/fadia.info\/index.php\/2025\/11\/21\/encuentro-institucional-de-fadia-en-la-presentacion-del-programa-nise\/\" \/>\n<meta property=\"og:locale\" content=\"es_ES\" \/>\n<meta property=\"og:type\" content=\"article\" \/>\n<meta property=\"og:title\" content=\"Encuentro institucional de FADIA en la presentaci\u00f3n del programa NISE - Fadia\" \/>\n<meta property=\"og:description\" content=\"En el marco de la presentaci\u00f3n del programa NISE, el presidente de FADIA, \u00c1ngel Noguera, junto al secretario de la Federaci\u00f3n, Aurelio Chaves, participaron en un encuentro de gran relevancia [&hellip;]\" \/>\n<meta property=\"og:url\" content=\"https:\/\/fadia.info\/index.php\/2025\/11\/21\/encuentro-institucional-de-fadia-en-la-presentacion-del-programa-nise\/\" \/>\n<meta property=\"og:site_name\" content=\"Fadia\" \/>\n<meta property=\"article:published_time\" content=\"2025-11-21T18:51:37+00:00\" \/>\n<meta property=\"article:modified_time\" content=\"2025-11-21T18:51:39+00:00\" \/>\n<meta property=\"og:image\" content=\"https:\/\/fadia.info\/wp-content\/uploads\/2025\/11\/Fadia_nise.jpeg\" \/>\n\t<meta property=\"og:image:width\" content=\"2048\" \/>\n\t<meta property=\"og:image:height\" content=\"1152\" \/>\n\t<meta property=\"og:image:type\" content=\"image\/jpeg\" \/>\n<meta name=\"author\" content=\"Miguel\" \/>\n<meta name=\"twitter:card\" content=\"summary_large_image\" \/>\n<meta name=\"twitter:label1\" content=\"Escrito por\" \/>\n\t<meta name=\"twitter:data1\" content=\"Miguel\" \/>\n\t<meta name=\"twitter:label2\" content=\"Tiempo de lectura\" \/>\n\t<meta name=\"twitter:data2\" content=\"2 minutos\" \/>\n<script type=\"application\/ld+json\" class=\"yoast-schema-graph\">{\"@context\":\"https:\/\/schema.org\",\"@graph\":[{\"@type\":\"Article\",\"@id\":\"https:\/\/fadia.info\/index.php\/2025\/11\/21\/encuentro-institucional-de-fadia-en-la-presentacion-del-programa-nise\/#article\",\"isPartOf\":{\"@id\":\"https:\/\/fadia.info\/index.php\/2025\/11\/21\/encuentro-institucional-de-fadia-en-la-presentacion-del-programa-nise\/\"},\"author\":{\"name\":\"Miguel\",\"@id\":\"https:\/\/fadia.info\/#\/schema\/person\/cdaf7b8ba0a834795f1121971cfaab26\"},\"headline\":\"Encuentro institucional de FADIA en la presentaci\u00f3n del programa NISE\",\"datePublished\":\"2025-11-21T18:51:37+00:00\",\"dateModified\":\"2025-11-21T18:51:39+00:00\",\"mainEntityOfPage\":{\"@id\":\"https:\/\/fadia.info\/index.php\/2025\/11\/21\/encuentro-institucional-de-fadia-en-la-presentacion-del-programa-nise\/\"},\"wordCount\":186,\"commentCount\":0,\"publisher\":{\"@id\":\"https:\/\/fadia.info\/#organization\"},\"image\":{\"@id\":\"https:\/\/fadia.info\/index.php\/2025\/11\/21\/encuentro-institucional-de-fadia-en-la-presentacion-del-programa-nise\/#primaryimage\"},\"thumbnailUrl\":\"https:\/\/fadia.info\/wp-content\/uploads\/2025\/11\/Fadia_nise.jpeg\",\"keywords\":[\"congreso fadia\",\"FADIA\",\"INSTALADORES\",\"nise\"],\"articleSection\":[\"FADIA\"],\"inLanguage\":\"es\",\"potentialAction\":[{\"@type\":\"CommentAction\",\"name\":\"Comment\",\"target\":[\"https:\/\/fadia.info\/index.php\/2025\/11\/21\/encuentro-institucional-de-fadia-en-la-presentacion-del-programa-nise\/#respond\"]}]},{\"@type\":\"WebPage\",\"@id\":\"https:\/\/fadia.info\/index.php\/2025\/11\/21\/encuentro-institucional-de-fadia-en-la-presentacion-del-programa-nise\/\",\"url\":\"https:\/\/fadia.info\/index.php\/2025\/11\/21\/encuentro-institucional-de-fadia-en-la-presentacion-del-programa-nise\/\",\"name\":\"Encuentro institucional de FADIA en la presentaci\u00f3n del programa NISE - Fadia\",\"isPartOf\":{\"@id\":\"https:\/\/fadia.info\/#website\"},\"primaryImageOfPage\":{\"@id\":\"https:\/\/fadia.info\/index.php\/2025\/11\/21\/encuentro-institucional-de-fadia-en-la-presentacion-del-programa-nise\/#primaryimage\"},\"image\":{\"@id\":\"https:\/\/fadia.info\/index.php\/2025\/11\/21\/encuentro-institucional-de-fadia-en-la-presentacion-del-programa-nise\/#primaryimage\"},\"thumbnailUrl\":\"https:\/\/fadia.info\/wp-content\/uploads\/2025\/11\/Fadia_nise.jpeg\",\"datePublished\":\"2025-11-21T18:51:37+00:00\",\"dateModified\":\"2025-11-21T18:51:39+00:00\",\"breadcrumb\":{\"@id\":\"https:\/\/fadia.info\/index.php\/2025\/11\/21\/encuentro-institucional-de-fadia-en-la-presentacion-del-programa-nise\/#breadcrumb\"},\"inLanguage\":\"es\",\"potentialAction\":[{\"@type\":\"ReadAction\",\"target\":[\"https:\/\/fadia.info\/index.php\/2025\/11\/21\/encuentro-institucional-de-fadia-en-la-presentacion-del-programa-nise\/\"]}]},{\"@type\":\"ImageObject\",\"inLanguage\":\"es\",\"@id\":\"https:\/\/fadia.info\/index.php\/2025\/11\/21\/encuentro-institucional-de-fadia-en-la-presentacion-del-programa-nise\/#primaryimage\",\"url\":\"https:\/\/fadia.info\/wp-content\/uploads\/2025\/11\/Fadia_nise.jpeg\",\"contentUrl\":\"https:\/\/fadia.info\/wp-content\/uploads\/2025\/11\/Fadia_nise.jpeg\",\"width\":2048,\"height\":1152},{\"@type\":\"BreadcrumbList\",\"@id\":\"https:\/\/fadia.info\/index.php\/2025\/11\/21\/encuentro-institucional-de-fadia-en-la-presentacion-del-programa-nise\/#breadcrumb\",\"itemListElement\":[{\"@type\":\"ListItem\",\"position\":1,\"name\":\"Portada\",\"item\":\"https:\/\/fadia.info\/\"},{\"@type\":\"ListItem\",\"position\":2,\"name\":\"Encuentro institucional de FADIA en la presentaci\u00f3n del programa NISE\"}]},{\"@type\":\"WebSite\",\"@id\":\"https:\/\/fadia.info\/#website\",\"url\":\"https:\/\/fadia.info\/\",\"name\":\"Fadia\",\"description\":\"\",\"publisher\":{\"@id\":\"https:\/\/fadia.info\/#organization\"},\"alternateName\":\"Federaci\u00f3n de Asociaciones de Instaladores de Andaluc\u00eda\",\"potentialAction\":[{\"@type\":\"SearchAction\",\"target\":{\"@type\":\"EntryPoint\",\"urlTemplate\":\"https:\/\/fadia.info\/?s={search_term_string}\"},\"query-input\":{\"@type\":\"PropertyValueSpecification\",\"valueRequired\":true,\"valueName\":\"search_term_string\"}}],\"inLanguage\":\"es\"},{\"@type\":\"Organization\",\"@id\":\"https:\/\/fadia.info\/#organization\",\"name\":\"Federaci\u00f3n de Asociaciones de Instaladores de Andaluc\u00eda\",\"alternateName\":\"FADIA\",\"url\":\"https:\/\/fadia.info\/\",\"logo\":{\"@type\":\"ImageObject\",\"inLanguage\":\"es\",\"@id\":\"https:\/\/fadia.info\/#\/schema\/logo\/image\/\",\"url\":\"https:\/\/fadia.info\/wp-content\/uploads\/2023\/11\/logo_fadia.png\",\"contentUrl\":\"https:\/\/fadia.info\/wp-content\/uploads\/2023\/11\/logo_fadia.png\",\"width\":619,\"height\":265,\"caption\":\"Federaci\u00f3n de Asociaciones de Instaladores de Andaluc\u00eda\"},\"image\":{\"@id\":\"https:\/\/fadia.info\/#\/schema\/logo\/image\/\"}},{\"@type\":\"Person\",\"@id\":\"https:\/\/fadia.info\/#\/schema\/person\/cdaf7b8ba0a834795f1121971cfaab26\",\"name\":\"Miguel\",\"image\":{\"@type\":\"ImageObject\",\"inLanguage\":\"es\",\"@id\":\"https:\/\/fadia.info\/#\/schema\/person\/image\/\",\"url\":\"https:\/\/secure.gravatar.com\/avatar\/7f4e60b1e9fe9c37d925854cb71b1cb76e7cee4d38db28d6f7e8677375de1b8e?s=96&d=mm&r=g\",\"contentUrl\":\"https:\/\/secure.gravatar.com\/avatar\/7f4e60b1e9fe9c37d925854cb71b1cb76e7cee4d38db28d6f7e8677375de1b8e?s=96&d=mm&r=g\",\"caption\":\"Miguel\"},\"url\":\"https:\/\/fadia.info\/index.php\/author\/miguel\/\"}]}<\/script>\n<!-- \/ Yoast SEO plugin. -->","yoast_head_json":{"title":"Encuentro institucional de FADIA en la presentaci\u00f3n del programa NISE - Fadia","robots":{"index":"index","follow":"follow","max-snippet":"max-snippet:-1","max-image-preview":"max-image-preview:large","max-video-preview":"max-video-preview:-1"},"canonical":"https:\/\/fadia.info\/index.php\/2025\/11\/21\/encuentro-institucional-de-fadia-en-la-presentacion-del-programa-nise\/","og_locale":"es_ES","og_type":"article","og_title":"Encuentro institucional de FADIA en la presentaci\u00f3n del programa NISE - Fadia","og_description":"En el marco de la presentaci\u00f3n del programa NISE, el presidente de FADIA, \u00c1ngel Noguera, junto al secretario de la Federaci\u00f3n, Aurelio Chaves, participaron en un encuentro de gran relevancia [&hellip;]","og_url":"https:\/\/fadia.info\/index.php\/2025\/11\/21\/encuentro-institucional-de-fadia-en-la-presentacion-del-programa-nise\/","og_site_name":"Fadia","article_published_time":"2025-11-21T18:51:37+00:00","article_modified_time":"2025-11-21T18:51:39+00:00","og_image":[{"width":2048,"height":1152,"url":"https:\/\/fadia.info\/wp-content\/uploads\/2025\/11\/Fadia_nise.jpeg","type":"image\/jpeg"}],"author":"Miguel","twitter_card":"summary_large_image","twitter_misc":{"Escrito por":"Miguel","Tiempo de lectura":"2 minutos"},"schema":{"@context":"https:\/\/schema.org","@graph":[{"@type":"Article","@id":"https:\/\/fadia.info\/index.php\/2025\/11\/21\/encuentro-institucional-de-fadia-en-la-presentacion-del-programa-nise\/#article","isPartOf":{"@id":"https:\/\/fadia.info\/index.php\/2025\/11\/21\/encuentro-institucional-de-fadia-en-la-presentacion-del-programa-nise\/"},"author":{"name":"Miguel","@id":"https:\/\/fadia.info\/#\/schema\/person\/cdaf7b8ba0a834795f1121971cfaab26"},"headline":"Encuentro institucional de FADIA en la presentaci\u00f3n del programa NISE","datePublished":"2025-11-21T18:51:37+00:00","dateModified":"2025-11-21T18:51:39+00:00","mainEntityOfPage":{"@id":"https:\/\/fadia.info\/index.php\/2025\/11\/21\/encuentro-institucional-de-fadia-en-la-presentacion-del-programa-nise\/"},"wordCount":186,"commentCount":0,"publisher":{"@id":"https:\/\/fadia.info\/#organization"},"image":{"@id":"https:\/\/fadia.info\/index.php\/2025\/11\/21\/encuentro-institucional-de-fadia-en-la-presentacion-del-programa-nise\/#primaryimage"},"thumbnailUrl":"https:\/\/fadia.info\/wp-content\/uploads\/2025\/11\/Fadia_nise.jpeg","keywords":["congreso fadia","FADIA","INSTALADORES","nise"],"articleSection":["FADIA"],"inLanguage":"es","potentialAction":[{"@type":"CommentAction","name":"Comment","target":["https:\/\/fadia.info\/index.php\/2025\/11\/21\/encuentro-institucional-de-fadia-en-la-presentacion-del-programa-nise\/#respond"]}]},{"@type":"WebPage","@id":"https:\/\/fadia.info\/index.php\/2025\/11\/21\/encuentro-institucional-de-fadia-en-la-presentacion-del-programa-nise\/","url":"https:\/\/fadia.info\/index.php\/2025\/11\/21\/encuentro-institucional-de-fadia-en-la-presentacion-del-programa-nise\/","name":"Encuentro institucional de FADIA en la presentaci\u00f3n del programa NISE - Fadia","isPartOf":{"@id":"https:\/\/fadia.info\/#website"},"primaryImageOfPage":{"@id":"https:\/\/fadia.info\/index.php\/2025\/11\/21\/encuentro-institucional-de-fadia-en-la-presentacion-del-programa-nise\/#primaryimage"},"image":{"@id":"https:\/\/fadia.info\/index.php\/2025\/11\/21\/encuentro-institucional-de-fadia-en-la-presentacion-del-programa-nise\/#primaryimage"},"thumbnailUrl":"https:\/\/fadia.info\/wp-content\/uploads\/2025\/11\/Fadia_nise.jpeg","datePublished":"2025-11-21T18:51:37+00:00","dateModified":"2025-11-21T18:51:39+00:00","breadcrumb":{"@id":"https:\/\/fadia.info\/index.php\/2025\/11\/21\/encuentro-institucional-de-fadia-en-la-presentacion-del-programa-nise\/#breadcrumb"},"inLanguage":"es","potentialAction":[{"@type":"ReadAction","target":["https:\/\/fadia.info\/index.php\/2025\/11\/21\/encuentro-institucional-de-fadia-en-la-presentacion-del-programa-nise\/"]}]},{"@type":"ImageObject","inLanguage":"es","@id":"https:\/\/fadia.info\/index.php\/2025\/11\/21\/encuentro-institucional-de-fadia-en-la-presentacion-del-programa-nise\/#primaryimage","url":"https:\/\/fadia.info\/wp-content\/uploads\/2025\/11\/Fadia_nise.jpeg","contentUrl":"https:\/\/fadia.info\/wp-content\/uploads\/2025\/11\/Fadia_nise.jpeg","width":2048,"height":1152},{"@type":"BreadcrumbList","@id":"https:\/\/fadia.info\/index.php\/2025\/11\/21\/encuentro-institucional-de-fadia-en-la-presentacion-del-programa-nise\/#breadcrumb","itemListElement":[{"@type":"ListItem","position":1,"name":"Portada","item":"https:\/\/fadia.info\/"},{"@type":"ListItem","position":2,"name":"Encuentro institucional de FADIA en la presentaci\u00f3n del programa NISE"}]},{"@type":"WebSite","@id":"https:\/\/fadia.info\/#website","url":"https:\/\/fadia.info\/","name":"Fadia","description":"","publisher":{"@id":"https:\/\/fadia.info\/#organization"},"alternateName":"Federaci\u00f3n de Asociaciones de Instaladores de Andaluc\u00eda","potentialAction":[{"@type":"SearchAction","target":{"@type":"EntryPoint","urlTemplate":"https:\/\/fadia.info\/?s={search_term_string}"},"query-input":{"@type":"PropertyValueSpecification","valueRequired":true,"valueName":"search_term_string"}}],"inLanguage":"es"},{"@type":"Organization","@id":"https:\/\/fadia.info\/#organization","name":"Federaci\u00f3n de Asociaciones de Instaladores de Andaluc\u00eda","alternateName":"FADIA","url":"https:\/\/fadia.info\/","logo":{"@type":"ImageObject","inLanguage":"es","@id":"https:\/\/fadia.info\/#\/schema\/logo\/image\/","url":"https:\/\/fadia.info\/wp-content\/uploads\/2023\/11\/logo_fadia.png","contentUrl":"https:\/\/fadia.info\/wp-content\/uploads\/2023\/11\/logo_fadia.png","width":619,"height":265,"caption":"Federaci\u00f3n de Asociaciones de Instaladores de Andaluc\u00eda"},"image":{"@id":"https:\/\/fadia.info\/#\/schema\/logo\/image\/"}},{"@type":"Person","@id":"https:\/\/fadia.info\/#\/schema\/person\/cdaf7b8ba0a834795f1121971cfaab26","name":"Miguel","image":{"@type":"ImageObject","inLanguage":"es","@id":"https:\/\/fadia.info\/#\/schema\/person\/image\/","url":"https:\/\/secure.gravatar.com\/avatar\/7f4e60b1e9fe9c37d925854cb71b1cb76e7cee4d38db28d6f7e8677375de1b8e?s=96&d=mm&r=g","contentUrl":"https:\/\/secure.gravatar.com\/avatar\/7f4e60b1e9fe9c37d925854cb71b1cb76e7cee4d38db28d6f7e8677375de1b8e?s=96&d=mm&r=g","caption":"Miguel"},"url":"https:\/\/fadia.info\/index.php\/author\/miguel\/"}]}},"_links":{"self":[{"href":"https:\/\/fadia.info\/index.php\/wp-json\/wp\/v2\/posts\/6662","targetHints":{"allow":["GET"]}}],"collection":[{"href":"https:\/\/fadia.info\/index.php\/wp-json\/wp\/v2\/posts"}],"about":[{"href":"https:\/\/fadia.info\/index.php\/wp-json\/wp\/v2\/types\/post"}],"author":[{"embeddable":true,"href":"https:\/\/fadia.info\/index.php\/wp-json\/wp\/v2\/users\/3"}],"replies":[{"embeddable":true,"href":"https:\/\/fadia.info\/index.php\/wp-json\/wp\/v2\/comments?post=6662"}],"version-history":[{"count":1,"href":"https:\/\/fadia.info\/index.php\/wp-json\/wp\/v2\/posts\/6662\/revisions"}],"predecessor-version":[{"id":6665,"href":"https:\/\/fadia.info\/index.php\/wp-json\/wp\/v2\/posts\/6662\/revisions\/6665"}],"wp:featuredmedia":[{"embeddable":true,"href":"https:\/\/fadia.info\/index.php\/wp-json\/wp\/v2\/media\/6663"}],"wp:attachment":[{"href":"https:\/\/fadia.info\/index.php\/wp-json\/wp\/v2\/media?parent=6662"}],"wp:term":[{"taxonomy":"category","embeddable":true,"href":"https:\/\/fadia.info\/index.php\/wp-json\/wp\/v2\/categories?post=6662"},{"taxonomy":"post_tag","embeddable":true,"href":"https:\/\/fadia.info\/index.php\/wp-json\/wp\/v2\/tags?post=6662"}],"curies":[{"name":"wp","href":"https:\/\/api.w.org\/{rel}","templated":true}]}}