{"id":6654,"date":"2025-11-14T11:46:15","date_gmt":"2025-11-14T11:46:15","guid":{"rendered":"https:\/\/fadia.info\/?p=6654"},"modified":"2025-11-14T11:55:17","modified_gmt":"2025-11-14T11:55:17","slug":"la-asociacion-autonoma-de-instaladores-electricos-y-de-telecomunicaciones-de-granada-reune-a-mas-de-50-empresas-instaladoras-en-su-2o-foro-tecnico-para-instaladores","status":"publish","type":"post","link":"https:\/\/fadia.info\/index.php\/2025\/11\/14\/la-asociacion-autonoma-de-instaladores-electricos-y-de-telecomunicaciones-de-granada-reune-a-mas-de-50-empresas-instaladoras-en-su-2o-foro-tecnico-para-instaladores\/","title":{"rendered":"La Asociaci\u00f3n Aut\u00f3noma de Instaladores El\u00e9ctricos y de Telecomunicaciones de Granada re\u00fane a m\u00e1s de 50 empresas instaladoras en su \u201c2\u00ba Foro T\u00e9cnico para instaladores\u201d"},"content":{"rendered":"\n<p>La <a href=\"https:\/\/instaladoresgranada.es\/\">Asociaci\u00f3n Aut\u00f3noma de Instaladores El\u00e9ctricos y de Telecomunicaciones de Granada (AAIE) <\/a>celebr\u00f3 el pasado 6 de noviembre, el II Foro T\u00e9cnico para Instaladores, una jornada profesional dedicada a las instalaciones el\u00e9ctricas de baja tensi\u00f3n y telecomunicaciones, que congreg\u00f3 a m\u00e1s de medio centenar de empresas instaladoras en la sede de la Asociaci\u00f3n, ubicada en el Pol\u00edgono Navegr\u00e1n de Peligros (Granada).<\/p>\n\n\n\n<!--more-->\n\n\n\n<figure class=\"wp-block-image size-large\"><img loading=\"lazy\" decoding=\"async\" width=\"1024\" height=\"768\" src=\"https:\/\/fadia.info\/wp-content\/uploads\/2025\/11\/granada_fadia1-1024x768.jpeg\" alt=\"\" class=\"wp-image-6655\" srcset=\"https:\/\/fadia.info\/wp-content\/uploads\/2025\/11\/granada_fadia1-980x735.jpeg 980w, https:\/\/fadia.info\/wp-content\/uploads\/2025\/11\/granada_fadia1-480x360.jpeg 480w\" sizes=\"auto, (min-width: 0px) and (max-width: 480px) 480px, (min-width: 481px) and (max-width: 980px) 980px, (min-width: 981px) 1024px, 100vw\" \/><\/figure>\n\n\n\n<p>El foro tuvo como objetivo principal informar sobre las novedades presentes y futuras en normativa, procedimientos y buenas pr\u00e1cticas que afectan directamente a la actividad de los instaladores. La jornada cont\u00f3 con la participaci\u00f3n de representantes de <a href=\"https:\/\/fenie.es\/\">FENIE<\/a>, <a href=\"https:\/\/www.fenieenergia.es\/es\">FENIE ENERG\u00cdA<\/a>, ENDESA DISTRIBUCI\u00d3N y la JUNTA DE ANDALUC\u00cdA, consolidando el evento como un referente t\u00e9cnico en el sector.<\/p>\n\n\n\n<p><br>La apertura estuvo a cargo del presidente de AAIE, Manuel Contreras, quien dio la bienvenida a los asistentes y destac\u00f3 la importancia de la actualizaci\u00f3n t\u00e9cnica y normativa para el crecimiento del sector.<\/p>\n\n\n\n<figure class=\"wp-block-image size-large\"><img loading=\"lazy\" decoding=\"async\" width=\"1024\" height=\"768\" src=\"https:\/\/fadia.info\/wp-content\/uploads\/2025\/11\/granada_fadia-1024x768.jpeg\" alt=\"\" class=\"wp-image-6656\" srcset=\"https:\/\/fadia.info\/wp-content\/uploads\/2025\/11\/granada_fadia-980x735.jpeg 980w, https:\/\/fadia.info\/wp-content\/uploads\/2025\/11\/granada_fadia-480x360.jpeg 480w\" sizes=\"auto, (min-width: 0px) and (max-width: 480px) 480px, (min-width: 481px) and (max-width: 980px) 980px, (min-width: 981px) 1024px, 100vw\" \/><\/figure>\n\n\n\n<p><br>A continuaci\u00f3n, intervinieron:<br>\u2022 Jes\u00fas Rom\u00e1n, secretario general de FENIE, junto a miembros del Comit\u00e9 Ejecutivo, abordando con detalle la Circular de la CNMC sobre procedimientos de acceso y conexi\u00f3n a la red el\u00e9ctrica y las novedades en el proyecto de reforma del Reglamento Electrot\u00e9cnico de Baja Tensi\u00f3n (REBT).<br><\/p>\n\n\n\n<p>\u2022 Paula Rom\u00e1n, directora general de FENIE ENERG\u00cdA, junto a su equipo, present\u00f3 la estrecha vinculaci\u00f3n de la compa\u00f1\u00eda con los instaladores y c\u00f3mo pertenecer a la misma puede mejorar la operatividad y el crecimiento de las empresas asociadas.<br><\/p>\n\n\n\n<p>\u2022 Juanjo Zabala y Juan Aranda, t\u00e9cnicos de ENDESA DISTRIBUCI\u00d3N, expusieron las funcionalidades de la web de la distribuidora y las m\u00faltiples gestiones que los instaladores pueden realizar online.<\/p>\n\n\n\n<p>\u2022 Fernando Machado, jefe del Servicio de Energ\u00eda de la Junta de Andaluc\u00eda en Granada, apoyado por Luisa Gallego, jefa del Servicio de Industria, cerr\u00f3 el ciclo de ponencias con una intervenci\u00f3n sobre las tramitaciones de instalaciones el\u00e9ctricas, abordando incidencias frecuentes y c\u00f3mo poder proceder a su subsanaci\u00f3n por parte de los instaladores.<\/p>\n\n\n\n<p><br>La jornada concluy\u00f3 con una copa de vino espa\u00f1ol, ofrecida por cortes\u00eda de FENIE ENERG\u00cdA, que permiti\u00f3 a los asistentes intercambiar impresiones en un ambiente distendido.<\/p>\n\n\n\n<p><\/p>\n\n\n\n<p><\/p>\n","protected":false},"excerpt":{"rendered":"<p>La Asociaci\u00f3n Aut\u00f3noma de Instaladores El\u00e9ctricos y de Telecomunicaciones de Granada (AAIE) celebr\u00f3 el pasado 6 de noviembre, el II Foro T\u00e9cnico para Instaladores, una jornada profesional dedicada a las [&hellip;]<\/p>\n","protected":false},"author":3,"featured_media":6655,"comment_status":"open","ping_status":"open","sticky":false,"template":"","format":"standard","meta":{"_et_pb_use_builder":"off","_et_pb_old_content":"","_et_gb_content_width":"","_monsterinsights_skip_tracking":false,"_monsterinsights_sitenote_active":false,"_monsterinsights_sitenote_note":"","_monsterinsights_sitenote_category":0,"footnotes":""},"categories":[4],"tags":[56,55,52,57],"class_list":["post-6654","post","type-post","status-publish","format-standard","has-post-thumbnail","hentry","category-fadia","tag-aaie","tag-asociacion-granada","tag-asociaciones","tag-fenie-energia"],"yoast_head":"<!-- This site is optimized with the Yoast SEO plugin v24.2 - https:\/\/yoast.com\/wordpress\/plugins\/seo\/ -->\n<title>La Asociaci\u00f3n Aut\u00f3noma de Instaladores El\u00e9ctricos y de Telecomunicaciones de Granada re\u00fane a m\u00e1s de 50 empresas instaladoras en su \u201c2\u00ba Foro T\u00e9cnico para instaladores\u201d - Fadia<\/title>\n<meta name=\"robots\" content=\"index, follow, max-snippet:-1, max-image-preview:large, max-video-preview:-1\" \/>\n<link rel=\"canonical\" href=\"https:\/\/fadia.info\/index.php\/2025\/11\/14\/la-asociacion-autonoma-de-instaladores-electricos-y-de-telecomunicaciones-de-granada-reune-a-mas-de-50-empresas-instaladoras-en-su-2o-foro-tecnico-para-instaladores\/\" \/>\n<meta property=\"og:locale\" content=\"es_ES\" \/>\n<meta property=\"og:type\" content=\"article\" \/>\n<meta property=\"og:title\" content=\"La Asociaci\u00f3n Aut\u00f3noma de Instaladores El\u00e9ctricos y de Telecomunicaciones de Granada re\u00fane a m\u00e1s de 50 empresas instaladoras en su \u201c2\u00ba Foro T\u00e9cnico para instaladores\u201d - Fadia\" \/>\n<meta property=\"og:description\" content=\"La Asociaci\u00f3n Aut\u00f3noma de Instaladores El\u00e9ctricos y de Telecomunicaciones de Granada (AAIE) celebr\u00f3 el pasado 6 de noviembre, el II Foro T\u00e9cnico para Instaladores, una jornada profesional dedicada a las [&hellip;]\" \/>\n<meta property=\"og:url\" content=\"https:\/\/fadia.info\/index.php\/2025\/11\/14\/la-asociacion-autonoma-de-instaladores-electricos-y-de-telecomunicaciones-de-granada-reune-a-mas-de-50-empresas-instaladoras-en-su-2o-foro-tecnico-para-instaladores\/\" \/>\n<meta property=\"og:site_name\" content=\"Fadia\" \/>\n<meta property=\"article:published_time\" content=\"2025-11-14T11:46:15+00:00\" \/>\n<meta property=\"article:modified_time\" content=\"2025-11-14T11:55:17+00:00\" \/>\n<meta property=\"og:image\" content=\"https:\/\/fadia.info\/wp-content\/uploads\/2025\/11\/granada_fadia1.jpeg\" \/>\n\t<meta property=\"og:image:width\" content=\"1600\" \/>\n\t<meta property=\"og:image:height\" content=\"1200\" \/>\n\t<meta property=\"og:image:type\" content=\"image\/jpeg\" \/>\n<meta name=\"author\" content=\"Miguel\" \/>\n<meta name=\"twitter:card\" content=\"summary_large_image\" \/>\n<meta name=\"twitter:label1\" content=\"Escrito por\" \/>\n\t<meta name=\"twitter:data1\" content=\"Miguel\" \/>\n\t<meta name=\"twitter:label2\" content=\"Tiempo de lectura\" \/>\n\t<meta name=\"twitter:data2\" content=\"3 minutos\" \/>\n<script type=\"application\/ld+json\" class=\"yoast-schema-graph\">{\"@context\":\"https:\/\/schema.org\",\"@graph\":[{\"@type\":\"Article\",\"@id\":\"https:\/\/fadia.info\/index.php\/2025\/11\/14\/la-asociacion-autonoma-de-instaladores-electricos-y-de-telecomunicaciones-de-granada-reune-a-mas-de-50-empresas-instaladoras-en-su-2o-foro-tecnico-para-instaladores\/#article\",\"isPartOf\":{\"@id\":\"https:\/\/fadia.info\/index.php\/2025\/11\/14\/la-asociacion-autonoma-de-instaladores-electricos-y-de-telecomunicaciones-de-granada-reune-a-mas-de-50-empresas-instaladoras-en-su-2o-foro-tecnico-para-instaladores\/\"},\"author\":{\"name\":\"Miguel\",\"@id\":\"https:\/\/fadia.info\/#\/schema\/person\/cdaf7b8ba0a834795f1121971cfaab26\"},\"headline\":\"La Asociaci\u00f3n Aut\u00f3noma de Instaladores El\u00e9ctricos y de Telecomunicaciones de Granada re\u00fane a m\u00e1s de 50 empresas instaladoras en su \u201c2\u00ba Foro T\u00e9cnico para instaladores\u201d\",\"datePublished\":\"2025-11-14T11:46:15+00:00\",\"dateModified\":\"2025-11-14T11:55:17+00:00\",\"mainEntityOfPage\":{\"@id\":\"https:\/\/fadia.info\/index.php\/2025\/11\/14\/la-asociacion-autonoma-de-instaladores-electricos-y-de-telecomunicaciones-de-granada-reune-a-mas-de-50-empresas-instaladoras-en-su-2o-foro-tecnico-para-instaladores\/\"},\"wordCount\":413,\"commentCount\":0,\"publisher\":{\"@id\":\"https:\/\/fadia.info\/#organization\"},\"image\":{\"@id\":\"https:\/\/fadia.info\/index.php\/2025\/11\/14\/la-asociacion-autonoma-de-instaladores-electricos-y-de-telecomunicaciones-de-granada-reune-a-mas-de-50-empresas-instaladoras-en-su-2o-foro-tecnico-para-instaladores\/#primaryimage\"},\"thumbnailUrl\":\"https:\/\/fadia.info\/wp-content\/uploads\/2025\/11\/granada_fadia1.jpeg\",\"keywords\":[\"aaie\",\"asociacion granada\",\"asociaciones\",\"fen\u00ede energ\u00eda\"],\"articleSection\":[\"FADIA\"],\"inLanguage\":\"es\",\"potentialAction\":[{\"@type\":\"CommentAction\",\"name\":\"Comment\",\"target\":[\"https:\/\/fadia.info\/index.php\/2025\/11\/14\/la-asociacion-autonoma-de-instaladores-electricos-y-de-telecomunicaciones-de-granada-reune-a-mas-de-50-empresas-instaladoras-en-su-2o-foro-tecnico-para-instaladores\/#respond\"]}]},{\"@type\":\"WebPage\",\"@id\":\"https:\/\/fadia.info\/index.php\/2025\/11\/14\/la-asociacion-autonoma-de-instaladores-electricos-y-de-telecomunicaciones-de-granada-reune-a-mas-de-50-empresas-instaladoras-en-su-2o-foro-tecnico-para-instaladores\/\",\"url\":\"https:\/\/fadia.info\/index.php\/2025\/11\/14\/la-asociacion-autonoma-de-instaladores-electricos-y-de-telecomunicaciones-de-granada-reune-a-mas-de-50-empresas-instaladoras-en-su-2o-foro-tecnico-para-instaladores\/\",\"name\":\"La Asociaci\u00f3n Aut\u00f3noma de Instaladores El\u00e9ctricos y de Telecomunicaciones de Granada re\u00fane a m\u00e1s de 50 empresas instaladoras en su \u201c2\u00ba Foro T\u00e9cnico para instaladores\u201d - Fadia\",\"isPartOf\":{\"@id\":\"https:\/\/fadia.info\/#website\"},\"primaryImageOfPage\":{\"@id\":\"https:\/\/fadia.info\/index.php\/2025\/11\/14\/la-asociacion-autonoma-de-instaladores-electricos-y-de-telecomunicaciones-de-granada-reune-a-mas-de-50-empresas-instaladoras-en-su-2o-foro-tecnico-para-instaladores\/#primaryimage\"},\"image\":{\"@id\":\"https:\/\/fadia.info\/index.php\/2025\/11\/14\/la-asociacion-autonoma-de-instaladores-electricos-y-de-telecomunicaciones-de-granada-reune-a-mas-de-50-empresas-instaladoras-en-su-2o-foro-tecnico-para-instaladores\/#primaryimage\"},\"thumbnailUrl\":\"https:\/\/fadia.info\/wp-content\/uploads\/2025\/11\/granada_fadia1.jpeg\",\"datePublished\":\"2025-11-14T11:46:15+00:00\",\"dateModified\":\"2025-11-14T11:55:17+00:00\",\"breadcrumb\":{\"@id\":\"https:\/\/fadia.info\/index.php\/2025\/11\/14\/la-asociacion-autonoma-de-instaladores-electricos-y-de-telecomunicaciones-de-granada-reune-a-mas-de-50-empresas-instaladoras-en-su-2o-foro-tecnico-para-instaladores\/#breadcrumb\"},\"inLanguage\":\"es\",\"potentialAction\":[{\"@type\":\"ReadAction\",\"target\":[\"https:\/\/fadia.info\/index.php\/2025\/11\/14\/la-asociacion-autonoma-de-instaladores-electricos-y-de-telecomunicaciones-de-granada-reune-a-mas-de-50-empresas-instaladoras-en-su-2o-foro-tecnico-para-instaladores\/\"]}]},{\"@type\":\"ImageObject\",\"inLanguage\":\"es\",\"@id\":\"https:\/\/fadia.info\/index.php\/2025\/11\/14\/la-asociacion-autonoma-de-instaladores-electricos-y-de-telecomunicaciones-de-granada-reune-a-mas-de-50-empresas-instaladoras-en-su-2o-foro-tecnico-para-instaladores\/#primaryimage\",\"url\":\"https:\/\/fadia.info\/wp-content\/uploads\/2025\/11\/granada_fadia1.jpeg\",\"contentUrl\":\"https:\/\/fadia.info\/wp-content\/uploads\/2025\/11\/granada_fadia1.jpeg\",\"width\":1600,\"height\":1200},{\"@type\":\"BreadcrumbList\",\"@id\":\"https:\/\/fadia.info\/index.php\/2025\/11\/14\/la-asociacion-autonoma-de-instaladores-electricos-y-de-telecomunicaciones-de-granada-reune-a-mas-de-50-empresas-instaladoras-en-su-2o-foro-tecnico-para-instaladores\/#breadcrumb\",\"itemListElement\":[{\"@type\":\"ListItem\",\"position\":1,\"name\":\"Portada\",\"item\":\"https:\/\/fadia.info\/\"},{\"@type\":\"ListItem\",\"position\":2,\"name\":\"La Asociaci\u00f3n Aut\u00f3noma de Instaladores El\u00e9ctricos y de Telecomunicaciones de Granada re\u00fane a m\u00e1s de 50 empresas instaladoras en su \u201c2\u00ba Foro T\u00e9cnico para instaladores\u201d\"}]},{\"@type\":\"WebSite\",\"@id\":\"https:\/\/fadia.info\/#website\",\"url\":\"https:\/\/fadia.info\/\",\"name\":\"Fadia\",\"description\":\"\",\"publisher\":{\"@id\":\"https:\/\/fadia.info\/#organization\"},\"alternateName\":\"Federaci\u00f3n de Asociaciones de Instaladores de Andaluc\u00eda\",\"potentialAction\":[{\"@type\":\"SearchAction\",\"target\":{\"@type\":\"EntryPoint\",\"urlTemplate\":\"https:\/\/fadia.info\/?s={search_term_string}\"},\"query-input\":{\"@type\":\"PropertyValueSpecification\",\"valueRequired\":true,\"valueName\":\"search_term_string\"}}],\"inLanguage\":\"es\"},{\"@type\":\"Organization\",\"@id\":\"https:\/\/fadia.info\/#organization\",\"name\":\"Federaci\u00f3n de Asociaciones de Instaladores de Andaluc\u00eda\",\"alternateName\":\"FADIA\",\"url\":\"https:\/\/fadia.info\/\",\"logo\":{\"@type\":\"ImageObject\",\"inLanguage\":\"es\",\"@id\":\"https:\/\/fadia.info\/#\/schema\/logo\/image\/\",\"url\":\"https:\/\/fadia.info\/wp-content\/uploads\/2023\/11\/logo_fadia.png\",\"contentUrl\":\"https:\/\/fadia.info\/wp-content\/uploads\/2023\/11\/logo_fadia.png\",\"width\":619,\"height\":265,\"caption\":\"Federaci\u00f3n de Asociaciones de Instaladores de Andaluc\u00eda\"},\"image\":{\"@id\":\"https:\/\/fadia.info\/#\/schema\/logo\/image\/\"}},{\"@type\":\"Person\",\"@id\":\"https:\/\/fadia.info\/#\/schema\/person\/cdaf7b8ba0a834795f1121971cfaab26\",\"name\":\"Miguel\",\"image\":{\"@type\":\"ImageObject\",\"inLanguage\":\"es\",\"@id\":\"https:\/\/fadia.info\/#\/schema\/person\/image\/\",\"url\":\"https:\/\/secure.gravatar.com\/avatar\/7f4e60b1e9fe9c37d925854cb71b1cb76e7cee4d38db28d6f7e8677375de1b8e?s=96&d=mm&r=g\",\"contentUrl\":\"https:\/\/secure.gravatar.com\/avatar\/7f4e60b1e9fe9c37d925854cb71b1cb76e7cee4d38db28d6f7e8677375de1b8e?s=96&d=mm&r=g\",\"caption\":\"Miguel\"},\"url\":\"https:\/\/fadia.info\/index.php\/author\/miguel\/\"}]}<\/script>\n<!-- \/ Yoast SEO plugin. -->","yoast_head_json":{"title":"La Asociaci\u00f3n Aut\u00f3noma de Instaladores El\u00e9ctricos y de Telecomunicaciones de Granada re\u00fane a m\u00e1s de 50 empresas instaladoras en su \u201c2\u00ba Foro T\u00e9cnico para instaladores\u201d - Fadia","robots":{"index":"index","follow":"follow","max-snippet":"max-snippet:-1","max-image-preview":"max-image-preview:large","max-video-preview":"max-video-preview:-1"},"canonical":"https:\/\/fadia.info\/index.php\/2025\/11\/14\/la-asociacion-autonoma-de-instaladores-electricos-y-de-telecomunicaciones-de-granada-reune-a-mas-de-50-empresas-instaladoras-en-su-2o-foro-tecnico-para-instaladores\/","og_locale":"es_ES","og_type":"article","og_title":"La Asociaci\u00f3n Aut\u00f3noma de Instaladores El\u00e9ctricos y de Telecomunicaciones de Granada re\u00fane a m\u00e1s de 50 empresas instaladoras en su \u201c2\u00ba Foro T\u00e9cnico para instaladores\u201d - Fadia","og_description":"La Asociaci\u00f3n Aut\u00f3noma de Instaladores El\u00e9ctricos y de Telecomunicaciones de Granada (AAIE) celebr\u00f3 el pasado 6 de noviembre, el II Foro T\u00e9cnico para Instaladores, una jornada profesional dedicada a las [&hellip;]","og_url":"https:\/\/fadia.info\/index.php\/2025\/11\/14\/la-asociacion-autonoma-de-instaladores-electricos-y-de-telecomunicaciones-de-granada-reune-a-mas-de-50-empresas-instaladoras-en-su-2o-foro-tecnico-para-instaladores\/","og_site_name":"Fadia","article_published_time":"2025-11-14T11:46:15+00:00","article_modified_time":"2025-11-14T11:55:17+00:00","og_image":[{"width":1600,"height":1200,"url":"https:\/\/fadia.info\/wp-content\/uploads\/2025\/11\/granada_fadia1.jpeg","type":"image\/jpeg"}],"author":"Miguel","twitter_card":"summary_large_image","twitter_misc":{"Escrito por":"Miguel","Tiempo de lectura":"3 minutos"},"schema":{"@context":"https:\/\/schema.org","@graph":[{"@type":"Article","@id":"https:\/\/fadia.info\/index.php\/2025\/11\/14\/la-asociacion-autonoma-de-instaladores-electricos-y-de-telecomunicaciones-de-granada-reune-a-mas-de-50-empresas-instaladoras-en-su-2o-foro-tecnico-para-instaladores\/#article","isPartOf":{"@id":"https:\/\/fadia.info\/index.php\/2025\/11\/14\/la-asociacion-autonoma-de-instaladores-electricos-y-de-telecomunicaciones-de-granada-reune-a-mas-de-50-empresas-instaladoras-en-su-2o-foro-tecnico-para-instaladores\/"},"author":{"name":"Miguel","@id":"https:\/\/fadia.info\/#\/schema\/person\/cdaf7b8ba0a834795f1121971cfaab26"},"headline":"La Asociaci\u00f3n Aut\u00f3noma de Instaladores El\u00e9ctricos y de Telecomunicaciones de Granada re\u00fane a m\u00e1s de 50 empresas instaladoras en su \u201c2\u00ba Foro T\u00e9cnico para instaladores\u201d","datePublished":"2025-11-14T11:46:15+00:00","dateModified":"2025-11-14T11:55:17+00:00","mainEntityOfPage":{"@id":"https:\/\/fadia.info\/index.php\/2025\/11\/14\/la-asociacion-autonoma-de-instaladores-electricos-y-de-telecomunicaciones-de-granada-reune-a-mas-de-50-empresas-instaladoras-en-su-2o-foro-tecnico-para-instaladores\/"},"wordCount":413,"commentCount":0,"publisher":{"@id":"https:\/\/fadia.info\/#organization"},"image":{"@id":"https:\/\/fadia.info\/index.php\/2025\/11\/14\/la-asociacion-autonoma-de-instaladores-electricos-y-de-telecomunicaciones-de-granada-reune-a-mas-de-50-empresas-instaladoras-en-su-2o-foro-tecnico-para-instaladores\/#primaryimage"},"thumbnailUrl":"https:\/\/fadia.info\/wp-content\/uploads\/2025\/11\/granada_fadia1.jpeg","keywords":["aaie","asociacion granada","asociaciones","fen\u00ede energ\u00eda"],"articleSection":["FADIA"],"inLanguage":"es","potentialAction":[{"@type":"CommentAction","name":"Comment","target":["https:\/\/fadia.info\/index.php\/2025\/11\/14\/la-asociacion-autonoma-de-instaladores-electricos-y-de-telecomunicaciones-de-granada-reune-a-mas-de-50-empresas-instaladoras-en-su-2o-foro-tecnico-para-instaladores\/#respond"]}]},{"@type":"WebPage","@id":"https:\/\/fadia.info\/index.php\/2025\/11\/14\/la-asociacion-autonoma-de-instaladores-electricos-y-de-telecomunicaciones-de-granada-reune-a-mas-de-50-empresas-instaladoras-en-su-2o-foro-tecnico-para-instaladores\/","url":"https:\/\/fadia.info\/index.php\/2025\/11\/14\/la-asociacion-autonoma-de-instaladores-electricos-y-de-telecomunicaciones-de-granada-reune-a-mas-de-50-empresas-instaladoras-en-su-2o-foro-tecnico-para-instaladores\/","name":"La Asociaci\u00f3n Aut\u00f3noma de Instaladores El\u00e9ctricos y de Telecomunicaciones de Granada re\u00fane a m\u00e1s de 50 empresas instaladoras en su \u201c2\u00ba Foro T\u00e9cnico para instaladores\u201d - Fadia","isPartOf":{"@id":"https:\/\/fadia.info\/#website"},"primaryImageOfPage":{"@id":"https:\/\/fadia.info\/index.php\/2025\/11\/14\/la-asociacion-autonoma-de-instaladores-electricos-y-de-telecomunicaciones-de-granada-reune-a-mas-de-50-empresas-instaladoras-en-su-2o-foro-tecnico-para-instaladores\/#primaryimage"},"image":{"@id":"https:\/\/fadia.info\/index.php\/2025\/11\/14\/la-asociacion-autonoma-de-instaladores-electricos-y-de-telecomunicaciones-de-granada-reune-a-mas-de-50-empresas-instaladoras-en-su-2o-foro-tecnico-para-instaladores\/#primaryimage"},"thumbnailUrl":"https:\/\/fadia.info\/wp-content\/uploads\/2025\/11\/granada_fadia1.jpeg","datePublished":"2025-11-14T11:46:15+00:00","dateModified":"2025-11-14T11:55:17+00:00","breadcrumb":{"@id":"https:\/\/fadia.info\/index.php\/2025\/11\/14\/la-asociacion-autonoma-de-instaladores-electricos-y-de-telecomunicaciones-de-granada-reune-a-mas-de-50-empresas-instaladoras-en-su-2o-foro-tecnico-para-instaladores\/#breadcrumb"},"inLanguage":"es","potentialAction":[{"@type":"ReadAction","target":["https:\/\/fadia.info\/index.php\/2025\/11\/14\/la-asociacion-autonoma-de-instaladores-electricos-y-de-telecomunicaciones-de-granada-reune-a-mas-de-50-empresas-instaladoras-en-su-2o-foro-tecnico-para-instaladores\/"]}]},{"@type":"ImageObject","inLanguage":"es","@id":"https:\/\/fadia.info\/index.php\/2025\/11\/14\/la-asociacion-autonoma-de-instaladores-electricos-y-de-telecomunicaciones-de-granada-reune-a-mas-de-50-empresas-instaladoras-en-su-2o-foro-tecnico-para-instaladores\/#primaryimage","url":"https:\/\/fadia.info\/wp-content\/uploads\/2025\/11\/granada_fadia1.jpeg","contentUrl":"https:\/\/fadia.info\/wp-content\/uploads\/2025\/11\/granada_fadia1.jpeg","width":1600,"height":1200},{"@type":"BreadcrumbList","@id":"https:\/\/fadia.info\/index.php\/2025\/11\/14\/la-asociacion-autonoma-de-instaladores-electricos-y-de-telecomunicaciones-de-granada-reune-a-mas-de-50-empresas-instaladoras-en-su-2o-foro-tecnico-para-instaladores\/#breadcrumb","itemListElement":[{"@type":"ListItem","position":1,"name":"Portada","item":"https:\/\/fadia.info\/"},{"@type":"ListItem","position":2,"name":"La Asociaci\u00f3n Aut\u00f3noma de Instaladores El\u00e9ctricos y de Telecomunicaciones de Granada re\u00fane a m\u00e1s de 50 empresas instaladoras en su \u201c2\u00ba Foro T\u00e9cnico para instaladores\u201d"}]},{"@type":"WebSite","@id":"https:\/\/fadia.info\/#website","url":"https:\/\/fadia.info\/","name":"Fadia","description":"","publisher":{"@id":"https:\/\/fadia.info\/#organization"},"alternateName":"Federaci\u00f3n de Asociaciones de Instaladores de Andaluc\u00eda","potentialAction":[{"@type":"SearchAction","target":{"@type":"EntryPoint","urlTemplate":"https:\/\/fadia.info\/?s={search_term_string}"},"query-input":{"@type":"PropertyValueSpecification","valueRequired":true,"valueName":"search_term_string"}}],"inLanguage":"es"},{"@type":"Organization","@id":"https:\/\/fadia.info\/#organization","name":"Federaci\u00f3n de Asociaciones de Instaladores de Andaluc\u00eda","alternateName":"FADIA","url":"https:\/\/fadia.info\/","logo":{"@type":"ImageObject","inLanguage":"es","@id":"https:\/\/fadia.info\/#\/schema\/logo\/image\/","url":"https:\/\/fadia.info\/wp-content\/uploads\/2023\/11\/logo_fadia.png","contentUrl":"https:\/\/fadia.info\/wp-content\/uploads\/2023\/11\/logo_fadia.png","width":619,"height":265,"caption":"Federaci\u00f3n de Asociaciones de Instaladores de Andaluc\u00eda"},"image":{"@id":"https:\/\/fadia.info\/#\/schema\/logo\/image\/"}},{"@type":"Person","@id":"https:\/\/fadia.info\/#\/schema\/person\/cdaf7b8ba0a834795f1121971cfaab26","name":"Miguel","image":{"@type":"ImageObject","inLanguage":"es","@id":"https:\/\/fadia.info\/#\/schema\/person\/image\/","url":"https:\/\/secure.gravatar.com\/avatar\/7f4e60b1e9fe9c37d925854cb71b1cb76e7cee4d38db28d6f7e8677375de1b8e?s=96&d=mm&r=g","contentUrl":"https:\/\/secure.gravatar.com\/avatar\/7f4e60b1e9fe9c37d925854cb71b1cb76e7cee4d38db28d6f7e8677375de1b8e?s=96&d=mm&r=g","caption":"Miguel"},"url":"https:\/\/fadia.info\/index.php\/author\/miguel\/"}]}},"_links":{"self":[{"href":"https:\/\/fadia.info\/index.php\/wp-json\/wp\/v2\/posts\/6654","targetHints":{"allow":["GET"]}}],"collection":[{"href":"https:\/\/fadia.info\/index.php\/wp-json\/wp\/v2\/posts"}],"about":[{"href":"https:\/\/fadia.info\/index.php\/wp-json\/wp\/v2\/types\/post"}],"author":[{"embeddable":true,"href":"https:\/\/fadia.info\/index.php\/wp-json\/wp\/v2\/users\/3"}],"replies":[{"embeddable":true,"href":"https:\/\/fadia.info\/index.php\/wp-json\/wp\/v2\/comments?post=6654"}],"version-history":[{"count":3,"href":"https:\/\/fadia.info\/index.php\/wp-json\/wp\/v2\/posts\/6654\/revisions"}],"predecessor-version":[{"id":6659,"href":"https:\/\/fadia.info\/index.php\/wp-json\/wp\/v2\/posts\/6654\/revisions\/6659"}],"wp:featuredmedia":[{"embeddable":true,"href":"https:\/\/fadia.info\/index.php\/wp-json\/wp\/v2\/media\/6655"}],"wp:attachment":[{"href":"https:\/\/fadia.info\/index.php\/wp-json\/wp\/v2\/media?parent=6654"}],"wp:term":[{"taxonomy":"category","embeddable":true,"href":"https:\/\/fadia.info\/index.php\/wp-json\/wp\/v2\/categories?post=6654"},{"taxonomy":"post_tag","embeddable":true,"href":"https:\/\/fadia.info\/index.php\/wp-json\/wp\/v2\/tags?post=6654"}],"curies":[{"name":"wp","href":"https:\/\/api.w.org\/{rel}","templated":true}]}}