{"id":6641,"date":"2025-10-25T07:16:51","date_gmt":"2025-10-25T07:16:51","guid":{"rendered":"https:\/\/fadia.info\/?p=6641"},"modified":"2025-10-25T07:17:03","modified_gmt":"2025-10-25T07:17:03","slug":"fadia-destaca-la-importancia-de-la-seguridad-laboral-en-el-sector-de-las-instalaciones-durante-la-semana-europea-de-la-seguridad-y-salud-en-el-trabajo","status":"publish","type":"post","link":"https:\/\/fadia.info\/index.php\/2025\/10\/25\/fadia-destaca-la-importancia-de-la-seguridad-laboral-en-el-sector-de-las-instalaciones-durante-la-semana-europea-de-la-seguridad-y-salud-en-el-trabajo\/","title":{"rendered":"FADIA destaca la importancia de la seguridad laboral en el sector de las instalaciones durante la Semana Europea de la Seguridad y Salud en el Trabajo"},"content":{"rendered":"\n<p>Con motivo de la <strong>Semana Europea de la Seguridad y Salud en el Trabajo<\/strong>, que se celebra entre el 20 y el 26 de octubre, la <strong>Federaci\u00f3n de Asociaciones de Instaladores de Andaluc\u00eda (FADIA)<\/strong> pone en valor la <strong>importancia de la prevenci\u00f3n de riesgos laborales (PRL)<\/strong> en el \u00e1mbito de las instalaciones el\u00e9ctricas, fontaner\u00eda, gas, climatizaci\u00f3n, calefacci\u00f3n, refrigeraci\u00f3n y otras especialidades t\u00e9cnicas.<\/p>\n\n\n\n<figure class=\"wp-block-image size-large\"><img loading=\"lazy\" decoding=\"async\" width=\"1024\" height=\"1024\" src=\"https:\/\/fadia.info\/wp-content\/uploads\/2025\/10\/FADIA_PRL-1024x1024.png\" alt=\"\" class=\"wp-image-6642\" srcset=\"https:\/\/fadia.info\/wp-content\/uploads\/2025\/10\/FADIA_PRL-1024x1024.png 1024w, https:\/\/fadia.info\/wp-content\/uploads\/2025\/10\/FADIA_PRL-980x980.png 980w, https:\/\/fadia.info\/wp-content\/uploads\/2025\/10\/FADIA_PRL-480x480.png 480w\" sizes=\"auto, (min-width: 0px) and (max-width: 480px) 480px, (min-width: 481px) and (max-width: 980px) 980px, (min-width: 981px) 1024px, 100vw\" \/><\/figure>\n\n\n\n<p>El sector de las instalaciones es uno de los que presenta <strong>mayores \u00edndices de riesgo laboral<\/strong>, debido a la naturaleza t\u00e9cnica de los trabajos y a las condiciones en las que se desarrollan. Por ello, desde FADIA se subraya que <strong>la formaci\u00f3n continua y la concienciaci\u00f3n son claves<\/strong> para garantizar la seguridad de los profesionales y la calidad de los servicios que prestan.<\/p>\n\n\n\n<p>\u201cLa seguridad no puede entenderse como una obligaci\u00f3n, sino como una cultura compartida por todos los profesionales del sector. Desde FADIA trabajamos cada d\u00eda para que los instaladores andaluces dispongan de la mejor formaci\u00f3n y de los recursos necesarios para ejercer su labor con las m\u00e1ximas garant\u00edas\u201d, se\u00f1alan desde la Federaci\u00f3n.<\/p>\n\n\n\n<p><strong>El papel de las asociaciones provinciales: cercan\u00eda, formaci\u00f3n y prevenci\u00f3n<\/strong><\/p>\n\n\n\n<p>FADIA recuerda que las <strong>asociaciones provinciales de instaladores<\/strong> \u2014integradas en la federaci\u00f3n\u2014 desempe\u00f1an un papel fundamental en la <strong>promoci\u00f3n de la seguridad y salud laboral<\/strong>, actuando como punto de encuentro entre empresas, t\u00e9cnicos y administraciones p\u00fablicas.<\/p>\n\n\n\n<p>A trav\u00e9s de <strong>cursos de formaci\u00f3n en PRL<\/strong>, jornadas t\u00e9cnicas y campa\u00f1as informativas, las asociaciones provinciales contribuyen activamente a <strong>reducir los accidentes laborales<\/strong> y a <strong>fomentar una cultura preventiva s\u00f3lida<\/strong> en todo el territorio andaluz.<\/p>\n\n\n\n<p>Adem\u00e1s, la colaboraci\u00f3n con entidades especializadas y organismos p\u00fablicos permite mantener actualizados los contenidos formativos en materia de <strong>seguridad el\u00e9ctrica, manipulaci\u00f3n de gases refrigerantes, instalaciones t\u00e9rmicas y riesgos asociados a los trabajos en altura o espacios confinados, entre otros<\/strong>.<\/p>\n\n\n\n<p><strong>Compromiso con la seguridad y la calidad<\/strong><\/p>\n\n\n\n<p>Durante esta Semana Europea, FADIA hace un llamamiento a todos los profesionales del sector para <strong>reforzar su compromiso con la seguridad<\/strong>, recordando que un entorno de trabajo seguro no solo protege a las personas, sino que tambi\u00e9n <strong>mejora la competitividad y la reputaci\u00f3n<\/strong> de las empresas instaladoras.<\/p>\n\n\n\n<p>Con iniciativas como esta, FADIA reafirma su papel como <strong>referente regional en la promoci\u00f3n de la seguridad y la profesionalizaci\u00f3n del sector de las instalaciones<\/strong>, contribuyendo al objetivo europeo de lograr <strong>entornos de trabajo seguros, saludables y sostenibles<\/strong>.<\/p>\n","protected":false},"excerpt":{"rendered":"<p>Con motivo de la Semana Europea de la Seguridad y Salud en el Trabajo, que se celebra entre el 20 y el 26 de octubre, la Federaci\u00f3n de Asociaciones de [&hellip;]<\/p>\n","protected":false},"author":3,"featured_media":6642,"comment_status":"open","ping_status":"open","sticky":false,"template":"","format":"standard","meta":{"_et_pb_use_builder":"off","_et_pb_old_content":"","_et_gb_content_width":"","_monsterinsights_skip_tracking":false,"_monsterinsights_sitenote_active":false,"_monsterinsights_sitenote_note":"","_monsterinsights_sitenote_category":0,"footnotes":""},"categories":[4],"tags":[52,14,15,54],"class_list":["post-6641","post","type-post","status-publish","format-standard","has-post-thumbnail","hentry","category-fadia","tag-asociaciones","tag-fadia","tag-instaladores","tag-prevencion"],"yoast_head":"<!-- This site is optimized with the Yoast SEO plugin v24.2 - https:\/\/yoast.com\/wordpress\/plugins\/seo\/ -->\n<title>FADIA destaca la importancia de la seguridad laboral en el sector de las instalaciones durante la Semana Europea de la Seguridad y Salud en el Trabajo - Fadia<\/title>\n<meta name=\"robots\" content=\"index, follow, max-snippet:-1, max-image-preview:large, max-video-preview:-1\" \/>\n<link rel=\"canonical\" href=\"https:\/\/fadia.info\/index.php\/2025\/10\/25\/fadia-destaca-la-importancia-de-la-seguridad-laboral-en-el-sector-de-las-instalaciones-durante-la-semana-europea-de-la-seguridad-y-salud-en-el-trabajo\/\" \/>\n<meta property=\"og:locale\" content=\"es_ES\" \/>\n<meta property=\"og:type\" content=\"article\" \/>\n<meta property=\"og:title\" content=\"FADIA destaca la importancia de la seguridad laboral en el sector de las instalaciones durante la Semana Europea de la Seguridad y Salud en el Trabajo - Fadia\" \/>\n<meta property=\"og:description\" content=\"Con motivo de la Semana Europea de la Seguridad y Salud en el Trabajo, que se celebra entre el 20 y el 26 de octubre, la Federaci\u00f3n de Asociaciones de [&hellip;]\" \/>\n<meta property=\"og:url\" content=\"https:\/\/fadia.info\/index.php\/2025\/10\/25\/fadia-destaca-la-importancia-de-la-seguridad-laboral-en-el-sector-de-las-instalaciones-durante-la-semana-europea-de-la-seguridad-y-salud-en-el-trabajo\/\" \/>\n<meta property=\"og:site_name\" content=\"Fadia\" \/>\n<meta property=\"article:published_time\" content=\"2025-10-25T07:16:51+00:00\" \/>\n<meta property=\"article:modified_time\" content=\"2025-10-25T07:17:03+00:00\" \/>\n<meta property=\"og:image\" content=\"https:\/\/fadia.info\/wp-content\/uploads\/2025\/10\/FADIA_PRL.png\" \/>\n\t<meta property=\"og:image:width\" content=\"1080\" \/>\n\t<meta property=\"og:image:height\" content=\"1080\" \/>\n\t<meta property=\"og:image:type\" content=\"image\/png\" \/>\n<meta name=\"author\" content=\"Miguel\" \/>\n<meta name=\"twitter:card\" content=\"summary_large_image\" \/>\n<meta name=\"twitter:label1\" content=\"Escrito por\" \/>\n\t<meta name=\"twitter:data1\" content=\"Miguel\" \/>\n\t<meta name=\"twitter:label2\" content=\"Tiempo de lectura\" \/>\n\t<meta name=\"twitter:data2\" content=\"3 minutos\" \/>\n<script type=\"application\/ld+json\" class=\"yoast-schema-graph\">{\"@context\":\"https:\/\/schema.org\",\"@graph\":[{\"@type\":\"Article\",\"@id\":\"https:\/\/fadia.info\/index.php\/2025\/10\/25\/fadia-destaca-la-importancia-de-la-seguridad-laboral-en-el-sector-de-las-instalaciones-durante-la-semana-europea-de-la-seguridad-y-salud-en-el-trabajo\/#article\",\"isPartOf\":{\"@id\":\"https:\/\/fadia.info\/index.php\/2025\/10\/25\/fadia-destaca-la-importancia-de-la-seguridad-laboral-en-el-sector-de-las-instalaciones-durante-la-semana-europea-de-la-seguridad-y-salud-en-el-trabajo\/\"},\"author\":{\"name\":\"Miguel\",\"@id\":\"https:\/\/fadia.info\/#\/schema\/person\/cdaf7b8ba0a834795f1121971cfaab26\"},\"headline\":\"FADIA destaca la importancia de la seguridad laboral en el sector de las instalaciones durante la Semana Europea de la Seguridad y Salud en el Trabajo\",\"datePublished\":\"2025-10-25T07:16:51+00:00\",\"dateModified\":\"2025-10-25T07:17:03+00:00\",\"mainEntityOfPage\":{\"@id\":\"https:\/\/fadia.info\/index.php\/2025\/10\/25\/fadia-destaca-la-importancia-de-la-seguridad-laboral-en-el-sector-de-las-instalaciones-durante-la-semana-europea-de-la-seguridad-y-salud-en-el-trabajo\/\"},\"wordCount\":454,\"commentCount\":0,\"publisher\":{\"@id\":\"https:\/\/fadia.info\/#organization\"},\"image\":{\"@id\":\"https:\/\/fadia.info\/index.php\/2025\/10\/25\/fadia-destaca-la-importancia-de-la-seguridad-laboral-en-el-sector-de-las-instalaciones-durante-la-semana-europea-de-la-seguridad-y-salud-en-el-trabajo\/#primaryimage\"},\"thumbnailUrl\":\"https:\/\/fadia.info\/wp-content\/uploads\/2025\/10\/FADIA_PRL.png\",\"keywords\":[\"asociaciones\",\"FADIA\",\"INSTALADORES\",\"PREVENCI\u00d3N\"],\"articleSection\":[\"FADIA\"],\"inLanguage\":\"es\",\"potentialAction\":[{\"@type\":\"CommentAction\",\"name\":\"Comment\",\"target\":[\"https:\/\/fadia.info\/index.php\/2025\/10\/25\/fadia-destaca-la-importancia-de-la-seguridad-laboral-en-el-sector-de-las-instalaciones-durante-la-semana-europea-de-la-seguridad-y-salud-en-el-trabajo\/#respond\"]}]},{\"@type\":\"WebPage\",\"@id\":\"https:\/\/fadia.info\/index.php\/2025\/10\/25\/fadia-destaca-la-importancia-de-la-seguridad-laboral-en-el-sector-de-las-instalaciones-durante-la-semana-europea-de-la-seguridad-y-salud-en-el-trabajo\/\",\"url\":\"https:\/\/fadia.info\/index.php\/2025\/10\/25\/fadia-destaca-la-importancia-de-la-seguridad-laboral-en-el-sector-de-las-instalaciones-durante-la-semana-europea-de-la-seguridad-y-salud-en-el-trabajo\/\",\"name\":\"FADIA destaca la importancia de la seguridad laboral en el sector de las instalaciones durante la Semana Europea de la Seguridad y Salud en el Trabajo - Fadia\",\"isPartOf\":{\"@id\":\"https:\/\/fadia.info\/#website\"},\"primaryImageOfPage\":{\"@id\":\"https:\/\/fadia.info\/index.php\/2025\/10\/25\/fadia-destaca-la-importancia-de-la-seguridad-laboral-en-el-sector-de-las-instalaciones-durante-la-semana-europea-de-la-seguridad-y-salud-en-el-trabajo\/#primaryimage\"},\"image\":{\"@id\":\"https:\/\/fadia.info\/index.php\/2025\/10\/25\/fadia-destaca-la-importancia-de-la-seguridad-laboral-en-el-sector-de-las-instalaciones-durante-la-semana-europea-de-la-seguridad-y-salud-en-el-trabajo\/#primaryimage\"},\"thumbnailUrl\":\"https:\/\/fadia.info\/wp-content\/uploads\/2025\/10\/FADIA_PRL.png\",\"datePublished\":\"2025-10-25T07:16:51+00:00\",\"dateModified\":\"2025-10-25T07:17:03+00:00\",\"breadcrumb\":{\"@id\":\"https:\/\/fadia.info\/index.php\/2025\/10\/25\/fadia-destaca-la-importancia-de-la-seguridad-laboral-en-el-sector-de-las-instalaciones-durante-la-semana-europea-de-la-seguridad-y-salud-en-el-trabajo\/#breadcrumb\"},\"inLanguage\":\"es\",\"potentialAction\":[{\"@type\":\"ReadAction\",\"target\":[\"https:\/\/fadia.info\/index.php\/2025\/10\/25\/fadia-destaca-la-importancia-de-la-seguridad-laboral-en-el-sector-de-las-instalaciones-durante-la-semana-europea-de-la-seguridad-y-salud-en-el-trabajo\/\"]}]},{\"@type\":\"ImageObject\",\"inLanguage\":\"es\",\"@id\":\"https:\/\/fadia.info\/index.php\/2025\/10\/25\/fadia-destaca-la-importancia-de-la-seguridad-laboral-en-el-sector-de-las-instalaciones-durante-la-semana-europea-de-la-seguridad-y-salud-en-el-trabajo\/#primaryimage\",\"url\":\"https:\/\/fadia.info\/wp-content\/uploads\/2025\/10\/FADIA_PRL.png\",\"contentUrl\":\"https:\/\/fadia.info\/wp-content\/uploads\/2025\/10\/FADIA_PRL.png\",\"width\":1080,\"height\":1080},{\"@type\":\"BreadcrumbList\",\"@id\":\"https:\/\/fadia.info\/index.php\/2025\/10\/25\/fadia-destaca-la-importancia-de-la-seguridad-laboral-en-el-sector-de-las-instalaciones-durante-la-semana-europea-de-la-seguridad-y-salud-en-el-trabajo\/#breadcrumb\",\"itemListElement\":[{\"@type\":\"ListItem\",\"position\":1,\"name\":\"Portada\",\"item\":\"https:\/\/fadia.info\/\"},{\"@type\":\"ListItem\",\"position\":2,\"name\":\"FADIA destaca la importancia de la seguridad laboral en el sector de las instalaciones durante la Semana Europea de la Seguridad y Salud en el Trabajo\"}]},{\"@type\":\"WebSite\",\"@id\":\"https:\/\/fadia.info\/#website\",\"url\":\"https:\/\/fadia.info\/\",\"name\":\"Fadia\",\"description\":\"\",\"publisher\":{\"@id\":\"https:\/\/fadia.info\/#organization\"},\"alternateName\":\"Federaci\u00f3n de Asociaciones de Instaladores de Andaluc\u00eda\",\"potentialAction\":[{\"@type\":\"SearchAction\",\"target\":{\"@type\":\"EntryPoint\",\"urlTemplate\":\"https:\/\/fadia.info\/?s={search_term_string}\"},\"query-input\":{\"@type\":\"PropertyValueSpecification\",\"valueRequired\":true,\"valueName\":\"search_term_string\"}}],\"inLanguage\":\"es\"},{\"@type\":\"Organization\",\"@id\":\"https:\/\/fadia.info\/#organization\",\"name\":\"Federaci\u00f3n de Asociaciones de Instaladores de Andaluc\u00eda\",\"alternateName\":\"FADIA\",\"url\":\"https:\/\/fadia.info\/\",\"logo\":{\"@type\":\"ImageObject\",\"inLanguage\":\"es\",\"@id\":\"https:\/\/fadia.info\/#\/schema\/logo\/image\/\",\"url\":\"https:\/\/fadia.info\/wp-content\/uploads\/2023\/11\/logo_fadia.png\",\"contentUrl\":\"https:\/\/fadia.info\/wp-content\/uploads\/2023\/11\/logo_fadia.png\",\"width\":619,\"height\":265,\"caption\":\"Federaci\u00f3n de Asociaciones de Instaladores de Andaluc\u00eda\"},\"image\":{\"@id\":\"https:\/\/fadia.info\/#\/schema\/logo\/image\/\"}},{\"@type\":\"Person\",\"@id\":\"https:\/\/fadia.info\/#\/schema\/person\/cdaf7b8ba0a834795f1121971cfaab26\",\"name\":\"Miguel\",\"image\":{\"@type\":\"ImageObject\",\"inLanguage\":\"es\",\"@id\":\"https:\/\/fadia.info\/#\/schema\/person\/image\/\",\"url\":\"https:\/\/secure.gravatar.com\/avatar\/7f4e60b1e9fe9c37d925854cb71b1cb76e7cee4d38db28d6f7e8677375de1b8e?s=96&d=mm&r=g\",\"contentUrl\":\"https:\/\/secure.gravatar.com\/avatar\/7f4e60b1e9fe9c37d925854cb71b1cb76e7cee4d38db28d6f7e8677375de1b8e?s=96&d=mm&r=g\",\"caption\":\"Miguel\"},\"url\":\"https:\/\/fadia.info\/index.php\/author\/miguel\/\"}]}<\/script>\n<!-- \/ Yoast SEO plugin. -->","yoast_head_json":{"title":"FADIA destaca la importancia de la seguridad laboral en el sector de las instalaciones durante la Semana Europea de la Seguridad y Salud en el Trabajo - Fadia","robots":{"index":"index","follow":"follow","max-snippet":"max-snippet:-1","max-image-preview":"max-image-preview:large","max-video-preview":"max-video-preview:-1"},"canonical":"https:\/\/fadia.info\/index.php\/2025\/10\/25\/fadia-destaca-la-importancia-de-la-seguridad-laboral-en-el-sector-de-las-instalaciones-durante-la-semana-europea-de-la-seguridad-y-salud-en-el-trabajo\/","og_locale":"es_ES","og_type":"article","og_title":"FADIA destaca la importancia de la seguridad laboral en el sector de las instalaciones durante la Semana Europea de la Seguridad y Salud en el Trabajo - Fadia","og_description":"Con motivo de la Semana Europea de la Seguridad y Salud en el Trabajo, que se celebra entre el 20 y el 26 de octubre, la Federaci\u00f3n de Asociaciones de [&hellip;]","og_url":"https:\/\/fadia.info\/index.php\/2025\/10\/25\/fadia-destaca-la-importancia-de-la-seguridad-laboral-en-el-sector-de-las-instalaciones-durante-la-semana-europea-de-la-seguridad-y-salud-en-el-trabajo\/","og_site_name":"Fadia","article_published_time":"2025-10-25T07:16:51+00:00","article_modified_time":"2025-10-25T07:17:03+00:00","og_image":[{"width":1080,"height":1080,"url":"https:\/\/fadia.info\/wp-content\/uploads\/2025\/10\/FADIA_PRL.png","type":"image\/png"}],"author":"Miguel","twitter_card":"summary_large_image","twitter_misc":{"Escrito por":"Miguel","Tiempo de lectura":"3 minutos"},"schema":{"@context":"https:\/\/schema.org","@graph":[{"@type":"Article","@id":"https:\/\/fadia.info\/index.php\/2025\/10\/25\/fadia-destaca-la-importancia-de-la-seguridad-laboral-en-el-sector-de-las-instalaciones-durante-la-semana-europea-de-la-seguridad-y-salud-en-el-trabajo\/#article","isPartOf":{"@id":"https:\/\/fadia.info\/index.php\/2025\/10\/25\/fadia-destaca-la-importancia-de-la-seguridad-laboral-en-el-sector-de-las-instalaciones-durante-la-semana-europea-de-la-seguridad-y-salud-en-el-trabajo\/"},"author":{"name":"Miguel","@id":"https:\/\/fadia.info\/#\/schema\/person\/cdaf7b8ba0a834795f1121971cfaab26"},"headline":"FADIA destaca la importancia de la seguridad laboral en el sector de las instalaciones durante la Semana Europea de la Seguridad y Salud en el Trabajo","datePublished":"2025-10-25T07:16:51+00:00","dateModified":"2025-10-25T07:17:03+00:00","mainEntityOfPage":{"@id":"https:\/\/fadia.info\/index.php\/2025\/10\/25\/fadia-destaca-la-importancia-de-la-seguridad-laboral-en-el-sector-de-las-instalaciones-durante-la-semana-europea-de-la-seguridad-y-salud-en-el-trabajo\/"},"wordCount":454,"commentCount":0,"publisher":{"@id":"https:\/\/fadia.info\/#organization"},"image":{"@id":"https:\/\/fadia.info\/index.php\/2025\/10\/25\/fadia-destaca-la-importancia-de-la-seguridad-laboral-en-el-sector-de-las-instalaciones-durante-la-semana-europea-de-la-seguridad-y-salud-en-el-trabajo\/#primaryimage"},"thumbnailUrl":"https:\/\/fadia.info\/wp-content\/uploads\/2025\/10\/FADIA_PRL.png","keywords":["asociaciones","FADIA","INSTALADORES","PREVENCI\u00d3N"],"articleSection":["FADIA"],"inLanguage":"es","potentialAction":[{"@type":"CommentAction","name":"Comment","target":["https:\/\/fadia.info\/index.php\/2025\/10\/25\/fadia-destaca-la-importancia-de-la-seguridad-laboral-en-el-sector-de-las-instalaciones-durante-la-semana-europea-de-la-seguridad-y-salud-en-el-trabajo\/#respond"]}]},{"@type":"WebPage","@id":"https:\/\/fadia.info\/index.php\/2025\/10\/25\/fadia-destaca-la-importancia-de-la-seguridad-laboral-en-el-sector-de-las-instalaciones-durante-la-semana-europea-de-la-seguridad-y-salud-en-el-trabajo\/","url":"https:\/\/fadia.info\/index.php\/2025\/10\/25\/fadia-destaca-la-importancia-de-la-seguridad-laboral-en-el-sector-de-las-instalaciones-durante-la-semana-europea-de-la-seguridad-y-salud-en-el-trabajo\/","name":"FADIA destaca la importancia de la seguridad laboral en el sector de las instalaciones durante la Semana Europea de la Seguridad y Salud en el Trabajo - Fadia","isPartOf":{"@id":"https:\/\/fadia.info\/#website"},"primaryImageOfPage":{"@id":"https:\/\/fadia.info\/index.php\/2025\/10\/25\/fadia-destaca-la-importancia-de-la-seguridad-laboral-en-el-sector-de-las-instalaciones-durante-la-semana-europea-de-la-seguridad-y-salud-en-el-trabajo\/#primaryimage"},"image":{"@id":"https:\/\/fadia.info\/index.php\/2025\/10\/25\/fadia-destaca-la-importancia-de-la-seguridad-laboral-en-el-sector-de-las-instalaciones-durante-la-semana-europea-de-la-seguridad-y-salud-en-el-trabajo\/#primaryimage"},"thumbnailUrl":"https:\/\/fadia.info\/wp-content\/uploads\/2025\/10\/FADIA_PRL.png","datePublished":"2025-10-25T07:16:51+00:00","dateModified":"2025-10-25T07:17:03+00:00","breadcrumb":{"@id":"https:\/\/fadia.info\/index.php\/2025\/10\/25\/fadia-destaca-la-importancia-de-la-seguridad-laboral-en-el-sector-de-las-instalaciones-durante-la-semana-europea-de-la-seguridad-y-salud-en-el-trabajo\/#breadcrumb"},"inLanguage":"es","potentialAction":[{"@type":"ReadAction","target":["https:\/\/fadia.info\/index.php\/2025\/10\/25\/fadia-destaca-la-importancia-de-la-seguridad-laboral-en-el-sector-de-las-instalaciones-durante-la-semana-europea-de-la-seguridad-y-salud-en-el-trabajo\/"]}]},{"@type":"ImageObject","inLanguage":"es","@id":"https:\/\/fadia.info\/index.php\/2025\/10\/25\/fadia-destaca-la-importancia-de-la-seguridad-laboral-en-el-sector-de-las-instalaciones-durante-la-semana-europea-de-la-seguridad-y-salud-en-el-trabajo\/#primaryimage","url":"https:\/\/fadia.info\/wp-content\/uploads\/2025\/10\/FADIA_PRL.png","contentUrl":"https:\/\/fadia.info\/wp-content\/uploads\/2025\/10\/FADIA_PRL.png","width":1080,"height":1080},{"@type":"BreadcrumbList","@id":"https:\/\/fadia.info\/index.php\/2025\/10\/25\/fadia-destaca-la-importancia-de-la-seguridad-laboral-en-el-sector-de-las-instalaciones-durante-la-semana-europea-de-la-seguridad-y-salud-en-el-trabajo\/#breadcrumb","itemListElement":[{"@type":"ListItem","position":1,"name":"Portada","item":"https:\/\/fadia.info\/"},{"@type":"ListItem","position":2,"name":"FADIA destaca la importancia de la seguridad laboral en el sector de las instalaciones durante la Semana Europea de la Seguridad y Salud en el Trabajo"}]},{"@type":"WebSite","@id":"https:\/\/fadia.info\/#website","url":"https:\/\/fadia.info\/","name":"Fadia","description":"","publisher":{"@id":"https:\/\/fadia.info\/#organization"},"alternateName":"Federaci\u00f3n de Asociaciones de Instaladores de Andaluc\u00eda","potentialAction":[{"@type":"SearchAction","target":{"@type":"EntryPoint","urlTemplate":"https:\/\/fadia.info\/?s={search_term_string}"},"query-input":{"@type":"PropertyValueSpecification","valueRequired":true,"valueName":"search_term_string"}}],"inLanguage":"es"},{"@type":"Organization","@id":"https:\/\/fadia.info\/#organization","name":"Federaci\u00f3n de Asociaciones de Instaladores de Andaluc\u00eda","alternateName":"FADIA","url":"https:\/\/fadia.info\/","logo":{"@type":"ImageObject","inLanguage":"es","@id":"https:\/\/fadia.info\/#\/schema\/logo\/image\/","url":"https:\/\/fadia.info\/wp-content\/uploads\/2023\/11\/logo_fadia.png","contentUrl":"https:\/\/fadia.info\/wp-content\/uploads\/2023\/11\/logo_fadia.png","width":619,"height":265,"caption":"Federaci\u00f3n de Asociaciones de Instaladores de Andaluc\u00eda"},"image":{"@id":"https:\/\/fadia.info\/#\/schema\/logo\/image\/"}},{"@type":"Person","@id":"https:\/\/fadia.info\/#\/schema\/person\/cdaf7b8ba0a834795f1121971cfaab26","name":"Miguel","image":{"@type":"ImageObject","inLanguage":"es","@id":"https:\/\/fadia.info\/#\/schema\/person\/image\/","url":"https:\/\/secure.gravatar.com\/avatar\/7f4e60b1e9fe9c37d925854cb71b1cb76e7cee4d38db28d6f7e8677375de1b8e?s=96&d=mm&r=g","contentUrl":"https:\/\/secure.gravatar.com\/avatar\/7f4e60b1e9fe9c37d925854cb71b1cb76e7cee4d38db28d6f7e8677375de1b8e?s=96&d=mm&r=g","caption":"Miguel"},"url":"https:\/\/fadia.info\/index.php\/author\/miguel\/"}]}},"_links":{"self":[{"href":"https:\/\/fadia.info\/index.php\/wp-json\/wp\/v2\/posts\/6641","targetHints":{"allow":["GET"]}}],"collection":[{"href":"https:\/\/fadia.info\/index.php\/wp-json\/wp\/v2\/posts"}],"about":[{"href":"https:\/\/fadia.info\/index.php\/wp-json\/wp\/v2\/types\/post"}],"author":[{"embeddable":true,"href":"https:\/\/fadia.info\/index.php\/wp-json\/wp\/v2\/users\/3"}],"replies":[{"embeddable":true,"href":"https:\/\/fadia.info\/index.php\/wp-json\/wp\/v2\/comments?post=6641"}],"version-history":[{"count":1,"href":"https:\/\/fadia.info\/index.php\/wp-json\/wp\/v2\/posts\/6641\/revisions"}],"predecessor-version":[{"id":6643,"href":"https:\/\/fadia.info\/index.php\/wp-json\/wp\/v2\/posts\/6641\/revisions\/6643"}],"wp:featuredmedia":[{"embeddable":true,"href":"https:\/\/fadia.info\/index.php\/wp-json\/wp\/v2\/media\/6642"}],"wp:attachment":[{"href":"https:\/\/fadia.info\/index.php\/wp-json\/wp\/v2\/media?parent=6641"}],"wp:term":[{"taxonomy":"category","embeddable":true,"href":"https:\/\/fadia.info\/index.php\/wp-json\/wp\/v2\/categories?post=6641"},{"taxonomy":"post_tag","embeddable":true,"href":"https:\/\/fadia.info\/index.php\/wp-json\/wp\/v2\/tags?post=6641"}],"curies":[{"name":"wp","href":"https:\/\/api.w.org\/{rel}","templated":true}]}}