{"id":6635,"date":"2025-10-16T09:08:38","date_gmt":"2025-10-16T09:08:38","guid":{"rendered":"https:\/\/fadia.info\/?p=6635"},"modified":"2025-10-16T09:08:43","modified_gmt":"2025-10-16T09:08:43","slug":"fadia-celebra-su-junta-directiva-ordinaria-con-pleno-de-asociaciones","status":"publish","type":"post","link":"https:\/\/fadia.info\/index.php\/2025\/10\/16\/fadia-celebra-su-junta-directiva-ordinaria-con-pleno-de-asociaciones\/","title":{"rendered":"FADIA celebra su Junta Directiva Ordinaria con pleno de Asociaciones"},"content":{"rendered":"\n<p>La Federaci\u00f3n Andaluza de Instaladores (FADIA) celebr\u00f3 el pasado <strong>jueves 9 de octubre de 2025<\/strong> su <strong>Junta Directiva Ordinaria<\/strong>, <strong>por videoconferencia <\/strong>contando con representaci\u00f3n de todas las Asociaciones andaluzas adscritas a la federaci\u00f3n.<\/p>\n\n\n\n<!--more-->\n\n\n\n<figure class=\"wp-block-image size-large\"><img loading=\"lazy\" decoding=\"async\" width=\"1024\" height=\"576\" src=\"https:\/\/fadia.info\/wp-content\/uploads\/2025\/10\/imagen_junta_fadia-1024x576.jpeg\" alt=\"\" class=\"wp-image-6637\" srcset=\"https:\/\/fadia.info\/wp-content\/uploads\/2025\/10\/imagen_junta_fadia-980x551.jpeg 980w, https:\/\/fadia.info\/wp-content\/uploads\/2025\/10\/imagen_junta_fadia-480x270.jpeg 480w\" sizes=\"auto, (min-width: 0px) and (max-width: 480px) 480px, (min-width: 481px) and (max-width: 980px) 980px, (min-width: 981px) 1024px, 100vw\" \/><\/figure>\n\n\n\n<p>Durante la sesi\u00f3n, que cont\u00f3 con la participaci\u00f3n de los miembros de la Junta Directiva, representantes de las distintas asociaciones provinciales, se abordaron los puntos habituales del orden del d\u00eda como la lectura y aprobaci\u00f3n del acta anterior y la presentaci\u00f3n del estado de tesorer\u00eda y cuentas.<\/p>\n\n\n\n<p>Igualmente se presentaron los informes de las distintas comisiones, que recog\u00edan el seguimiento de los planes de trabajo en las \u00e1reas de Distribuidoras, Clima e Industria, as\u00ed como el desarrollo del <strong>Plan de Social Media de FADIA<\/strong>, y la organizaci\u00f3n de <strong>FADIA26 \u2013 II Congreso y Feria del Instalador de Andaluc\u00eda<\/strong>.<\/p>\n\n\n\n<p>En este sentido, se present\u00f3 a la directiva un avance de lo que ser\u00e1 FADIA-26 un congreso y feria que tendr\u00e1 un programa enfocado en cuatro grandes bloques: la Digitalizaci\u00f3n y la IA; la Energ\u00eda Inteligente; un nuevo Marco Normativo y Formativo; Conexi\u00f3n con la Sociedad. El instalador como enlace.<\/p>\n\n\n\n<p>\u00abRetos del instalador del futuro\u00bb ser\u00e1 el lema de esta Feria y Congreso que se celebrar\u00e1 en&nbsp;<strong>Sevilla<\/strong>&nbsp;los d\u00edas&nbsp;<strong>18 y 19 de marzo<\/strong>&nbsp;de 2026, y en el que estar\u00e1n involucradas todas las asociaciones andaluzas para garantizar un \u00e9xito rotundo del evento.<\/p>\n\n\n\n<p>Posteriormente, durante la presentaci\u00f3n de su informe, \u00c1ngel Noguera, presidente de FADIA, destac\u00f3 la necesidad de que la Federaci\u00f3n d\u00e9 un paso al frente en su papel representativo y estrat\u00e9gico, reforzando la unidad de los instaladores y ganando relevancia en la sociedad andaluza.<\/p>\n\n\n\n<p>Por \u00faltimo, tuvo lugar un<strong> turno de sugerencias y preguntas<\/strong>, donde se trataron distintas iniciativas y aportaciones de los miembros de la Junta.<\/p>\n\n\n\n<p>La reuni\u00f3n transcurri\u00f3 en un ambiente de colaboraci\u00f3n y compromiso, reafirmando el trabajo conjunto de las asociaciones integradas en FADIA para seguir fortaleciendo el sector de las instalaciones en Andaluc\u00eda y avanzar en los objetivos estrat\u00e9gicos de la Federaci\u00f3n.<\/p>\n","protected":false},"excerpt":{"rendered":"<p>La Federaci\u00f3n Andaluza de Instaladores (FADIA) celebr\u00f3 el pasado jueves 9 de octubre de 2025 su Junta Directiva Ordinaria, por videoconferencia contando con representaci\u00f3n de todas las Asociaciones andaluzas adscritas [&hellip;]<\/p>\n","protected":false},"author":3,"featured_media":6637,"comment_status":"open","ping_status":"open","sticky":false,"template":"","format":"standard","meta":{"_et_pb_use_builder":"off","_et_pb_old_content":"","_et_gb_content_width":"","_monsterinsights_skip_tracking":false,"_monsterinsights_sitenote_active":false,"_monsterinsights_sitenote_note":"","_monsterinsights_sitenote_category":0,"footnotes":""},"categories":[4],"tags":[52,14,15],"class_list":["post-6635","post","type-post","status-publish","format-standard","has-post-thumbnail","hentry","category-fadia","tag-asociaciones","tag-fadia","tag-instaladores"],"yoast_head":"<!-- This site is optimized with the Yoast SEO plugin v24.2 - https:\/\/yoast.com\/wordpress\/plugins\/seo\/ -->\n<title>FADIA celebra su Junta Directiva Ordinaria con pleno de Asociaciones - Fadia<\/title>\n<meta name=\"robots\" content=\"index, follow, max-snippet:-1, max-image-preview:large, max-video-preview:-1\" \/>\n<link rel=\"canonical\" href=\"https:\/\/fadia.info\/index.php\/2025\/10\/16\/fadia-celebra-su-junta-directiva-ordinaria-con-pleno-de-asociaciones\/\" \/>\n<meta property=\"og:locale\" content=\"es_ES\" \/>\n<meta property=\"og:type\" content=\"article\" \/>\n<meta property=\"og:title\" content=\"FADIA celebra su Junta Directiva Ordinaria con pleno de Asociaciones - Fadia\" \/>\n<meta property=\"og:description\" content=\"La Federaci\u00f3n Andaluza de Instaladores (FADIA) celebr\u00f3 el pasado jueves 9 de octubre de 2025 su Junta Directiva Ordinaria, por videoconferencia contando con representaci\u00f3n de todas las Asociaciones andaluzas adscritas [&hellip;]\" \/>\n<meta property=\"og:url\" content=\"https:\/\/fadia.info\/index.php\/2025\/10\/16\/fadia-celebra-su-junta-directiva-ordinaria-con-pleno-de-asociaciones\/\" \/>\n<meta property=\"og:site_name\" content=\"Fadia\" \/>\n<meta property=\"article:published_time\" content=\"2025-10-16T09:08:38+00:00\" \/>\n<meta property=\"article:modified_time\" content=\"2025-10-16T09:08:43+00:00\" \/>\n<meta property=\"og:image\" content=\"https:\/\/fadia.info\/wp-content\/uploads\/2025\/10\/imagen_junta_fadia.jpeg\" \/>\n\t<meta property=\"og:image:width\" content=\"1600\" \/>\n\t<meta property=\"og:image:height\" content=\"900\" \/>\n\t<meta property=\"og:image:type\" content=\"image\/jpeg\" \/>\n<meta name=\"author\" content=\"Miguel\" \/>\n<meta name=\"twitter:card\" content=\"summary_large_image\" \/>\n<meta name=\"twitter:label1\" content=\"Escrito por\" \/>\n\t<meta name=\"twitter:data1\" content=\"Miguel\" \/>\n\t<meta name=\"twitter:label2\" content=\"Tiempo de lectura\" \/>\n\t<meta name=\"twitter:data2\" content=\"2 minutos\" \/>\n<script type=\"application\/ld+json\" class=\"yoast-schema-graph\">{\"@context\":\"https:\/\/schema.org\",\"@graph\":[{\"@type\":\"Article\",\"@id\":\"https:\/\/fadia.info\/index.php\/2025\/10\/16\/fadia-celebra-su-junta-directiva-ordinaria-con-pleno-de-asociaciones\/#article\",\"isPartOf\":{\"@id\":\"https:\/\/fadia.info\/index.php\/2025\/10\/16\/fadia-celebra-su-junta-directiva-ordinaria-con-pleno-de-asociaciones\/\"},\"author\":{\"name\":\"Miguel\",\"@id\":\"https:\/\/fadia.info\/#\/schema\/person\/cdaf7b8ba0a834795f1121971cfaab26\"},\"headline\":\"FADIA celebra su Junta Directiva Ordinaria con pleno de Asociaciones\",\"datePublished\":\"2025-10-16T09:08:38+00:00\",\"dateModified\":\"2025-10-16T09:08:43+00:00\",\"mainEntityOfPage\":{\"@id\":\"https:\/\/fadia.info\/index.php\/2025\/10\/16\/fadia-celebra-su-junta-directiva-ordinaria-con-pleno-de-asociaciones\/\"},\"wordCount\":363,\"commentCount\":0,\"publisher\":{\"@id\":\"https:\/\/fadia.info\/#organization\"},\"image\":{\"@id\":\"https:\/\/fadia.info\/index.php\/2025\/10\/16\/fadia-celebra-su-junta-directiva-ordinaria-con-pleno-de-asociaciones\/#primaryimage\"},\"thumbnailUrl\":\"https:\/\/fadia.info\/wp-content\/uploads\/2025\/10\/imagen_junta_fadia.jpeg\",\"keywords\":[\"asociaciones\",\"FADIA\",\"INSTALADORES\"],\"articleSection\":[\"FADIA\"],\"inLanguage\":\"es\",\"potentialAction\":[{\"@type\":\"CommentAction\",\"name\":\"Comment\",\"target\":[\"https:\/\/fadia.info\/index.php\/2025\/10\/16\/fadia-celebra-su-junta-directiva-ordinaria-con-pleno-de-asociaciones\/#respond\"]}]},{\"@type\":\"WebPage\",\"@id\":\"https:\/\/fadia.info\/index.php\/2025\/10\/16\/fadia-celebra-su-junta-directiva-ordinaria-con-pleno-de-asociaciones\/\",\"url\":\"https:\/\/fadia.info\/index.php\/2025\/10\/16\/fadia-celebra-su-junta-directiva-ordinaria-con-pleno-de-asociaciones\/\",\"name\":\"FADIA celebra su Junta Directiva Ordinaria con pleno de Asociaciones - Fadia\",\"isPartOf\":{\"@id\":\"https:\/\/fadia.info\/#website\"},\"primaryImageOfPage\":{\"@id\":\"https:\/\/fadia.info\/index.php\/2025\/10\/16\/fadia-celebra-su-junta-directiva-ordinaria-con-pleno-de-asociaciones\/#primaryimage\"},\"image\":{\"@id\":\"https:\/\/fadia.info\/index.php\/2025\/10\/16\/fadia-celebra-su-junta-directiva-ordinaria-con-pleno-de-asociaciones\/#primaryimage\"},\"thumbnailUrl\":\"https:\/\/fadia.info\/wp-content\/uploads\/2025\/10\/imagen_junta_fadia.jpeg\",\"datePublished\":\"2025-10-16T09:08:38+00:00\",\"dateModified\":\"2025-10-16T09:08:43+00:00\",\"breadcrumb\":{\"@id\":\"https:\/\/fadia.info\/index.php\/2025\/10\/16\/fadia-celebra-su-junta-directiva-ordinaria-con-pleno-de-asociaciones\/#breadcrumb\"},\"inLanguage\":\"es\",\"potentialAction\":[{\"@type\":\"ReadAction\",\"target\":[\"https:\/\/fadia.info\/index.php\/2025\/10\/16\/fadia-celebra-su-junta-directiva-ordinaria-con-pleno-de-asociaciones\/\"]}]},{\"@type\":\"ImageObject\",\"inLanguage\":\"es\",\"@id\":\"https:\/\/fadia.info\/index.php\/2025\/10\/16\/fadia-celebra-su-junta-directiva-ordinaria-con-pleno-de-asociaciones\/#primaryimage\",\"url\":\"https:\/\/fadia.info\/wp-content\/uploads\/2025\/10\/imagen_junta_fadia.jpeg\",\"contentUrl\":\"https:\/\/fadia.info\/wp-content\/uploads\/2025\/10\/imagen_junta_fadia.jpeg\",\"width\":1600,\"height\":900},{\"@type\":\"BreadcrumbList\",\"@id\":\"https:\/\/fadia.info\/index.php\/2025\/10\/16\/fadia-celebra-su-junta-directiva-ordinaria-con-pleno-de-asociaciones\/#breadcrumb\",\"itemListElement\":[{\"@type\":\"ListItem\",\"position\":1,\"name\":\"Portada\",\"item\":\"https:\/\/fadia.info\/\"},{\"@type\":\"ListItem\",\"position\":2,\"name\":\"FADIA celebra su Junta Directiva Ordinaria con pleno de Asociaciones\"}]},{\"@type\":\"WebSite\",\"@id\":\"https:\/\/fadia.info\/#website\",\"url\":\"https:\/\/fadia.info\/\",\"name\":\"Fadia\",\"description\":\"\",\"publisher\":{\"@id\":\"https:\/\/fadia.info\/#organization\"},\"alternateName\":\"Federaci\u00f3n de Asociaciones de Instaladores de Andaluc\u00eda\",\"potentialAction\":[{\"@type\":\"SearchAction\",\"target\":{\"@type\":\"EntryPoint\",\"urlTemplate\":\"https:\/\/fadia.info\/?s={search_term_string}\"},\"query-input\":{\"@type\":\"PropertyValueSpecification\",\"valueRequired\":true,\"valueName\":\"search_term_string\"}}],\"inLanguage\":\"es\"},{\"@type\":\"Organization\",\"@id\":\"https:\/\/fadia.info\/#organization\",\"name\":\"Federaci\u00f3n de Asociaciones de Instaladores de Andaluc\u00eda\",\"alternateName\":\"FADIA\",\"url\":\"https:\/\/fadia.info\/\",\"logo\":{\"@type\":\"ImageObject\",\"inLanguage\":\"es\",\"@id\":\"https:\/\/fadia.info\/#\/schema\/logo\/image\/\",\"url\":\"https:\/\/fadia.info\/wp-content\/uploads\/2023\/11\/logo_fadia.png\",\"contentUrl\":\"https:\/\/fadia.info\/wp-content\/uploads\/2023\/11\/logo_fadia.png\",\"width\":619,\"height\":265,\"caption\":\"Federaci\u00f3n de Asociaciones de Instaladores de Andaluc\u00eda\"},\"image\":{\"@id\":\"https:\/\/fadia.info\/#\/schema\/logo\/image\/\"}},{\"@type\":\"Person\",\"@id\":\"https:\/\/fadia.info\/#\/schema\/person\/cdaf7b8ba0a834795f1121971cfaab26\",\"name\":\"Miguel\",\"image\":{\"@type\":\"ImageObject\",\"inLanguage\":\"es\",\"@id\":\"https:\/\/fadia.info\/#\/schema\/person\/image\/\",\"url\":\"https:\/\/secure.gravatar.com\/avatar\/7f4e60b1e9fe9c37d925854cb71b1cb76e7cee4d38db28d6f7e8677375de1b8e?s=96&d=mm&r=g\",\"contentUrl\":\"https:\/\/secure.gravatar.com\/avatar\/7f4e60b1e9fe9c37d925854cb71b1cb76e7cee4d38db28d6f7e8677375de1b8e?s=96&d=mm&r=g\",\"caption\":\"Miguel\"},\"url\":\"https:\/\/fadia.info\/index.php\/author\/miguel\/\"}]}<\/script>\n<!-- \/ Yoast SEO plugin. -->","yoast_head_json":{"title":"FADIA celebra su Junta Directiva Ordinaria con pleno de Asociaciones - Fadia","robots":{"index":"index","follow":"follow","max-snippet":"max-snippet:-1","max-image-preview":"max-image-preview:large","max-video-preview":"max-video-preview:-1"},"canonical":"https:\/\/fadia.info\/index.php\/2025\/10\/16\/fadia-celebra-su-junta-directiva-ordinaria-con-pleno-de-asociaciones\/","og_locale":"es_ES","og_type":"article","og_title":"FADIA celebra su Junta Directiva Ordinaria con pleno de Asociaciones - Fadia","og_description":"La Federaci\u00f3n Andaluza de Instaladores (FADIA) celebr\u00f3 el pasado jueves 9 de octubre de 2025 su Junta Directiva Ordinaria, por videoconferencia contando con representaci\u00f3n de todas las Asociaciones andaluzas adscritas [&hellip;]","og_url":"https:\/\/fadia.info\/index.php\/2025\/10\/16\/fadia-celebra-su-junta-directiva-ordinaria-con-pleno-de-asociaciones\/","og_site_name":"Fadia","article_published_time":"2025-10-16T09:08:38+00:00","article_modified_time":"2025-10-16T09:08:43+00:00","og_image":[{"width":1600,"height":900,"url":"https:\/\/fadia.info\/wp-content\/uploads\/2025\/10\/imagen_junta_fadia.jpeg","type":"image\/jpeg"}],"author":"Miguel","twitter_card":"summary_large_image","twitter_misc":{"Escrito por":"Miguel","Tiempo de lectura":"2 minutos"},"schema":{"@context":"https:\/\/schema.org","@graph":[{"@type":"Article","@id":"https:\/\/fadia.info\/index.php\/2025\/10\/16\/fadia-celebra-su-junta-directiva-ordinaria-con-pleno-de-asociaciones\/#article","isPartOf":{"@id":"https:\/\/fadia.info\/index.php\/2025\/10\/16\/fadia-celebra-su-junta-directiva-ordinaria-con-pleno-de-asociaciones\/"},"author":{"name":"Miguel","@id":"https:\/\/fadia.info\/#\/schema\/person\/cdaf7b8ba0a834795f1121971cfaab26"},"headline":"FADIA celebra su Junta Directiva Ordinaria con pleno de Asociaciones","datePublished":"2025-10-16T09:08:38+00:00","dateModified":"2025-10-16T09:08:43+00:00","mainEntityOfPage":{"@id":"https:\/\/fadia.info\/index.php\/2025\/10\/16\/fadia-celebra-su-junta-directiva-ordinaria-con-pleno-de-asociaciones\/"},"wordCount":363,"commentCount":0,"publisher":{"@id":"https:\/\/fadia.info\/#organization"},"image":{"@id":"https:\/\/fadia.info\/index.php\/2025\/10\/16\/fadia-celebra-su-junta-directiva-ordinaria-con-pleno-de-asociaciones\/#primaryimage"},"thumbnailUrl":"https:\/\/fadia.info\/wp-content\/uploads\/2025\/10\/imagen_junta_fadia.jpeg","keywords":["asociaciones","FADIA","INSTALADORES"],"articleSection":["FADIA"],"inLanguage":"es","potentialAction":[{"@type":"CommentAction","name":"Comment","target":["https:\/\/fadia.info\/index.php\/2025\/10\/16\/fadia-celebra-su-junta-directiva-ordinaria-con-pleno-de-asociaciones\/#respond"]}]},{"@type":"WebPage","@id":"https:\/\/fadia.info\/index.php\/2025\/10\/16\/fadia-celebra-su-junta-directiva-ordinaria-con-pleno-de-asociaciones\/","url":"https:\/\/fadia.info\/index.php\/2025\/10\/16\/fadia-celebra-su-junta-directiva-ordinaria-con-pleno-de-asociaciones\/","name":"FADIA celebra su Junta Directiva Ordinaria con pleno de Asociaciones - Fadia","isPartOf":{"@id":"https:\/\/fadia.info\/#website"},"primaryImageOfPage":{"@id":"https:\/\/fadia.info\/index.php\/2025\/10\/16\/fadia-celebra-su-junta-directiva-ordinaria-con-pleno-de-asociaciones\/#primaryimage"},"image":{"@id":"https:\/\/fadia.info\/index.php\/2025\/10\/16\/fadia-celebra-su-junta-directiva-ordinaria-con-pleno-de-asociaciones\/#primaryimage"},"thumbnailUrl":"https:\/\/fadia.info\/wp-content\/uploads\/2025\/10\/imagen_junta_fadia.jpeg","datePublished":"2025-10-16T09:08:38+00:00","dateModified":"2025-10-16T09:08:43+00:00","breadcrumb":{"@id":"https:\/\/fadia.info\/index.php\/2025\/10\/16\/fadia-celebra-su-junta-directiva-ordinaria-con-pleno-de-asociaciones\/#breadcrumb"},"inLanguage":"es","potentialAction":[{"@type":"ReadAction","target":["https:\/\/fadia.info\/index.php\/2025\/10\/16\/fadia-celebra-su-junta-directiva-ordinaria-con-pleno-de-asociaciones\/"]}]},{"@type":"ImageObject","inLanguage":"es","@id":"https:\/\/fadia.info\/index.php\/2025\/10\/16\/fadia-celebra-su-junta-directiva-ordinaria-con-pleno-de-asociaciones\/#primaryimage","url":"https:\/\/fadia.info\/wp-content\/uploads\/2025\/10\/imagen_junta_fadia.jpeg","contentUrl":"https:\/\/fadia.info\/wp-content\/uploads\/2025\/10\/imagen_junta_fadia.jpeg","width":1600,"height":900},{"@type":"BreadcrumbList","@id":"https:\/\/fadia.info\/index.php\/2025\/10\/16\/fadia-celebra-su-junta-directiva-ordinaria-con-pleno-de-asociaciones\/#breadcrumb","itemListElement":[{"@type":"ListItem","position":1,"name":"Portada","item":"https:\/\/fadia.info\/"},{"@type":"ListItem","position":2,"name":"FADIA celebra su Junta Directiva Ordinaria con pleno de Asociaciones"}]},{"@type":"WebSite","@id":"https:\/\/fadia.info\/#website","url":"https:\/\/fadia.info\/","name":"Fadia","description":"","publisher":{"@id":"https:\/\/fadia.info\/#organization"},"alternateName":"Federaci\u00f3n de Asociaciones de Instaladores de Andaluc\u00eda","potentialAction":[{"@type":"SearchAction","target":{"@type":"EntryPoint","urlTemplate":"https:\/\/fadia.info\/?s={search_term_string}"},"query-input":{"@type":"PropertyValueSpecification","valueRequired":true,"valueName":"search_term_string"}}],"inLanguage":"es"},{"@type":"Organization","@id":"https:\/\/fadia.info\/#organization","name":"Federaci\u00f3n de Asociaciones de Instaladores de Andaluc\u00eda","alternateName":"FADIA","url":"https:\/\/fadia.info\/","logo":{"@type":"ImageObject","inLanguage":"es","@id":"https:\/\/fadia.info\/#\/schema\/logo\/image\/","url":"https:\/\/fadia.info\/wp-content\/uploads\/2023\/11\/logo_fadia.png","contentUrl":"https:\/\/fadia.info\/wp-content\/uploads\/2023\/11\/logo_fadia.png","width":619,"height":265,"caption":"Federaci\u00f3n de Asociaciones de Instaladores de Andaluc\u00eda"},"image":{"@id":"https:\/\/fadia.info\/#\/schema\/logo\/image\/"}},{"@type":"Person","@id":"https:\/\/fadia.info\/#\/schema\/person\/cdaf7b8ba0a834795f1121971cfaab26","name":"Miguel","image":{"@type":"ImageObject","inLanguage":"es","@id":"https:\/\/fadia.info\/#\/schema\/person\/image\/","url":"https:\/\/secure.gravatar.com\/avatar\/7f4e60b1e9fe9c37d925854cb71b1cb76e7cee4d38db28d6f7e8677375de1b8e?s=96&d=mm&r=g","contentUrl":"https:\/\/secure.gravatar.com\/avatar\/7f4e60b1e9fe9c37d925854cb71b1cb76e7cee4d38db28d6f7e8677375de1b8e?s=96&d=mm&r=g","caption":"Miguel"},"url":"https:\/\/fadia.info\/index.php\/author\/miguel\/"}]}},"_links":{"self":[{"href":"https:\/\/fadia.info\/index.php\/wp-json\/wp\/v2\/posts\/6635","targetHints":{"allow":["GET"]}}],"collection":[{"href":"https:\/\/fadia.info\/index.php\/wp-json\/wp\/v2\/posts"}],"about":[{"href":"https:\/\/fadia.info\/index.php\/wp-json\/wp\/v2\/types\/post"}],"author":[{"embeddable":true,"href":"https:\/\/fadia.info\/index.php\/wp-json\/wp\/v2\/users\/3"}],"replies":[{"embeddable":true,"href":"https:\/\/fadia.info\/index.php\/wp-json\/wp\/v2\/comments?post=6635"}],"version-history":[{"count":3,"href":"https:\/\/fadia.info\/index.php\/wp-json\/wp\/v2\/posts\/6635\/revisions"}],"predecessor-version":[{"id":6639,"href":"https:\/\/fadia.info\/index.php\/wp-json\/wp\/v2\/posts\/6635\/revisions\/6639"}],"wp:featuredmedia":[{"embeddable":true,"href":"https:\/\/fadia.info\/index.php\/wp-json\/wp\/v2\/media\/6637"}],"wp:attachment":[{"href":"https:\/\/fadia.info\/index.php\/wp-json\/wp\/v2\/media?parent=6635"}],"wp:term":[{"taxonomy":"category","embeddable":true,"href":"https:\/\/fadia.info\/index.php\/wp-json\/wp\/v2\/categories?post=6635"},{"taxonomy":"post_tag","embeddable":true,"href":"https:\/\/fadia.info\/index.php\/wp-json\/wp\/v2\/tags?post=6635"}],"curies":[{"name":"wp","href":"https:\/\/api.w.org\/{rel}","templated":true}]}}