{"id":6627,"date":"2025-09-26T10:35:50","date_gmt":"2025-09-26T10:35:50","guid":{"rendered":"https:\/\/fadia.info\/?p=6627"},"modified":"2025-09-26T10:35:56","modified_gmt":"2025-09-26T10:35:56","slug":"fadia-estara-presente-en-matelec-y-genera-2025-para-reforzar-la-presencia-de-los-instaladores-andaluces","status":"publish","type":"post","link":"https:\/\/fadia.info\/index.php\/2025\/09\/26\/fadia-estara-presente-en-matelec-y-genera-2025-para-reforzar-la-presencia-de-los-instaladores-andaluces\/","title":{"rendered":"FADIA estar\u00e1 presente en Matelec y Genera 2025 para reforzar la presencia de los instaladores andaluces"},"content":{"rendered":"\n<p>La Federaci\u00f3n de Asociaciones de Instaladores de Andaluc\u00eda (FADIA) estar\u00e1 ampliamente representada por sus asociaciones en <strong>Matelec 2025<\/strong>, el Sal\u00f3n Internacional de Soluciones para la Industria El\u00e9ctrica y Electr\u00f3nica, y en <strong>Genera 2025<\/strong>, la Feria Internacional de Energ\u00eda y Medio Ambiente. Ambos cert\u00e1menes, que se celebrar\u00e1n en <strong>IFEMA Madrid<\/strong> del 18 al 20 de noviembre, se consolidan como los principales escaparates profesionales de referencia para el sector.<\/p>\n\n\n\n<!--more-->\n\n\n\n<figure class=\"wp-block-image size-large\"><img loading=\"lazy\" decoding=\"async\" width=\"1024\" height=\"1024\" src=\"https:\/\/fadia.info\/wp-content\/uploads\/2025\/09\/Post_fadia_matelec-1024x1024.png\" alt=\"\" class=\"wp-image-6628\" srcset=\"https:\/\/fadia.info\/wp-content\/uploads\/2025\/09\/Post_fadia_matelec-1024x1024.png 1024w, https:\/\/fadia.info\/wp-content\/uploads\/2025\/09\/Post_fadia_matelec-980x980.png 980w, https:\/\/fadia.info\/wp-content\/uploads\/2025\/09\/Post_fadia_matelec-480x480.png 480w\" sizes=\"auto, (min-width: 0px) and (max-width: 480px) 480px, (min-width: 481px) and (max-width: 980px) 980px, (min-width: 981px) 1024px, 100vw\" \/><\/figure>\n\n\n\n<p>Con su presencia en Matelec 2025, desde Fadia se busca <strong>estrechar lazos con fabricantes, distribuidores y agentes del sector<\/strong>, as\u00ed como conocer de primera mano las <strong>\u00faltimas innovaciones tecnol\u00f3gicas en instalaciones el\u00e9ctricas, energ\u00edas renovables y eficiencia energ\u00e9tica<\/strong>.<\/p>\n\n\n\n<p>La agenda de la Federaci\u00f3n en estas ferias incluir\u00e1 <strong>reuniones con empresas l\u00edderes, visitas a stands de inter\u00e9s estrat\u00e9gico y la asistencia a jornadas t\u00e9cnicas especializadas<\/strong>, con el objetivo de trasladar despu\u00e9s a sus asociaciones una visi\u00f3n pr\u00e1ctica y actualizada de las tendencias que marcar\u00e1n el futuro del sector. <\/p>\n\n\n\n<p>La participaci\u00f3n de FADIA en Matelec y Genera 2025 pone de relieve el papel fundamental de los instaladores andaluces en la evoluci\u00f3n hacia un modelo energ\u00e9tico m\u00e1s <strong>sostenible, seguro y conectado<\/strong>.<\/p>\n","protected":false},"excerpt":{"rendered":"<p>La Federaci\u00f3n de Asociaciones de Instaladores de Andaluc\u00eda (FADIA) estar\u00e1 ampliamente representada por sus asociaciones en Matelec 2025, el Sal\u00f3n Internacional de Soluciones para la Industria El\u00e9ctrica y Electr\u00f3nica, y [&hellip;]<\/p>\n","protected":false},"author":3,"featured_media":6628,"comment_status":"open","ping_status":"open","sticky":false,"template":"","format":"standard","meta":{"_et_pb_use_builder":"off","_et_pb_old_content":"","_et_gb_content_width":"","_monsterinsights_skip_tracking":false,"_monsterinsights_sitenote_active":false,"_monsterinsights_sitenote_note":"","_monsterinsights_sitenote_category":0,"footnotes":""},"categories":[4],"tags":[14,49,48],"class_list":["post-6627","post","type-post","status-publish","format-standard","has-post-thumbnail","hentry","category-fadia","tag-fadia","tag-genera","tag-matelec"],"yoast_head":"<!-- This site is optimized with the Yoast SEO plugin v24.2 - https:\/\/yoast.com\/wordpress\/plugins\/seo\/ -->\n<title>FADIA estar\u00e1 presente en Matelec y Genera 2025 para reforzar la presencia de los instaladores andaluces - Fadia<\/title>\n<meta name=\"robots\" content=\"index, follow, max-snippet:-1, max-image-preview:large, max-video-preview:-1\" \/>\n<link rel=\"canonical\" href=\"https:\/\/fadia.info\/index.php\/2025\/09\/26\/fadia-estara-presente-en-matelec-y-genera-2025-para-reforzar-la-presencia-de-los-instaladores-andaluces\/\" \/>\n<meta property=\"og:locale\" content=\"es_ES\" \/>\n<meta property=\"og:type\" content=\"article\" \/>\n<meta property=\"og:title\" content=\"FADIA estar\u00e1 presente en Matelec y Genera 2025 para reforzar la presencia de los instaladores andaluces - Fadia\" \/>\n<meta property=\"og:description\" content=\"La Federaci\u00f3n de Asociaciones de Instaladores de Andaluc\u00eda (FADIA) estar\u00e1 ampliamente representada por sus asociaciones en Matelec 2025, el Sal\u00f3n Internacional de Soluciones para la Industria El\u00e9ctrica y Electr\u00f3nica, y [&hellip;]\" \/>\n<meta property=\"og:url\" content=\"https:\/\/fadia.info\/index.php\/2025\/09\/26\/fadia-estara-presente-en-matelec-y-genera-2025-para-reforzar-la-presencia-de-los-instaladores-andaluces\/\" \/>\n<meta property=\"og:site_name\" content=\"Fadia\" \/>\n<meta property=\"article:published_time\" content=\"2025-09-26T10:35:50+00:00\" \/>\n<meta property=\"article:modified_time\" content=\"2025-09-26T10:35:56+00:00\" \/>\n<meta property=\"og:image\" content=\"https:\/\/fadia.info\/wp-content\/uploads\/2025\/09\/Post_fadia_matelec.png\" \/>\n\t<meta property=\"og:image:width\" content=\"1080\" \/>\n\t<meta property=\"og:image:height\" content=\"1080\" \/>\n\t<meta property=\"og:image:type\" content=\"image\/png\" \/>\n<meta name=\"author\" content=\"Miguel\" \/>\n<meta name=\"twitter:card\" content=\"summary_large_image\" \/>\n<meta name=\"twitter:label1\" content=\"Escrito por\" \/>\n\t<meta name=\"twitter:data1\" content=\"Miguel\" \/>\n\t<meta name=\"twitter:label2\" content=\"Tiempo de lectura\" \/>\n\t<meta name=\"twitter:data2\" content=\"2 minutos\" \/>\n<script type=\"application\/ld+json\" class=\"yoast-schema-graph\">{\"@context\":\"https:\/\/schema.org\",\"@graph\":[{\"@type\":\"Article\",\"@id\":\"https:\/\/fadia.info\/index.php\/2025\/09\/26\/fadia-estara-presente-en-matelec-y-genera-2025-para-reforzar-la-presencia-de-los-instaladores-andaluces\/#article\",\"isPartOf\":{\"@id\":\"https:\/\/fadia.info\/index.php\/2025\/09\/26\/fadia-estara-presente-en-matelec-y-genera-2025-para-reforzar-la-presencia-de-los-instaladores-andaluces\/\"},\"author\":{\"name\":\"Miguel\",\"@id\":\"https:\/\/fadia.info\/#\/schema\/person\/cdaf7b8ba0a834795f1121971cfaab26\"},\"headline\":\"FADIA estar\u00e1 presente en Matelec y Genera 2025 para reforzar la presencia de los instaladores andaluces\",\"datePublished\":\"2025-09-26T10:35:50+00:00\",\"dateModified\":\"2025-09-26T10:35:56+00:00\",\"mainEntityOfPage\":{\"@id\":\"https:\/\/fadia.info\/index.php\/2025\/09\/26\/fadia-estara-presente-en-matelec-y-genera-2025-para-reforzar-la-presencia-de-los-instaladores-andaluces\/\"},\"wordCount\":218,\"commentCount\":0,\"publisher\":{\"@id\":\"https:\/\/fadia.info\/#organization\"},\"image\":{\"@id\":\"https:\/\/fadia.info\/index.php\/2025\/09\/26\/fadia-estara-presente-en-matelec-y-genera-2025-para-reforzar-la-presencia-de-los-instaladores-andaluces\/#primaryimage\"},\"thumbnailUrl\":\"https:\/\/fadia.info\/wp-content\/uploads\/2025\/09\/Post_fadia_matelec.png\",\"keywords\":[\"FADIA\",\"genera\",\"matelec\"],\"articleSection\":[\"FADIA\"],\"inLanguage\":\"es\",\"potentialAction\":[{\"@type\":\"CommentAction\",\"name\":\"Comment\",\"target\":[\"https:\/\/fadia.info\/index.php\/2025\/09\/26\/fadia-estara-presente-en-matelec-y-genera-2025-para-reforzar-la-presencia-de-los-instaladores-andaluces\/#respond\"]}]},{\"@type\":\"WebPage\",\"@id\":\"https:\/\/fadia.info\/index.php\/2025\/09\/26\/fadia-estara-presente-en-matelec-y-genera-2025-para-reforzar-la-presencia-de-los-instaladores-andaluces\/\",\"url\":\"https:\/\/fadia.info\/index.php\/2025\/09\/26\/fadia-estara-presente-en-matelec-y-genera-2025-para-reforzar-la-presencia-de-los-instaladores-andaluces\/\",\"name\":\"FADIA estar\u00e1 presente en Matelec y Genera 2025 para reforzar la presencia de los instaladores andaluces - Fadia\",\"isPartOf\":{\"@id\":\"https:\/\/fadia.info\/#website\"},\"primaryImageOfPage\":{\"@id\":\"https:\/\/fadia.info\/index.php\/2025\/09\/26\/fadia-estara-presente-en-matelec-y-genera-2025-para-reforzar-la-presencia-de-los-instaladores-andaluces\/#primaryimage\"},\"image\":{\"@id\":\"https:\/\/fadia.info\/index.php\/2025\/09\/26\/fadia-estara-presente-en-matelec-y-genera-2025-para-reforzar-la-presencia-de-los-instaladores-andaluces\/#primaryimage\"},\"thumbnailUrl\":\"https:\/\/fadia.info\/wp-content\/uploads\/2025\/09\/Post_fadia_matelec.png\",\"datePublished\":\"2025-09-26T10:35:50+00:00\",\"dateModified\":\"2025-09-26T10:35:56+00:00\",\"breadcrumb\":{\"@id\":\"https:\/\/fadia.info\/index.php\/2025\/09\/26\/fadia-estara-presente-en-matelec-y-genera-2025-para-reforzar-la-presencia-de-los-instaladores-andaluces\/#breadcrumb\"},\"inLanguage\":\"es\",\"potentialAction\":[{\"@type\":\"ReadAction\",\"target\":[\"https:\/\/fadia.info\/index.php\/2025\/09\/26\/fadia-estara-presente-en-matelec-y-genera-2025-para-reforzar-la-presencia-de-los-instaladores-andaluces\/\"]}]},{\"@type\":\"ImageObject\",\"inLanguage\":\"es\",\"@id\":\"https:\/\/fadia.info\/index.php\/2025\/09\/26\/fadia-estara-presente-en-matelec-y-genera-2025-para-reforzar-la-presencia-de-los-instaladores-andaluces\/#primaryimage\",\"url\":\"https:\/\/fadia.info\/wp-content\/uploads\/2025\/09\/Post_fadia_matelec.png\",\"contentUrl\":\"https:\/\/fadia.info\/wp-content\/uploads\/2025\/09\/Post_fadia_matelec.png\",\"width\":1080,\"height\":1080},{\"@type\":\"BreadcrumbList\",\"@id\":\"https:\/\/fadia.info\/index.php\/2025\/09\/26\/fadia-estara-presente-en-matelec-y-genera-2025-para-reforzar-la-presencia-de-los-instaladores-andaluces\/#breadcrumb\",\"itemListElement\":[{\"@type\":\"ListItem\",\"position\":1,\"name\":\"Portada\",\"item\":\"https:\/\/fadia.info\/\"},{\"@type\":\"ListItem\",\"position\":2,\"name\":\"FADIA estar\u00e1 presente en Matelec y Genera 2025 para reforzar la presencia de los instaladores andaluces\"}]},{\"@type\":\"WebSite\",\"@id\":\"https:\/\/fadia.info\/#website\",\"url\":\"https:\/\/fadia.info\/\",\"name\":\"Fadia\",\"description\":\"\",\"publisher\":{\"@id\":\"https:\/\/fadia.info\/#organization\"},\"alternateName\":\"Federaci\u00f3n de Asociaciones de Instaladores de Andaluc\u00eda\",\"potentialAction\":[{\"@type\":\"SearchAction\",\"target\":{\"@type\":\"EntryPoint\",\"urlTemplate\":\"https:\/\/fadia.info\/?s={search_term_string}\"},\"query-input\":{\"@type\":\"PropertyValueSpecification\",\"valueRequired\":true,\"valueName\":\"search_term_string\"}}],\"inLanguage\":\"es\"},{\"@type\":\"Organization\",\"@id\":\"https:\/\/fadia.info\/#organization\",\"name\":\"Federaci\u00f3n de Asociaciones de Instaladores de Andaluc\u00eda\",\"alternateName\":\"FADIA\",\"url\":\"https:\/\/fadia.info\/\",\"logo\":{\"@type\":\"ImageObject\",\"inLanguage\":\"es\",\"@id\":\"https:\/\/fadia.info\/#\/schema\/logo\/image\/\",\"url\":\"https:\/\/fadia.info\/wp-content\/uploads\/2023\/11\/logo_fadia.png\",\"contentUrl\":\"https:\/\/fadia.info\/wp-content\/uploads\/2023\/11\/logo_fadia.png\",\"width\":619,\"height\":265,\"caption\":\"Federaci\u00f3n de Asociaciones de Instaladores de Andaluc\u00eda\"},\"image\":{\"@id\":\"https:\/\/fadia.info\/#\/schema\/logo\/image\/\"}},{\"@type\":\"Person\",\"@id\":\"https:\/\/fadia.info\/#\/schema\/person\/cdaf7b8ba0a834795f1121971cfaab26\",\"name\":\"Miguel\",\"image\":{\"@type\":\"ImageObject\",\"inLanguage\":\"es\",\"@id\":\"https:\/\/fadia.info\/#\/schema\/person\/image\/\",\"url\":\"https:\/\/secure.gravatar.com\/avatar\/7f4e60b1e9fe9c37d925854cb71b1cb76e7cee4d38db28d6f7e8677375de1b8e?s=96&d=mm&r=g\",\"contentUrl\":\"https:\/\/secure.gravatar.com\/avatar\/7f4e60b1e9fe9c37d925854cb71b1cb76e7cee4d38db28d6f7e8677375de1b8e?s=96&d=mm&r=g\",\"caption\":\"Miguel\"},\"url\":\"https:\/\/fadia.info\/index.php\/author\/miguel\/\"}]}<\/script>\n<!-- \/ Yoast SEO plugin. -->","yoast_head_json":{"title":"FADIA estar\u00e1 presente en Matelec y Genera 2025 para reforzar la presencia de los instaladores andaluces - Fadia","robots":{"index":"index","follow":"follow","max-snippet":"max-snippet:-1","max-image-preview":"max-image-preview:large","max-video-preview":"max-video-preview:-1"},"canonical":"https:\/\/fadia.info\/index.php\/2025\/09\/26\/fadia-estara-presente-en-matelec-y-genera-2025-para-reforzar-la-presencia-de-los-instaladores-andaluces\/","og_locale":"es_ES","og_type":"article","og_title":"FADIA estar\u00e1 presente en Matelec y Genera 2025 para reforzar la presencia de los instaladores andaluces - Fadia","og_description":"La Federaci\u00f3n de Asociaciones de Instaladores de Andaluc\u00eda (FADIA) estar\u00e1 ampliamente representada por sus asociaciones en Matelec 2025, el Sal\u00f3n Internacional de Soluciones para la Industria El\u00e9ctrica y Electr\u00f3nica, y [&hellip;]","og_url":"https:\/\/fadia.info\/index.php\/2025\/09\/26\/fadia-estara-presente-en-matelec-y-genera-2025-para-reforzar-la-presencia-de-los-instaladores-andaluces\/","og_site_name":"Fadia","article_published_time":"2025-09-26T10:35:50+00:00","article_modified_time":"2025-09-26T10:35:56+00:00","og_image":[{"width":1080,"height":1080,"url":"https:\/\/fadia.info\/wp-content\/uploads\/2025\/09\/Post_fadia_matelec.png","type":"image\/png"}],"author":"Miguel","twitter_card":"summary_large_image","twitter_misc":{"Escrito por":"Miguel","Tiempo de lectura":"2 minutos"},"schema":{"@context":"https:\/\/schema.org","@graph":[{"@type":"Article","@id":"https:\/\/fadia.info\/index.php\/2025\/09\/26\/fadia-estara-presente-en-matelec-y-genera-2025-para-reforzar-la-presencia-de-los-instaladores-andaluces\/#article","isPartOf":{"@id":"https:\/\/fadia.info\/index.php\/2025\/09\/26\/fadia-estara-presente-en-matelec-y-genera-2025-para-reforzar-la-presencia-de-los-instaladores-andaluces\/"},"author":{"name":"Miguel","@id":"https:\/\/fadia.info\/#\/schema\/person\/cdaf7b8ba0a834795f1121971cfaab26"},"headline":"FADIA estar\u00e1 presente en Matelec y Genera 2025 para reforzar la presencia de los instaladores andaluces","datePublished":"2025-09-26T10:35:50+00:00","dateModified":"2025-09-26T10:35:56+00:00","mainEntityOfPage":{"@id":"https:\/\/fadia.info\/index.php\/2025\/09\/26\/fadia-estara-presente-en-matelec-y-genera-2025-para-reforzar-la-presencia-de-los-instaladores-andaluces\/"},"wordCount":218,"commentCount":0,"publisher":{"@id":"https:\/\/fadia.info\/#organization"},"image":{"@id":"https:\/\/fadia.info\/index.php\/2025\/09\/26\/fadia-estara-presente-en-matelec-y-genera-2025-para-reforzar-la-presencia-de-los-instaladores-andaluces\/#primaryimage"},"thumbnailUrl":"https:\/\/fadia.info\/wp-content\/uploads\/2025\/09\/Post_fadia_matelec.png","keywords":["FADIA","genera","matelec"],"articleSection":["FADIA"],"inLanguage":"es","potentialAction":[{"@type":"CommentAction","name":"Comment","target":["https:\/\/fadia.info\/index.php\/2025\/09\/26\/fadia-estara-presente-en-matelec-y-genera-2025-para-reforzar-la-presencia-de-los-instaladores-andaluces\/#respond"]}]},{"@type":"WebPage","@id":"https:\/\/fadia.info\/index.php\/2025\/09\/26\/fadia-estara-presente-en-matelec-y-genera-2025-para-reforzar-la-presencia-de-los-instaladores-andaluces\/","url":"https:\/\/fadia.info\/index.php\/2025\/09\/26\/fadia-estara-presente-en-matelec-y-genera-2025-para-reforzar-la-presencia-de-los-instaladores-andaluces\/","name":"FADIA estar\u00e1 presente en Matelec y Genera 2025 para reforzar la presencia de los instaladores andaluces - Fadia","isPartOf":{"@id":"https:\/\/fadia.info\/#website"},"primaryImageOfPage":{"@id":"https:\/\/fadia.info\/index.php\/2025\/09\/26\/fadia-estara-presente-en-matelec-y-genera-2025-para-reforzar-la-presencia-de-los-instaladores-andaluces\/#primaryimage"},"image":{"@id":"https:\/\/fadia.info\/index.php\/2025\/09\/26\/fadia-estara-presente-en-matelec-y-genera-2025-para-reforzar-la-presencia-de-los-instaladores-andaluces\/#primaryimage"},"thumbnailUrl":"https:\/\/fadia.info\/wp-content\/uploads\/2025\/09\/Post_fadia_matelec.png","datePublished":"2025-09-26T10:35:50+00:00","dateModified":"2025-09-26T10:35:56+00:00","breadcrumb":{"@id":"https:\/\/fadia.info\/index.php\/2025\/09\/26\/fadia-estara-presente-en-matelec-y-genera-2025-para-reforzar-la-presencia-de-los-instaladores-andaluces\/#breadcrumb"},"inLanguage":"es","potentialAction":[{"@type":"ReadAction","target":["https:\/\/fadia.info\/index.php\/2025\/09\/26\/fadia-estara-presente-en-matelec-y-genera-2025-para-reforzar-la-presencia-de-los-instaladores-andaluces\/"]}]},{"@type":"ImageObject","inLanguage":"es","@id":"https:\/\/fadia.info\/index.php\/2025\/09\/26\/fadia-estara-presente-en-matelec-y-genera-2025-para-reforzar-la-presencia-de-los-instaladores-andaluces\/#primaryimage","url":"https:\/\/fadia.info\/wp-content\/uploads\/2025\/09\/Post_fadia_matelec.png","contentUrl":"https:\/\/fadia.info\/wp-content\/uploads\/2025\/09\/Post_fadia_matelec.png","width":1080,"height":1080},{"@type":"BreadcrumbList","@id":"https:\/\/fadia.info\/index.php\/2025\/09\/26\/fadia-estara-presente-en-matelec-y-genera-2025-para-reforzar-la-presencia-de-los-instaladores-andaluces\/#breadcrumb","itemListElement":[{"@type":"ListItem","position":1,"name":"Portada","item":"https:\/\/fadia.info\/"},{"@type":"ListItem","position":2,"name":"FADIA estar\u00e1 presente en Matelec y Genera 2025 para reforzar la presencia de los instaladores andaluces"}]},{"@type":"WebSite","@id":"https:\/\/fadia.info\/#website","url":"https:\/\/fadia.info\/","name":"Fadia","description":"","publisher":{"@id":"https:\/\/fadia.info\/#organization"},"alternateName":"Federaci\u00f3n de Asociaciones de Instaladores de Andaluc\u00eda","potentialAction":[{"@type":"SearchAction","target":{"@type":"EntryPoint","urlTemplate":"https:\/\/fadia.info\/?s={search_term_string}"},"query-input":{"@type":"PropertyValueSpecification","valueRequired":true,"valueName":"search_term_string"}}],"inLanguage":"es"},{"@type":"Organization","@id":"https:\/\/fadia.info\/#organization","name":"Federaci\u00f3n de Asociaciones de Instaladores de Andaluc\u00eda","alternateName":"FADIA","url":"https:\/\/fadia.info\/","logo":{"@type":"ImageObject","inLanguage":"es","@id":"https:\/\/fadia.info\/#\/schema\/logo\/image\/","url":"https:\/\/fadia.info\/wp-content\/uploads\/2023\/11\/logo_fadia.png","contentUrl":"https:\/\/fadia.info\/wp-content\/uploads\/2023\/11\/logo_fadia.png","width":619,"height":265,"caption":"Federaci\u00f3n de Asociaciones de Instaladores de Andaluc\u00eda"},"image":{"@id":"https:\/\/fadia.info\/#\/schema\/logo\/image\/"}},{"@type":"Person","@id":"https:\/\/fadia.info\/#\/schema\/person\/cdaf7b8ba0a834795f1121971cfaab26","name":"Miguel","image":{"@type":"ImageObject","inLanguage":"es","@id":"https:\/\/fadia.info\/#\/schema\/person\/image\/","url":"https:\/\/secure.gravatar.com\/avatar\/7f4e60b1e9fe9c37d925854cb71b1cb76e7cee4d38db28d6f7e8677375de1b8e?s=96&d=mm&r=g","contentUrl":"https:\/\/secure.gravatar.com\/avatar\/7f4e60b1e9fe9c37d925854cb71b1cb76e7cee4d38db28d6f7e8677375de1b8e?s=96&d=mm&r=g","caption":"Miguel"},"url":"https:\/\/fadia.info\/index.php\/author\/miguel\/"}]}},"_links":{"self":[{"href":"https:\/\/fadia.info\/index.php\/wp-json\/wp\/v2\/posts\/6627","targetHints":{"allow":["GET"]}}],"collection":[{"href":"https:\/\/fadia.info\/index.php\/wp-json\/wp\/v2\/posts"}],"about":[{"href":"https:\/\/fadia.info\/index.php\/wp-json\/wp\/v2\/types\/post"}],"author":[{"embeddable":true,"href":"https:\/\/fadia.info\/index.php\/wp-json\/wp\/v2\/users\/3"}],"replies":[{"embeddable":true,"href":"https:\/\/fadia.info\/index.php\/wp-json\/wp\/v2\/comments?post=6627"}],"version-history":[{"count":1,"href":"https:\/\/fadia.info\/index.php\/wp-json\/wp\/v2\/posts\/6627\/revisions"}],"predecessor-version":[{"id":6629,"href":"https:\/\/fadia.info\/index.php\/wp-json\/wp\/v2\/posts\/6627\/revisions\/6629"}],"wp:featuredmedia":[{"embeddable":true,"href":"https:\/\/fadia.info\/index.php\/wp-json\/wp\/v2\/media\/6628"}],"wp:attachment":[{"href":"https:\/\/fadia.info\/index.php\/wp-json\/wp\/v2\/media?parent=6627"}],"wp:term":[{"taxonomy":"category","embeddable":true,"href":"https:\/\/fadia.info\/index.php\/wp-json\/wp\/v2\/categories?post=6627"},{"taxonomy":"post_tag","embeddable":true,"href":"https:\/\/fadia.info\/index.php\/wp-json\/wp\/v2\/tags?post=6627"}],"curies":[{"name":"wp","href":"https:\/\/api.w.org\/{rel}","templated":true}]}}