{"id":6623,"date":"2025-09-19T15:44:48","date_gmt":"2025-09-19T15:44:48","guid":{"rendered":"https:\/\/fadia.info\/?p=6623"},"modified":"2025-09-19T15:44:52","modified_gmt":"2025-09-19T15:44:52","slug":"fadia-destaca-el-papel-clave-de-los-instaladores-en-la-semana-europea-de-la-movilidad-para-impulsar-las-infraestructuras-de-recarga-del-vehiculo-electrico","status":"publish","type":"post","link":"https:\/\/fadia.info\/index.php\/2025\/09\/19\/fadia-destaca-el-papel-clave-de-los-instaladores-en-la-semana-europea-de-la-movilidad-para-impulsar-las-infraestructuras-de-recarga-del-vehiculo-electrico\/","title":{"rendered":"FADIA destaca el papel clave de los instaladores en la Semana Europea de la Movilidad para impulsar las infraestructuras de recarga del veh\u00edculo el\u00e9ctrico"},"content":{"rendered":"\n<figure class=\"wp-block-image size-large\"><img loading=\"lazy\" decoding=\"async\" width=\"1024\" height=\"576\" src=\"https:\/\/fadia.info\/wp-content\/uploads\/2025\/09\/fadia_semana_europea_movilidad-1024x576.png\" alt=\"\" class=\"wp-image-6624\" srcset=\"https:\/\/fadia.info\/wp-content\/uploads\/2025\/09\/fadia_semana_europea_movilidad-980x551.png 980w, https:\/\/fadia.info\/wp-content\/uploads\/2025\/09\/fadia_semana_europea_movilidad-480x270.png 480w\" sizes=\"auto, (min-width: 0px) and (max-width: 480px) 480px, (min-width: 481px) and (max-width: 980px) 980px, (min-width: 981px) 1024px, 100vw\" \/><\/figure>\n\n\n\n<p>Con motivo de la <strong>Semana Europea de la Movilidad 2025<\/strong>, la <strong>Federaci\u00f3n de Asociaciones de Instaladores de Andaluc\u00eda<\/strong> quiere poner en valor la labor esencial que desempe\u00f1an los profesionales de la instalaci\u00f3n en el desarrollo de las infraestructuras necesarias para la movilidad el\u00e9ctrica.<\/p>\n\n\n\n<p>El lema de este a\u00f1o, centrado en la \u201cmovilidad para todos\u201d, subraya la importancia de avanzar hacia un modelo energ\u00e9tico y de movilidad limpio, eficiente y accesible. En este contexto, los instaladores representan un eslab\u00f3n fundamental para hacer posible el despliegue de puntos de recarga en hogares, empresas y espacios p\u00fablicos.<\/p>\n\n\n\n<p>\u201cSin instaladores cualificados y habilitados, la infraestructura de recarga del veh\u00edculo el\u00e9ctrico no ser\u00eda una realidad. Somos los responsables de llevar la tecnolog\u00eda al terreno, garantizando seguridad, eficiencia y calidad en cada proyecto\u201d, se\u00f1alan desde Fadia.<\/p>\n\n\n\n<p>La federaci\u00f3n recuerda que:<\/p>\n\n\n\n<ul class=\"wp-block-list\">\n<li>La <strong>demanda de puntos de recarga<\/strong> est\u00e1 creciendo de forma exponencial en toda Europa.<\/li>\n\n\n\n<li>La <strong>cualificaci\u00f3n y la formaci\u00f3n continua<\/strong> de los instaladores son claves para asegurar instalaciones seguras y alineadas con la normativa vigente.<\/li>\n\n\n\n<li>El sector de los instaladores est\u00e1 preparado para responder a los <strong>retos de la transici\u00f3n energ\u00e9tica<\/strong>, siempre que se apueste por el reconocimiento de su papel estrat\u00e9gico.<\/li>\n<\/ul>\n\n\n\n<p>FADIA hace un llamamiento a administraciones, empresas y ciudadan\u00eda a trabajar conjuntamente para facilitar la expansi\u00f3n de la movilidad el\u00e9ctrica y a reconocer el papel imprescindible de los instaladores en este proceso.<\/p>\n","protected":false},"excerpt":{"rendered":"<p>Con motivo de la Semana Europea de la Movilidad 2025, la Federaci\u00f3n de Asociaciones de Instaladores de Andaluc\u00eda quiere poner en valor la labor esencial que desempe\u00f1an los profesionales de [&hellip;]<\/p>\n","protected":false},"author":3,"featured_media":6624,"comment_status":"open","ping_status":"open","sticky":false,"template":"","format":"standard","meta":{"_et_pb_use_builder":"off","_et_pb_old_content":"","_et_gb_content_width":"","_monsterinsights_skip_tracking":false,"_monsterinsights_sitenote_active":false,"_monsterinsights_sitenote_note":"","_monsterinsights_sitenote_category":0,"footnotes":""},"categories":[4],"tags":[14,15,47],"class_list":["post-6623","post","type-post","status-publish","format-standard","has-post-thumbnail","hentry","category-fadia","tag-fadia","tag-instaladores","tag-movilidad"],"yoast_head":"<!-- This site is optimized with the Yoast SEO plugin v24.2 - https:\/\/yoast.com\/wordpress\/plugins\/seo\/ -->\n<title>FADIA destaca el papel clave de los instaladores en la Semana Europea de la Movilidad para impulsar las infraestructuras de recarga del veh\u00edculo el\u00e9ctrico - Fadia<\/title>\n<meta name=\"robots\" content=\"index, follow, max-snippet:-1, max-image-preview:large, max-video-preview:-1\" \/>\n<link rel=\"canonical\" href=\"https:\/\/fadia.info\/index.php\/2025\/09\/19\/fadia-destaca-el-papel-clave-de-los-instaladores-en-la-semana-europea-de-la-movilidad-para-impulsar-las-infraestructuras-de-recarga-del-vehiculo-electrico\/\" \/>\n<meta property=\"og:locale\" content=\"es_ES\" \/>\n<meta property=\"og:type\" content=\"article\" \/>\n<meta property=\"og:title\" content=\"FADIA destaca el papel clave de los instaladores en la Semana Europea de la Movilidad para impulsar las infraestructuras de recarga del veh\u00edculo el\u00e9ctrico - Fadia\" \/>\n<meta property=\"og:description\" content=\"Con motivo de la Semana Europea de la Movilidad 2025, la Federaci\u00f3n de Asociaciones de Instaladores de Andaluc\u00eda quiere poner en valor la labor esencial que desempe\u00f1an los profesionales de [&hellip;]\" \/>\n<meta property=\"og:url\" content=\"https:\/\/fadia.info\/index.php\/2025\/09\/19\/fadia-destaca-el-papel-clave-de-los-instaladores-en-la-semana-europea-de-la-movilidad-para-impulsar-las-infraestructuras-de-recarga-del-vehiculo-electrico\/\" \/>\n<meta property=\"og:site_name\" content=\"Fadia\" \/>\n<meta property=\"article:published_time\" content=\"2025-09-19T15:44:48+00:00\" \/>\n<meta property=\"article:modified_time\" content=\"2025-09-19T15:44:52+00:00\" \/>\n<meta property=\"og:image\" content=\"https:\/\/fadia.info\/wp-content\/uploads\/2025\/09\/fadia_semana_europea_movilidad-1024x576.png\" \/>\n\t<meta property=\"og:image:width\" content=\"1024\" \/>\n\t<meta property=\"og:image:height\" content=\"576\" \/>\n\t<meta property=\"og:image:type\" content=\"image\/png\" \/>\n<meta name=\"author\" content=\"Miguel\" \/>\n<meta name=\"twitter:card\" content=\"summary_large_image\" \/>\n<meta name=\"twitter:label1\" content=\"Escrito por\" \/>\n\t<meta name=\"twitter:data1\" content=\"Miguel\" \/>\n\t<meta name=\"twitter:label2\" content=\"Tiempo de lectura\" \/>\n\t<meta name=\"twitter:data2\" content=\"2 minutos\" \/>\n<script type=\"application\/ld+json\" class=\"yoast-schema-graph\">{\"@context\":\"https:\/\/schema.org\",\"@graph\":[{\"@type\":\"Article\",\"@id\":\"https:\/\/fadia.info\/index.php\/2025\/09\/19\/fadia-destaca-el-papel-clave-de-los-instaladores-en-la-semana-europea-de-la-movilidad-para-impulsar-las-infraestructuras-de-recarga-del-vehiculo-electrico\/#article\",\"isPartOf\":{\"@id\":\"https:\/\/fadia.info\/index.php\/2025\/09\/19\/fadia-destaca-el-papel-clave-de-los-instaladores-en-la-semana-europea-de-la-movilidad-para-impulsar-las-infraestructuras-de-recarga-del-vehiculo-electrico\/\"},\"author\":{\"name\":\"Miguel\",\"@id\":\"https:\/\/fadia.info\/#\/schema\/person\/cdaf7b8ba0a834795f1121971cfaab26\"},\"headline\":\"FADIA destaca el papel clave de los instaladores en la Semana Europea de la Movilidad para impulsar las infraestructuras de recarga del veh\u00edculo el\u00e9ctrico\",\"datePublished\":\"2025-09-19T15:44:48+00:00\",\"dateModified\":\"2025-09-19T15:44:52+00:00\",\"mainEntityOfPage\":{\"@id\":\"https:\/\/fadia.info\/index.php\/2025\/09\/19\/fadia-destaca-el-papel-clave-de-los-instaladores-en-la-semana-europea-de-la-movilidad-para-impulsar-las-infraestructuras-de-recarga-del-vehiculo-electrico\/\"},\"wordCount\":276,\"commentCount\":0,\"publisher\":{\"@id\":\"https:\/\/fadia.info\/#organization\"},\"image\":{\"@id\":\"https:\/\/fadia.info\/index.php\/2025\/09\/19\/fadia-destaca-el-papel-clave-de-los-instaladores-en-la-semana-europea-de-la-movilidad-para-impulsar-las-infraestructuras-de-recarga-del-vehiculo-electrico\/#primaryimage\"},\"thumbnailUrl\":\"https:\/\/fadia.info\/wp-content\/uploads\/2025\/09\/fadia_semana_europea_movilidad.png\",\"keywords\":[\"FADIA\",\"INSTALADORES\",\"movilidad\"],\"articleSection\":[\"FADIA\"],\"inLanguage\":\"es\",\"potentialAction\":[{\"@type\":\"CommentAction\",\"name\":\"Comment\",\"target\":[\"https:\/\/fadia.info\/index.php\/2025\/09\/19\/fadia-destaca-el-papel-clave-de-los-instaladores-en-la-semana-europea-de-la-movilidad-para-impulsar-las-infraestructuras-de-recarga-del-vehiculo-electrico\/#respond\"]}]},{\"@type\":\"WebPage\",\"@id\":\"https:\/\/fadia.info\/index.php\/2025\/09\/19\/fadia-destaca-el-papel-clave-de-los-instaladores-en-la-semana-europea-de-la-movilidad-para-impulsar-las-infraestructuras-de-recarga-del-vehiculo-electrico\/\",\"url\":\"https:\/\/fadia.info\/index.php\/2025\/09\/19\/fadia-destaca-el-papel-clave-de-los-instaladores-en-la-semana-europea-de-la-movilidad-para-impulsar-las-infraestructuras-de-recarga-del-vehiculo-electrico\/\",\"name\":\"FADIA destaca el papel clave de los instaladores en la Semana Europea de la Movilidad para impulsar las infraestructuras de recarga del veh\u00edculo el\u00e9ctrico - Fadia\",\"isPartOf\":{\"@id\":\"https:\/\/fadia.info\/#website\"},\"primaryImageOfPage\":{\"@id\":\"https:\/\/fadia.info\/index.php\/2025\/09\/19\/fadia-destaca-el-papel-clave-de-los-instaladores-en-la-semana-europea-de-la-movilidad-para-impulsar-las-infraestructuras-de-recarga-del-vehiculo-electrico\/#primaryimage\"},\"image\":{\"@id\":\"https:\/\/fadia.info\/index.php\/2025\/09\/19\/fadia-destaca-el-papel-clave-de-los-instaladores-en-la-semana-europea-de-la-movilidad-para-impulsar-las-infraestructuras-de-recarga-del-vehiculo-electrico\/#primaryimage\"},\"thumbnailUrl\":\"https:\/\/fadia.info\/wp-content\/uploads\/2025\/09\/fadia_semana_europea_movilidad.png\",\"datePublished\":\"2025-09-19T15:44:48+00:00\",\"dateModified\":\"2025-09-19T15:44:52+00:00\",\"breadcrumb\":{\"@id\":\"https:\/\/fadia.info\/index.php\/2025\/09\/19\/fadia-destaca-el-papel-clave-de-los-instaladores-en-la-semana-europea-de-la-movilidad-para-impulsar-las-infraestructuras-de-recarga-del-vehiculo-electrico\/#breadcrumb\"},\"inLanguage\":\"es\",\"potentialAction\":[{\"@type\":\"ReadAction\",\"target\":[\"https:\/\/fadia.info\/index.php\/2025\/09\/19\/fadia-destaca-el-papel-clave-de-los-instaladores-en-la-semana-europea-de-la-movilidad-para-impulsar-las-infraestructuras-de-recarga-del-vehiculo-electrico\/\"]}]},{\"@type\":\"ImageObject\",\"inLanguage\":\"es\",\"@id\":\"https:\/\/fadia.info\/index.php\/2025\/09\/19\/fadia-destaca-el-papel-clave-de-los-instaladores-en-la-semana-europea-de-la-movilidad-para-impulsar-las-infraestructuras-de-recarga-del-vehiculo-electrico\/#primaryimage\",\"url\":\"https:\/\/fadia.info\/wp-content\/uploads\/2025\/09\/fadia_semana_europea_movilidad.png\",\"contentUrl\":\"https:\/\/fadia.info\/wp-content\/uploads\/2025\/09\/fadia_semana_europea_movilidad.png\",\"width\":1440,\"height\":810},{\"@type\":\"BreadcrumbList\",\"@id\":\"https:\/\/fadia.info\/index.php\/2025\/09\/19\/fadia-destaca-el-papel-clave-de-los-instaladores-en-la-semana-europea-de-la-movilidad-para-impulsar-las-infraestructuras-de-recarga-del-vehiculo-electrico\/#breadcrumb\",\"itemListElement\":[{\"@type\":\"ListItem\",\"position\":1,\"name\":\"Portada\",\"item\":\"https:\/\/fadia.info\/\"},{\"@type\":\"ListItem\",\"position\":2,\"name\":\"FADIA destaca el papel clave de los instaladores en la Semana Europea de la Movilidad para impulsar las infraestructuras de recarga del veh\u00edculo el\u00e9ctrico\"}]},{\"@type\":\"WebSite\",\"@id\":\"https:\/\/fadia.info\/#website\",\"url\":\"https:\/\/fadia.info\/\",\"name\":\"Fadia\",\"description\":\"\",\"publisher\":{\"@id\":\"https:\/\/fadia.info\/#organization\"},\"alternateName\":\"Federaci\u00f3n de Asociaciones de Instaladores de Andaluc\u00eda\",\"potentialAction\":[{\"@type\":\"SearchAction\",\"target\":{\"@type\":\"EntryPoint\",\"urlTemplate\":\"https:\/\/fadia.info\/?s={search_term_string}\"},\"query-input\":{\"@type\":\"PropertyValueSpecification\",\"valueRequired\":true,\"valueName\":\"search_term_string\"}}],\"inLanguage\":\"es\"},{\"@type\":\"Organization\",\"@id\":\"https:\/\/fadia.info\/#organization\",\"name\":\"Federaci\u00f3n de Asociaciones de Instaladores de Andaluc\u00eda\",\"alternateName\":\"FADIA\",\"url\":\"https:\/\/fadia.info\/\",\"logo\":{\"@type\":\"ImageObject\",\"inLanguage\":\"es\",\"@id\":\"https:\/\/fadia.info\/#\/schema\/logo\/image\/\",\"url\":\"https:\/\/fadia.info\/wp-content\/uploads\/2023\/11\/logo_fadia.png\",\"contentUrl\":\"https:\/\/fadia.info\/wp-content\/uploads\/2023\/11\/logo_fadia.png\",\"width\":619,\"height\":265,\"caption\":\"Federaci\u00f3n de Asociaciones de Instaladores de Andaluc\u00eda\"},\"image\":{\"@id\":\"https:\/\/fadia.info\/#\/schema\/logo\/image\/\"}},{\"@type\":\"Person\",\"@id\":\"https:\/\/fadia.info\/#\/schema\/person\/cdaf7b8ba0a834795f1121971cfaab26\",\"name\":\"Miguel\",\"image\":{\"@type\":\"ImageObject\",\"inLanguage\":\"es\",\"@id\":\"https:\/\/fadia.info\/#\/schema\/person\/image\/\",\"url\":\"https:\/\/secure.gravatar.com\/avatar\/7f4e60b1e9fe9c37d925854cb71b1cb76e7cee4d38db28d6f7e8677375de1b8e?s=96&d=mm&r=g\",\"contentUrl\":\"https:\/\/secure.gravatar.com\/avatar\/7f4e60b1e9fe9c37d925854cb71b1cb76e7cee4d38db28d6f7e8677375de1b8e?s=96&d=mm&r=g\",\"caption\":\"Miguel\"},\"url\":\"https:\/\/fadia.info\/index.php\/author\/miguel\/\"}]}<\/script>\n<!-- \/ Yoast SEO plugin. -->","yoast_head_json":{"title":"FADIA destaca el papel clave de los instaladores en la Semana Europea de la Movilidad para impulsar las infraestructuras de recarga del veh\u00edculo el\u00e9ctrico - Fadia","robots":{"index":"index","follow":"follow","max-snippet":"max-snippet:-1","max-image-preview":"max-image-preview:large","max-video-preview":"max-video-preview:-1"},"canonical":"https:\/\/fadia.info\/index.php\/2025\/09\/19\/fadia-destaca-el-papel-clave-de-los-instaladores-en-la-semana-europea-de-la-movilidad-para-impulsar-las-infraestructuras-de-recarga-del-vehiculo-electrico\/","og_locale":"es_ES","og_type":"article","og_title":"FADIA destaca el papel clave de los instaladores en la Semana Europea de la Movilidad para impulsar las infraestructuras de recarga del veh\u00edculo el\u00e9ctrico - Fadia","og_description":"Con motivo de la Semana Europea de la Movilidad 2025, la Federaci\u00f3n de Asociaciones de Instaladores de Andaluc\u00eda quiere poner en valor la labor esencial que desempe\u00f1an los profesionales de [&hellip;]","og_url":"https:\/\/fadia.info\/index.php\/2025\/09\/19\/fadia-destaca-el-papel-clave-de-los-instaladores-en-la-semana-europea-de-la-movilidad-para-impulsar-las-infraestructuras-de-recarga-del-vehiculo-electrico\/","og_site_name":"Fadia","article_published_time":"2025-09-19T15:44:48+00:00","article_modified_time":"2025-09-19T15:44:52+00:00","og_image":[{"width":1024,"height":576,"url":"https:\/\/fadia.info\/wp-content\/uploads\/2025\/09\/fadia_semana_europea_movilidad-1024x576.png","type":"image\/png"}],"author":"Miguel","twitter_card":"summary_large_image","twitter_misc":{"Escrito por":"Miguel","Tiempo de lectura":"2 minutos"},"schema":{"@context":"https:\/\/schema.org","@graph":[{"@type":"Article","@id":"https:\/\/fadia.info\/index.php\/2025\/09\/19\/fadia-destaca-el-papel-clave-de-los-instaladores-en-la-semana-europea-de-la-movilidad-para-impulsar-las-infraestructuras-de-recarga-del-vehiculo-electrico\/#article","isPartOf":{"@id":"https:\/\/fadia.info\/index.php\/2025\/09\/19\/fadia-destaca-el-papel-clave-de-los-instaladores-en-la-semana-europea-de-la-movilidad-para-impulsar-las-infraestructuras-de-recarga-del-vehiculo-electrico\/"},"author":{"name":"Miguel","@id":"https:\/\/fadia.info\/#\/schema\/person\/cdaf7b8ba0a834795f1121971cfaab26"},"headline":"FADIA destaca el papel clave de los instaladores en la Semana Europea de la Movilidad para impulsar las infraestructuras de recarga del veh\u00edculo el\u00e9ctrico","datePublished":"2025-09-19T15:44:48+00:00","dateModified":"2025-09-19T15:44:52+00:00","mainEntityOfPage":{"@id":"https:\/\/fadia.info\/index.php\/2025\/09\/19\/fadia-destaca-el-papel-clave-de-los-instaladores-en-la-semana-europea-de-la-movilidad-para-impulsar-las-infraestructuras-de-recarga-del-vehiculo-electrico\/"},"wordCount":276,"commentCount":0,"publisher":{"@id":"https:\/\/fadia.info\/#organization"},"image":{"@id":"https:\/\/fadia.info\/index.php\/2025\/09\/19\/fadia-destaca-el-papel-clave-de-los-instaladores-en-la-semana-europea-de-la-movilidad-para-impulsar-las-infraestructuras-de-recarga-del-vehiculo-electrico\/#primaryimage"},"thumbnailUrl":"https:\/\/fadia.info\/wp-content\/uploads\/2025\/09\/fadia_semana_europea_movilidad.png","keywords":["FADIA","INSTALADORES","movilidad"],"articleSection":["FADIA"],"inLanguage":"es","potentialAction":[{"@type":"CommentAction","name":"Comment","target":["https:\/\/fadia.info\/index.php\/2025\/09\/19\/fadia-destaca-el-papel-clave-de-los-instaladores-en-la-semana-europea-de-la-movilidad-para-impulsar-las-infraestructuras-de-recarga-del-vehiculo-electrico\/#respond"]}]},{"@type":"WebPage","@id":"https:\/\/fadia.info\/index.php\/2025\/09\/19\/fadia-destaca-el-papel-clave-de-los-instaladores-en-la-semana-europea-de-la-movilidad-para-impulsar-las-infraestructuras-de-recarga-del-vehiculo-electrico\/","url":"https:\/\/fadia.info\/index.php\/2025\/09\/19\/fadia-destaca-el-papel-clave-de-los-instaladores-en-la-semana-europea-de-la-movilidad-para-impulsar-las-infraestructuras-de-recarga-del-vehiculo-electrico\/","name":"FADIA destaca el papel clave de los instaladores en la Semana Europea de la Movilidad para impulsar las infraestructuras de recarga del veh\u00edculo el\u00e9ctrico - Fadia","isPartOf":{"@id":"https:\/\/fadia.info\/#website"},"primaryImageOfPage":{"@id":"https:\/\/fadia.info\/index.php\/2025\/09\/19\/fadia-destaca-el-papel-clave-de-los-instaladores-en-la-semana-europea-de-la-movilidad-para-impulsar-las-infraestructuras-de-recarga-del-vehiculo-electrico\/#primaryimage"},"image":{"@id":"https:\/\/fadia.info\/index.php\/2025\/09\/19\/fadia-destaca-el-papel-clave-de-los-instaladores-en-la-semana-europea-de-la-movilidad-para-impulsar-las-infraestructuras-de-recarga-del-vehiculo-electrico\/#primaryimage"},"thumbnailUrl":"https:\/\/fadia.info\/wp-content\/uploads\/2025\/09\/fadia_semana_europea_movilidad.png","datePublished":"2025-09-19T15:44:48+00:00","dateModified":"2025-09-19T15:44:52+00:00","breadcrumb":{"@id":"https:\/\/fadia.info\/index.php\/2025\/09\/19\/fadia-destaca-el-papel-clave-de-los-instaladores-en-la-semana-europea-de-la-movilidad-para-impulsar-las-infraestructuras-de-recarga-del-vehiculo-electrico\/#breadcrumb"},"inLanguage":"es","potentialAction":[{"@type":"ReadAction","target":["https:\/\/fadia.info\/index.php\/2025\/09\/19\/fadia-destaca-el-papel-clave-de-los-instaladores-en-la-semana-europea-de-la-movilidad-para-impulsar-las-infraestructuras-de-recarga-del-vehiculo-electrico\/"]}]},{"@type":"ImageObject","inLanguage":"es","@id":"https:\/\/fadia.info\/index.php\/2025\/09\/19\/fadia-destaca-el-papel-clave-de-los-instaladores-en-la-semana-europea-de-la-movilidad-para-impulsar-las-infraestructuras-de-recarga-del-vehiculo-electrico\/#primaryimage","url":"https:\/\/fadia.info\/wp-content\/uploads\/2025\/09\/fadia_semana_europea_movilidad.png","contentUrl":"https:\/\/fadia.info\/wp-content\/uploads\/2025\/09\/fadia_semana_europea_movilidad.png","width":1440,"height":810},{"@type":"BreadcrumbList","@id":"https:\/\/fadia.info\/index.php\/2025\/09\/19\/fadia-destaca-el-papel-clave-de-los-instaladores-en-la-semana-europea-de-la-movilidad-para-impulsar-las-infraestructuras-de-recarga-del-vehiculo-electrico\/#breadcrumb","itemListElement":[{"@type":"ListItem","position":1,"name":"Portada","item":"https:\/\/fadia.info\/"},{"@type":"ListItem","position":2,"name":"FADIA destaca el papel clave de los instaladores en la Semana Europea de la Movilidad para impulsar las infraestructuras de recarga del veh\u00edculo el\u00e9ctrico"}]},{"@type":"WebSite","@id":"https:\/\/fadia.info\/#website","url":"https:\/\/fadia.info\/","name":"Fadia","description":"","publisher":{"@id":"https:\/\/fadia.info\/#organization"},"alternateName":"Federaci\u00f3n de Asociaciones de Instaladores de Andaluc\u00eda","potentialAction":[{"@type":"SearchAction","target":{"@type":"EntryPoint","urlTemplate":"https:\/\/fadia.info\/?s={search_term_string}"},"query-input":{"@type":"PropertyValueSpecification","valueRequired":true,"valueName":"search_term_string"}}],"inLanguage":"es"},{"@type":"Organization","@id":"https:\/\/fadia.info\/#organization","name":"Federaci\u00f3n de Asociaciones de Instaladores de Andaluc\u00eda","alternateName":"FADIA","url":"https:\/\/fadia.info\/","logo":{"@type":"ImageObject","inLanguage":"es","@id":"https:\/\/fadia.info\/#\/schema\/logo\/image\/","url":"https:\/\/fadia.info\/wp-content\/uploads\/2023\/11\/logo_fadia.png","contentUrl":"https:\/\/fadia.info\/wp-content\/uploads\/2023\/11\/logo_fadia.png","width":619,"height":265,"caption":"Federaci\u00f3n de Asociaciones de Instaladores de Andaluc\u00eda"},"image":{"@id":"https:\/\/fadia.info\/#\/schema\/logo\/image\/"}},{"@type":"Person","@id":"https:\/\/fadia.info\/#\/schema\/person\/cdaf7b8ba0a834795f1121971cfaab26","name":"Miguel","image":{"@type":"ImageObject","inLanguage":"es","@id":"https:\/\/fadia.info\/#\/schema\/person\/image\/","url":"https:\/\/secure.gravatar.com\/avatar\/7f4e60b1e9fe9c37d925854cb71b1cb76e7cee4d38db28d6f7e8677375de1b8e?s=96&d=mm&r=g","contentUrl":"https:\/\/secure.gravatar.com\/avatar\/7f4e60b1e9fe9c37d925854cb71b1cb76e7cee4d38db28d6f7e8677375de1b8e?s=96&d=mm&r=g","caption":"Miguel"},"url":"https:\/\/fadia.info\/index.php\/author\/miguel\/"}]}},"_links":{"self":[{"href":"https:\/\/fadia.info\/index.php\/wp-json\/wp\/v2\/posts\/6623","targetHints":{"allow":["GET"]}}],"collection":[{"href":"https:\/\/fadia.info\/index.php\/wp-json\/wp\/v2\/posts"}],"about":[{"href":"https:\/\/fadia.info\/index.php\/wp-json\/wp\/v2\/types\/post"}],"author":[{"embeddable":true,"href":"https:\/\/fadia.info\/index.php\/wp-json\/wp\/v2\/users\/3"}],"replies":[{"embeddable":true,"href":"https:\/\/fadia.info\/index.php\/wp-json\/wp\/v2\/comments?post=6623"}],"version-history":[{"count":1,"href":"https:\/\/fadia.info\/index.php\/wp-json\/wp\/v2\/posts\/6623\/revisions"}],"predecessor-version":[{"id":6625,"href":"https:\/\/fadia.info\/index.php\/wp-json\/wp\/v2\/posts\/6623\/revisions\/6625"}],"wp:featuredmedia":[{"embeddable":true,"href":"https:\/\/fadia.info\/index.php\/wp-json\/wp\/v2\/media\/6624"}],"wp:attachment":[{"href":"https:\/\/fadia.info\/index.php\/wp-json\/wp\/v2\/media?parent=6623"}],"wp:term":[{"taxonomy":"category","embeddable":true,"href":"https:\/\/fadia.info\/index.php\/wp-json\/wp\/v2\/categories?post=6623"},{"taxonomy":"post_tag","embeddable":true,"href":"https:\/\/fadia.info\/index.php\/wp-json\/wp\/v2\/tags?post=6623"}],"curies":[{"name":"wp","href":"https:\/\/api.w.org\/{rel}","templated":true}]}}