{"id":6608,"date":"2025-08-01T09:51:54","date_gmt":"2025-08-01T09:51:54","guid":{"rendered":"https:\/\/fadia.info\/?p=6608"},"modified":"2025-08-01T09:53:35","modified_gmt":"2025-08-01T09:53:35","slug":"la-segunda-edicion-del-congreso-y-feria-de-los-instaladores-de-andalucia-fadia-26-tendra-lugar-en-la-ciudad-de-sevilla-y-se-celebrara-en-el-primer-trimestre-del-2026-2","status":"publish","type":"post","link":"https:\/\/fadia.info\/index.php\/2025\/08\/01\/la-segunda-edicion-del-congreso-y-feria-de-los-instaladores-de-andalucia-fadia-26-tendra-lugar-en-la-ciudad-de-sevilla-y-se-celebrara-en-el-primer-trimestre-del-2026-2\/","title":{"rendered":"La segunda edici\u00f3n del Congreso y Feria de los Instaladores de Andaluc\u00eda, FADIA-26, tendr\u00e1 lugar en la ciudad de Sevilla y se celebrar\u00e1 en el primer trimestre del 2026"},"content":{"rendered":"\n<p>La <strong>Federaci\u00f3n de Asociaciones de Instaladores de Andaluc\u00eda (FADIA)<\/strong>, convoca la segunda edici\u00f3n del <strong>Congreso y Feria de los Instaladores de Andaluc\u00eda (FADIA-26)<\/strong>, que se celebrar\u00e1 en <strong>Sevilla<\/strong> los d\u00edas <strong>18 y 19 de marzo<\/strong> de 2026.<\/p>\n\n\n\n<figure class=\"wp-block-image size-large\"><img loading=\"lazy\" decoding=\"async\" width=\"1024\" height=\"575\" src=\"https:\/\/fadia.info\/wp-content\/uploads\/2025\/07\/Firma02-1024x575.jpg\" alt=\"\" class=\"wp-image-6598\" srcset=\"https:\/\/fadia.info\/wp-content\/uploads\/2025\/07\/Firma02-980x550.jpg 980w, https:\/\/fadia.info\/wp-content\/uploads\/2025\/07\/Firma02-480x269.jpg 480w\" sizes=\"auto, (min-width: 0px) and (max-width: 480px) 480px, (min-width: 481px) and (max-width: 980px) 980px, (min-width: 981px) 1024px, 100vw\" \/><\/figure>\n\n\n\n<p>El congreso tiene como objetivo convertirse en una referencia regional del sector de los instaladores. Este evento de La Federaci\u00f3n Andaluza <strong>FADIA<\/strong>, en colaboraci\u00f3n con empresa organizadora <strong>GRUPO ADRIANO<\/strong> y la Asociaci\u00f3n de Distribuidores de Material El\u00e9ctrico <strong>ADIME<\/strong>, cuenta con el respaldo institucional de la Junta de Andaluc\u00eda, el Ayuntamiento de Sevilla y el IDAE.<\/p>\n\n\n\n<p>Bajo el <strong>lema \u00abRetos del instalador del futuro\u00bb,<\/strong> el congreso se enfocar\u00e1 en temas como la Digitalizaci\u00f3n Industrial, la Descarbonizaci\u00f3n, el Autoconsumo, la Seguridad y Salud, la Diversidad, la Formaci\u00f3n Inclusiva o la conexi\u00f3n del Instalador con la Sociedad. FADIA est\u00e1 trabajando para atraer a las marcas l\u00edderes del mercado y ofrecer soluciones en conectividad, productividad industrial, climatizaci\u00f3n, eficiencia energ\u00e9tica y sostenibilidad. Durante los dos d\u00edas del evento, se abordar\u00e1n retos como el relevo generacional, la formaci\u00f3n empresarial y la Diversidad.<\/p>\n\n\n\n<figure class=\"wp-block-image size-large\"><img loading=\"lazy\" decoding=\"async\" width=\"1024\" height=\"575\" src=\"https:\/\/fadia.info\/wp-content\/uploads\/2025\/07\/Firma01-1024x575.jpg\" alt=\"\" class=\"wp-image-6597\" srcset=\"https:\/\/fadia.info\/wp-content\/uploads\/2025\/07\/Firma01-980x550.jpg 980w, https:\/\/fadia.info\/wp-content\/uploads\/2025\/07\/Firma01-480x269.jpg 480w\" sizes=\"auto, (min-width: 0px) and (max-width: 480px) 480px, (min-width: 481px) and (max-width: 980px) 980px, (min-width: 981px) 1024px, 100vw\" \/><\/figure>\n\n\n\n<p>Se ha designado un comit\u00e9 organizador que est\u00e1 elaborando un ambicioso programa del congreso, en el que se incluir\u00e1n temas como la digitalizaci\u00f3n, la inteligencia artificial, la energ\u00eda inteligente, los cambios normativos, la FP Dual y el papel del instalador del futuro. Tendr\u00e1 un espacio de networking y exposici\u00f3n para todos los participantes.<\/p>\n\n\n\n<p>La edici\u00f3n de 2026 tambi\u00e9n contar\u00e1 con un <strong>c\u00f3rner tecnol\u00f3gico<\/strong> que mostrar\u00e1 innovaciones y nuevas herramientas desarrolladas en la industria andaluza.<\/p>\n\n\n\n<p>La primera edici\u00f3n del congreso, celebrada en 2021, fue un gran \u00e9xito, con m\u00e1s de 3,000 visitantes y alrededor de 80 expositores, convirti\u00e9ndose en un foro ideal para generar oportunidades comerciales y profesionalizar la figura del instalador. Adem\u00e1s, el certamen constituy\u00f3 un magn\u00edfico escaparate de las \u00faltimas tecnolog\u00edas del mercado para hacer crecer el negocio y prestigio del instalador de Andaluc\u00eda.<\/p>\n","protected":false},"excerpt":{"rendered":"<p>La Federaci\u00f3n de Asociaciones de Instaladores de Andaluc\u00eda (FADIA), convoca la segunda edici\u00f3n del Congreso y Feria de los Instaladores de Andaluc\u00eda (FADIA-26), que se celebrar\u00e1 en Sevilla los d\u00edas [&hellip;]<\/p>\n","protected":false},"author":3,"featured_media":6598,"comment_status":"open","ping_status":"open","sticky":false,"template":"","format":"standard","meta":{"_et_pb_use_builder":"off","_et_pb_old_content":"","_et_gb_content_width":"","_monsterinsights_skip_tracking":false,"_monsterinsights_sitenote_active":false,"_monsterinsights_sitenote_note":"","_monsterinsights_sitenote_category":0,"footnotes":""},"categories":[4],"tags":[40,14,15],"class_list":["post-6608","post","type-post","status-publish","format-standard","has-post-thumbnail","hentry","category-fadia","tag-congreso-fadia","tag-fadia","tag-instaladores"],"yoast_head":"<!-- This site is optimized with the Yoast SEO plugin v24.2 - https:\/\/yoast.com\/wordpress\/plugins\/seo\/ -->\n<title>La segunda edici\u00f3n del Congreso y Feria de los Instaladores de Andaluc\u00eda, FADIA-26, tendr\u00e1 lugar en la ciudad de Sevilla y se celebrar\u00e1 en el primer trimestre del 2026 - Fadia<\/title>\n<meta name=\"robots\" content=\"index, follow, max-snippet:-1, max-image-preview:large, max-video-preview:-1\" \/>\n<link rel=\"canonical\" href=\"https:\/\/fadia.info\/index.php\/2025\/08\/01\/la-segunda-edicion-del-congreso-y-feria-de-los-instaladores-de-andalucia-fadia-26-tendra-lugar-en-la-ciudad-de-sevilla-y-se-celebrara-en-el-primer-trimestre-del-2026-2\/\" \/>\n<meta property=\"og:locale\" content=\"es_ES\" \/>\n<meta property=\"og:type\" content=\"article\" \/>\n<meta property=\"og:title\" content=\"La segunda edici\u00f3n del Congreso y Feria de los Instaladores de Andaluc\u00eda, FADIA-26, tendr\u00e1 lugar en la ciudad de Sevilla y se celebrar\u00e1 en el primer trimestre del 2026 - Fadia\" \/>\n<meta property=\"og:description\" content=\"La Federaci\u00f3n de Asociaciones de Instaladores de Andaluc\u00eda (FADIA), convoca la segunda edici\u00f3n del Congreso y Feria de los Instaladores de Andaluc\u00eda (FADIA-26), que se celebrar\u00e1 en Sevilla los d\u00edas [&hellip;]\" \/>\n<meta property=\"og:url\" content=\"https:\/\/fadia.info\/index.php\/2025\/08\/01\/la-segunda-edicion-del-congreso-y-feria-de-los-instaladores-de-andalucia-fadia-26-tendra-lugar-en-la-ciudad-de-sevilla-y-se-celebrara-en-el-primer-trimestre-del-2026-2\/\" \/>\n<meta property=\"og:site_name\" content=\"Fadia\" \/>\n<meta property=\"article:published_time\" content=\"2025-08-01T09:51:54+00:00\" \/>\n<meta property=\"article:modified_time\" content=\"2025-08-01T09:53:35+00:00\" \/>\n<meta property=\"og:image\" content=\"https:\/\/fadia.info\/wp-content\/uploads\/2025\/07\/Firma02-scaled.jpg\" \/>\n\t<meta property=\"og:image:width\" content=\"2560\" \/>\n\t<meta property=\"og:image:height\" content=\"1437\" \/>\n\t<meta property=\"og:image:type\" content=\"image\/jpeg\" \/>\n<meta name=\"author\" content=\"Miguel\" \/>\n<meta name=\"twitter:card\" content=\"summary_large_image\" \/>\n<meta name=\"twitter:label1\" content=\"Escrito por\" \/>\n\t<meta name=\"twitter:data1\" content=\"Miguel\" \/>\n\t<meta name=\"twitter:label2\" content=\"Tiempo de lectura\" \/>\n\t<meta name=\"twitter:data2\" content=\"3 minutos\" \/>\n<script type=\"application\/ld+json\" class=\"yoast-schema-graph\">{\"@context\":\"https:\/\/schema.org\",\"@graph\":[{\"@type\":\"Article\",\"@id\":\"https:\/\/fadia.info\/index.php\/2025\/08\/01\/la-segunda-edicion-del-congreso-y-feria-de-los-instaladores-de-andalucia-fadia-26-tendra-lugar-en-la-ciudad-de-sevilla-y-se-celebrara-en-el-primer-trimestre-del-2026-2\/#article\",\"isPartOf\":{\"@id\":\"https:\/\/fadia.info\/index.php\/2025\/08\/01\/la-segunda-edicion-del-congreso-y-feria-de-los-instaladores-de-andalucia-fadia-26-tendra-lugar-en-la-ciudad-de-sevilla-y-se-celebrara-en-el-primer-trimestre-del-2026-2\/\"},\"author\":{\"name\":\"Miguel\",\"@id\":\"https:\/\/fadia.info\/#\/schema\/person\/cdaf7b8ba0a834795f1121971cfaab26\"},\"headline\":\"La segunda edici\u00f3n del Congreso y Feria de los Instaladores de Andaluc\u00eda, FADIA-26, tendr\u00e1 lugar en la ciudad de Sevilla y se celebrar\u00e1 en el primer trimestre del 2026\",\"datePublished\":\"2025-08-01T09:51:54+00:00\",\"dateModified\":\"2025-08-01T09:53:35+00:00\",\"mainEntityOfPage\":{\"@id\":\"https:\/\/fadia.info\/index.php\/2025\/08\/01\/la-segunda-edicion-del-congreso-y-feria-de-los-instaladores-de-andalucia-fadia-26-tendra-lugar-en-la-ciudad-de-sevilla-y-se-celebrara-en-el-primer-trimestre-del-2026-2\/\"},\"wordCount\":366,\"commentCount\":0,\"publisher\":{\"@id\":\"https:\/\/fadia.info\/#organization\"},\"image\":{\"@id\":\"https:\/\/fadia.info\/index.php\/2025\/08\/01\/la-segunda-edicion-del-congreso-y-feria-de-los-instaladores-de-andalucia-fadia-26-tendra-lugar-en-la-ciudad-de-sevilla-y-se-celebrara-en-el-primer-trimestre-del-2026-2\/#primaryimage\"},\"thumbnailUrl\":\"https:\/\/fadia.info\/wp-content\/uploads\/2025\/07\/Firma02-scaled.jpg\",\"keywords\":[\"congreso fadia\",\"FADIA\",\"INSTALADORES\"],\"articleSection\":[\"FADIA\"],\"inLanguage\":\"es\",\"potentialAction\":[{\"@type\":\"CommentAction\",\"name\":\"Comment\",\"target\":[\"https:\/\/fadia.info\/index.php\/2025\/08\/01\/la-segunda-edicion-del-congreso-y-feria-de-los-instaladores-de-andalucia-fadia-26-tendra-lugar-en-la-ciudad-de-sevilla-y-se-celebrara-en-el-primer-trimestre-del-2026-2\/#respond\"]}]},{\"@type\":\"WebPage\",\"@id\":\"https:\/\/fadia.info\/index.php\/2025\/08\/01\/la-segunda-edicion-del-congreso-y-feria-de-los-instaladores-de-andalucia-fadia-26-tendra-lugar-en-la-ciudad-de-sevilla-y-se-celebrara-en-el-primer-trimestre-del-2026-2\/\",\"url\":\"https:\/\/fadia.info\/index.php\/2025\/08\/01\/la-segunda-edicion-del-congreso-y-feria-de-los-instaladores-de-andalucia-fadia-26-tendra-lugar-en-la-ciudad-de-sevilla-y-se-celebrara-en-el-primer-trimestre-del-2026-2\/\",\"name\":\"La segunda edici\u00f3n del Congreso y Feria de los Instaladores de Andaluc\u00eda, FADIA-26, tendr\u00e1 lugar en la ciudad de Sevilla y se celebrar\u00e1 en el primer trimestre del 2026 - Fadia\",\"isPartOf\":{\"@id\":\"https:\/\/fadia.info\/#website\"},\"primaryImageOfPage\":{\"@id\":\"https:\/\/fadia.info\/index.php\/2025\/08\/01\/la-segunda-edicion-del-congreso-y-feria-de-los-instaladores-de-andalucia-fadia-26-tendra-lugar-en-la-ciudad-de-sevilla-y-se-celebrara-en-el-primer-trimestre-del-2026-2\/#primaryimage\"},\"image\":{\"@id\":\"https:\/\/fadia.info\/index.php\/2025\/08\/01\/la-segunda-edicion-del-congreso-y-feria-de-los-instaladores-de-andalucia-fadia-26-tendra-lugar-en-la-ciudad-de-sevilla-y-se-celebrara-en-el-primer-trimestre-del-2026-2\/#primaryimage\"},\"thumbnailUrl\":\"https:\/\/fadia.info\/wp-content\/uploads\/2025\/07\/Firma02-scaled.jpg\",\"datePublished\":\"2025-08-01T09:51:54+00:00\",\"dateModified\":\"2025-08-01T09:53:35+00:00\",\"breadcrumb\":{\"@id\":\"https:\/\/fadia.info\/index.php\/2025\/08\/01\/la-segunda-edicion-del-congreso-y-feria-de-los-instaladores-de-andalucia-fadia-26-tendra-lugar-en-la-ciudad-de-sevilla-y-se-celebrara-en-el-primer-trimestre-del-2026-2\/#breadcrumb\"},\"inLanguage\":\"es\",\"potentialAction\":[{\"@type\":\"ReadAction\",\"target\":[\"https:\/\/fadia.info\/index.php\/2025\/08\/01\/la-segunda-edicion-del-congreso-y-feria-de-los-instaladores-de-andalucia-fadia-26-tendra-lugar-en-la-ciudad-de-sevilla-y-se-celebrara-en-el-primer-trimestre-del-2026-2\/\"]}]},{\"@type\":\"ImageObject\",\"inLanguage\":\"es\",\"@id\":\"https:\/\/fadia.info\/index.php\/2025\/08\/01\/la-segunda-edicion-del-congreso-y-feria-de-los-instaladores-de-andalucia-fadia-26-tendra-lugar-en-la-ciudad-de-sevilla-y-se-celebrara-en-el-primer-trimestre-del-2026-2\/#primaryimage\",\"url\":\"https:\/\/fadia.info\/wp-content\/uploads\/2025\/07\/Firma02-scaled.jpg\",\"contentUrl\":\"https:\/\/fadia.info\/wp-content\/uploads\/2025\/07\/Firma02-scaled.jpg\",\"width\":2560,\"height\":1437},{\"@type\":\"BreadcrumbList\",\"@id\":\"https:\/\/fadia.info\/index.php\/2025\/08\/01\/la-segunda-edicion-del-congreso-y-feria-de-los-instaladores-de-andalucia-fadia-26-tendra-lugar-en-la-ciudad-de-sevilla-y-se-celebrara-en-el-primer-trimestre-del-2026-2\/#breadcrumb\",\"itemListElement\":[{\"@type\":\"ListItem\",\"position\":1,\"name\":\"Portada\",\"item\":\"https:\/\/fadia.info\/\"},{\"@type\":\"ListItem\",\"position\":2,\"name\":\"La segunda edici\u00f3n del Congreso y Feria de los Instaladores de Andaluc\u00eda, FADIA-26, tendr\u00e1 lugar en la ciudad de Sevilla y se celebrar\u00e1 en el primer trimestre del 2026\"}]},{\"@type\":\"WebSite\",\"@id\":\"https:\/\/fadia.info\/#website\",\"url\":\"https:\/\/fadia.info\/\",\"name\":\"Fadia\",\"description\":\"\",\"publisher\":{\"@id\":\"https:\/\/fadia.info\/#organization\"},\"alternateName\":\"Federaci\u00f3n de Asociaciones de Instaladores de Andaluc\u00eda\",\"potentialAction\":[{\"@type\":\"SearchAction\",\"target\":{\"@type\":\"EntryPoint\",\"urlTemplate\":\"https:\/\/fadia.info\/?s={search_term_string}\"},\"query-input\":{\"@type\":\"PropertyValueSpecification\",\"valueRequired\":true,\"valueName\":\"search_term_string\"}}],\"inLanguage\":\"es\"},{\"@type\":\"Organization\",\"@id\":\"https:\/\/fadia.info\/#organization\",\"name\":\"Federaci\u00f3n de Asociaciones de Instaladores de Andaluc\u00eda\",\"alternateName\":\"FADIA\",\"url\":\"https:\/\/fadia.info\/\",\"logo\":{\"@type\":\"ImageObject\",\"inLanguage\":\"es\",\"@id\":\"https:\/\/fadia.info\/#\/schema\/logo\/image\/\",\"url\":\"https:\/\/fadia.info\/wp-content\/uploads\/2023\/11\/logo_fadia.png\",\"contentUrl\":\"https:\/\/fadia.info\/wp-content\/uploads\/2023\/11\/logo_fadia.png\",\"width\":619,\"height\":265,\"caption\":\"Federaci\u00f3n de Asociaciones de Instaladores de Andaluc\u00eda\"},\"image\":{\"@id\":\"https:\/\/fadia.info\/#\/schema\/logo\/image\/\"}},{\"@type\":\"Person\",\"@id\":\"https:\/\/fadia.info\/#\/schema\/person\/cdaf7b8ba0a834795f1121971cfaab26\",\"name\":\"Miguel\",\"image\":{\"@type\":\"ImageObject\",\"inLanguage\":\"es\",\"@id\":\"https:\/\/fadia.info\/#\/schema\/person\/image\/\",\"url\":\"https:\/\/secure.gravatar.com\/avatar\/7f4e60b1e9fe9c37d925854cb71b1cb76e7cee4d38db28d6f7e8677375de1b8e?s=96&d=mm&r=g\",\"contentUrl\":\"https:\/\/secure.gravatar.com\/avatar\/7f4e60b1e9fe9c37d925854cb71b1cb76e7cee4d38db28d6f7e8677375de1b8e?s=96&d=mm&r=g\",\"caption\":\"Miguel\"},\"url\":\"https:\/\/fadia.info\/index.php\/author\/miguel\/\"}]}<\/script>\n<!-- \/ Yoast SEO plugin. -->","yoast_head_json":{"title":"La segunda edici\u00f3n del Congreso y Feria de los Instaladores de Andaluc\u00eda, FADIA-26, tendr\u00e1 lugar en la ciudad de Sevilla y se celebrar\u00e1 en el primer trimestre del 2026 - Fadia","robots":{"index":"index","follow":"follow","max-snippet":"max-snippet:-1","max-image-preview":"max-image-preview:large","max-video-preview":"max-video-preview:-1"},"canonical":"https:\/\/fadia.info\/index.php\/2025\/08\/01\/la-segunda-edicion-del-congreso-y-feria-de-los-instaladores-de-andalucia-fadia-26-tendra-lugar-en-la-ciudad-de-sevilla-y-se-celebrara-en-el-primer-trimestre-del-2026-2\/","og_locale":"es_ES","og_type":"article","og_title":"La segunda edici\u00f3n del Congreso y Feria de los Instaladores de Andaluc\u00eda, FADIA-26, tendr\u00e1 lugar en la ciudad de Sevilla y se celebrar\u00e1 en el primer trimestre del 2026 - Fadia","og_description":"La Federaci\u00f3n de Asociaciones de Instaladores de Andaluc\u00eda (FADIA), convoca la segunda edici\u00f3n del Congreso y Feria de los Instaladores de Andaluc\u00eda (FADIA-26), que se celebrar\u00e1 en Sevilla los d\u00edas [&hellip;]","og_url":"https:\/\/fadia.info\/index.php\/2025\/08\/01\/la-segunda-edicion-del-congreso-y-feria-de-los-instaladores-de-andalucia-fadia-26-tendra-lugar-en-la-ciudad-de-sevilla-y-se-celebrara-en-el-primer-trimestre-del-2026-2\/","og_site_name":"Fadia","article_published_time":"2025-08-01T09:51:54+00:00","article_modified_time":"2025-08-01T09:53:35+00:00","og_image":[{"width":2560,"height":1437,"url":"https:\/\/fadia.info\/wp-content\/uploads\/2025\/07\/Firma02-scaled.jpg","type":"image\/jpeg"}],"author":"Miguel","twitter_card":"summary_large_image","twitter_misc":{"Escrito por":"Miguel","Tiempo de lectura":"3 minutos"},"schema":{"@context":"https:\/\/schema.org","@graph":[{"@type":"Article","@id":"https:\/\/fadia.info\/index.php\/2025\/08\/01\/la-segunda-edicion-del-congreso-y-feria-de-los-instaladores-de-andalucia-fadia-26-tendra-lugar-en-la-ciudad-de-sevilla-y-se-celebrara-en-el-primer-trimestre-del-2026-2\/#article","isPartOf":{"@id":"https:\/\/fadia.info\/index.php\/2025\/08\/01\/la-segunda-edicion-del-congreso-y-feria-de-los-instaladores-de-andalucia-fadia-26-tendra-lugar-en-la-ciudad-de-sevilla-y-se-celebrara-en-el-primer-trimestre-del-2026-2\/"},"author":{"name":"Miguel","@id":"https:\/\/fadia.info\/#\/schema\/person\/cdaf7b8ba0a834795f1121971cfaab26"},"headline":"La segunda edici\u00f3n del Congreso y Feria de los Instaladores de Andaluc\u00eda, FADIA-26, tendr\u00e1 lugar en la ciudad de Sevilla y se celebrar\u00e1 en el primer trimestre del 2026","datePublished":"2025-08-01T09:51:54+00:00","dateModified":"2025-08-01T09:53:35+00:00","mainEntityOfPage":{"@id":"https:\/\/fadia.info\/index.php\/2025\/08\/01\/la-segunda-edicion-del-congreso-y-feria-de-los-instaladores-de-andalucia-fadia-26-tendra-lugar-en-la-ciudad-de-sevilla-y-se-celebrara-en-el-primer-trimestre-del-2026-2\/"},"wordCount":366,"commentCount":0,"publisher":{"@id":"https:\/\/fadia.info\/#organization"},"image":{"@id":"https:\/\/fadia.info\/index.php\/2025\/08\/01\/la-segunda-edicion-del-congreso-y-feria-de-los-instaladores-de-andalucia-fadia-26-tendra-lugar-en-la-ciudad-de-sevilla-y-se-celebrara-en-el-primer-trimestre-del-2026-2\/#primaryimage"},"thumbnailUrl":"https:\/\/fadia.info\/wp-content\/uploads\/2025\/07\/Firma02-scaled.jpg","keywords":["congreso fadia","FADIA","INSTALADORES"],"articleSection":["FADIA"],"inLanguage":"es","potentialAction":[{"@type":"CommentAction","name":"Comment","target":["https:\/\/fadia.info\/index.php\/2025\/08\/01\/la-segunda-edicion-del-congreso-y-feria-de-los-instaladores-de-andalucia-fadia-26-tendra-lugar-en-la-ciudad-de-sevilla-y-se-celebrara-en-el-primer-trimestre-del-2026-2\/#respond"]}]},{"@type":"WebPage","@id":"https:\/\/fadia.info\/index.php\/2025\/08\/01\/la-segunda-edicion-del-congreso-y-feria-de-los-instaladores-de-andalucia-fadia-26-tendra-lugar-en-la-ciudad-de-sevilla-y-se-celebrara-en-el-primer-trimestre-del-2026-2\/","url":"https:\/\/fadia.info\/index.php\/2025\/08\/01\/la-segunda-edicion-del-congreso-y-feria-de-los-instaladores-de-andalucia-fadia-26-tendra-lugar-en-la-ciudad-de-sevilla-y-se-celebrara-en-el-primer-trimestre-del-2026-2\/","name":"La segunda edici\u00f3n del Congreso y Feria de los Instaladores de Andaluc\u00eda, FADIA-26, tendr\u00e1 lugar en la ciudad de Sevilla y se celebrar\u00e1 en el primer trimestre del 2026 - Fadia","isPartOf":{"@id":"https:\/\/fadia.info\/#website"},"primaryImageOfPage":{"@id":"https:\/\/fadia.info\/index.php\/2025\/08\/01\/la-segunda-edicion-del-congreso-y-feria-de-los-instaladores-de-andalucia-fadia-26-tendra-lugar-en-la-ciudad-de-sevilla-y-se-celebrara-en-el-primer-trimestre-del-2026-2\/#primaryimage"},"image":{"@id":"https:\/\/fadia.info\/index.php\/2025\/08\/01\/la-segunda-edicion-del-congreso-y-feria-de-los-instaladores-de-andalucia-fadia-26-tendra-lugar-en-la-ciudad-de-sevilla-y-se-celebrara-en-el-primer-trimestre-del-2026-2\/#primaryimage"},"thumbnailUrl":"https:\/\/fadia.info\/wp-content\/uploads\/2025\/07\/Firma02-scaled.jpg","datePublished":"2025-08-01T09:51:54+00:00","dateModified":"2025-08-01T09:53:35+00:00","breadcrumb":{"@id":"https:\/\/fadia.info\/index.php\/2025\/08\/01\/la-segunda-edicion-del-congreso-y-feria-de-los-instaladores-de-andalucia-fadia-26-tendra-lugar-en-la-ciudad-de-sevilla-y-se-celebrara-en-el-primer-trimestre-del-2026-2\/#breadcrumb"},"inLanguage":"es","potentialAction":[{"@type":"ReadAction","target":["https:\/\/fadia.info\/index.php\/2025\/08\/01\/la-segunda-edicion-del-congreso-y-feria-de-los-instaladores-de-andalucia-fadia-26-tendra-lugar-en-la-ciudad-de-sevilla-y-se-celebrara-en-el-primer-trimestre-del-2026-2\/"]}]},{"@type":"ImageObject","inLanguage":"es","@id":"https:\/\/fadia.info\/index.php\/2025\/08\/01\/la-segunda-edicion-del-congreso-y-feria-de-los-instaladores-de-andalucia-fadia-26-tendra-lugar-en-la-ciudad-de-sevilla-y-se-celebrara-en-el-primer-trimestre-del-2026-2\/#primaryimage","url":"https:\/\/fadia.info\/wp-content\/uploads\/2025\/07\/Firma02-scaled.jpg","contentUrl":"https:\/\/fadia.info\/wp-content\/uploads\/2025\/07\/Firma02-scaled.jpg","width":2560,"height":1437},{"@type":"BreadcrumbList","@id":"https:\/\/fadia.info\/index.php\/2025\/08\/01\/la-segunda-edicion-del-congreso-y-feria-de-los-instaladores-de-andalucia-fadia-26-tendra-lugar-en-la-ciudad-de-sevilla-y-se-celebrara-en-el-primer-trimestre-del-2026-2\/#breadcrumb","itemListElement":[{"@type":"ListItem","position":1,"name":"Portada","item":"https:\/\/fadia.info\/"},{"@type":"ListItem","position":2,"name":"La segunda edici\u00f3n del Congreso y Feria de los Instaladores de Andaluc\u00eda, FADIA-26, tendr\u00e1 lugar en la ciudad de Sevilla y se celebrar\u00e1 en el primer trimestre del 2026"}]},{"@type":"WebSite","@id":"https:\/\/fadia.info\/#website","url":"https:\/\/fadia.info\/","name":"Fadia","description":"","publisher":{"@id":"https:\/\/fadia.info\/#organization"},"alternateName":"Federaci\u00f3n de Asociaciones de Instaladores de Andaluc\u00eda","potentialAction":[{"@type":"SearchAction","target":{"@type":"EntryPoint","urlTemplate":"https:\/\/fadia.info\/?s={search_term_string}"},"query-input":{"@type":"PropertyValueSpecification","valueRequired":true,"valueName":"search_term_string"}}],"inLanguage":"es"},{"@type":"Organization","@id":"https:\/\/fadia.info\/#organization","name":"Federaci\u00f3n de Asociaciones de Instaladores de Andaluc\u00eda","alternateName":"FADIA","url":"https:\/\/fadia.info\/","logo":{"@type":"ImageObject","inLanguage":"es","@id":"https:\/\/fadia.info\/#\/schema\/logo\/image\/","url":"https:\/\/fadia.info\/wp-content\/uploads\/2023\/11\/logo_fadia.png","contentUrl":"https:\/\/fadia.info\/wp-content\/uploads\/2023\/11\/logo_fadia.png","width":619,"height":265,"caption":"Federaci\u00f3n de Asociaciones de Instaladores de Andaluc\u00eda"},"image":{"@id":"https:\/\/fadia.info\/#\/schema\/logo\/image\/"}},{"@type":"Person","@id":"https:\/\/fadia.info\/#\/schema\/person\/cdaf7b8ba0a834795f1121971cfaab26","name":"Miguel","image":{"@type":"ImageObject","inLanguage":"es","@id":"https:\/\/fadia.info\/#\/schema\/person\/image\/","url":"https:\/\/secure.gravatar.com\/avatar\/7f4e60b1e9fe9c37d925854cb71b1cb76e7cee4d38db28d6f7e8677375de1b8e?s=96&d=mm&r=g","contentUrl":"https:\/\/secure.gravatar.com\/avatar\/7f4e60b1e9fe9c37d925854cb71b1cb76e7cee4d38db28d6f7e8677375de1b8e?s=96&d=mm&r=g","caption":"Miguel"},"url":"https:\/\/fadia.info\/index.php\/author\/miguel\/"}]}},"_links":{"self":[{"href":"https:\/\/fadia.info\/index.php\/wp-json\/wp\/v2\/posts\/6608","targetHints":{"allow":["GET"]}}],"collection":[{"href":"https:\/\/fadia.info\/index.php\/wp-json\/wp\/v2\/posts"}],"about":[{"href":"https:\/\/fadia.info\/index.php\/wp-json\/wp\/v2\/types\/post"}],"author":[{"embeddable":true,"href":"https:\/\/fadia.info\/index.php\/wp-json\/wp\/v2\/users\/3"}],"replies":[{"embeddable":true,"href":"https:\/\/fadia.info\/index.php\/wp-json\/wp\/v2\/comments?post=6608"}],"version-history":[{"count":1,"href":"https:\/\/fadia.info\/index.php\/wp-json\/wp\/v2\/posts\/6608\/revisions"}],"predecessor-version":[{"id":6609,"href":"https:\/\/fadia.info\/index.php\/wp-json\/wp\/v2\/posts\/6608\/revisions\/6609"}],"wp:featuredmedia":[{"embeddable":true,"href":"https:\/\/fadia.info\/index.php\/wp-json\/wp\/v2\/media\/6598"}],"wp:attachment":[{"href":"https:\/\/fadia.info\/index.php\/wp-json\/wp\/v2\/media?parent=6608"}],"wp:term":[{"taxonomy":"category","embeddable":true,"href":"https:\/\/fadia.info\/index.php\/wp-json\/wp\/v2\/categories?post=6608"},{"taxonomy":"post_tag","embeddable":true,"href":"https:\/\/fadia.info\/index.php\/wp-json\/wp\/v2\/tags?post=6608"}],"curies":[{"name":"wp","href":"https:\/\/api.w.org\/{rel}","templated":true}]}}