{"id":6573,"date":"2025-07-10T11:39:22","date_gmt":"2025-07-10T11:39:22","guid":{"rendered":"https:\/\/fadia.info\/?p=6573"},"modified":"2025-07-10T11:39:27","modified_gmt":"2025-07-10T11:39:27","slug":"fadia-recibe-el-reconocimiento-de-aseif-por-su-labor-solidaria-con-los-instaladores-afectados-por-la-dana","status":"publish","type":"post","link":"https:\/\/fadia.info\/index.php\/2025\/07\/10\/fadia-recibe-el-reconocimiento-de-aseif-por-su-labor-solidaria-con-los-instaladores-afectados-por-la-dana\/","title":{"rendered":"FADIA recibe el reconocimiento de ASEIF por su labor solidaria con los instaladores afectados por la DANA"},"content":{"rendered":"\n<figure class=\"wp-block-image size-large\"><img loading=\"lazy\" decoding=\"async\" width=\"1024\" height=\"682\" src=\"https:\/\/fadia.info\/wp-content\/uploads\/2025\/07\/fadia_aseif-1024x682.jpeg\" alt=\"\" class=\"wp-image-6575\" srcset=\"https:\/\/fadia.info\/wp-content\/uploads\/2025\/07\/fadia_aseif-980x653.jpeg 980w, https:\/\/fadia.info\/wp-content\/uploads\/2025\/07\/fadia_aseif-480x320.jpeg 480w\" sizes=\"auto, (min-width: 0px) and (max-width: 480px) 480px, (min-width: 481px) and (max-width: 980px) 980px, (min-width: 981px) 1024px, 100vw\" \/><\/figure>\n\n\n\n<p>La <strong>Federaci\u00f3n de Asociaciones de Instaladores de Andaluc\u00eda (FADIA)<\/strong> fue reconocida p\u00fablicamente durante la <strong>Cena de Hermandad organizada por ASEIF<\/strong> (Asociaci\u00f3n de Empresas de Fontaner\u00eda, Gas, Instalaciones T\u00e9rmicas y Energ\u00edas Renovables de Valencia), celebrada el pasado mes de junio en los Jardines La Hacienda de El Puig, Valencia, por su labor de apoyo al sector en momentos de especial dificultad.<\/p>\n\n\n\n<p>Durante el acto, ASEIF agradeci\u00f3 la solidaridad mostrada por FADIA y sus asociaciones federadas, para ayudar a las empresas instaladoras valencianas afectadas por los devastadores efectos de la DANA.<\/p>\n\n\n\n<figure class=\"wp-block-image size-large\"><img loading=\"lazy\" decoding=\"async\" width=\"1024\" height=\"682\" src=\"https:\/\/fadia.info\/wp-content\/uploads\/2025\/07\/fadia_aseif1-1024x682.jpeg\" alt=\"\" class=\"wp-image-6574\" srcset=\"https:\/\/fadia.info\/wp-content\/uploads\/2025\/07\/fadia_aseif1-980x653.jpeg 980w, https:\/\/fadia.info\/wp-content\/uploads\/2025\/07\/fadia_aseif1-480x320.jpeg 480w\" sizes=\"auto, (min-width: 0px) and (max-width: 480px) 480px, (min-width: 481px) and (max-width: 980px) 980px, (min-width: 981px) 1024px, 100vw\" \/><\/figure>\n\n\n\n<p>El reconocimiento fue recogido por <strong>\u00c1ngel Noguera<\/strong>, presidente de FADIA, en representaci\u00f3n de la federaci\u00f3n andaluza.<\/p>\n\n\n\n<p>El evento, que reuni\u00f3 a numerosas empresas instaladoras y entidades representativas del sector, tambi\u00e9n sirvi\u00f3 para rendir homenaje a los profesionales que se jubilaban y dar la bienvenida a las nuevas empresas que se incorporan a ASEIF.<\/p>\n\n\n\n<p>Desde FADIA se agradece profundamente esta distinci\u00f3n y se destaca el valor de estos espacios de encuentro, que <strong>consolidan la cooperaci\u00f3n entre asociaciones de distintas comunidades<\/strong> y refuerzan la identidad de un sector comprometido con la innovaci\u00f3n, la responsabilidad y la ayuda mutua.<\/p>\n","protected":false},"excerpt":{"rendered":"<p>La Federaci\u00f3n de Asociaciones de Instaladores de Andaluc\u00eda (FADIA) fue reconocida p\u00fablicamente durante la Cena de Hermandad organizada por ASEIF (Asociaci\u00f3n de Empresas de Fontaner\u00eda, Gas, Instalaciones T\u00e9rmicas y Energ\u00edas [&hellip;]<\/p>\n","protected":false},"author":3,"featured_media":6575,"comment_status":"open","ping_status":"open","sticky":false,"template":"","format":"standard","meta":{"_et_pb_use_builder":"off","_et_pb_old_content":"","_et_gb_content_width":"","_monsterinsights_skip_tracking":false,"_monsterinsights_sitenote_active":false,"_monsterinsights_sitenote_note":"","_monsterinsights_sitenote_category":0,"footnotes":""},"categories":[4],"tags":[30,14,15,32,31],"class_list":["post-6573","post","type-post","status-publish","format-standard","has-post-thumbnail","hentry","category-fadia","tag-aseif","tag-fadia","tag-instaladores","tag-solidaridad","tag-valencia"],"yoast_head":"<!-- This site is optimized with the Yoast SEO plugin v24.2 - https:\/\/yoast.com\/wordpress\/plugins\/seo\/ -->\n<title>FADIA recibe el reconocimiento de ASEIF por su labor solidaria con los instaladores afectados por la DANA - Fadia<\/title>\n<meta name=\"robots\" content=\"index, follow, max-snippet:-1, max-image-preview:large, max-video-preview:-1\" \/>\n<link rel=\"canonical\" href=\"https:\/\/fadia.info\/index.php\/2025\/07\/10\/fadia-recibe-el-reconocimiento-de-aseif-por-su-labor-solidaria-con-los-instaladores-afectados-por-la-dana\/\" \/>\n<meta property=\"og:locale\" content=\"es_ES\" \/>\n<meta property=\"og:type\" content=\"article\" \/>\n<meta property=\"og:title\" content=\"FADIA recibe el reconocimiento de ASEIF por su labor solidaria con los instaladores afectados por la DANA - Fadia\" \/>\n<meta property=\"og:description\" content=\"La Federaci\u00f3n de Asociaciones de Instaladores de Andaluc\u00eda (FADIA) fue reconocida p\u00fablicamente durante la Cena de Hermandad organizada por ASEIF (Asociaci\u00f3n de Empresas de Fontaner\u00eda, Gas, Instalaciones T\u00e9rmicas y Energ\u00edas [&hellip;]\" \/>\n<meta property=\"og:url\" content=\"https:\/\/fadia.info\/index.php\/2025\/07\/10\/fadia-recibe-el-reconocimiento-de-aseif-por-su-labor-solidaria-con-los-instaladores-afectados-por-la-dana\/\" \/>\n<meta property=\"og:site_name\" content=\"Fadia\" \/>\n<meta property=\"article:published_time\" content=\"2025-07-10T11:39:22+00:00\" \/>\n<meta property=\"article:modified_time\" content=\"2025-07-10T11:39:27+00:00\" \/>\n<meta property=\"og:image\" content=\"https:\/\/fadia.info\/wp-content\/uploads\/2025\/07\/fadia_aseif.jpeg\" \/>\n\t<meta property=\"og:image:width\" content=\"1600\" \/>\n\t<meta property=\"og:image:height\" content=\"1066\" \/>\n\t<meta property=\"og:image:type\" content=\"image\/jpeg\" \/>\n<meta name=\"author\" content=\"Miguel\" \/>\n<meta name=\"twitter:card\" content=\"summary_large_image\" \/>\n<meta name=\"twitter:label1\" content=\"Escrito por\" \/>\n\t<meta name=\"twitter:data1\" content=\"Miguel\" \/>\n\t<meta name=\"twitter:label2\" content=\"Tiempo de lectura\" \/>\n\t<meta name=\"twitter:data2\" content=\"2 minutos\" \/>\n<script type=\"application\/ld+json\" class=\"yoast-schema-graph\">{\"@context\":\"https:\/\/schema.org\",\"@graph\":[{\"@type\":\"Article\",\"@id\":\"https:\/\/fadia.info\/index.php\/2025\/07\/10\/fadia-recibe-el-reconocimiento-de-aseif-por-su-labor-solidaria-con-los-instaladores-afectados-por-la-dana\/#article\",\"isPartOf\":{\"@id\":\"https:\/\/fadia.info\/index.php\/2025\/07\/10\/fadia-recibe-el-reconocimiento-de-aseif-por-su-labor-solidaria-con-los-instaladores-afectados-por-la-dana\/\"},\"author\":{\"name\":\"Miguel\",\"@id\":\"https:\/\/fadia.info\/#\/schema\/person\/cdaf7b8ba0a834795f1121971cfaab26\"},\"headline\":\"FADIA recibe el reconocimiento de ASEIF por su labor solidaria con los instaladores afectados por la DANA\",\"datePublished\":\"2025-07-10T11:39:22+00:00\",\"dateModified\":\"2025-07-10T11:39:27+00:00\",\"mainEntityOfPage\":{\"@id\":\"https:\/\/fadia.info\/index.php\/2025\/07\/10\/fadia-recibe-el-reconocimiento-de-aseif-por-su-labor-solidaria-con-los-instaladores-afectados-por-la-dana\/\"},\"wordCount\":215,\"commentCount\":0,\"publisher\":{\"@id\":\"https:\/\/fadia.info\/#organization\"},\"image\":{\"@id\":\"https:\/\/fadia.info\/index.php\/2025\/07\/10\/fadia-recibe-el-reconocimiento-de-aseif-por-su-labor-solidaria-con-los-instaladores-afectados-por-la-dana\/#primaryimage\"},\"thumbnailUrl\":\"https:\/\/fadia.info\/wp-content\/uploads\/2025\/07\/fadia_aseif.jpeg\",\"keywords\":[\"aseif\",\"FADIA\",\"INSTALADORES\",\"solidaridad\",\"valencia\"],\"articleSection\":[\"FADIA\"],\"inLanguage\":\"es\",\"potentialAction\":[{\"@type\":\"CommentAction\",\"name\":\"Comment\",\"target\":[\"https:\/\/fadia.info\/index.php\/2025\/07\/10\/fadia-recibe-el-reconocimiento-de-aseif-por-su-labor-solidaria-con-los-instaladores-afectados-por-la-dana\/#respond\"]}]},{\"@type\":\"WebPage\",\"@id\":\"https:\/\/fadia.info\/index.php\/2025\/07\/10\/fadia-recibe-el-reconocimiento-de-aseif-por-su-labor-solidaria-con-los-instaladores-afectados-por-la-dana\/\",\"url\":\"https:\/\/fadia.info\/index.php\/2025\/07\/10\/fadia-recibe-el-reconocimiento-de-aseif-por-su-labor-solidaria-con-los-instaladores-afectados-por-la-dana\/\",\"name\":\"FADIA recibe el reconocimiento de ASEIF por su labor solidaria con los instaladores afectados por la DANA - Fadia\",\"isPartOf\":{\"@id\":\"https:\/\/fadia.info\/#website\"},\"primaryImageOfPage\":{\"@id\":\"https:\/\/fadia.info\/index.php\/2025\/07\/10\/fadia-recibe-el-reconocimiento-de-aseif-por-su-labor-solidaria-con-los-instaladores-afectados-por-la-dana\/#primaryimage\"},\"image\":{\"@id\":\"https:\/\/fadia.info\/index.php\/2025\/07\/10\/fadia-recibe-el-reconocimiento-de-aseif-por-su-labor-solidaria-con-los-instaladores-afectados-por-la-dana\/#primaryimage\"},\"thumbnailUrl\":\"https:\/\/fadia.info\/wp-content\/uploads\/2025\/07\/fadia_aseif.jpeg\",\"datePublished\":\"2025-07-10T11:39:22+00:00\",\"dateModified\":\"2025-07-10T11:39:27+00:00\",\"breadcrumb\":{\"@id\":\"https:\/\/fadia.info\/index.php\/2025\/07\/10\/fadia-recibe-el-reconocimiento-de-aseif-por-su-labor-solidaria-con-los-instaladores-afectados-por-la-dana\/#breadcrumb\"},\"inLanguage\":\"es\",\"potentialAction\":[{\"@type\":\"ReadAction\",\"target\":[\"https:\/\/fadia.info\/index.php\/2025\/07\/10\/fadia-recibe-el-reconocimiento-de-aseif-por-su-labor-solidaria-con-los-instaladores-afectados-por-la-dana\/\"]}]},{\"@type\":\"ImageObject\",\"inLanguage\":\"es\",\"@id\":\"https:\/\/fadia.info\/index.php\/2025\/07\/10\/fadia-recibe-el-reconocimiento-de-aseif-por-su-labor-solidaria-con-los-instaladores-afectados-por-la-dana\/#primaryimage\",\"url\":\"https:\/\/fadia.info\/wp-content\/uploads\/2025\/07\/fadia_aseif.jpeg\",\"contentUrl\":\"https:\/\/fadia.info\/wp-content\/uploads\/2025\/07\/fadia_aseif.jpeg\",\"width\":1600,\"height\":1066},{\"@type\":\"BreadcrumbList\",\"@id\":\"https:\/\/fadia.info\/index.php\/2025\/07\/10\/fadia-recibe-el-reconocimiento-de-aseif-por-su-labor-solidaria-con-los-instaladores-afectados-por-la-dana\/#breadcrumb\",\"itemListElement\":[{\"@type\":\"ListItem\",\"position\":1,\"name\":\"Portada\",\"item\":\"https:\/\/fadia.info\/\"},{\"@type\":\"ListItem\",\"position\":2,\"name\":\"FADIA recibe el reconocimiento de ASEIF por su labor solidaria con los instaladores afectados por la DANA\"}]},{\"@type\":\"WebSite\",\"@id\":\"https:\/\/fadia.info\/#website\",\"url\":\"https:\/\/fadia.info\/\",\"name\":\"Fadia\",\"description\":\"\",\"publisher\":{\"@id\":\"https:\/\/fadia.info\/#organization\"},\"alternateName\":\"Federaci\u00f3n de Asociaciones de Instaladores de Andaluc\u00eda\",\"potentialAction\":[{\"@type\":\"SearchAction\",\"target\":{\"@type\":\"EntryPoint\",\"urlTemplate\":\"https:\/\/fadia.info\/?s={search_term_string}\"},\"query-input\":{\"@type\":\"PropertyValueSpecification\",\"valueRequired\":true,\"valueName\":\"search_term_string\"}}],\"inLanguage\":\"es\"},{\"@type\":\"Organization\",\"@id\":\"https:\/\/fadia.info\/#organization\",\"name\":\"Federaci\u00f3n de Asociaciones de Instaladores de Andaluc\u00eda\",\"alternateName\":\"FADIA\",\"url\":\"https:\/\/fadia.info\/\",\"logo\":{\"@type\":\"ImageObject\",\"inLanguage\":\"es\",\"@id\":\"https:\/\/fadia.info\/#\/schema\/logo\/image\/\",\"url\":\"https:\/\/fadia.info\/wp-content\/uploads\/2023\/11\/logo_fadia.png\",\"contentUrl\":\"https:\/\/fadia.info\/wp-content\/uploads\/2023\/11\/logo_fadia.png\",\"width\":619,\"height\":265,\"caption\":\"Federaci\u00f3n de Asociaciones de Instaladores de Andaluc\u00eda\"},\"image\":{\"@id\":\"https:\/\/fadia.info\/#\/schema\/logo\/image\/\"}},{\"@type\":\"Person\",\"@id\":\"https:\/\/fadia.info\/#\/schema\/person\/cdaf7b8ba0a834795f1121971cfaab26\",\"name\":\"Miguel\",\"image\":{\"@type\":\"ImageObject\",\"inLanguage\":\"es\",\"@id\":\"https:\/\/fadia.info\/#\/schema\/person\/image\/\",\"url\":\"https:\/\/secure.gravatar.com\/avatar\/7f4e60b1e9fe9c37d925854cb71b1cb76e7cee4d38db28d6f7e8677375de1b8e?s=96&d=mm&r=g\",\"contentUrl\":\"https:\/\/secure.gravatar.com\/avatar\/7f4e60b1e9fe9c37d925854cb71b1cb76e7cee4d38db28d6f7e8677375de1b8e?s=96&d=mm&r=g\",\"caption\":\"Miguel\"},\"url\":\"https:\/\/fadia.info\/index.php\/author\/miguel\/\"}]}<\/script>\n<!-- \/ Yoast SEO plugin. -->","yoast_head_json":{"title":"FADIA recibe el reconocimiento de ASEIF por su labor solidaria con los instaladores afectados por la DANA - Fadia","robots":{"index":"index","follow":"follow","max-snippet":"max-snippet:-1","max-image-preview":"max-image-preview:large","max-video-preview":"max-video-preview:-1"},"canonical":"https:\/\/fadia.info\/index.php\/2025\/07\/10\/fadia-recibe-el-reconocimiento-de-aseif-por-su-labor-solidaria-con-los-instaladores-afectados-por-la-dana\/","og_locale":"es_ES","og_type":"article","og_title":"FADIA recibe el reconocimiento de ASEIF por su labor solidaria con los instaladores afectados por la DANA - Fadia","og_description":"La Federaci\u00f3n de Asociaciones de Instaladores de Andaluc\u00eda (FADIA) fue reconocida p\u00fablicamente durante la Cena de Hermandad organizada por ASEIF (Asociaci\u00f3n de Empresas de Fontaner\u00eda, Gas, Instalaciones T\u00e9rmicas y Energ\u00edas [&hellip;]","og_url":"https:\/\/fadia.info\/index.php\/2025\/07\/10\/fadia-recibe-el-reconocimiento-de-aseif-por-su-labor-solidaria-con-los-instaladores-afectados-por-la-dana\/","og_site_name":"Fadia","article_published_time":"2025-07-10T11:39:22+00:00","article_modified_time":"2025-07-10T11:39:27+00:00","og_image":[{"width":1600,"height":1066,"url":"https:\/\/fadia.info\/wp-content\/uploads\/2025\/07\/fadia_aseif.jpeg","type":"image\/jpeg"}],"author":"Miguel","twitter_card":"summary_large_image","twitter_misc":{"Escrito por":"Miguel","Tiempo de lectura":"2 minutos"},"schema":{"@context":"https:\/\/schema.org","@graph":[{"@type":"Article","@id":"https:\/\/fadia.info\/index.php\/2025\/07\/10\/fadia-recibe-el-reconocimiento-de-aseif-por-su-labor-solidaria-con-los-instaladores-afectados-por-la-dana\/#article","isPartOf":{"@id":"https:\/\/fadia.info\/index.php\/2025\/07\/10\/fadia-recibe-el-reconocimiento-de-aseif-por-su-labor-solidaria-con-los-instaladores-afectados-por-la-dana\/"},"author":{"name":"Miguel","@id":"https:\/\/fadia.info\/#\/schema\/person\/cdaf7b8ba0a834795f1121971cfaab26"},"headline":"FADIA recibe el reconocimiento de ASEIF por su labor solidaria con los instaladores afectados por la DANA","datePublished":"2025-07-10T11:39:22+00:00","dateModified":"2025-07-10T11:39:27+00:00","mainEntityOfPage":{"@id":"https:\/\/fadia.info\/index.php\/2025\/07\/10\/fadia-recibe-el-reconocimiento-de-aseif-por-su-labor-solidaria-con-los-instaladores-afectados-por-la-dana\/"},"wordCount":215,"commentCount":0,"publisher":{"@id":"https:\/\/fadia.info\/#organization"},"image":{"@id":"https:\/\/fadia.info\/index.php\/2025\/07\/10\/fadia-recibe-el-reconocimiento-de-aseif-por-su-labor-solidaria-con-los-instaladores-afectados-por-la-dana\/#primaryimage"},"thumbnailUrl":"https:\/\/fadia.info\/wp-content\/uploads\/2025\/07\/fadia_aseif.jpeg","keywords":["aseif","FADIA","INSTALADORES","solidaridad","valencia"],"articleSection":["FADIA"],"inLanguage":"es","potentialAction":[{"@type":"CommentAction","name":"Comment","target":["https:\/\/fadia.info\/index.php\/2025\/07\/10\/fadia-recibe-el-reconocimiento-de-aseif-por-su-labor-solidaria-con-los-instaladores-afectados-por-la-dana\/#respond"]}]},{"@type":"WebPage","@id":"https:\/\/fadia.info\/index.php\/2025\/07\/10\/fadia-recibe-el-reconocimiento-de-aseif-por-su-labor-solidaria-con-los-instaladores-afectados-por-la-dana\/","url":"https:\/\/fadia.info\/index.php\/2025\/07\/10\/fadia-recibe-el-reconocimiento-de-aseif-por-su-labor-solidaria-con-los-instaladores-afectados-por-la-dana\/","name":"FADIA recibe el reconocimiento de ASEIF por su labor solidaria con los instaladores afectados por la DANA - Fadia","isPartOf":{"@id":"https:\/\/fadia.info\/#website"},"primaryImageOfPage":{"@id":"https:\/\/fadia.info\/index.php\/2025\/07\/10\/fadia-recibe-el-reconocimiento-de-aseif-por-su-labor-solidaria-con-los-instaladores-afectados-por-la-dana\/#primaryimage"},"image":{"@id":"https:\/\/fadia.info\/index.php\/2025\/07\/10\/fadia-recibe-el-reconocimiento-de-aseif-por-su-labor-solidaria-con-los-instaladores-afectados-por-la-dana\/#primaryimage"},"thumbnailUrl":"https:\/\/fadia.info\/wp-content\/uploads\/2025\/07\/fadia_aseif.jpeg","datePublished":"2025-07-10T11:39:22+00:00","dateModified":"2025-07-10T11:39:27+00:00","breadcrumb":{"@id":"https:\/\/fadia.info\/index.php\/2025\/07\/10\/fadia-recibe-el-reconocimiento-de-aseif-por-su-labor-solidaria-con-los-instaladores-afectados-por-la-dana\/#breadcrumb"},"inLanguage":"es","potentialAction":[{"@type":"ReadAction","target":["https:\/\/fadia.info\/index.php\/2025\/07\/10\/fadia-recibe-el-reconocimiento-de-aseif-por-su-labor-solidaria-con-los-instaladores-afectados-por-la-dana\/"]}]},{"@type":"ImageObject","inLanguage":"es","@id":"https:\/\/fadia.info\/index.php\/2025\/07\/10\/fadia-recibe-el-reconocimiento-de-aseif-por-su-labor-solidaria-con-los-instaladores-afectados-por-la-dana\/#primaryimage","url":"https:\/\/fadia.info\/wp-content\/uploads\/2025\/07\/fadia_aseif.jpeg","contentUrl":"https:\/\/fadia.info\/wp-content\/uploads\/2025\/07\/fadia_aseif.jpeg","width":1600,"height":1066},{"@type":"BreadcrumbList","@id":"https:\/\/fadia.info\/index.php\/2025\/07\/10\/fadia-recibe-el-reconocimiento-de-aseif-por-su-labor-solidaria-con-los-instaladores-afectados-por-la-dana\/#breadcrumb","itemListElement":[{"@type":"ListItem","position":1,"name":"Portada","item":"https:\/\/fadia.info\/"},{"@type":"ListItem","position":2,"name":"FADIA recibe el reconocimiento de ASEIF por su labor solidaria con los instaladores afectados por la DANA"}]},{"@type":"WebSite","@id":"https:\/\/fadia.info\/#website","url":"https:\/\/fadia.info\/","name":"Fadia","description":"","publisher":{"@id":"https:\/\/fadia.info\/#organization"},"alternateName":"Federaci\u00f3n de Asociaciones de Instaladores de Andaluc\u00eda","potentialAction":[{"@type":"SearchAction","target":{"@type":"EntryPoint","urlTemplate":"https:\/\/fadia.info\/?s={search_term_string}"},"query-input":{"@type":"PropertyValueSpecification","valueRequired":true,"valueName":"search_term_string"}}],"inLanguage":"es"},{"@type":"Organization","@id":"https:\/\/fadia.info\/#organization","name":"Federaci\u00f3n de Asociaciones de Instaladores de Andaluc\u00eda","alternateName":"FADIA","url":"https:\/\/fadia.info\/","logo":{"@type":"ImageObject","inLanguage":"es","@id":"https:\/\/fadia.info\/#\/schema\/logo\/image\/","url":"https:\/\/fadia.info\/wp-content\/uploads\/2023\/11\/logo_fadia.png","contentUrl":"https:\/\/fadia.info\/wp-content\/uploads\/2023\/11\/logo_fadia.png","width":619,"height":265,"caption":"Federaci\u00f3n de Asociaciones de Instaladores de Andaluc\u00eda"},"image":{"@id":"https:\/\/fadia.info\/#\/schema\/logo\/image\/"}},{"@type":"Person","@id":"https:\/\/fadia.info\/#\/schema\/person\/cdaf7b8ba0a834795f1121971cfaab26","name":"Miguel","image":{"@type":"ImageObject","inLanguage":"es","@id":"https:\/\/fadia.info\/#\/schema\/person\/image\/","url":"https:\/\/secure.gravatar.com\/avatar\/7f4e60b1e9fe9c37d925854cb71b1cb76e7cee4d38db28d6f7e8677375de1b8e?s=96&d=mm&r=g","contentUrl":"https:\/\/secure.gravatar.com\/avatar\/7f4e60b1e9fe9c37d925854cb71b1cb76e7cee4d38db28d6f7e8677375de1b8e?s=96&d=mm&r=g","caption":"Miguel"},"url":"https:\/\/fadia.info\/index.php\/author\/miguel\/"}]}},"_links":{"self":[{"href":"https:\/\/fadia.info\/index.php\/wp-json\/wp\/v2\/posts\/6573","targetHints":{"allow":["GET"]}}],"collection":[{"href":"https:\/\/fadia.info\/index.php\/wp-json\/wp\/v2\/posts"}],"about":[{"href":"https:\/\/fadia.info\/index.php\/wp-json\/wp\/v2\/types\/post"}],"author":[{"embeddable":true,"href":"https:\/\/fadia.info\/index.php\/wp-json\/wp\/v2\/users\/3"}],"replies":[{"embeddable":true,"href":"https:\/\/fadia.info\/index.php\/wp-json\/wp\/v2\/comments?post=6573"}],"version-history":[{"count":1,"href":"https:\/\/fadia.info\/index.php\/wp-json\/wp\/v2\/posts\/6573\/revisions"}],"predecessor-version":[{"id":6576,"href":"https:\/\/fadia.info\/index.php\/wp-json\/wp\/v2\/posts\/6573\/revisions\/6576"}],"wp:featuredmedia":[{"embeddable":true,"href":"https:\/\/fadia.info\/index.php\/wp-json\/wp\/v2\/media\/6575"}],"wp:attachment":[{"href":"https:\/\/fadia.info\/index.php\/wp-json\/wp\/v2\/media?parent=6573"}],"wp:term":[{"taxonomy":"category","embeddable":true,"href":"https:\/\/fadia.info\/index.php\/wp-json\/wp\/v2\/categories?post=6573"},{"taxonomy":"post_tag","embeddable":true,"href":"https:\/\/fadia.info\/index.php\/wp-json\/wp\/v2\/tags?post=6573"}],"curies":[{"name":"wp","href":"https:\/\/api.w.org\/{rel}","templated":true}]}}