{"id":6570,"date":"2025-07-04T09:10:52","date_gmt":"2025-07-04T09:10:52","guid":{"rendered":"https:\/\/fadia.info\/?p=6570"},"modified":"2025-07-04T09:14:50","modified_gmt":"2025-07-04T09:14:50","slug":"la-35a-edicion-del-congreso-de-conaif-reunira-en-tenerife-a-mas-de-500-congresistas-relacionados-con-las-instalaciones-termicas-de-agua-frio-gas-y-electricidad","status":"publish","type":"post","link":"https:\/\/fadia.info\/index.php\/2025\/07\/04\/la-35a-edicion-del-congreso-de-conaif-reunira-en-tenerife-a-mas-de-500-congresistas-relacionados-con-las-instalaciones-termicas-de-agua-frio-gas-y-electricidad\/","title":{"rendered":"La 35\u00aa edici\u00f3n del Congreso de CONAIF reunir\u00e1 en Tenerife a m\u00e1s de 500 congresistas relacionados con las instalaciones t\u00e9rmicas, de agua, fr\u00edo, gas y electricidad"},"content":{"rendered":"\n<p>La Confederaci\u00f3n Nacional de Asociaciones de Empresas Instaladoras y Mantenedoras de Energ\u00eda y Fluidos (CONAIF) celebrar\u00e1, los d\u00edas 2 y 3 de octubre de 2025 en el auditorio Ad\u00e1n Mart\u00edn de Santa Cruz de Tenerife, la 35\u00aa edici\u00f3n de su Congreso que tiene a Apigaste-Femete como asociaci\u00f3n anfitriona y cuenta con la colaboraci\u00f3n de la Federaci\u00f3n Tinerfe\u00f1a de Empresas del Metal, Femete, la Consejer\u00eda Insular de Industria y la Consejer\u00eda de Industria, Comercio, Sector Primario y Bienestar Animal del Cabildo de Tenerife. Es la primera vez que llega a Santa Cruz de Tenerife y la segunda a las Islas Canarias, tras la edici\u00f3n de 2018 celebrada en Las Palmas de Gran Canaria.<\/p>\n\n\n\n<!--more-->\n\n\n\n<figure class=\"wp-block-image size-large\"><img loading=\"lazy\" decoding=\"async\" width=\"1024\" height=\"594\" src=\"https:\/\/fadia.info\/wp-content\/uploads\/2025\/07\/congreso-2025_2-1024x594.png\" alt=\"\" class=\"wp-image-6571\" srcset=\"https:\/\/fadia.info\/wp-content\/uploads\/2025\/07\/congreso-2025_2-980x568.png 980w, https:\/\/fadia.info\/wp-content\/uploads\/2025\/07\/congreso-2025_2-480x278.png 480w\" sizes=\"auto, (min-width: 0px) and (max-width: 480px) 480px, (min-width: 481px) and (max-width: 980px) 980px, (min-width: 981px) 1024px, 100vw\" \/><\/figure>\n\n\n\n<p>CONAIF espera que m\u00e1s de 500 congresistas procedentes de todas las comunidades aut\u00f3nomas acudan a la convocatoria de este a\u00f1o, en su mayor parte instaladores de climatizaci\u00f3n, calefacci\u00f3n, agua, fr\u00edo, gas, energ\u00edas renovables, ventilaci\u00f3n y electricidad; pero tambi\u00e9n profesionales de la industria del sector representada por los distribuidores, fabricantes de productos y materiales, compa\u00f1\u00edas energ\u00e9ticas y prensa especializada.<\/p>\n\n\n\n<p>El jueves 2 de octubre dar\u00e1 comienzo la 35\u00aa edici\u00f3n, presentada y moderada por Alicia Senovilla, siguiendo la t\u00f3nica de los \u00faltimos a\u00f1os. La inauguraci\u00f3n correr\u00e1 a cargo de Manuel Fern\u00e1ndez Vega, consejero insular del \u00e1rea de Industria, Comercio, Sector Primario y Bienestar Animal del Cabildo de Tenerife.<\/p>\n\n\n\n<p>Las ponencias tratar\u00e1n temas como los Certificados de Ahorro Energ\u00e9tico (CAE) o la integraci\u00f3n de las instalaciones de aerotermia con energ\u00eda solar fotovoltaica. Otros asuntos de debate ser\u00e1n los relacionados con las novedades en el mercado energ\u00e9tico de inter\u00e9s para las empresas instaladoras, las innovaciones en climatizaci\u00f3n y ventilaci\u00f3n que mejoran las instalaciones en t\u00e9rminos de eficiencia energ\u00e9tica y ahorro, as\u00ed como las principales modificaciones reglamentarias pr\u00f3ximas a entrar en vigor.<\/p>\n\n\n\n<p>Est\u00e1 confirmada la participaci\u00f3n de las compa\u00f1\u00edas energ\u00e9ticas Disa, Nedgia, Repsol y Redexis para tratar la transici\u00f3n energ\u00e9tica en Espa\u00f1a, las oportunidades que ofrece, sus retos y el papel del instalador en este proceso. Una mesa redonda dedicada a las instalaciones desvelar\u00e1 las principales tendencias en el agua y el gas, la climatizaci\u00f3n y la refrigeraci\u00f3n, con referencias a la sostenibilidad, el ahorro, la digitalizaci\u00f3n y el control. Y se aportar\u00e1n soluciones a la falta de mano de obra cualificada y la dificultad actual para atraer a los j\u00f3venes al sector.<\/p>\n\n\n\n<p><strong>Ponentes confirmados<\/strong><\/p>\n\n\n\n<p>El exministro de Justicia y exalcalde de Madrid, Alberto Ruiz Gallard\u00f3n, es el conferenciante estrella de esta edici\u00f3n. Pronunciar\u00e1 una ponencia sobre los desaf\u00edos socioecon\u00f3micos a los que las empresas se enfrentan, en particular las pymes. La presentadora de los deportes en Antena 3 noticias, Angie Rigueiro, abordar\u00e1 la importancia que la comunicaci\u00f3n tiene en el mundo de la empresa y Miguel \u00c1ngel Guisado, ingeniero industrial, formador y gran conocedor del sector porque ha trabajado dise\u00f1ando instalaciones de climatizaci\u00f3n y depuradoras de agua, pronunciar\u00e1 una ponencia sobre motivaci\u00f3n e impulso personal.<\/p>\n\n\n\n<p>Tambi\u00e9n est\u00e1 confirmada la participaci\u00f3n de la secretaria general de Formaci\u00f3n Profesional del Ministerio de Educaci\u00f3n, F.P. y Deportes, Esther Monterrubio, con la ponencia \u201cFormaci\u00f3n Profesional: una estrategia de pa\u00eds\u201d.<\/p>\n\n\n\n<p><strong>Actos paralelos<\/strong><\/p>\n\n\n\n<p>El Congreso incluye tambi\u00e9n un completo programa social, complementario al de las ponencias, que favorece la interrelaci\u00f3n entre los asistentes, la generaci\u00f3n de contactos profesionales y los negocios.<\/p>\n\n\n\n<p>El mi\u00e9rcoles, 1 de octubre, est\u00e1 programada una ruta de tapas por la calle de la Noria en Santa Cruz de Tenerife.&nbsp;<\/p>\n\n\n\n<p>El c\u00f3ctel de bienvenida a los congresistas, ofrecido por Nedgia, ser\u00e1 el jueves 2 de octubre por la tarde en el Lago Marti\u00e1nez, situado en el Puerto de la Cruz.<\/p>\n\n\n\n<p>La cena de gala con c\u00f3ctel previo, ofrecida por Disa, ser\u00e1 el viernes, 3 de octubre, por la tarde-noche en la finca Mac-Kay, situada entre Santa Cruz y La Laguna.<\/p>\n\n\n\n<p>Y el s\u00e1bado 4 de octubre est\u00e1 preparada una excursi\u00f3n a Garachico con almuerzo final en un restaurante de la zona.<\/p>\n\n\n\n<p>La organizaci\u00f3n tiene contratado un servicio de autobuses gratuito para los congresistas en aquellos desplazamientos que lo requieran.<\/p>\n\n\n\n<p>En cuanto al programa de acompa\u00f1antes, dirigido a las personas que viajan junto a los congresistas, incluye dos excursiones: el jueves 2 de octubre al Loro Parque en el Puerto de la Cruz y el viernes, 3 de octubre, a San Crist\u00f3bal de La Laguna, declarada Patrimonio de la Humanidad por la UNESCO.<\/p>\n\n\n\n<p>Todas estas actividades son opcionales y deben ser reservadas previamente en la web del Congreso, <a href=\"http:\/\/www.congresoconaif.es\">www.congresoconaif.es<\/a><\/p>\n\n\n\n<p><strong>Patrocinadores y colaboradores<\/strong><\/p>\n\n\n\n<ul class=\"wp-block-list\">\n<li><strong>Patrocinadores oro:<\/strong> Thermor, CSM-Corredur\u00eda de Seguros, Junkers-Bosch, Repsol, Conaif Energ\u00eda, Nedgia, Redexis, Disa.<\/li>\n<\/ul>\n\n\n\n<ul class=\"wp-block-list\">\n<li><strong>Patrocinadores plata:<\/strong> Testo, Vaillant, Saunier Duval, Baxi, CONAIF-SEDIGAS Certificaci\u00f3n.<\/li>\n<\/ul>\n\n\n\n<ul class=\"wp-block-list\">\n<li><strong>Patrocinadores bronce:<\/strong> Unecol, Hidr\u00e1ulica Tinerfe\u00f1a-A\u00fana Distribuci\u00f3n, UNE, V\u00e1lvulas Arco, Tesy, Mitsubishi Electric, Industrial Llobera, Rafael M\u00e1rquez Moro y C\u00eda, Ecotic, Airzone, Pro-G, Renault.<\/li>\n<\/ul>\n\n\n\n<ul class=\"wp-block-list\">\n<li><strong>Colaboradores locales:<\/strong> Hidrotecnia Pir\u00e1mides, Arc\u00f3n Canarias Instalaciones T\u00e9cnicas de Fluidos, Salvador Escoda, Novelec, Famara, ACG Abastecimientos.<\/li>\n<\/ul>\n\n\n\n<ul class=\"wp-block-list\">\n<li><strong>Medios colaboradores:<\/strong> iRehabitae, El Instalador, Climanoticias, Instaladores 2.0, Tenoinstalaci\u00f3n, Proinstalaciones, Climaeficiencia, Ingenier\u00eda del Gas, Caloryfrio.com, Cuadernos de Climatizaci\u00f3n y Confort.<\/li>\n<\/ul>\n\n\n\n<p>Informaci\u00f3n e inscripciones en <a href=\"http:\/\/www.congresoconaif.es\">www.congresoconaif.es<\/a> o directamente en CONAIF en el e-mail <a href=\"mailto:marketingconaif@conaif.es\">marketingconaif@conaif.es<\/a> o el tel\u00e9fono 91 468 10 03.<\/p>\n","protected":false},"excerpt":{"rendered":"<p>La Confederaci\u00f3n Nacional de Asociaciones de Empresas Instaladoras y Mantenedoras de Energ\u00eda y Fluidos (CONAIF) celebrar\u00e1, los d\u00edas 2 y 3 de octubre de 2025 en el auditorio Ad\u00e1n Mart\u00edn [&hellip;]<\/p>\n","protected":false},"author":3,"featured_media":6571,"comment_status":"open","ping_status":"open","sticky":false,"template":"","format":"standard","meta":{"_et_pb_use_builder":"off","_et_pb_old_content":"","_et_gb_content_width":"","_monsterinsights_skip_tracking":false,"_monsterinsights_sitenote_active":false,"_monsterinsights_sitenote_note":"","_monsterinsights_sitenote_category":0,"footnotes":""},"categories":[4],"tags":[13,14,15],"class_list":["post-6570","post","type-post","status-publish","format-standard","has-post-thumbnail","hentry","category-fadia","tag-conaif","tag-fadia","tag-instaladores"],"yoast_head":"<!-- This site is optimized with the Yoast SEO plugin v24.2 - https:\/\/yoast.com\/wordpress\/plugins\/seo\/ -->\n<title>La 35\u00aa edici\u00f3n del Congreso de CONAIF reunir\u00e1 en Tenerife a m\u00e1s de 500 congresistas relacionados con las instalaciones t\u00e9rmicas, de agua, fr\u00edo, gas y electricidad - Fadia<\/title>\n<meta name=\"robots\" content=\"index, follow, max-snippet:-1, max-image-preview:large, max-video-preview:-1\" \/>\n<link rel=\"canonical\" href=\"https:\/\/fadia.info\/index.php\/2025\/07\/04\/la-35a-edicion-del-congreso-de-conaif-reunira-en-tenerife-a-mas-de-500-congresistas-relacionados-con-las-instalaciones-termicas-de-agua-frio-gas-y-electricidad\/\" \/>\n<meta property=\"og:locale\" content=\"es_ES\" \/>\n<meta property=\"og:type\" content=\"article\" \/>\n<meta property=\"og:title\" content=\"La 35\u00aa edici\u00f3n del Congreso de CONAIF reunir\u00e1 en Tenerife a m\u00e1s de 500 congresistas relacionados con las instalaciones t\u00e9rmicas, de agua, fr\u00edo, gas y electricidad - Fadia\" \/>\n<meta property=\"og:description\" content=\"La Confederaci\u00f3n Nacional de Asociaciones de Empresas Instaladoras y Mantenedoras de Energ\u00eda y Fluidos (CONAIF) celebrar\u00e1, los d\u00edas 2 y 3 de octubre de 2025 en el auditorio Ad\u00e1n Mart\u00edn [&hellip;]\" \/>\n<meta property=\"og:url\" content=\"https:\/\/fadia.info\/index.php\/2025\/07\/04\/la-35a-edicion-del-congreso-de-conaif-reunira-en-tenerife-a-mas-de-500-congresistas-relacionados-con-las-instalaciones-termicas-de-agua-frio-gas-y-electricidad\/\" \/>\n<meta property=\"og:site_name\" content=\"Fadia\" \/>\n<meta property=\"article:published_time\" content=\"2025-07-04T09:10:52+00:00\" \/>\n<meta property=\"article:modified_time\" content=\"2025-07-04T09:14:50+00:00\" \/>\n<meta property=\"og:image\" content=\"https:\/\/fadia.info\/wp-content\/uploads\/2025\/07\/congreso-2025_2.png\" \/>\n\t<meta property=\"og:image:width\" content=\"1725\" \/>\n\t<meta property=\"og:image:height\" content=\"1000\" \/>\n\t<meta property=\"og:image:type\" content=\"image\/png\" \/>\n<meta name=\"author\" content=\"Miguel\" \/>\n<meta name=\"twitter:card\" content=\"summary_large_image\" \/>\n<meta name=\"twitter:label1\" content=\"Escrito por\" \/>\n\t<meta name=\"twitter:data1\" content=\"Miguel\" \/>\n\t<meta name=\"twitter:label2\" content=\"Tiempo de lectura\" \/>\n\t<meta name=\"twitter:data2\" content=\"5 minutos\" \/>\n<script type=\"application\/ld+json\" class=\"yoast-schema-graph\">{\"@context\":\"https:\/\/schema.org\",\"@graph\":[{\"@type\":\"Article\",\"@id\":\"https:\/\/fadia.info\/index.php\/2025\/07\/04\/la-35a-edicion-del-congreso-de-conaif-reunira-en-tenerife-a-mas-de-500-congresistas-relacionados-con-las-instalaciones-termicas-de-agua-frio-gas-y-electricidad\/#article\",\"isPartOf\":{\"@id\":\"https:\/\/fadia.info\/index.php\/2025\/07\/04\/la-35a-edicion-del-congreso-de-conaif-reunira-en-tenerife-a-mas-de-500-congresistas-relacionados-con-las-instalaciones-termicas-de-agua-frio-gas-y-electricidad\/\"},\"author\":{\"name\":\"Miguel\",\"@id\":\"https:\/\/fadia.info\/#\/schema\/person\/cdaf7b8ba0a834795f1121971cfaab26\"},\"headline\":\"La 35\u00aa edici\u00f3n del Congreso de CONAIF reunir\u00e1 en Tenerife a m\u00e1s de 500 congresistas relacionados con las instalaciones t\u00e9rmicas, de agua, fr\u00edo, gas y electricidad\",\"datePublished\":\"2025-07-04T09:10:52+00:00\",\"dateModified\":\"2025-07-04T09:14:50+00:00\",\"mainEntityOfPage\":{\"@id\":\"https:\/\/fadia.info\/index.php\/2025\/07\/04\/la-35a-edicion-del-congreso-de-conaif-reunira-en-tenerife-a-mas-de-500-congresistas-relacionados-con-las-instalaciones-termicas-de-agua-frio-gas-y-electricidad\/\"},\"wordCount\":940,\"commentCount\":0,\"publisher\":{\"@id\":\"https:\/\/fadia.info\/#organization\"},\"image\":{\"@id\":\"https:\/\/fadia.info\/index.php\/2025\/07\/04\/la-35a-edicion-del-congreso-de-conaif-reunira-en-tenerife-a-mas-de-500-congresistas-relacionados-con-las-instalaciones-termicas-de-agua-frio-gas-y-electricidad\/#primaryimage\"},\"thumbnailUrl\":\"https:\/\/fadia.info\/wp-content\/uploads\/2025\/07\/congreso-2025_2.png\",\"keywords\":[\"CONAIF\",\"FADIA\",\"INSTALADORES\"],\"articleSection\":[\"FADIA\"],\"inLanguage\":\"es\",\"potentialAction\":[{\"@type\":\"CommentAction\",\"name\":\"Comment\",\"target\":[\"https:\/\/fadia.info\/index.php\/2025\/07\/04\/la-35a-edicion-del-congreso-de-conaif-reunira-en-tenerife-a-mas-de-500-congresistas-relacionados-con-las-instalaciones-termicas-de-agua-frio-gas-y-electricidad\/#respond\"]}]},{\"@type\":\"WebPage\",\"@id\":\"https:\/\/fadia.info\/index.php\/2025\/07\/04\/la-35a-edicion-del-congreso-de-conaif-reunira-en-tenerife-a-mas-de-500-congresistas-relacionados-con-las-instalaciones-termicas-de-agua-frio-gas-y-electricidad\/\",\"url\":\"https:\/\/fadia.info\/index.php\/2025\/07\/04\/la-35a-edicion-del-congreso-de-conaif-reunira-en-tenerife-a-mas-de-500-congresistas-relacionados-con-las-instalaciones-termicas-de-agua-frio-gas-y-electricidad\/\",\"name\":\"La 35\u00aa edici\u00f3n del Congreso de CONAIF reunir\u00e1 en Tenerife a m\u00e1s de 500 congresistas relacionados con las instalaciones t\u00e9rmicas, de agua, fr\u00edo, gas y electricidad - Fadia\",\"isPartOf\":{\"@id\":\"https:\/\/fadia.info\/#website\"},\"primaryImageOfPage\":{\"@id\":\"https:\/\/fadia.info\/index.php\/2025\/07\/04\/la-35a-edicion-del-congreso-de-conaif-reunira-en-tenerife-a-mas-de-500-congresistas-relacionados-con-las-instalaciones-termicas-de-agua-frio-gas-y-electricidad\/#primaryimage\"},\"image\":{\"@id\":\"https:\/\/fadia.info\/index.php\/2025\/07\/04\/la-35a-edicion-del-congreso-de-conaif-reunira-en-tenerife-a-mas-de-500-congresistas-relacionados-con-las-instalaciones-termicas-de-agua-frio-gas-y-electricidad\/#primaryimage\"},\"thumbnailUrl\":\"https:\/\/fadia.info\/wp-content\/uploads\/2025\/07\/congreso-2025_2.png\",\"datePublished\":\"2025-07-04T09:10:52+00:00\",\"dateModified\":\"2025-07-04T09:14:50+00:00\",\"breadcrumb\":{\"@id\":\"https:\/\/fadia.info\/index.php\/2025\/07\/04\/la-35a-edicion-del-congreso-de-conaif-reunira-en-tenerife-a-mas-de-500-congresistas-relacionados-con-las-instalaciones-termicas-de-agua-frio-gas-y-electricidad\/#breadcrumb\"},\"inLanguage\":\"es\",\"potentialAction\":[{\"@type\":\"ReadAction\",\"target\":[\"https:\/\/fadia.info\/index.php\/2025\/07\/04\/la-35a-edicion-del-congreso-de-conaif-reunira-en-tenerife-a-mas-de-500-congresistas-relacionados-con-las-instalaciones-termicas-de-agua-frio-gas-y-electricidad\/\"]}]},{\"@type\":\"ImageObject\",\"inLanguage\":\"es\",\"@id\":\"https:\/\/fadia.info\/index.php\/2025\/07\/04\/la-35a-edicion-del-congreso-de-conaif-reunira-en-tenerife-a-mas-de-500-congresistas-relacionados-con-las-instalaciones-termicas-de-agua-frio-gas-y-electricidad\/#primaryimage\",\"url\":\"https:\/\/fadia.info\/wp-content\/uploads\/2025\/07\/congreso-2025_2.png\",\"contentUrl\":\"https:\/\/fadia.info\/wp-content\/uploads\/2025\/07\/congreso-2025_2.png\",\"width\":1725,\"height\":1000},{\"@type\":\"BreadcrumbList\",\"@id\":\"https:\/\/fadia.info\/index.php\/2025\/07\/04\/la-35a-edicion-del-congreso-de-conaif-reunira-en-tenerife-a-mas-de-500-congresistas-relacionados-con-las-instalaciones-termicas-de-agua-frio-gas-y-electricidad\/#breadcrumb\",\"itemListElement\":[{\"@type\":\"ListItem\",\"position\":1,\"name\":\"Portada\",\"item\":\"https:\/\/fadia.info\/\"},{\"@type\":\"ListItem\",\"position\":2,\"name\":\"La 35\u00aa edici\u00f3n del Congreso de CONAIF reunir\u00e1 en Tenerife a m\u00e1s de 500 congresistas relacionados con las instalaciones t\u00e9rmicas, de agua, fr\u00edo, gas y electricidad\"}]},{\"@type\":\"WebSite\",\"@id\":\"https:\/\/fadia.info\/#website\",\"url\":\"https:\/\/fadia.info\/\",\"name\":\"Fadia\",\"description\":\"\",\"publisher\":{\"@id\":\"https:\/\/fadia.info\/#organization\"},\"alternateName\":\"Federaci\u00f3n de Asociaciones de Instaladores de Andaluc\u00eda\",\"potentialAction\":[{\"@type\":\"SearchAction\",\"target\":{\"@type\":\"EntryPoint\",\"urlTemplate\":\"https:\/\/fadia.info\/?s={search_term_string}\"},\"query-input\":{\"@type\":\"PropertyValueSpecification\",\"valueRequired\":true,\"valueName\":\"search_term_string\"}}],\"inLanguage\":\"es\"},{\"@type\":\"Organization\",\"@id\":\"https:\/\/fadia.info\/#organization\",\"name\":\"Federaci\u00f3n de Asociaciones de Instaladores de Andaluc\u00eda\",\"alternateName\":\"FADIA\",\"url\":\"https:\/\/fadia.info\/\",\"logo\":{\"@type\":\"ImageObject\",\"inLanguage\":\"es\",\"@id\":\"https:\/\/fadia.info\/#\/schema\/logo\/image\/\",\"url\":\"https:\/\/fadia.info\/wp-content\/uploads\/2023\/11\/logo_fadia.png\",\"contentUrl\":\"https:\/\/fadia.info\/wp-content\/uploads\/2023\/11\/logo_fadia.png\",\"width\":619,\"height\":265,\"caption\":\"Federaci\u00f3n de Asociaciones de Instaladores de Andaluc\u00eda\"},\"image\":{\"@id\":\"https:\/\/fadia.info\/#\/schema\/logo\/image\/\"}},{\"@type\":\"Person\",\"@id\":\"https:\/\/fadia.info\/#\/schema\/person\/cdaf7b8ba0a834795f1121971cfaab26\",\"name\":\"Miguel\",\"image\":{\"@type\":\"ImageObject\",\"inLanguage\":\"es\",\"@id\":\"https:\/\/fadia.info\/#\/schema\/person\/image\/\",\"url\":\"https:\/\/secure.gravatar.com\/avatar\/7f4e60b1e9fe9c37d925854cb71b1cb76e7cee4d38db28d6f7e8677375de1b8e?s=96&d=mm&r=g\",\"contentUrl\":\"https:\/\/secure.gravatar.com\/avatar\/7f4e60b1e9fe9c37d925854cb71b1cb76e7cee4d38db28d6f7e8677375de1b8e?s=96&d=mm&r=g\",\"caption\":\"Miguel\"},\"url\":\"https:\/\/fadia.info\/index.php\/author\/miguel\/\"}]}<\/script>\n<!-- \/ Yoast SEO plugin. -->","yoast_head_json":{"title":"La 35\u00aa edici\u00f3n del Congreso de CONAIF reunir\u00e1 en Tenerife a m\u00e1s de 500 congresistas relacionados con las instalaciones t\u00e9rmicas, de agua, fr\u00edo, gas y electricidad - Fadia","robots":{"index":"index","follow":"follow","max-snippet":"max-snippet:-1","max-image-preview":"max-image-preview:large","max-video-preview":"max-video-preview:-1"},"canonical":"https:\/\/fadia.info\/index.php\/2025\/07\/04\/la-35a-edicion-del-congreso-de-conaif-reunira-en-tenerife-a-mas-de-500-congresistas-relacionados-con-las-instalaciones-termicas-de-agua-frio-gas-y-electricidad\/","og_locale":"es_ES","og_type":"article","og_title":"La 35\u00aa edici\u00f3n del Congreso de CONAIF reunir\u00e1 en Tenerife a m\u00e1s de 500 congresistas relacionados con las instalaciones t\u00e9rmicas, de agua, fr\u00edo, gas y electricidad - Fadia","og_description":"La Confederaci\u00f3n Nacional de Asociaciones de Empresas Instaladoras y Mantenedoras de Energ\u00eda y Fluidos (CONAIF) celebrar\u00e1, los d\u00edas 2 y 3 de octubre de 2025 en el auditorio Ad\u00e1n Mart\u00edn [&hellip;]","og_url":"https:\/\/fadia.info\/index.php\/2025\/07\/04\/la-35a-edicion-del-congreso-de-conaif-reunira-en-tenerife-a-mas-de-500-congresistas-relacionados-con-las-instalaciones-termicas-de-agua-frio-gas-y-electricidad\/","og_site_name":"Fadia","article_published_time":"2025-07-04T09:10:52+00:00","article_modified_time":"2025-07-04T09:14:50+00:00","og_image":[{"width":1725,"height":1000,"url":"https:\/\/fadia.info\/wp-content\/uploads\/2025\/07\/congreso-2025_2.png","type":"image\/png"}],"author":"Miguel","twitter_card":"summary_large_image","twitter_misc":{"Escrito por":"Miguel","Tiempo de lectura":"5 minutos"},"schema":{"@context":"https:\/\/schema.org","@graph":[{"@type":"Article","@id":"https:\/\/fadia.info\/index.php\/2025\/07\/04\/la-35a-edicion-del-congreso-de-conaif-reunira-en-tenerife-a-mas-de-500-congresistas-relacionados-con-las-instalaciones-termicas-de-agua-frio-gas-y-electricidad\/#article","isPartOf":{"@id":"https:\/\/fadia.info\/index.php\/2025\/07\/04\/la-35a-edicion-del-congreso-de-conaif-reunira-en-tenerife-a-mas-de-500-congresistas-relacionados-con-las-instalaciones-termicas-de-agua-frio-gas-y-electricidad\/"},"author":{"name":"Miguel","@id":"https:\/\/fadia.info\/#\/schema\/person\/cdaf7b8ba0a834795f1121971cfaab26"},"headline":"La 35\u00aa edici\u00f3n del Congreso de CONAIF reunir\u00e1 en Tenerife a m\u00e1s de 500 congresistas relacionados con las instalaciones t\u00e9rmicas, de agua, fr\u00edo, gas y electricidad","datePublished":"2025-07-04T09:10:52+00:00","dateModified":"2025-07-04T09:14:50+00:00","mainEntityOfPage":{"@id":"https:\/\/fadia.info\/index.php\/2025\/07\/04\/la-35a-edicion-del-congreso-de-conaif-reunira-en-tenerife-a-mas-de-500-congresistas-relacionados-con-las-instalaciones-termicas-de-agua-frio-gas-y-electricidad\/"},"wordCount":940,"commentCount":0,"publisher":{"@id":"https:\/\/fadia.info\/#organization"},"image":{"@id":"https:\/\/fadia.info\/index.php\/2025\/07\/04\/la-35a-edicion-del-congreso-de-conaif-reunira-en-tenerife-a-mas-de-500-congresistas-relacionados-con-las-instalaciones-termicas-de-agua-frio-gas-y-electricidad\/#primaryimage"},"thumbnailUrl":"https:\/\/fadia.info\/wp-content\/uploads\/2025\/07\/congreso-2025_2.png","keywords":["CONAIF","FADIA","INSTALADORES"],"articleSection":["FADIA"],"inLanguage":"es","potentialAction":[{"@type":"CommentAction","name":"Comment","target":["https:\/\/fadia.info\/index.php\/2025\/07\/04\/la-35a-edicion-del-congreso-de-conaif-reunira-en-tenerife-a-mas-de-500-congresistas-relacionados-con-las-instalaciones-termicas-de-agua-frio-gas-y-electricidad\/#respond"]}]},{"@type":"WebPage","@id":"https:\/\/fadia.info\/index.php\/2025\/07\/04\/la-35a-edicion-del-congreso-de-conaif-reunira-en-tenerife-a-mas-de-500-congresistas-relacionados-con-las-instalaciones-termicas-de-agua-frio-gas-y-electricidad\/","url":"https:\/\/fadia.info\/index.php\/2025\/07\/04\/la-35a-edicion-del-congreso-de-conaif-reunira-en-tenerife-a-mas-de-500-congresistas-relacionados-con-las-instalaciones-termicas-de-agua-frio-gas-y-electricidad\/","name":"La 35\u00aa edici\u00f3n del Congreso de CONAIF reunir\u00e1 en Tenerife a m\u00e1s de 500 congresistas relacionados con las instalaciones t\u00e9rmicas, de agua, fr\u00edo, gas y electricidad - Fadia","isPartOf":{"@id":"https:\/\/fadia.info\/#website"},"primaryImageOfPage":{"@id":"https:\/\/fadia.info\/index.php\/2025\/07\/04\/la-35a-edicion-del-congreso-de-conaif-reunira-en-tenerife-a-mas-de-500-congresistas-relacionados-con-las-instalaciones-termicas-de-agua-frio-gas-y-electricidad\/#primaryimage"},"image":{"@id":"https:\/\/fadia.info\/index.php\/2025\/07\/04\/la-35a-edicion-del-congreso-de-conaif-reunira-en-tenerife-a-mas-de-500-congresistas-relacionados-con-las-instalaciones-termicas-de-agua-frio-gas-y-electricidad\/#primaryimage"},"thumbnailUrl":"https:\/\/fadia.info\/wp-content\/uploads\/2025\/07\/congreso-2025_2.png","datePublished":"2025-07-04T09:10:52+00:00","dateModified":"2025-07-04T09:14:50+00:00","breadcrumb":{"@id":"https:\/\/fadia.info\/index.php\/2025\/07\/04\/la-35a-edicion-del-congreso-de-conaif-reunira-en-tenerife-a-mas-de-500-congresistas-relacionados-con-las-instalaciones-termicas-de-agua-frio-gas-y-electricidad\/#breadcrumb"},"inLanguage":"es","potentialAction":[{"@type":"ReadAction","target":["https:\/\/fadia.info\/index.php\/2025\/07\/04\/la-35a-edicion-del-congreso-de-conaif-reunira-en-tenerife-a-mas-de-500-congresistas-relacionados-con-las-instalaciones-termicas-de-agua-frio-gas-y-electricidad\/"]}]},{"@type":"ImageObject","inLanguage":"es","@id":"https:\/\/fadia.info\/index.php\/2025\/07\/04\/la-35a-edicion-del-congreso-de-conaif-reunira-en-tenerife-a-mas-de-500-congresistas-relacionados-con-las-instalaciones-termicas-de-agua-frio-gas-y-electricidad\/#primaryimage","url":"https:\/\/fadia.info\/wp-content\/uploads\/2025\/07\/congreso-2025_2.png","contentUrl":"https:\/\/fadia.info\/wp-content\/uploads\/2025\/07\/congreso-2025_2.png","width":1725,"height":1000},{"@type":"BreadcrumbList","@id":"https:\/\/fadia.info\/index.php\/2025\/07\/04\/la-35a-edicion-del-congreso-de-conaif-reunira-en-tenerife-a-mas-de-500-congresistas-relacionados-con-las-instalaciones-termicas-de-agua-frio-gas-y-electricidad\/#breadcrumb","itemListElement":[{"@type":"ListItem","position":1,"name":"Portada","item":"https:\/\/fadia.info\/"},{"@type":"ListItem","position":2,"name":"La 35\u00aa edici\u00f3n del Congreso de CONAIF reunir\u00e1 en Tenerife a m\u00e1s de 500 congresistas relacionados con las instalaciones t\u00e9rmicas, de agua, fr\u00edo, gas y electricidad"}]},{"@type":"WebSite","@id":"https:\/\/fadia.info\/#website","url":"https:\/\/fadia.info\/","name":"Fadia","description":"","publisher":{"@id":"https:\/\/fadia.info\/#organization"},"alternateName":"Federaci\u00f3n de Asociaciones de Instaladores de Andaluc\u00eda","potentialAction":[{"@type":"SearchAction","target":{"@type":"EntryPoint","urlTemplate":"https:\/\/fadia.info\/?s={search_term_string}"},"query-input":{"@type":"PropertyValueSpecification","valueRequired":true,"valueName":"search_term_string"}}],"inLanguage":"es"},{"@type":"Organization","@id":"https:\/\/fadia.info\/#organization","name":"Federaci\u00f3n de Asociaciones de Instaladores de Andaluc\u00eda","alternateName":"FADIA","url":"https:\/\/fadia.info\/","logo":{"@type":"ImageObject","inLanguage":"es","@id":"https:\/\/fadia.info\/#\/schema\/logo\/image\/","url":"https:\/\/fadia.info\/wp-content\/uploads\/2023\/11\/logo_fadia.png","contentUrl":"https:\/\/fadia.info\/wp-content\/uploads\/2023\/11\/logo_fadia.png","width":619,"height":265,"caption":"Federaci\u00f3n de Asociaciones de Instaladores de Andaluc\u00eda"},"image":{"@id":"https:\/\/fadia.info\/#\/schema\/logo\/image\/"}},{"@type":"Person","@id":"https:\/\/fadia.info\/#\/schema\/person\/cdaf7b8ba0a834795f1121971cfaab26","name":"Miguel","image":{"@type":"ImageObject","inLanguage":"es","@id":"https:\/\/fadia.info\/#\/schema\/person\/image\/","url":"https:\/\/secure.gravatar.com\/avatar\/7f4e60b1e9fe9c37d925854cb71b1cb76e7cee4d38db28d6f7e8677375de1b8e?s=96&d=mm&r=g","contentUrl":"https:\/\/secure.gravatar.com\/avatar\/7f4e60b1e9fe9c37d925854cb71b1cb76e7cee4d38db28d6f7e8677375de1b8e?s=96&d=mm&r=g","caption":"Miguel"},"url":"https:\/\/fadia.info\/index.php\/author\/miguel\/"}]}},"_links":{"self":[{"href":"https:\/\/fadia.info\/index.php\/wp-json\/wp\/v2\/posts\/6570","targetHints":{"allow":["GET"]}}],"collection":[{"href":"https:\/\/fadia.info\/index.php\/wp-json\/wp\/v2\/posts"}],"about":[{"href":"https:\/\/fadia.info\/index.php\/wp-json\/wp\/v2\/types\/post"}],"author":[{"embeddable":true,"href":"https:\/\/fadia.info\/index.php\/wp-json\/wp\/v2\/users\/3"}],"replies":[{"embeddable":true,"href":"https:\/\/fadia.info\/index.php\/wp-json\/wp\/v2\/comments?post=6570"}],"version-history":[{"count":1,"href":"https:\/\/fadia.info\/index.php\/wp-json\/wp\/v2\/posts\/6570\/revisions"}],"predecessor-version":[{"id":6572,"href":"https:\/\/fadia.info\/index.php\/wp-json\/wp\/v2\/posts\/6570\/revisions\/6572"}],"wp:featuredmedia":[{"embeddable":true,"href":"https:\/\/fadia.info\/index.php\/wp-json\/wp\/v2\/media\/6571"}],"wp:attachment":[{"href":"https:\/\/fadia.info\/index.php\/wp-json\/wp\/v2\/media?parent=6570"}],"wp:term":[{"taxonomy":"category","embeddable":true,"href":"https:\/\/fadia.info\/index.php\/wp-json\/wp\/v2\/categories?post=6570"},{"taxonomy":"post_tag","embeddable":true,"href":"https:\/\/fadia.info\/index.php\/wp-json\/wp\/v2\/tags?post=6570"}],"curies":[{"name":"wp","href":"https:\/\/api.w.org\/{rel}","templated":true}]}}