{"id":6563,"date":"2025-06-26T09:56:25","date_gmt":"2025-06-26T09:56:25","guid":{"rendered":"https:\/\/fadia.info\/?p=6563"},"modified":"2025-06-26T09:58:14","modified_gmt":"2025-06-26T09:58:14","slug":"fadia-celebra-el-dia-mundial-de-la-refrigeracion-2025-destacando-la-importancia-de-la-formacion-tecnica-en-el-sector","status":"publish","type":"post","link":"https:\/\/fadia.info\/index.php\/2025\/06\/26\/fadia-celebra-el-dia-mundial-de-la-refrigeracion-2025-destacando-la-importancia-de-la-formacion-tecnica-en-el-sector\/","title":{"rendered":"FADIA celebra el D\u00eda Mundial de la Refrigeraci\u00f3n 2025 destacando la importancia de la formaci\u00f3n t\u00e9cnica en el sector"},"content":{"rendered":"\n<p>Con motivo del <strong>D\u00eda Mundial de la Refrigeraci\u00f3n<\/strong>, la <strong>Federaci\u00f3n Andaluza de Asociaciones de Instaladores (FADIA)<\/strong> se suma a la campa\u00f1a internacional bajo el lema <strong>\u201cCool Skills\u201d<\/strong>, haciendo un llamamiento a la sociedad y a las administraciones sobre la necesidad urgente de fortalecer la <strong>formaci\u00f3n t\u00e9cnica y profesional<\/strong> en el \u00e1mbito de la refrigeraci\u00f3n y la climatizaci\u00f3n.<\/p>\n\n\n\n<!--more-->\n\n\n\n<figure class=\"wp-block-image size-large\"><img loading=\"lazy\" decoding=\"async\" width=\"1024\" height=\"1024\" src=\"https:\/\/fadia.info\/wp-content\/uploads\/2025\/06\/fadia_dia_refrigeracion-1024x1024.png\" alt=\"\" class=\"wp-image-6564\" srcset=\"https:\/\/fadia.info\/wp-content\/uploads\/2025\/06\/fadia_dia_refrigeracion-1024x1024.png 1024w, https:\/\/fadia.info\/wp-content\/uploads\/2025\/06\/fadia_dia_refrigeracion-980x980.png 980w, https:\/\/fadia.info\/wp-content\/uploads\/2025\/06\/fadia_dia_refrigeracion-480x480.png 480w\" sizes=\"auto, (min-width: 0px) and (max-width: 480px) 480px, (min-width: 481px) and (max-width: 980px) 980px, (min-width: 981px) 1024px, 100vw\" \/><\/figure>\n\n\n\n<p>Este a\u00f1o, el foco est\u00e1 en las <strong>competencias necesarias<\/strong> para dise\u00f1ar, instalar, mantener y operar sistemas de refrigeraci\u00f3n sostenibles que cumplan con los objetivos de descarbonizaci\u00f3n, eficiencia energ\u00e9tica y seguridad medioambiental.<\/p>\n\n\n\n<p>Desde Fadia se tiene claro que la transici\u00f3n energ\u00e9tica no ser\u00e1 posible sin profesionales cualificados, por ello se quiere destacar la importancia del impacto del sector en la vida cotidiana, adem\u00e1s de reivindicar el papel clave que tienen los instaladores y t\u00e9cnicos, cuya formaci\u00f3n debe estar a la altura de los retos tecnol\u00f3gicos y ambientales a los que nos enfrentamos como sociedad.<\/p>\n\n\n\n<p>Desde FADIA, que representa a miles de empresas instaladoras andaluzas, se insiste en la necesidad de reforzar la colaboraci\u00f3n entre centros de formaci\u00f3n profesional, instituciones p\u00fablicas y el sector empresarial, para garantizar una capacitaci\u00f3n actualizada, continua y alineada con las nuevas tecnolog\u00edas en refrigeraci\u00f3n: refrigerantes eficientes, digitalizaci\u00f3n, automatizaci\u00f3n y gesti\u00f3n energ\u00e9tica.<\/p>\n\n\n\n<p>El d\u00e9ficit de t\u00e9cnicos cualificados es ya una realidad preocupante en Andaluc\u00eda, y desde la federaci\u00f3n se advierte que esta situaci\u00f3n podr\u00eda comprometer la implementaci\u00f3n de soluciones sostenibles en \u00e1mbitos tan cr\u00edticos como la alimentaci\u00f3n, la salud, el transporte o la climatizaci\u00f3n urbana.<\/p>\n\n\n\n<p>Por ello este Cool Skills no es solo un lema: es una llamada a la acci\u00f3n. Se necesita atraer talento joven, dignificar las profesiones t\u00e9cnicas y asegurar oportunidades formativas de calidad en todas las provincias andaluzas.<\/p>\n\n\n\n<p>En este D\u00eda Mundial de la Refrigeraci\u00f3n, FADIA reafirma su compromiso con la promoci\u00f3n de una refrigeraci\u00f3n segura, eficiente y sostenible, y con el impulso de una red de profesionales preparados para liderar los sistemas t\u00e9rmicos del futuro.<\/p>\n\n\n\n<p><strong>Sobre FADIA<\/strong><br>La Federaci\u00f3n Andaluza de Asociaciones de Instaladores (FADIA) agrupa a las principales asociaciones provinciales del sector en Andaluc\u00eda, representando a empresas instaladoras de climatizaci\u00f3n, refrigeraci\u00f3n, electricidad, fontaner\u00eda, energ\u00edas renovables y m\u00e1s. Su misi\u00f3n es defender los intereses del sector, fomentar la formaci\u00f3n y apoyar la innovaci\u00f3n tecnol\u00f3gica y la sostenibilidad.<\/p>\n","protected":false},"excerpt":{"rendered":"<p>Con motivo del D\u00eda Mundial de la Refrigeraci\u00f3n, la Federaci\u00f3n Andaluza de Asociaciones de Instaladores (FADIA) se suma a la campa\u00f1a internacional bajo el lema \u201cCool Skills\u201d, haciendo un llamamiento [&hellip;]<\/p>\n","protected":false},"author":3,"featured_media":6564,"comment_status":"open","ping_status":"open","sticky":false,"template":"","format":"standard","meta":{"_et_pb_use_builder":"off","_et_pb_old_content":"","_et_gb_content_width":"","_monsterinsights_skip_tracking":false,"_monsterinsights_sitenote_active":false,"_monsterinsights_sitenote_note":"","_monsterinsights_sitenote_category":0,"footnotes":""},"categories":[4],"tags":[14,15,29],"class_list":["post-6563","post","type-post","status-publish","format-standard","has-post-thumbnail","hentry","category-fadia","tag-fadia","tag-instaladores","tag-refrigeracion"],"yoast_head":"<!-- This site is optimized with the Yoast SEO plugin v24.2 - https:\/\/yoast.com\/wordpress\/plugins\/seo\/ -->\n<title>FADIA celebra el D\u00eda Mundial de la Refrigeraci\u00f3n 2025 destacando la importancia de la formaci\u00f3n t\u00e9cnica en el sector - Fadia<\/title>\n<meta name=\"robots\" content=\"index, follow, max-snippet:-1, max-image-preview:large, max-video-preview:-1\" \/>\n<link rel=\"canonical\" href=\"https:\/\/fadia.info\/index.php\/2025\/06\/26\/fadia-celebra-el-dia-mundial-de-la-refrigeracion-2025-destacando-la-importancia-de-la-formacion-tecnica-en-el-sector\/\" \/>\n<meta property=\"og:locale\" content=\"es_ES\" \/>\n<meta property=\"og:type\" content=\"article\" \/>\n<meta property=\"og:title\" content=\"FADIA celebra el D\u00eda Mundial de la Refrigeraci\u00f3n 2025 destacando la importancia de la formaci\u00f3n t\u00e9cnica en el sector - Fadia\" \/>\n<meta property=\"og:description\" content=\"Con motivo del D\u00eda Mundial de la Refrigeraci\u00f3n, la Federaci\u00f3n Andaluza de Asociaciones de Instaladores (FADIA) se suma a la campa\u00f1a internacional bajo el lema \u201cCool Skills\u201d, haciendo un llamamiento [&hellip;]\" \/>\n<meta property=\"og:url\" content=\"https:\/\/fadia.info\/index.php\/2025\/06\/26\/fadia-celebra-el-dia-mundial-de-la-refrigeracion-2025-destacando-la-importancia-de-la-formacion-tecnica-en-el-sector\/\" \/>\n<meta property=\"og:site_name\" content=\"Fadia\" \/>\n<meta property=\"article:published_time\" content=\"2025-06-26T09:56:25+00:00\" \/>\n<meta property=\"article:modified_time\" content=\"2025-06-26T09:58:14+00:00\" \/>\n<meta property=\"og:image\" content=\"https:\/\/fadia.info\/wp-content\/uploads\/2025\/06\/fadia_dia_refrigeracion.png\" \/>\n\t<meta property=\"og:image:width\" content=\"1080\" \/>\n\t<meta property=\"og:image:height\" content=\"1080\" \/>\n\t<meta property=\"og:image:type\" content=\"image\/png\" \/>\n<meta name=\"author\" content=\"Miguel\" \/>\n<meta name=\"twitter:card\" content=\"summary_large_image\" \/>\n<meta name=\"twitter:label1\" content=\"Escrito por\" \/>\n\t<meta name=\"twitter:data1\" content=\"Miguel\" \/>\n\t<meta name=\"twitter:label2\" content=\"Tiempo de lectura\" \/>\n\t<meta name=\"twitter:data2\" content=\"3 minutos\" \/>\n<script type=\"application\/ld+json\" class=\"yoast-schema-graph\">{\"@context\":\"https:\/\/schema.org\",\"@graph\":[{\"@type\":\"Article\",\"@id\":\"https:\/\/fadia.info\/index.php\/2025\/06\/26\/fadia-celebra-el-dia-mundial-de-la-refrigeracion-2025-destacando-la-importancia-de-la-formacion-tecnica-en-el-sector\/#article\",\"isPartOf\":{\"@id\":\"https:\/\/fadia.info\/index.php\/2025\/06\/26\/fadia-celebra-el-dia-mundial-de-la-refrigeracion-2025-destacando-la-importancia-de-la-formacion-tecnica-en-el-sector\/\"},\"author\":{\"name\":\"Miguel\",\"@id\":\"https:\/\/fadia.info\/#\/schema\/person\/cdaf7b8ba0a834795f1121971cfaab26\"},\"headline\":\"FADIA celebra el D\u00eda Mundial de la Refrigeraci\u00f3n 2025 destacando la importancia de la formaci\u00f3n t\u00e9cnica en el sector\",\"datePublished\":\"2025-06-26T09:56:25+00:00\",\"dateModified\":\"2025-06-26T09:58:14+00:00\",\"mainEntityOfPage\":{\"@id\":\"https:\/\/fadia.info\/index.php\/2025\/06\/26\/fadia-celebra-el-dia-mundial-de-la-refrigeracion-2025-destacando-la-importancia-de-la-formacion-tecnica-en-el-sector\/\"},\"wordCount\":449,\"commentCount\":0,\"publisher\":{\"@id\":\"https:\/\/fadia.info\/#organization\"},\"image\":{\"@id\":\"https:\/\/fadia.info\/index.php\/2025\/06\/26\/fadia-celebra-el-dia-mundial-de-la-refrigeracion-2025-destacando-la-importancia-de-la-formacion-tecnica-en-el-sector\/#primaryimage\"},\"thumbnailUrl\":\"https:\/\/fadia.info\/wp-content\/uploads\/2025\/06\/fadia_dia_refrigeracion.png\",\"keywords\":[\"FADIA\",\"INSTALADORES\",\"refrigeraci\u00f3n\"],\"articleSection\":[\"FADIA\"],\"inLanguage\":\"es\",\"potentialAction\":[{\"@type\":\"CommentAction\",\"name\":\"Comment\",\"target\":[\"https:\/\/fadia.info\/index.php\/2025\/06\/26\/fadia-celebra-el-dia-mundial-de-la-refrigeracion-2025-destacando-la-importancia-de-la-formacion-tecnica-en-el-sector\/#respond\"]}]},{\"@type\":\"WebPage\",\"@id\":\"https:\/\/fadia.info\/index.php\/2025\/06\/26\/fadia-celebra-el-dia-mundial-de-la-refrigeracion-2025-destacando-la-importancia-de-la-formacion-tecnica-en-el-sector\/\",\"url\":\"https:\/\/fadia.info\/index.php\/2025\/06\/26\/fadia-celebra-el-dia-mundial-de-la-refrigeracion-2025-destacando-la-importancia-de-la-formacion-tecnica-en-el-sector\/\",\"name\":\"FADIA celebra el D\u00eda Mundial de la Refrigeraci\u00f3n 2025 destacando la importancia de la formaci\u00f3n t\u00e9cnica en el sector - Fadia\",\"isPartOf\":{\"@id\":\"https:\/\/fadia.info\/#website\"},\"primaryImageOfPage\":{\"@id\":\"https:\/\/fadia.info\/index.php\/2025\/06\/26\/fadia-celebra-el-dia-mundial-de-la-refrigeracion-2025-destacando-la-importancia-de-la-formacion-tecnica-en-el-sector\/#primaryimage\"},\"image\":{\"@id\":\"https:\/\/fadia.info\/index.php\/2025\/06\/26\/fadia-celebra-el-dia-mundial-de-la-refrigeracion-2025-destacando-la-importancia-de-la-formacion-tecnica-en-el-sector\/#primaryimage\"},\"thumbnailUrl\":\"https:\/\/fadia.info\/wp-content\/uploads\/2025\/06\/fadia_dia_refrigeracion.png\",\"datePublished\":\"2025-06-26T09:56:25+00:00\",\"dateModified\":\"2025-06-26T09:58:14+00:00\",\"breadcrumb\":{\"@id\":\"https:\/\/fadia.info\/index.php\/2025\/06\/26\/fadia-celebra-el-dia-mundial-de-la-refrigeracion-2025-destacando-la-importancia-de-la-formacion-tecnica-en-el-sector\/#breadcrumb\"},\"inLanguage\":\"es\",\"potentialAction\":[{\"@type\":\"ReadAction\",\"target\":[\"https:\/\/fadia.info\/index.php\/2025\/06\/26\/fadia-celebra-el-dia-mundial-de-la-refrigeracion-2025-destacando-la-importancia-de-la-formacion-tecnica-en-el-sector\/\"]}]},{\"@type\":\"ImageObject\",\"inLanguage\":\"es\",\"@id\":\"https:\/\/fadia.info\/index.php\/2025\/06\/26\/fadia-celebra-el-dia-mundial-de-la-refrigeracion-2025-destacando-la-importancia-de-la-formacion-tecnica-en-el-sector\/#primaryimage\",\"url\":\"https:\/\/fadia.info\/wp-content\/uploads\/2025\/06\/fadia_dia_refrigeracion.png\",\"contentUrl\":\"https:\/\/fadia.info\/wp-content\/uploads\/2025\/06\/fadia_dia_refrigeracion.png\",\"width\":1080,\"height\":1080},{\"@type\":\"BreadcrumbList\",\"@id\":\"https:\/\/fadia.info\/index.php\/2025\/06\/26\/fadia-celebra-el-dia-mundial-de-la-refrigeracion-2025-destacando-la-importancia-de-la-formacion-tecnica-en-el-sector\/#breadcrumb\",\"itemListElement\":[{\"@type\":\"ListItem\",\"position\":1,\"name\":\"Portada\",\"item\":\"https:\/\/fadia.info\/\"},{\"@type\":\"ListItem\",\"position\":2,\"name\":\"FADIA celebra el D\u00eda Mundial de la Refrigeraci\u00f3n 2025 destacando la importancia de la formaci\u00f3n t\u00e9cnica en el sector\"}]},{\"@type\":\"WebSite\",\"@id\":\"https:\/\/fadia.info\/#website\",\"url\":\"https:\/\/fadia.info\/\",\"name\":\"Fadia\",\"description\":\"\",\"publisher\":{\"@id\":\"https:\/\/fadia.info\/#organization\"},\"alternateName\":\"Federaci\u00f3n de Asociaciones de Instaladores de Andaluc\u00eda\",\"potentialAction\":[{\"@type\":\"SearchAction\",\"target\":{\"@type\":\"EntryPoint\",\"urlTemplate\":\"https:\/\/fadia.info\/?s={search_term_string}\"},\"query-input\":{\"@type\":\"PropertyValueSpecification\",\"valueRequired\":true,\"valueName\":\"search_term_string\"}}],\"inLanguage\":\"es\"},{\"@type\":\"Organization\",\"@id\":\"https:\/\/fadia.info\/#organization\",\"name\":\"Federaci\u00f3n de Asociaciones de Instaladores de Andaluc\u00eda\",\"alternateName\":\"FADIA\",\"url\":\"https:\/\/fadia.info\/\",\"logo\":{\"@type\":\"ImageObject\",\"inLanguage\":\"es\",\"@id\":\"https:\/\/fadia.info\/#\/schema\/logo\/image\/\",\"url\":\"https:\/\/fadia.info\/wp-content\/uploads\/2023\/11\/logo_fadia.png\",\"contentUrl\":\"https:\/\/fadia.info\/wp-content\/uploads\/2023\/11\/logo_fadia.png\",\"width\":619,\"height\":265,\"caption\":\"Federaci\u00f3n de Asociaciones de Instaladores de Andaluc\u00eda\"},\"image\":{\"@id\":\"https:\/\/fadia.info\/#\/schema\/logo\/image\/\"}},{\"@type\":\"Person\",\"@id\":\"https:\/\/fadia.info\/#\/schema\/person\/cdaf7b8ba0a834795f1121971cfaab26\",\"name\":\"Miguel\",\"image\":{\"@type\":\"ImageObject\",\"inLanguage\":\"es\",\"@id\":\"https:\/\/fadia.info\/#\/schema\/person\/image\/\",\"url\":\"https:\/\/secure.gravatar.com\/avatar\/7f4e60b1e9fe9c37d925854cb71b1cb76e7cee4d38db28d6f7e8677375de1b8e?s=96&d=mm&r=g\",\"contentUrl\":\"https:\/\/secure.gravatar.com\/avatar\/7f4e60b1e9fe9c37d925854cb71b1cb76e7cee4d38db28d6f7e8677375de1b8e?s=96&d=mm&r=g\",\"caption\":\"Miguel\"},\"url\":\"https:\/\/fadia.info\/index.php\/author\/miguel\/\"}]}<\/script>\n<!-- \/ Yoast SEO plugin. -->","yoast_head_json":{"title":"FADIA celebra el D\u00eda Mundial de la Refrigeraci\u00f3n 2025 destacando la importancia de la formaci\u00f3n t\u00e9cnica en el sector - Fadia","robots":{"index":"index","follow":"follow","max-snippet":"max-snippet:-1","max-image-preview":"max-image-preview:large","max-video-preview":"max-video-preview:-1"},"canonical":"https:\/\/fadia.info\/index.php\/2025\/06\/26\/fadia-celebra-el-dia-mundial-de-la-refrigeracion-2025-destacando-la-importancia-de-la-formacion-tecnica-en-el-sector\/","og_locale":"es_ES","og_type":"article","og_title":"FADIA celebra el D\u00eda Mundial de la Refrigeraci\u00f3n 2025 destacando la importancia de la formaci\u00f3n t\u00e9cnica en el sector - Fadia","og_description":"Con motivo del D\u00eda Mundial de la Refrigeraci\u00f3n, la Federaci\u00f3n Andaluza de Asociaciones de Instaladores (FADIA) se suma a la campa\u00f1a internacional bajo el lema \u201cCool Skills\u201d, haciendo un llamamiento [&hellip;]","og_url":"https:\/\/fadia.info\/index.php\/2025\/06\/26\/fadia-celebra-el-dia-mundial-de-la-refrigeracion-2025-destacando-la-importancia-de-la-formacion-tecnica-en-el-sector\/","og_site_name":"Fadia","article_published_time":"2025-06-26T09:56:25+00:00","article_modified_time":"2025-06-26T09:58:14+00:00","og_image":[{"width":1080,"height":1080,"url":"https:\/\/fadia.info\/wp-content\/uploads\/2025\/06\/fadia_dia_refrigeracion.png","type":"image\/png"}],"author":"Miguel","twitter_card":"summary_large_image","twitter_misc":{"Escrito por":"Miguel","Tiempo de lectura":"3 minutos"},"schema":{"@context":"https:\/\/schema.org","@graph":[{"@type":"Article","@id":"https:\/\/fadia.info\/index.php\/2025\/06\/26\/fadia-celebra-el-dia-mundial-de-la-refrigeracion-2025-destacando-la-importancia-de-la-formacion-tecnica-en-el-sector\/#article","isPartOf":{"@id":"https:\/\/fadia.info\/index.php\/2025\/06\/26\/fadia-celebra-el-dia-mundial-de-la-refrigeracion-2025-destacando-la-importancia-de-la-formacion-tecnica-en-el-sector\/"},"author":{"name":"Miguel","@id":"https:\/\/fadia.info\/#\/schema\/person\/cdaf7b8ba0a834795f1121971cfaab26"},"headline":"FADIA celebra el D\u00eda Mundial de la Refrigeraci\u00f3n 2025 destacando la importancia de la formaci\u00f3n t\u00e9cnica en el sector","datePublished":"2025-06-26T09:56:25+00:00","dateModified":"2025-06-26T09:58:14+00:00","mainEntityOfPage":{"@id":"https:\/\/fadia.info\/index.php\/2025\/06\/26\/fadia-celebra-el-dia-mundial-de-la-refrigeracion-2025-destacando-la-importancia-de-la-formacion-tecnica-en-el-sector\/"},"wordCount":449,"commentCount":0,"publisher":{"@id":"https:\/\/fadia.info\/#organization"},"image":{"@id":"https:\/\/fadia.info\/index.php\/2025\/06\/26\/fadia-celebra-el-dia-mundial-de-la-refrigeracion-2025-destacando-la-importancia-de-la-formacion-tecnica-en-el-sector\/#primaryimage"},"thumbnailUrl":"https:\/\/fadia.info\/wp-content\/uploads\/2025\/06\/fadia_dia_refrigeracion.png","keywords":["FADIA","INSTALADORES","refrigeraci\u00f3n"],"articleSection":["FADIA"],"inLanguage":"es","potentialAction":[{"@type":"CommentAction","name":"Comment","target":["https:\/\/fadia.info\/index.php\/2025\/06\/26\/fadia-celebra-el-dia-mundial-de-la-refrigeracion-2025-destacando-la-importancia-de-la-formacion-tecnica-en-el-sector\/#respond"]}]},{"@type":"WebPage","@id":"https:\/\/fadia.info\/index.php\/2025\/06\/26\/fadia-celebra-el-dia-mundial-de-la-refrigeracion-2025-destacando-la-importancia-de-la-formacion-tecnica-en-el-sector\/","url":"https:\/\/fadia.info\/index.php\/2025\/06\/26\/fadia-celebra-el-dia-mundial-de-la-refrigeracion-2025-destacando-la-importancia-de-la-formacion-tecnica-en-el-sector\/","name":"FADIA celebra el D\u00eda Mundial de la Refrigeraci\u00f3n 2025 destacando la importancia de la formaci\u00f3n t\u00e9cnica en el sector - Fadia","isPartOf":{"@id":"https:\/\/fadia.info\/#website"},"primaryImageOfPage":{"@id":"https:\/\/fadia.info\/index.php\/2025\/06\/26\/fadia-celebra-el-dia-mundial-de-la-refrigeracion-2025-destacando-la-importancia-de-la-formacion-tecnica-en-el-sector\/#primaryimage"},"image":{"@id":"https:\/\/fadia.info\/index.php\/2025\/06\/26\/fadia-celebra-el-dia-mundial-de-la-refrigeracion-2025-destacando-la-importancia-de-la-formacion-tecnica-en-el-sector\/#primaryimage"},"thumbnailUrl":"https:\/\/fadia.info\/wp-content\/uploads\/2025\/06\/fadia_dia_refrigeracion.png","datePublished":"2025-06-26T09:56:25+00:00","dateModified":"2025-06-26T09:58:14+00:00","breadcrumb":{"@id":"https:\/\/fadia.info\/index.php\/2025\/06\/26\/fadia-celebra-el-dia-mundial-de-la-refrigeracion-2025-destacando-la-importancia-de-la-formacion-tecnica-en-el-sector\/#breadcrumb"},"inLanguage":"es","potentialAction":[{"@type":"ReadAction","target":["https:\/\/fadia.info\/index.php\/2025\/06\/26\/fadia-celebra-el-dia-mundial-de-la-refrigeracion-2025-destacando-la-importancia-de-la-formacion-tecnica-en-el-sector\/"]}]},{"@type":"ImageObject","inLanguage":"es","@id":"https:\/\/fadia.info\/index.php\/2025\/06\/26\/fadia-celebra-el-dia-mundial-de-la-refrigeracion-2025-destacando-la-importancia-de-la-formacion-tecnica-en-el-sector\/#primaryimage","url":"https:\/\/fadia.info\/wp-content\/uploads\/2025\/06\/fadia_dia_refrigeracion.png","contentUrl":"https:\/\/fadia.info\/wp-content\/uploads\/2025\/06\/fadia_dia_refrigeracion.png","width":1080,"height":1080},{"@type":"BreadcrumbList","@id":"https:\/\/fadia.info\/index.php\/2025\/06\/26\/fadia-celebra-el-dia-mundial-de-la-refrigeracion-2025-destacando-la-importancia-de-la-formacion-tecnica-en-el-sector\/#breadcrumb","itemListElement":[{"@type":"ListItem","position":1,"name":"Portada","item":"https:\/\/fadia.info\/"},{"@type":"ListItem","position":2,"name":"FADIA celebra el D\u00eda Mundial de la Refrigeraci\u00f3n 2025 destacando la importancia de la formaci\u00f3n t\u00e9cnica en el sector"}]},{"@type":"WebSite","@id":"https:\/\/fadia.info\/#website","url":"https:\/\/fadia.info\/","name":"Fadia","description":"","publisher":{"@id":"https:\/\/fadia.info\/#organization"},"alternateName":"Federaci\u00f3n de Asociaciones de Instaladores de Andaluc\u00eda","potentialAction":[{"@type":"SearchAction","target":{"@type":"EntryPoint","urlTemplate":"https:\/\/fadia.info\/?s={search_term_string}"},"query-input":{"@type":"PropertyValueSpecification","valueRequired":true,"valueName":"search_term_string"}}],"inLanguage":"es"},{"@type":"Organization","@id":"https:\/\/fadia.info\/#organization","name":"Federaci\u00f3n de Asociaciones de Instaladores de Andaluc\u00eda","alternateName":"FADIA","url":"https:\/\/fadia.info\/","logo":{"@type":"ImageObject","inLanguage":"es","@id":"https:\/\/fadia.info\/#\/schema\/logo\/image\/","url":"https:\/\/fadia.info\/wp-content\/uploads\/2023\/11\/logo_fadia.png","contentUrl":"https:\/\/fadia.info\/wp-content\/uploads\/2023\/11\/logo_fadia.png","width":619,"height":265,"caption":"Federaci\u00f3n de Asociaciones de Instaladores de Andaluc\u00eda"},"image":{"@id":"https:\/\/fadia.info\/#\/schema\/logo\/image\/"}},{"@type":"Person","@id":"https:\/\/fadia.info\/#\/schema\/person\/cdaf7b8ba0a834795f1121971cfaab26","name":"Miguel","image":{"@type":"ImageObject","inLanguage":"es","@id":"https:\/\/fadia.info\/#\/schema\/person\/image\/","url":"https:\/\/secure.gravatar.com\/avatar\/7f4e60b1e9fe9c37d925854cb71b1cb76e7cee4d38db28d6f7e8677375de1b8e?s=96&d=mm&r=g","contentUrl":"https:\/\/secure.gravatar.com\/avatar\/7f4e60b1e9fe9c37d925854cb71b1cb76e7cee4d38db28d6f7e8677375de1b8e?s=96&d=mm&r=g","caption":"Miguel"},"url":"https:\/\/fadia.info\/index.php\/author\/miguel\/"}]}},"_links":{"self":[{"href":"https:\/\/fadia.info\/index.php\/wp-json\/wp\/v2\/posts\/6563","targetHints":{"allow":["GET"]}}],"collection":[{"href":"https:\/\/fadia.info\/index.php\/wp-json\/wp\/v2\/posts"}],"about":[{"href":"https:\/\/fadia.info\/index.php\/wp-json\/wp\/v2\/types\/post"}],"author":[{"embeddable":true,"href":"https:\/\/fadia.info\/index.php\/wp-json\/wp\/v2\/users\/3"}],"replies":[{"embeddable":true,"href":"https:\/\/fadia.info\/index.php\/wp-json\/wp\/v2\/comments?post=6563"}],"version-history":[{"count":2,"href":"https:\/\/fadia.info\/index.php\/wp-json\/wp\/v2\/posts\/6563\/revisions"}],"predecessor-version":[{"id":6566,"href":"https:\/\/fadia.info\/index.php\/wp-json\/wp\/v2\/posts\/6563\/revisions\/6566"}],"wp:featuredmedia":[{"embeddable":true,"href":"https:\/\/fadia.info\/index.php\/wp-json\/wp\/v2\/media\/6564"}],"wp:attachment":[{"href":"https:\/\/fadia.info\/index.php\/wp-json\/wp\/v2\/media?parent=6563"}],"wp:term":[{"taxonomy":"category","embeddable":true,"href":"https:\/\/fadia.info\/index.php\/wp-json\/wp\/v2\/categories?post=6563"},{"taxonomy":"post_tag","embeddable":true,"href":"https:\/\/fadia.info\/index.php\/wp-json\/wp\/v2\/tags?post=6563"}],"curies":[{"name":"wp","href":"https:\/\/api.w.org\/{rel}","templated":true}]}}