{"id":6555,"date":"2025-06-03T13:01:38","date_gmt":"2025-06-03T13:01:38","guid":{"rendered":"https:\/\/fadia.info\/?p=6555"},"modified":"2025-06-03T13:01:40","modified_gmt":"2025-06-03T13:01:40","slug":"fadia-se-une-a-la-campana-comunidadinstalador-para-fortalecer-el-sector-de-las-instalaciones-en-andalucia","status":"publish","type":"post","link":"https:\/\/fadia.info\/index.php\/2025\/06\/03\/fadia-se-une-a-la-campana-comunidadinstalador-para-fortalecer-el-sector-de-las-instalaciones-en-andalucia\/","title":{"rendered":"FADIA se une a la campa\u00f1a #ComunidadInstalador\u00ae para fortalecer el sector de las instalaciones en Andaluc\u00eda"},"content":{"rendered":"\n<p>La Federaci\u00f3n de Asociaciones de Instaladores de Andaluc\u00eda (FADIA) se incorpora a la campa\u00f1a #ComunidadInstalador\u00ae, una iniciativa impulsada por <a href=\"https:\/\/www.caloryfrio.com\"><\/a>\u00a0<a href=\"https:\/\/www.caloryfrio.com\">caloryfrio.com<\/a> desde 2021 con el objetivo de dar visibilidad a la profesi\u00f3n de instalador, fomentar el relevo generacional y dignificar el oficio.<\/p>\n\n\n\n<!--more-->\n\n\n\n<figure class=\"wp-block-image size-full\"><img loading=\"lazy\" decoding=\"async\" width=\"918\" height=\"437\" src=\"https:\/\/fadia.info\/wp-content\/uploads\/2025\/06\/Lanzamiento-comunidad2025-portada.webp\" alt=\"\" class=\"wp-image-6556\" srcset=\"https:\/\/fadia.info\/wp-content\/uploads\/2025\/06\/Lanzamiento-comunidad2025-portada.webp 918w, https:\/\/fadia.info\/wp-content\/uploads\/2025\/06\/Lanzamiento-comunidad2025-portada-480x228.webp 480w\" sizes=\"auto, (min-width: 0px) and (max-width: 480px) 480px, (min-width: 481px) 918px, 100vw\" \/><\/figure>\n\n\n\n<p>FADIA, que agrupa a m\u00e1s de 5.000 empresas instaladoras de electricidad, climatizaci\u00f3n, gas, fontaner\u00eda, energ\u00edas renovables y otros sectores afines en Andaluc\u00eda, refuerza as\u00ed su compromiso con la promoci\u00f3n del sector y la formaci\u00f3n profesional.<\/p>\n\n\n\n<p>\u00c1ngel Noguera, presidente de FADIA, ha subrayado la importancia de iniciativas como #ComunidadInstalador\u00ae para atraer a nuevos talentos y visibilizar el papel esencial de estos profesionales en la sociedad actual, destacando que \u00ablos instaladores ser\u00e1n los protagonistas de la transici\u00f3n energ\u00e9tica y la digitalizaci\u00f3n de las instalaciones\u00bb.<\/p>\n\n\n\n<p>Esta colaboraci\u00f3n permitir\u00e1 a FADIA y sus asociaciones provinciales participar activamente en las acciones de la campa\u00f1a, como jornadas t\u00e9cnicas, contenidos formativos y actividades de divulgaci\u00f3n, contribuyendo a fortalecer la imagen del sector y a fomentar la innovaci\u00f3n y el desarrollo econ\u00f3mico de las empresas instaladoras en Andaluc\u00eda.<\/p>\n\n\n\n<p>Para m\u00e1s informaci\u00f3n sobre la campa\u00f1a #ComunidadInstalador\u00ae y c\u00f3mo unirse a ella, se puede visitar el sitio web oficial de <a href=\"https:\/\/www.caloryfrio.com\/comunidad-instalador.html?utm_source=chatgpt.com\" target=\"_blank\" rel=\"noreferrer noopener\">Caloryfrio<\/a>.<\/p>\n","protected":false},"excerpt":{"rendered":"<p>La Federaci\u00f3n de Asociaciones de Instaladores de Andaluc\u00eda (FADIA) se incorpora a la campa\u00f1a #ComunidadInstalador\u00ae, una iniciativa impulsada por \u00a0caloryfrio.com desde 2021 con el objetivo de dar visibilidad a la [&hellip;]<\/p>\n","protected":false},"author":3,"featured_media":6556,"comment_status":"open","ping_status":"open","sticky":false,"template":"","format":"standard","meta":{"_et_pb_use_builder":"off","_et_pb_old_content":"","_et_gb_content_width":"","_monsterinsights_skip_tracking":false,"_monsterinsights_sitenote_active":false,"_monsterinsights_sitenote_note":"","_monsterinsights_sitenote_category":0,"footnotes":""},"categories":[4],"tags":[28,27,14,15],"class_list":["post-6555","post","type-post","status-publish","format-standard","has-post-thumbnail","hentry","category-fadia","tag-caloryfrio","tag-comunidadinstalador","tag-fadia","tag-instaladores"],"yoast_head":"<!-- This site is optimized with the Yoast SEO plugin v24.2 - https:\/\/yoast.com\/wordpress\/plugins\/seo\/ -->\n<title>FADIA se une a la campa\u00f1a #ComunidadInstalador\u00ae para fortalecer el sector de las instalaciones en Andaluc\u00eda - Fadia<\/title>\n<meta name=\"robots\" content=\"index, follow, max-snippet:-1, max-image-preview:large, max-video-preview:-1\" \/>\n<link rel=\"canonical\" href=\"https:\/\/fadia.info\/index.php\/2025\/06\/03\/fadia-se-une-a-la-campana-comunidadinstalador-para-fortalecer-el-sector-de-las-instalaciones-en-andalucia\/\" \/>\n<meta property=\"og:locale\" content=\"es_ES\" \/>\n<meta property=\"og:type\" content=\"article\" \/>\n<meta property=\"og:title\" content=\"FADIA se une a la campa\u00f1a #ComunidadInstalador\u00ae para fortalecer el sector de las instalaciones en Andaluc\u00eda - Fadia\" \/>\n<meta property=\"og:description\" content=\"La Federaci\u00f3n de Asociaciones de Instaladores de Andaluc\u00eda (FADIA) se incorpora a la campa\u00f1a #ComunidadInstalador\u00ae, una iniciativa impulsada por \u00a0caloryfrio.com desde 2021 con el objetivo de dar visibilidad a la [&hellip;]\" \/>\n<meta property=\"og:url\" content=\"https:\/\/fadia.info\/index.php\/2025\/06\/03\/fadia-se-une-a-la-campana-comunidadinstalador-para-fortalecer-el-sector-de-las-instalaciones-en-andalucia\/\" \/>\n<meta property=\"og:site_name\" content=\"Fadia\" \/>\n<meta property=\"article:published_time\" content=\"2025-06-03T13:01:38+00:00\" \/>\n<meta property=\"article:modified_time\" content=\"2025-06-03T13:01:40+00:00\" \/>\n<meta property=\"og:image\" content=\"https:\/\/fadia.info\/wp-content\/uploads\/2025\/06\/Lanzamiento-comunidad2025-portada.webp\" \/>\n\t<meta property=\"og:image:width\" content=\"918\" \/>\n\t<meta property=\"og:image:height\" content=\"437\" \/>\n\t<meta property=\"og:image:type\" content=\"image\/webp\" \/>\n<meta name=\"author\" content=\"Miguel\" \/>\n<meta name=\"twitter:card\" content=\"summary_large_image\" \/>\n<meta name=\"twitter:label1\" content=\"Escrito por\" \/>\n\t<meta name=\"twitter:data1\" content=\"Miguel\" \/>\n\t<meta name=\"twitter:label2\" content=\"Tiempo de lectura\" \/>\n\t<meta name=\"twitter:data2\" content=\"2 minutos\" \/>\n<script type=\"application\/ld+json\" class=\"yoast-schema-graph\">{\"@context\":\"https:\/\/schema.org\",\"@graph\":[{\"@type\":\"Article\",\"@id\":\"https:\/\/fadia.info\/index.php\/2025\/06\/03\/fadia-se-une-a-la-campana-comunidadinstalador-para-fortalecer-el-sector-de-las-instalaciones-en-andalucia\/#article\",\"isPartOf\":{\"@id\":\"https:\/\/fadia.info\/index.php\/2025\/06\/03\/fadia-se-une-a-la-campana-comunidadinstalador-para-fortalecer-el-sector-de-las-instalaciones-en-andalucia\/\"},\"author\":{\"name\":\"Miguel\",\"@id\":\"https:\/\/fadia.info\/#\/schema\/person\/cdaf7b8ba0a834795f1121971cfaab26\"},\"headline\":\"FADIA se une a la campa\u00f1a #ComunidadInstalador\u00ae para fortalecer el sector de las instalaciones en Andaluc\u00eda\",\"datePublished\":\"2025-06-03T13:01:38+00:00\",\"dateModified\":\"2025-06-03T13:01:40+00:00\",\"mainEntityOfPage\":{\"@id\":\"https:\/\/fadia.info\/index.php\/2025\/06\/03\/fadia-se-une-a-la-campana-comunidadinstalador-para-fortalecer-el-sector-de-las-instalaciones-en-andalucia\/\"},\"wordCount\":235,\"commentCount\":0,\"publisher\":{\"@id\":\"https:\/\/fadia.info\/#organization\"},\"image\":{\"@id\":\"https:\/\/fadia.info\/index.php\/2025\/06\/03\/fadia-se-une-a-la-campana-comunidadinstalador-para-fortalecer-el-sector-de-las-instalaciones-en-andalucia\/#primaryimage\"},\"thumbnailUrl\":\"https:\/\/fadia.info\/wp-content\/uploads\/2025\/06\/Lanzamiento-comunidad2025-portada.webp\",\"keywords\":[\"caloryfrio\",\"comunidadinstalador\",\"FADIA\",\"INSTALADORES\"],\"articleSection\":[\"FADIA\"],\"inLanguage\":\"es\",\"potentialAction\":[{\"@type\":\"CommentAction\",\"name\":\"Comment\",\"target\":[\"https:\/\/fadia.info\/index.php\/2025\/06\/03\/fadia-se-une-a-la-campana-comunidadinstalador-para-fortalecer-el-sector-de-las-instalaciones-en-andalucia\/#respond\"]}]},{\"@type\":\"WebPage\",\"@id\":\"https:\/\/fadia.info\/index.php\/2025\/06\/03\/fadia-se-une-a-la-campana-comunidadinstalador-para-fortalecer-el-sector-de-las-instalaciones-en-andalucia\/\",\"url\":\"https:\/\/fadia.info\/index.php\/2025\/06\/03\/fadia-se-une-a-la-campana-comunidadinstalador-para-fortalecer-el-sector-de-las-instalaciones-en-andalucia\/\",\"name\":\"FADIA se une a la campa\u00f1a #ComunidadInstalador\u00ae para fortalecer el sector de las instalaciones en Andaluc\u00eda - Fadia\",\"isPartOf\":{\"@id\":\"https:\/\/fadia.info\/#website\"},\"primaryImageOfPage\":{\"@id\":\"https:\/\/fadia.info\/index.php\/2025\/06\/03\/fadia-se-une-a-la-campana-comunidadinstalador-para-fortalecer-el-sector-de-las-instalaciones-en-andalucia\/#primaryimage\"},\"image\":{\"@id\":\"https:\/\/fadia.info\/index.php\/2025\/06\/03\/fadia-se-une-a-la-campana-comunidadinstalador-para-fortalecer-el-sector-de-las-instalaciones-en-andalucia\/#primaryimage\"},\"thumbnailUrl\":\"https:\/\/fadia.info\/wp-content\/uploads\/2025\/06\/Lanzamiento-comunidad2025-portada.webp\",\"datePublished\":\"2025-06-03T13:01:38+00:00\",\"dateModified\":\"2025-06-03T13:01:40+00:00\",\"breadcrumb\":{\"@id\":\"https:\/\/fadia.info\/index.php\/2025\/06\/03\/fadia-se-une-a-la-campana-comunidadinstalador-para-fortalecer-el-sector-de-las-instalaciones-en-andalucia\/#breadcrumb\"},\"inLanguage\":\"es\",\"potentialAction\":[{\"@type\":\"ReadAction\",\"target\":[\"https:\/\/fadia.info\/index.php\/2025\/06\/03\/fadia-se-une-a-la-campana-comunidadinstalador-para-fortalecer-el-sector-de-las-instalaciones-en-andalucia\/\"]}]},{\"@type\":\"ImageObject\",\"inLanguage\":\"es\",\"@id\":\"https:\/\/fadia.info\/index.php\/2025\/06\/03\/fadia-se-une-a-la-campana-comunidadinstalador-para-fortalecer-el-sector-de-las-instalaciones-en-andalucia\/#primaryimage\",\"url\":\"https:\/\/fadia.info\/wp-content\/uploads\/2025\/06\/Lanzamiento-comunidad2025-portada.webp\",\"contentUrl\":\"https:\/\/fadia.info\/wp-content\/uploads\/2025\/06\/Lanzamiento-comunidad2025-portada.webp\",\"width\":918,\"height\":437},{\"@type\":\"BreadcrumbList\",\"@id\":\"https:\/\/fadia.info\/index.php\/2025\/06\/03\/fadia-se-une-a-la-campana-comunidadinstalador-para-fortalecer-el-sector-de-las-instalaciones-en-andalucia\/#breadcrumb\",\"itemListElement\":[{\"@type\":\"ListItem\",\"position\":1,\"name\":\"Portada\",\"item\":\"https:\/\/fadia.info\/\"},{\"@type\":\"ListItem\",\"position\":2,\"name\":\"FADIA se une a la campa\u00f1a #ComunidadInstalador\u00ae para fortalecer el sector de las instalaciones en Andaluc\u00eda\"}]},{\"@type\":\"WebSite\",\"@id\":\"https:\/\/fadia.info\/#website\",\"url\":\"https:\/\/fadia.info\/\",\"name\":\"Fadia\",\"description\":\"\",\"publisher\":{\"@id\":\"https:\/\/fadia.info\/#organization\"},\"alternateName\":\"Federaci\u00f3n de Asociaciones de Instaladores de Andaluc\u00eda\",\"potentialAction\":[{\"@type\":\"SearchAction\",\"target\":{\"@type\":\"EntryPoint\",\"urlTemplate\":\"https:\/\/fadia.info\/?s={search_term_string}\"},\"query-input\":{\"@type\":\"PropertyValueSpecification\",\"valueRequired\":true,\"valueName\":\"search_term_string\"}}],\"inLanguage\":\"es\"},{\"@type\":\"Organization\",\"@id\":\"https:\/\/fadia.info\/#organization\",\"name\":\"Federaci\u00f3n de Asociaciones de Instaladores de Andaluc\u00eda\",\"alternateName\":\"FADIA\",\"url\":\"https:\/\/fadia.info\/\",\"logo\":{\"@type\":\"ImageObject\",\"inLanguage\":\"es\",\"@id\":\"https:\/\/fadia.info\/#\/schema\/logo\/image\/\",\"url\":\"https:\/\/fadia.info\/wp-content\/uploads\/2023\/11\/logo_fadia.png\",\"contentUrl\":\"https:\/\/fadia.info\/wp-content\/uploads\/2023\/11\/logo_fadia.png\",\"width\":619,\"height\":265,\"caption\":\"Federaci\u00f3n de Asociaciones de Instaladores de Andaluc\u00eda\"},\"image\":{\"@id\":\"https:\/\/fadia.info\/#\/schema\/logo\/image\/\"}},{\"@type\":\"Person\",\"@id\":\"https:\/\/fadia.info\/#\/schema\/person\/cdaf7b8ba0a834795f1121971cfaab26\",\"name\":\"Miguel\",\"image\":{\"@type\":\"ImageObject\",\"inLanguage\":\"es\",\"@id\":\"https:\/\/fadia.info\/#\/schema\/person\/image\/\",\"url\":\"https:\/\/secure.gravatar.com\/avatar\/7f4e60b1e9fe9c37d925854cb71b1cb76e7cee4d38db28d6f7e8677375de1b8e?s=96&d=mm&r=g\",\"contentUrl\":\"https:\/\/secure.gravatar.com\/avatar\/7f4e60b1e9fe9c37d925854cb71b1cb76e7cee4d38db28d6f7e8677375de1b8e?s=96&d=mm&r=g\",\"caption\":\"Miguel\"},\"url\":\"https:\/\/fadia.info\/index.php\/author\/miguel\/\"}]}<\/script>\n<!-- \/ Yoast SEO plugin. -->","yoast_head_json":{"title":"FADIA se une a la campa\u00f1a #ComunidadInstalador\u00ae para fortalecer el sector de las instalaciones en Andaluc\u00eda - Fadia","robots":{"index":"index","follow":"follow","max-snippet":"max-snippet:-1","max-image-preview":"max-image-preview:large","max-video-preview":"max-video-preview:-1"},"canonical":"https:\/\/fadia.info\/index.php\/2025\/06\/03\/fadia-se-une-a-la-campana-comunidadinstalador-para-fortalecer-el-sector-de-las-instalaciones-en-andalucia\/","og_locale":"es_ES","og_type":"article","og_title":"FADIA se une a la campa\u00f1a #ComunidadInstalador\u00ae para fortalecer el sector de las instalaciones en Andaluc\u00eda - Fadia","og_description":"La Federaci\u00f3n de Asociaciones de Instaladores de Andaluc\u00eda (FADIA) se incorpora a la campa\u00f1a #ComunidadInstalador\u00ae, una iniciativa impulsada por \u00a0caloryfrio.com desde 2021 con el objetivo de dar visibilidad a la [&hellip;]","og_url":"https:\/\/fadia.info\/index.php\/2025\/06\/03\/fadia-se-une-a-la-campana-comunidadinstalador-para-fortalecer-el-sector-de-las-instalaciones-en-andalucia\/","og_site_name":"Fadia","article_published_time":"2025-06-03T13:01:38+00:00","article_modified_time":"2025-06-03T13:01:40+00:00","og_image":[{"width":918,"height":437,"url":"https:\/\/fadia.info\/wp-content\/uploads\/2025\/06\/Lanzamiento-comunidad2025-portada.webp","type":"image\/webp"}],"author":"Miguel","twitter_card":"summary_large_image","twitter_misc":{"Escrito por":"Miguel","Tiempo de lectura":"2 minutos"},"schema":{"@context":"https:\/\/schema.org","@graph":[{"@type":"Article","@id":"https:\/\/fadia.info\/index.php\/2025\/06\/03\/fadia-se-une-a-la-campana-comunidadinstalador-para-fortalecer-el-sector-de-las-instalaciones-en-andalucia\/#article","isPartOf":{"@id":"https:\/\/fadia.info\/index.php\/2025\/06\/03\/fadia-se-une-a-la-campana-comunidadinstalador-para-fortalecer-el-sector-de-las-instalaciones-en-andalucia\/"},"author":{"name":"Miguel","@id":"https:\/\/fadia.info\/#\/schema\/person\/cdaf7b8ba0a834795f1121971cfaab26"},"headline":"FADIA se une a la campa\u00f1a #ComunidadInstalador\u00ae para fortalecer el sector de las instalaciones en Andaluc\u00eda","datePublished":"2025-06-03T13:01:38+00:00","dateModified":"2025-06-03T13:01:40+00:00","mainEntityOfPage":{"@id":"https:\/\/fadia.info\/index.php\/2025\/06\/03\/fadia-se-une-a-la-campana-comunidadinstalador-para-fortalecer-el-sector-de-las-instalaciones-en-andalucia\/"},"wordCount":235,"commentCount":0,"publisher":{"@id":"https:\/\/fadia.info\/#organization"},"image":{"@id":"https:\/\/fadia.info\/index.php\/2025\/06\/03\/fadia-se-une-a-la-campana-comunidadinstalador-para-fortalecer-el-sector-de-las-instalaciones-en-andalucia\/#primaryimage"},"thumbnailUrl":"https:\/\/fadia.info\/wp-content\/uploads\/2025\/06\/Lanzamiento-comunidad2025-portada.webp","keywords":["caloryfrio","comunidadinstalador","FADIA","INSTALADORES"],"articleSection":["FADIA"],"inLanguage":"es","potentialAction":[{"@type":"CommentAction","name":"Comment","target":["https:\/\/fadia.info\/index.php\/2025\/06\/03\/fadia-se-une-a-la-campana-comunidadinstalador-para-fortalecer-el-sector-de-las-instalaciones-en-andalucia\/#respond"]}]},{"@type":"WebPage","@id":"https:\/\/fadia.info\/index.php\/2025\/06\/03\/fadia-se-une-a-la-campana-comunidadinstalador-para-fortalecer-el-sector-de-las-instalaciones-en-andalucia\/","url":"https:\/\/fadia.info\/index.php\/2025\/06\/03\/fadia-se-une-a-la-campana-comunidadinstalador-para-fortalecer-el-sector-de-las-instalaciones-en-andalucia\/","name":"FADIA se une a la campa\u00f1a #ComunidadInstalador\u00ae para fortalecer el sector de las instalaciones en Andaluc\u00eda - Fadia","isPartOf":{"@id":"https:\/\/fadia.info\/#website"},"primaryImageOfPage":{"@id":"https:\/\/fadia.info\/index.php\/2025\/06\/03\/fadia-se-une-a-la-campana-comunidadinstalador-para-fortalecer-el-sector-de-las-instalaciones-en-andalucia\/#primaryimage"},"image":{"@id":"https:\/\/fadia.info\/index.php\/2025\/06\/03\/fadia-se-une-a-la-campana-comunidadinstalador-para-fortalecer-el-sector-de-las-instalaciones-en-andalucia\/#primaryimage"},"thumbnailUrl":"https:\/\/fadia.info\/wp-content\/uploads\/2025\/06\/Lanzamiento-comunidad2025-portada.webp","datePublished":"2025-06-03T13:01:38+00:00","dateModified":"2025-06-03T13:01:40+00:00","breadcrumb":{"@id":"https:\/\/fadia.info\/index.php\/2025\/06\/03\/fadia-se-une-a-la-campana-comunidadinstalador-para-fortalecer-el-sector-de-las-instalaciones-en-andalucia\/#breadcrumb"},"inLanguage":"es","potentialAction":[{"@type":"ReadAction","target":["https:\/\/fadia.info\/index.php\/2025\/06\/03\/fadia-se-une-a-la-campana-comunidadinstalador-para-fortalecer-el-sector-de-las-instalaciones-en-andalucia\/"]}]},{"@type":"ImageObject","inLanguage":"es","@id":"https:\/\/fadia.info\/index.php\/2025\/06\/03\/fadia-se-une-a-la-campana-comunidadinstalador-para-fortalecer-el-sector-de-las-instalaciones-en-andalucia\/#primaryimage","url":"https:\/\/fadia.info\/wp-content\/uploads\/2025\/06\/Lanzamiento-comunidad2025-portada.webp","contentUrl":"https:\/\/fadia.info\/wp-content\/uploads\/2025\/06\/Lanzamiento-comunidad2025-portada.webp","width":918,"height":437},{"@type":"BreadcrumbList","@id":"https:\/\/fadia.info\/index.php\/2025\/06\/03\/fadia-se-une-a-la-campana-comunidadinstalador-para-fortalecer-el-sector-de-las-instalaciones-en-andalucia\/#breadcrumb","itemListElement":[{"@type":"ListItem","position":1,"name":"Portada","item":"https:\/\/fadia.info\/"},{"@type":"ListItem","position":2,"name":"FADIA se une a la campa\u00f1a #ComunidadInstalador\u00ae para fortalecer el sector de las instalaciones en Andaluc\u00eda"}]},{"@type":"WebSite","@id":"https:\/\/fadia.info\/#website","url":"https:\/\/fadia.info\/","name":"Fadia","description":"","publisher":{"@id":"https:\/\/fadia.info\/#organization"},"alternateName":"Federaci\u00f3n de Asociaciones de Instaladores de Andaluc\u00eda","potentialAction":[{"@type":"SearchAction","target":{"@type":"EntryPoint","urlTemplate":"https:\/\/fadia.info\/?s={search_term_string}"},"query-input":{"@type":"PropertyValueSpecification","valueRequired":true,"valueName":"search_term_string"}}],"inLanguage":"es"},{"@type":"Organization","@id":"https:\/\/fadia.info\/#organization","name":"Federaci\u00f3n de Asociaciones de Instaladores de Andaluc\u00eda","alternateName":"FADIA","url":"https:\/\/fadia.info\/","logo":{"@type":"ImageObject","inLanguage":"es","@id":"https:\/\/fadia.info\/#\/schema\/logo\/image\/","url":"https:\/\/fadia.info\/wp-content\/uploads\/2023\/11\/logo_fadia.png","contentUrl":"https:\/\/fadia.info\/wp-content\/uploads\/2023\/11\/logo_fadia.png","width":619,"height":265,"caption":"Federaci\u00f3n de Asociaciones de Instaladores de Andaluc\u00eda"},"image":{"@id":"https:\/\/fadia.info\/#\/schema\/logo\/image\/"}},{"@type":"Person","@id":"https:\/\/fadia.info\/#\/schema\/person\/cdaf7b8ba0a834795f1121971cfaab26","name":"Miguel","image":{"@type":"ImageObject","inLanguage":"es","@id":"https:\/\/fadia.info\/#\/schema\/person\/image\/","url":"https:\/\/secure.gravatar.com\/avatar\/7f4e60b1e9fe9c37d925854cb71b1cb76e7cee4d38db28d6f7e8677375de1b8e?s=96&d=mm&r=g","contentUrl":"https:\/\/secure.gravatar.com\/avatar\/7f4e60b1e9fe9c37d925854cb71b1cb76e7cee4d38db28d6f7e8677375de1b8e?s=96&d=mm&r=g","caption":"Miguel"},"url":"https:\/\/fadia.info\/index.php\/author\/miguel\/"}]}},"_links":{"self":[{"href":"https:\/\/fadia.info\/index.php\/wp-json\/wp\/v2\/posts\/6555","targetHints":{"allow":["GET"]}}],"collection":[{"href":"https:\/\/fadia.info\/index.php\/wp-json\/wp\/v2\/posts"}],"about":[{"href":"https:\/\/fadia.info\/index.php\/wp-json\/wp\/v2\/types\/post"}],"author":[{"embeddable":true,"href":"https:\/\/fadia.info\/index.php\/wp-json\/wp\/v2\/users\/3"}],"replies":[{"embeddable":true,"href":"https:\/\/fadia.info\/index.php\/wp-json\/wp\/v2\/comments?post=6555"}],"version-history":[{"count":1,"href":"https:\/\/fadia.info\/index.php\/wp-json\/wp\/v2\/posts\/6555\/revisions"}],"predecessor-version":[{"id":6557,"href":"https:\/\/fadia.info\/index.php\/wp-json\/wp\/v2\/posts\/6555\/revisions\/6557"}],"wp:featuredmedia":[{"embeddable":true,"href":"https:\/\/fadia.info\/index.php\/wp-json\/wp\/v2\/media\/6556"}],"wp:attachment":[{"href":"https:\/\/fadia.info\/index.php\/wp-json\/wp\/v2\/media?parent=6555"}],"wp:term":[{"taxonomy":"category","embeddable":true,"href":"https:\/\/fadia.info\/index.php\/wp-json\/wp\/v2\/categories?post=6555"},{"taxonomy":"post_tag","embeddable":true,"href":"https:\/\/fadia.info\/index.php\/wp-json\/wp\/v2\/tags?post=6555"}],"curies":[{"name":"wp","href":"https:\/\/api.w.org\/{rel}","templated":true}]}}