{"id":6550,"date":"2025-05-28T11:57:51","date_gmt":"2025-05-28T11:57:51","guid":{"rendered":"https:\/\/fadia.info\/?p=6550"},"modified":"2025-05-28T12:11:52","modified_gmt":"2025-05-28T12:11:52","slug":"fenie-se-reune-en-granada-con-las-asociaciones-de-instaladores-de-andalucia-y-fadia-para-avanzar-en-los-retos-del-sector","status":"publish","type":"post","link":"https:\/\/fadia.info\/index.php\/2025\/05\/28\/fenie-se-reune-en-granada-con-las-asociaciones-de-instaladores-de-andalucia-y-fadia-para-avanzar-en-los-retos-del-sector\/","title":{"rendered":"FENIE se re\u00fane en Granada con las asociaciones de instaladores de Andaluc\u00eda y FADIA para avanzar en los retos del sector"},"content":{"rendered":"\n<p>La Federaci\u00f3n Nacional de Empresarios de Instalaciones de Espa\u00f1a (<strong><a href=\"https:\/\/fenie.es\/\">FENIE<\/a><\/strong>) ha visitado la semana pasada la ciudad de <strong>Granada<\/strong> para mantener una reuni\u00f3n estrat\u00e9gica con las <strong>asociaciones provinciales de instaladores de Andaluc\u00eda<\/strong>, agrupadas bajo la <strong>Federaci\u00f3n de Asociaciones de Empresas Instaladoras de Andaluc\u00eda (FADIA)<\/strong>.<\/p>\n\n\n\n<!--more-->\n\n\n\n<p>El encuentro, que se celebr\u00f3 en un ambiente de colaboraci\u00f3n y di\u00e1logo, tuvo como objetivo <strong>reforzar la coordinaci\u00f3n entre FENIE y las asociaciones andaluzas<\/strong>, as\u00ed como abordar los <strong>principales retos del sector de las instalaciones energ\u00e9ticas<\/strong>, especialmente en un contexto de transici\u00f3n energ\u00e9tica y electrificaci\u00f3n.<\/p>\n\n\n\n<figure class=\"wp-block-gallery has-nested-images columns-default is-cropped wp-block-gallery-1 is-layout-flex wp-block-gallery-is-layout-flex\">\n<figure class=\"wp-block-image size-large\"><img loading=\"lazy\" decoding=\"async\" width=\"1024\" height=\"768\" data-id=\"6551\" src=\"https:\/\/fadia.info\/wp-content\/uploads\/2025\/05\/fadia_fenie1-1024x768.jpg\" alt=\"\" class=\"wp-image-6551\" srcset=\"https:\/\/fadia.info\/wp-content\/uploads\/2025\/05\/fadia_fenie1-980x735.jpg 980w, https:\/\/fadia.info\/wp-content\/uploads\/2025\/05\/fadia_fenie1-480x360.jpg 480w\" sizes=\"auto, (min-width: 0px) and (max-width: 480px) 480px, (min-width: 481px) and (max-width: 980px) 980px, (min-width: 981px) 1024px, 100vw\" \/><\/figure>\n<\/figure>\n\n\n\n<p>Durante la jornada se trataron temas clave como:<\/p>\n\n\n\n<ul class=\"wp-block-list\">\n<li>El papel de las asociaciones en la <strong>representaci\u00f3n y defensa del instalador<\/strong><\/li>\n\n\n\n<li>Estrategias para fomentar la <strong>formaci\u00f3n especializada y la cualificaci\u00f3n profesional<\/strong><\/li>\n\n\n\n<li>El impulso a las <strong>energ\u00edas renovables<\/strong> y la <strong>eficiencia energ\u00e9tica<\/strong><\/li>\n\n\n\n<li>La <strong>colaboraci\u00f3n institucional<\/strong> con las administraciones regionales y nacionales<\/li>\n<\/ul>\n\n\n\n<p>La reuni\u00f3n sirvi\u00f3 tambi\u00e9n para poner en valor la <strong>unidad del colectivo instalador andaluz<\/strong> y la necesidad de seguir trabajando de forma conjunta para garantizar la competitividad, la profesionalizaci\u00f3n y el reconocimiento del sector.<\/p>\n\n\n\n<p><strong>FADIA<\/strong> y las asociaciones provinciales agradecieron la cercan\u00eda de la federaci\u00f3n nacional y reiteraron su voluntad de colaboraci\u00f3n activa para construir un sector m\u00e1s fuerte, conectado y preparado para los desaf\u00edos del futuro.<\/p>\n","protected":false},"excerpt":{"rendered":"<p>La Federaci\u00f3n Nacional de Empresarios de Instalaciones de Espa\u00f1a (FENIE) ha visitado la semana pasada la ciudad de Granada para mantener una reuni\u00f3n estrat\u00e9gica con las asociaciones provinciales de instaladores [&hellip;]<\/p>\n","protected":false},"author":3,"featured_media":6551,"comment_status":"open","ping_status":"open","sticky":false,"template":"","format":"standard","meta":{"_et_pb_use_builder":"off","_et_pb_old_content":"","_et_gb_content_width":"","_monsterinsights_skip_tracking":false,"_monsterinsights_sitenote_active":false,"_monsterinsights_sitenote_note":"","_monsterinsights_sitenote_category":0,"footnotes":""},"categories":[4],"tags":[14,26,15],"class_list":["post-6550","post","type-post","status-publish","format-standard","has-post-thumbnail","hentry","category-fadia","tag-fadia","tag-fenie","tag-instaladores"],"yoast_head":"<!-- This site is optimized with the Yoast SEO plugin v24.2 - https:\/\/yoast.com\/wordpress\/plugins\/seo\/ -->\n<title>FENIE se re\u00fane en Granada con las asociaciones de instaladores de Andaluc\u00eda y FADIA para avanzar en los retos del sector - Fadia<\/title>\n<meta name=\"robots\" content=\"index, follow, max-snippet:-1, max-image-preview:large, max-video-preview:-1\" \/>\n<link rel=\"canonical\" href=\"https:\/\/fadia.info\/index.php\/2025\/05\/28\/fenie-se-reune-en-granada-con-las-asociaciones-de-instaladores-de-andalucia-y-fadia-para-avanzar-en-los-retos-del-sector\/\" \/>\n<meta property=\"og:locale\" content=\"es_ES\" \/>\n<meta property=\"og:type\" content=\"article\" \/>\n<meta property=\"og:title\" content=\"FENIE se re\u00fane en Granada con las asociaciones de instaladores de Andaluc\u00eda y FADIA para avanzar en los retos del sector - Fadia\" \/>\n<meta property=\"og:description\" content=\"La Federaci\u00f3n Nacional de Empresarios de Instalaciones de Espa\u00f1a (FENIE) ha visitado la semana pasada la ciudad de Granada para mantener una reuni\u00f3n estrat\u00e9gica con las asociaciones provinciales de instaladores [&hellip;]\" \/>\n<meta property=\"og:url\" content=\"https:\/\/fadia.info\/index.php\/2025\/05\/28\/fenie-se-reune-en-granada-con-las-asociaciones-de-instaladores-de-andalucia-y-fadia-para-avanzar-en-los-retos-del-sector\/\" \/>\n<meta property=\"og:site_name\" content=\"Fadia\" \/>\n<meta property=\"article:published_time\" content=\"2025-05-28T11:57:51+00:00\" \/>\n<meta property=\"article:modified_time\" content=\"2025-05-28T12:11:52+00:00\" \/>\n<meta property=\"og:image\" content=\"https:\/\/fadia.info\/wp-content\/uploads\/2025\/05\/fadia_fenie1.jpg\" \/>\n\t<meta property=\"og:image:width\" content=\"2048\" \/>\n\t<meta property=\"og:image:height\" content=\"1536\" \/>\n\t<meta property=\"og:image:type\" content=\"image\/jpeg\" \/>\n<meta name=\"author\" content=\"Miguel\" \/>\n<meta name=\"twitter:card\" content=\"summary_large_image\" \/>\n<meta name=\"twitter:label1\" content=\"Escrito por\" \/>\n\t<meta name=\"twitter:data1\" content=\"Miguel\" \/>\n\t<meta name=\"twitter:label2\" content=\"Tiempo de lectura\" \/>\n\t<meta name=\"twitter:data2\" content=\"2 minutos\" \/>\n<script type=\"application\/ld+json\" class=\"yoast-schema-graph\">{\"@context\":\"https:\/\/schema.org\",\"@graph\":[{\"@type\":\"Article\",\"@id\":\"https:\/\/fadia.info\/index.php\/2025\/05\/28\/fenie-se-reune-en-granada-con-las-asociaciones-de-instaladores-de-andalucia-y-fadia-para-avanzar-en-los-retos-del-sector\/#article\",\"isPartOf\":{\"@id\":\"https:\/\/fadia.info\/index.php\/2025\/05\/28\/fenie-se-reune-en-granada-con-las-asociaciones-de-instaladores-de-andalucia-y-fadia-para-avanzar-en-los-retos-del-sector\/\"},\"author\":{\"name\":\"Miguel\",\"@id\":\"https:\/\/fadia.info\/#\/schema\/person\/cdaf7b8ba0a834795f1121971cfaab26\"},\"headline\":\"FENIE se re\u00fane en Granada con las asociaciones de instaladores de Andaluc\u00eda y FADIA para avanzar en los retos del sector\",\"datePublished\":\"2025-05-28T11:57:51+00:00\",\"dateModified\":\"2025-05-28T12:11:52+00:00\",\"mainEntityOfPage\":{\"@id\":\"https:\/\/fadia.info\/index.php\/2025\/05\/28\/fenie-se-reune-en-granada-con-las-asociaciones-de-instaladores-de-andalucia-y-fadia-para-avanzar-en-los-retos-del-sector\/\"},\"wordCount\":256,\"commentCount\":0,\"publisher\":{\"@id\":\"https:\/\/fadia.info\/#organization\"},\"image\":{\"@id\":\"https:\/\/fadia.info\/index.php\/2025\/05\/28\/fenie-se-reune-en-granada-con-las-asociaciones-de-instaladores-de-andalucia-y-fadia-para-avanzar-en-los-retos-del-sector\/#primaryimage\"},\"thumbnailUrl\":\"https:\/\/fadia.info\/wp-content\/uploads\/2025\/05\/fadia_fenie1.jpg\",\"keywords\":[\"FADIA\",\"fenie\",\"INSTALADORES\"],\"articleSection\":[\"FADIA\"],\"inLanguage\":\"es\",\"potentialAction\":[{\"@type\":\"CommentAction\",\"name\":\"Comment\",\"target\":[\"https:\/\/fadia.info\/index.php\/2025\/05\/28\/fenie-se-reune-en-granada-con-las-asociaciones-de-instaladores-de-andalucia-y-fadia-para-avanzar-en-los-retos-del-sector\/#respond\"]}]},{\"@type\":\"WebPage\",\"@id\":\"https:\/\/fadia.info\/index.php\/2025\/05\/28\/fenie-se-reune-en-granada-con-las-asociaciones-de-instaladores-de-andalucia-y-fadia-para-avanzar-en-los-retos-del-sector\/\",\"url\":\"https:\/\/fadia.info\/index.php\/2025\/05\/28\/fenie-se-reune-en-granada-con-las-asociaciones-de-instaladores-de-andalucia-y-fadia-para-avanzar-en-los-retos-del-sector\/\",\"name\":\"FENIE se re\u00fane en Granada con las asociaciones de instaladores de Andaluc\u00eda y FADIA para avanzar en los retos del sector - Fadia\",\"isPartOf\":{\"@id\":\"https:\/\/fadia.info\/#website\"},\"primaryImageOfPage\":{\"@id\":\"https:\/\/fadia.info\/index.php\/2025\/05\/28\/fenie-se-reune-en-granada-con-las-asociaciones-de-instaladores-de-andalucia-y-fadia-para-avanzar-en-los-retos-del-sector\/#primaryimage\"},\"image\":{\"@id\":\"https:\/\/fadia.info\/index.php\/2025\/05\/28\/fenie-se-reune-en-granada-con-las-asociaciones-de-instaladores-de-andalucia-y-fadia-para-avanzar-en-los-retos-del-sector\/#primaryimage\"},\"thumbnailUrl\":\"https:\/\/fadia.info\/wp-content\/uploads\/2025\/05\/fadia_fenie1.jpg\",\"datePublished\":\"2025-05-28T11:57:51+00:00\",\"dateModified\":\"2025-05-28T12:11:52+00:00\",\"breadcrumb\":{\"@id\":\"https:\/\/fadia.info\/index.php\/2025\/05\/28\/fenie-se-reune-en-granada-con-las-asociaciones-de-instaladores-de-andalucia-y-fadia-para-avanzar-en-los-retos-del-sector\/#breadcrumb\"},\"inLanguage\":\"es\",\"potentialAction\":[{\"@type\":\"ReadAction\",\"target\":[\"https:\/\/fadia.info\/index.php\/2025\/05\/28\/fenie-se-reune-en-granada-con-las-asociaciones-de-instaladores-de-andalucia-y-fadia-para-avanzar-en-los-retos-del-sector\/\"]}]},{\"@type\":\"ImageObject\",\"inLanguage\":\"es\",\"@id\":\"https:\/\/fadia.info\/index.php\/2025\/05\/28\/fenie-se-reune-en-granada-con-las-asociaciones-de-instaladores-de-andalucia-y-fadia-para-avanzar-en-los-retos-del-sector\/#primaryimage\",\"url\":\"https:\/\/fadia.info\/wp-content\/uploads\/2025\/05\/fadia_fenie1.jpg\",\"contentUrl\":\"https:\/\/fadia.info\/wp-content\/uploads\/2025\/05\/fadia_fenie1.jpg\",\"width\":2048,\"height\":1536},{\"@type\":\"BreadcrumbList\",\"@id\":\"https:\/\/fadia.info\/index.php\/2025\/05\/28\/fenie-se-reune-en-granada-con-las-asociaciones-de-instaladores-de-andalucia-y-fadia-para-avanzar-en-los-retos-del-sector\/#breadcrumb\",\"itemListElement\":[{\"@type\":\"ListItem\",\"position\":1,\"name\":\"Portada\",\"item\":\"https:\/\/fadia.info\/\"},{\"@type\":\"ListItem\",\"position\":2,\"name\":\"FENIE se re\u00fane en Granada con las asociaciones de instaladores de Andaluc\u00eda y FADIA para avanzar en los retos del sector\"}]},{\"@type\":\"WebSite\",\"@id\":\"https:\/\/fadia.info\/#website\",\"url\":\"https:\/\/fadia.info\/\",\"name\":\"Fadia\",\"description\":\"\",\"publisher\":{\"@id\":\"https:\/\/fadia.info\/#organization\"},\"alternateName\":\"Federaci\u00f3n de Asociaciones de Instaladores de Andaluc\u00eda\",\"potentialAction\":[{\"@type\":\"SearchAction\",\"target\":{\"@type\":\"EntryPoint\",\"urlTemplate\":\"https:\/\/fadia.info\/?s={search_term_string}\"},\"query-input\":{\"@type\":\"PropertyValueSpecification\",\"valueRequired\":true,\"valueName\":\"search_term_string\"}}],\"inLanguage\":\"es\"},{\"@type\":\"Organization\",\"@id\":\"https:\/\/fadia.info\/#organization\",\"name\":\"Federaci\u00f3n de Asociaciones de Instaladores de Andaluc\u00eda\",\"alternateName\":\"FADIA\",\"url\":\"https:\/\/fadia.info\/\",\"logo\":{\"@type\":\"ImageObject\",\"inLanguage\":\"es\",\"@id\":\"https:\/\/fadia.info\/#\/schema\/logo\/image\/\",\"url\":\"https:\/\/fadia.info\/wp-content\/uploads\/2023\/11\/logo_fadia.png\",\"contentUrl\":\"https:\/\/fadia.info\/wp-content\/uploads\/2023\/11\/logo_fadia.png\",\"width\":619,\"height\":265,\"caption\":\"Federaci\u00f3n de Asociaciones de Instaladores de Andaluc\u00eda\"},\"image\":{\"@id\":\"https:\/\/fadia.info\/#\/schema\/logo\/image\/\"}},{\"@type\":\"Person\",\"@id\":\"https:\/\/fadia.info\/#\/schema\/person\/cdaf7b8ba0a834795f1121971cfaab26\",\"name\":\"Miguel\",\"image\":{\"@type\":\"ImageObject\",\"inLanguage\":\"es\",\"@id\":\"https:\/\/fadia.info\/#\/schema\/person\/image\/\",\"url\":\"https:\/\/secure.gravatar.com\/avatar\/7f4e60b1e9fe9c37d925854cb71b1cb76e7cee4d38db28d6f7e8677375de1b8e?s=96&d=mm&r=g\",\"contentUrl\":\"https:\/\/secure.gravatar.com\/avatar\/7f4e60b1e9fe9c37d925854cb71b1cb76e7cee4d38db28d6f7e8677375de1b8e?s=96&d=mm&r=g\",\"caption\":\"Miguel\"},\"url\":\"https:\/\/fadia.info\/index.php\/author\/miguel\/\"}]}<\/script>\n<!-- \/ Yoast SEO plugin. -->","yoast_head_json":{"title":"FENIE se re\u00fane en Granada con las asociaciones de instaladores de Andaluc\u00eda y FADIA para avanzar en los retos del sector - Fadia","robots":{"index":"index","follow":"follow","max-snippet":"max-snippet:-1","max-image-preview":"max-image-preview:large","max-video-preview":"max-video-preview:-1"},"canonical":"https:\/\/fadia.info\/index.php\/2025\/05\/28\/fenie-se-reune-en-granada-con-las-asociaciones-de-instaladores-de-andalucia-y-fadia-para-avanzar-en-los-retos-del-sector\/","og_locale":"es_ES","og_type":"article","og_title":"FENIE se re\u00fane en Granada con las asociaciones de instaladores de Andaluc\u00eda y FADIA para avanzar en los retos del sector - Fadia","og_description":"La Federaci\u00f3n Nacional de Empresarios de Instalaciones de Espa\u00f1a (FENIE) ha visitado la semana pasada la ciudad de Granada para mantener una reuni\u00f3n estrat\u00e9gica con las asociaciones provinciales de instaladores [&hellip;]","og_url":"https:\/\/fadia.info\/index.php\/2025\/05\/28\/fenie-se-reune-en-granada-con-las-asociaciones-de-instaladores-de-andalucia-y-fadia-para-avanzar-en-los-retos-del-sector\/","og_site_name":"Fadia","article_published_time":"2025-05-28T11:57:51+00:00","article_modified_time":"2025-05-28T12:11:52+00:00","og_image":[{"width":2048,"height":1536,"url":"https:\/\/fadia.info\/wp-content\/uploads\/2025\/05\/fadia_fenie1.jpg","type":"image\/jpeg"}],"author":"Miguel","twitter_card":"summary_large_image","twitter_misc":{"Escrito por":"Miguel","Tiempo de lectura":"2 minutos"},"schema":{"@context":"https:\/\/schema.org","@graph":[{"@type":"Article","@id":"https:\/\/fadia.info\/index.php\/2025\/05\/28\/fenie-se-reune-en-granada-con-las-asociaciones-de-instaladores-de-andalucia-y-fadia-para-avanzar-en-los-retos-del-sector\/#article","isPartOf":{"@id":"https:\/\/fadia.info\/index.php\/2025\/05\/28\/fenie-se-reune-en-granada-con-las-asociaciones-de-instaladores-de-andalucia-y-fadia-para-avanzar-en-los-retos-del-sector\/"},"author":{"name":"Miguel","@id":"https:\/\/fadia.info\/#\/schema\/person\/cdaf7b8ba0a834795f1121971cfaab26"},"headline":"FENIE se re\u00fane en Granada con las asociaciones de instaladores de Andaluc\u00eda y FADIA para avanzar en los retos del sector","datePublished":"2025-05-28T11:57:51+00:00","dateModified":"2025-05-28T12:11:52+00:00","mainEntityOfPage":{"@id":"https:\/\/fadia.info\/index.php\/2025\/05\/28\/fenie-se-reune-en-granada-con-las-asociaciones-de-instaladores-de-andalucia-y-fadia-para-avanzar-en-los-retos-del-sector\/"},"wordCount":256,"commentCount":0,"publisher":{"@id":"https:\/\/fadia.info\/#organization"},"image":{"@id":"https:\/\/fadia.info\/index.php\/2025\/05\/28\/fenie-se-reune-en-granada-con-las-asociaciones-de-instaladores-de-andalucia-y-fadia-para-avanzar-en-los-retos-del-sector\/#primaryimage"},"thumbnailUrl":"https:\/\/fadia.info\/wp-content\/uploads\/2025\/05\/fadia_fenie1.jpg","keywords":["FADIA","fenie","INSTALADORES"],"articleSection":["FADIA"],"inLanguage":"es","potentialAction":[{"@type":"CommentAction","name":"Comment","target":["https:\/\/fadia.info\/index.php\/2025\/05\/28\/fenie-se-reune-en-granada-con-las-asociaciones-de-instaladores-de-andalucia-y-fadia-para-avanzar-en-los-retos-del-sector\/#respond"]}]},{"@type":"WebPage","@id":"https:\/\/fadia.info\/index.php\/2025\/05\/28\/fenie-se-reune-en-granada-con-las-asociaciones-de-instaladores-de-andalucia-y-fadia-para-avanzar-en-los-retos-del-sector\/","url":"https:\/\/fadia.info\/index.php\/2025\/05\/28\/fenie-se-reune-en-granada-con-las-asociaciones-de-instaladores-de-andalucia-y-fadia-para-avanzar-en-los-retos-del-sector\/","name":"FENIE se re\u00fane en Granada con las asociaciones de instaladores de Andaluc\u00eda y FADIA para avanzar en los retos del sector - Fadia","isPartOf":{"@id":"https:\/\/fadia.info\/#website"},"primaryImageOfPage":{"@id":"https:\/\/fadia.info\/index.php\/2025\/05\/28\/fenie-se-reune-en-granada-con-las-asociaciones-de-instaladores-de-andalucia-y-fadia-para-avanzar-en-los-retos-del-sector\/#primaryimage"},"image":{"@id":"https:\/\/fadia.info\/index.php\/2025\/05\/28\/fenie-se-reune-en-granada-con-las-asociaciones-de-instaladores-de-andalucia-y-fadia-para-avanzar-en-los-retos-del-sector\/#primaryimage"},"thumbnailUrl":"https:\/\/fadia.info\/wp-content\/uploads\/2025\/05\/fadia_fenie1.jpg","datePublished":"2025-05-28T11:57:51+00:00","dateModified":"2025-05-28T12:11:52+00:00","breadcrumb":{"@id":"https:\/\/fadia.info\/index.php\/2025\/05\/28\/fenie-se-reune-en-granada-con-las-asociaciones-de-instaladores-de-andalucia-y-fadia-para-avanzar-en-los-retos-del-sector\/#breadcrumb"},"inLanguage":"es","potentialAction":[{"@type":"ReadAction","target":["https:\/\/fadia.info\/index.php\/2025\/05\/28\/fenie-se-reune-en-granada-con-las-asociaciones-de-instaladores-de-andalucia-y-fadia-para-avanzar-en-los-retos-del-sector\/"]}]},{"@type":"ImageObject","inLanguage":"es","@id":"https:\/\/fadia.info\/index.php\/2025\/05\/28\/fenie-se-reune-en-granada-con-las-asociaciones-de-instaladores-de-andalucia-y-fadia-para-avanzar-en-los-retos-del-sector\/#primaryimage","url":"https:\/\/fadia.info\/wp-content\/uploads\/2025\/05\/fadia_fenie1.jpg","contentUrl":"https:\/\/fadia.info\/wp-content\/uploads\/2025\/05\/fadia_fenie1.jpg","width":2048,"height":1536},{"@type":"BreadcrumbList","@id":"https:\/\/fadia.info\/index.php\/2025\/05\/28\/fenie-se-reune-en-granada-con-las-asociaciones-de-instaladores-de-andalucia-y-fadia-para-avanzar-en-los-retos-del-sector\/#breadcrumb","itemListElement":[{"@type":"ListItem","position":1,"name":"Portada","item":"https:\/\/fadia.info\/"},{"@type":"ListItem","position":2,"name":"FENIE se re\u00fane en Granada con las asociaciones de instaladores de Andaluc\u00eda y FADIA para avanzar en los retos del sector"}]},{"@type":"WebSite","@id":"https:\/\/fadia.info\/#website","url":"https:\/\/fadia.info\/","name":"Fadia","description":"","publisher":{"@id":"https:\/\/fadia.info\/#organization"},"alternateName":"Federaci\u00f3n de Asociaciones de Instaladores de Andaluc\u00eda","potentialAction":[{"@type":"SearchAction","target":{"@type":"EntryPoint","urlTemplate":"https:\/\/fadia.info\/?s={search_term_string}"},"query-input":{"@type":"PropertyValueSpecification","valueRequired":true,"valueName":"search_term_string"}}],"inLanguage":"es"},{"@type":"Organization","@id":"https:\/\/fadia.info\/#organization","name":"Federaci\u00f3n de Asociaciones de Instaladores de Andaluc\u00eda","alternateName":"FADIA","url":"https:\/\/fadia.info\/","logo":{"@type":"ImageObject","inLanguage":"es","@id":"https:\/\/fadia.info\/#\/schema\/logo\/image\/","url":"https:\/\/fadia.info\/wp-content\/uploads\/2023\/11\/logo_fadia.png","contentUrl":"https:\/\/fadia.info\/wp-content\/uploads\/2023\/11\/logo_fadia.png","width":619,"height":265,"caption":"Federaci\u00f3n de Asociaciones de Instaladores de Andaluc\u00eda"},"image":{"@id":"https:\/\/fadia.info\/#\/schema\/logo\/image\/"}},{"@type":"Person","@id":"https:\/\/fadia.info\/#\/schema\/person\/cdaf7b8ba0a834795f1121971cfaab26","name":"Miguel","image":{"@type":"ImageObject","inLanguage":"es","@id":"https:\/\/fadia.info\/#\/schema\/person\/image\/","url":"https:\/\/secure.gravatar.com\/avatar\/7f4e60b1e9fe9c37d925854cb71b1cb76e7cee4d38db28d6f7e8677375de1b8e?s=96&d=mm&r=g","contentUrl":"https:\/\/secure.gravatar.com\/avatar\/7f4e60b1e9fe9c37d925854cb71b1cb76e7cee4d38db28d6f7e8677375de1b8e?s=96&d=mm&r=g","caption":"Miguel"},"url":"https:\/\/fadia.info\/index.php\/author\/miguel\/"}]}},"_links":{"self":[{"href":"https:\/\/fadia.info\/index.php\/wp-json\/wp\/v2\/posts\/6550","targetHints":{"allow":["GET"]}}],"collection":[{"href":"https:\/\/fadia.info\/index.php\/wp-json\/wp\/v2\/posts"}],"about":[{"href":"https:\/\/fadia.info\/index.php\/wp-json\/wp\/v2\/types\/post"}],"author":[{"embeddable":true,"href":"https:\/\/fadia.info\/index.php\/wp-json\/wp\/v2\/users\/3"}],"replies":[{"embeddable":true,"href":"https:\/\/fadia.info\/index.php\/wp-json\/wp\/v2\/comments?post=6550"}],"version-history":[{"count":2,"href":"https:\/\/fadia.info\/index.php\/wp-json\/wp\/v2\/posts\/6550\/revisions"}],"predecessor-version":[{"id":6553,"href":"https:\/\/fadia.info\/index.php\/wp-json\/wp\/v2\/posts\/6550\/revisions\/6553"}],"wp:featuredmedia":[{"embeddable":true,"href":"https:\/\/fadia.info\/index.php\/wp-json\/wp\/v2\/media\/6551"}],"wp:attachment":[{"href":"https:\/\/fadia.info\/index.php\/wp-json\/wp\/v2\/media?parent=6550"}],"wp:term":[{"taxonomy":"category","embeddable":true,"href":"https:\/\/fadia.info\/index.php\/wp-json\/wp\/v2\/categories?post=6550"},{"taxonomy":"post_tag","embeddable":true,"href":"https:\/\/fadia.info\/index.php\/wp-json\/wp\/v2\/tags?post=6550"}],"curies":[{"name":"wp","href":"https:\/\/api.w.org\/{rel}","templated":true}]}}