{"id":6545,"date":"2025-05-22T03:58:13","date_gmt":"2025-05-22T03:58:13","guid":{"rendered":"https:\/\/fadia.info\/?p=6545"},"modified":"2025-05-22T03:58:27","modified_gmt":"2025-05-22T03:58:27","slug":"jaen-acoge-las-ii-jornadas-de-la-energia-organizadas-por-apei-el-proximo-4-de-junio","status":"publish","type":"post","link":"https:\/\/fadia.info\/index.php\/2025\/05\/22\/jaen-acoge-las-ii-jornadas-de-la-energia-organizadas-por-apei-el-proximo-4-de-junio\/","title":{"rendered":"Ja\u00e9n acoge las II Jornadas de la Energ\u00eda organizadas por APEI el pr\u00f3ximo 4 de junio"},"content":{"rendered":"\n<p><strong>La Asociaci\u00f3n Profesional de Empresas Instaladoras de Ja\u00e9n (APEI) celebrar\u00e1 el 4 de junio las II Jornadas de la Energ\u00eda en el edificio Activa Ja\u00e9n de IFEJA.<\/strong><\/p>\n\n\n\n<!--more-->\n\n\n\n<p>El evento reunir\u00e1 a profesionales, expertos y estudiantes del sector energ\u00e9tico para debatir sobre el uso racional de la energ\u00eda, el biog\u00e1s, la figura del instalador profesional y las nuevas formas de energ\u00eda del futuro.<\/p>\n\n\n\n<p>La jornada, de inscripci\u00f3n gratuita a trav\u00e9s de la web oficial <a href=\"https:\/\/jornadasapei.com\/\">jornadasapei.com<\/a>, contar\u00e1 con ponencias de alto nivel y mesas redondas que abordar\u00e1n los principales retos de la transici\u00f3n energ\u00e9tica. Adem\u00e1s, se entregar\u00e1n premios a los estudiantes con los mejores expedientes en instalaci\u00f3n el\u00e9ctrica, solar o refrigeraci\u00f3n.<\/p>\n\n\n\n<figure class=\"wp-block-image size-large\"><img loading=\"lazy\" decoding=\"async\" width=\"725\" height=\"1024\" src=\"https:\/\/fadia.info\/wp-content\/uploads\/2025\/05\/Cartel_jornada_jaen-725x1024.jpg\" alt=\"\" class=\"wp-image-6547\" srcset=\"https:\/\/fadia.info\/wp-content\/uploads\/2025\/05\/Cartel_jornada_jaen-725x1024.jpg 725w, https:\/\/fadia.info\/wp-content\/uploads\/2025\/05\/Cartel_jornada_jaen-480x678.jpg 480w\" sizes=\"auto, (min-width: 0px) and (max-width: 480px) 480px, (min-width: 481px) 725px, 100vw\" \/><\/figure>\n\n\n\n<p>APEI, con m\u00e1s de 45 a\u00f1os de historia, contin\u00faa su compromiso con la representaci\u00f3n y defensa de los intereses del sector en distintos niveles territoriales. Estas jornadas buscan fortalecer la formaci\u00f3n continua, la innovaci\u00f3n tecnol\u00f3gica y el cumplimiento de los m\u00e1s altos est\u00e1ndares de calidad en el sector energ\u00e9tico.<\/p>\n\n\n\n<p>El evento cuenta con el respaldo de instituciones como la Diputaci\u00f3n de Ja\u00e9n, la Junta de Andaluc\u00eda y la colaboraci\u00f3n de empresas l\u00edderes en el sector. Se espera que las II Jornadas de la Energ\u00eda se consoliden como un referente anual para profesionales y entidades comprometidas con la eficiencia energ\u00e9tica y la sostenibilidad.<\/p>\n","protected":false},"excerpt":{"rendered":"<p>La Asociaci\u00f3n Profesional de Empresas Instaladoras de Ja\u00e9n (APEI) celebrar\u00e1 el 4 de junio las II Jornadas de la Energ\u00eda en el edificio Activa Ja\u00e9n de IFEJA.<\/p>\n","protected":false},"author":3,"featured_media":6546,"comment_status":"open","ping_status":"open","sticky":false,"template":"","format":"standard","meta":{"_et_pb_use_builder":"off","_et_pb_old_content":"","_et_gb_content_width":"","_monsterinsights_skip_tracking":false,"_monsterinsights_sitenote_active":false,"_monsterinsights_sitenote_note":"","_monsterinsights_sitenote_category":0,"footnotes":""},"categories":[4],"tags":[25,14,15],"class_list":["post-6545","post","type-post","status-publish","format-standard","has-post-thumbnail","hentry","category-fadia","tag-apei-jaen","tag-fadia","tag-instaladores"],"yoast_head":"<!-- This site is optimized with the Yoast SEO plugin v24.2 - https:\/\/yoast.com\/wordpress\/plugins\/seo\/ -->\n<title>Ja\u00e9n acoge las II Jornadas de la Energ\u00eda organizadas por APEI el pr\u00f3ximo 4 de junio - Fadia<\/title>\n<meta name=\"robots\" content=\"index, follow, max-snippet:-1, max-image-preview:large, max-video-preview:-1\" \/>\n<link rel=\"canonical\" href=\"https:\/\/fadia.info\/index.php\/2025\/05\/22\/jaen-acoge-las-ii-jornadas-de-la-energia-organizadas-por-apei-el-proximo-4-de-junio\/\" \/>\n<meta property=\"og:locale\" content=\"es_ES\" \/>\n<meta property=\"og:type\" content=\"article\" \/>\n<meta property=\"og:title\" content=\"Ja\u00e9n acoge las II Jornadas de la Energ\u00eda organizadas por APEI el pr\u00f3ximo 4 de junio - Fadia\" \/>\n<meta property=\"og:description\" content=\"La Asociaci\u00f3n Profesional de Empresas Instaladoras de Ja\u00e9n (APEI) celebrar\u00e1 el 4 de junio las II Jornadas de la Energ\u00eda en el edificio Activa Ja\u00e9n de IFEJA.\" \/>\n<meta property=\"og:url\" content=\"https:\/\/fadia.info\/index.php\/2025\/05\/22\/jaen-acoge-las-ii-jornadas-de-la-energia-organizadas-por-apei-el-proximo-4-de-junio\/\" \/>\n<meta property=\"og:site_name\" content=\"Fadia\" \/>\n<meta property=\"article:published_time\" content=\"2025-05-22T03:58:13+00:00\" \/>\n<meta property=\"article:modified_time\" content=\"2025-05-22T03:58:27+00:00\" \/>\n<meta property=\"og:image\" content=\"https:\/\/fadia.info\/wp-content\/uploads\/2025\/05\/jornada_jaen_apei.png\" \/>\n\t<meta property=\"og:image:width\" content=\"785\" \/>\n\t<meta property=\"og:image:height\" content=\"761\" \/>\n\t<meta property=\"og:image:type\" content=\"image\/png\" \/>\n<meta name=\"author\" content=\"Miguel\" \/>\n<meta name=\"twitter:card\" content=\"summary_large_image\" \/>\n<meta name=\"twitter:label1\" content=\"Escrito por\" \/>\n\t<meta name=\"twitter:data1\" content=\"Miguel\" \/>\n\t<meta name=\"twitter:label2\" content=\"Tiempo de lectura\" \/>\n\t<meta name=\"twitter:data2\" content=\"2 minutos\" \/>\n<script type=\"application\/ld+json\" class=\"yoast-schema-graph\">{\"@context\":\"https:\/\/schema.org\",\"@graph\":[{\"@type\":\"Article\",\"@id\":\"https:\/\/fadia.info\/index.php\/2025\/05\/22\/jaen-acoge-las-ii-jornadas-de-la-energia-organizadas-por-apei-el-proximo-4-de-junio\/#article\",\"isPartOf\":{\"@id\":\"https:\/\/fadia.info\/index.php\/2025\/05\/22\/jaen-acoge-las-ii-jornadas-de-la-energia-organizadas-por-apei-el-proximo-4-de-junio\/\"},\"author\":{\"name\":\"Miguel\",\"@id\":\"https:\/\/fadia.info\/#\/schema\/person\/cdaf7b8ba0a834795f1121971cfaab26\"},\"headline\":\"Ja\u00e9n acoge las II Jornadas de la Energ\u00eda organizadas por APEI el pr\u00f3ximo 4 de junio\",\"datePublished\":\"2025-05-22T03:58:13+00:00\",\"dateModified\":\"2025-05-22T03:58:27+00:00\",\"mainEntityOfPage\":{\"@id\":\"https:\/\/fadia.info\/index.php\/2025\/05\/22\/jaen-acoge-las-ii-jornadas-de-la-energia-organizadas-por-apei-el-proximo-4-de-junio\/\"},\"wordCount\":263,\"commentCount\":0,\"publisher\":{\"@id\":\"https:\/\/fadia.info\/#organization\"},\"image\":{\"@id\":\"https:\/\/fadia.info\/index.php\/2025\/05\/22\/jaen-acoge-las-ii-jornadas-de-la-energia-organizadas-por-apei-el-proximo-4-de-junio\/#primaryimage\"},\"thumbnailUrl\":\"https:\/\/fadia.info\/wp-content\/uploads\/2025\/05\/jornada_jaen_apei.png\",\"keywords\":[\"APEI JAEN\",\"FADIA\",\"INSTALADORES\"],\"articleSection\":[\"FADIA\"],\"inLanguage\":\"es\",\"potentialAction\":[{\"@type\":\"CommentAction\",\"name\":\"Comment\",\"target\":[\"https:\/\/fadia.info\/index.php\/2025\/05\/22\/jaen-acoge-las-ii-jornadas-de-la-energia-organizadas-por-apei-el-proximo-4-de-junio\/#respond\"]}]},{\"@type\":\"WebPage\",\"@id\":\"https:\/\/fadia.info\/index.php\/2025\/05\/22\/jaen-acoge-las-ii-jornadas-de-la-energia-organizadas-por-apei-el-proximo-4-de-junio\/\",\"url\":\"https:\/\/fadia.info\/index.php\/2025\/05\/22\/jaen-acoge-las-ii-jornadas-de-la-energia-organizadas-por-apei-el-proximo-4-de-junio\/\",\"name\":\"Ja\u00e9n acoge las II Jornadas de la Energ\u00eda organizadas por APEI el pr\u00f3ximo 4 de junio - Fadia\",\"isPartOf\":{\"@id\":\"https:\/\/fadia.info\/#website\"},\"primaryImageOfPage\":{\"@id\":\"https:\/\/fadia.info\/index.php\/2025\/05\/22\/jaen-acoge-las-ii-jornadas-de-la-energia-organizadas-por-apei-el-proximo-4-de-junio\/#primaryimage\"},\"image\":{\"@id\":\"https:\/\/fadia.info\/index.php\/2025\/05\/22\/jaen-acoge-las-ii-jornadas-de-la-energia-organizadas-por-apei-el-proximo-4-de-junio\/#primaryimage\"},\"thumbnailUrl\":\"https:\/\/fadia.info\/wp-content\/uploads\/2025\/05\/jornada_jaen_apei.png\",\"datePublished\":\"2025-05-22T03:58:13+00:00\",\"dateModified\":\"2025-05-22T03:58:27+00:00\",\"breadcrumb\":{\"@id\":\"https:\/\/fadia.info\/index.php\/2025\/05\/22\/jaen-acoge-las-ii-jornadas-de-la-energia-organizadas-por-apei-el-proximo-4-de-junio\/#breadcrumb\"},\"inLanguage\":\"es\",\"potentialAction\":[{\"@type\":\"ReadAction\",\"target\":[\"https:\/\/fadia.info\/index.php\/2025\/05\/22\/jaen-acoge-las-ii-jornadas-de-la-energia-organizadas-por-apei-el-proximo-4-de-junio\/\"]}]},{\"@type\":\"ImageObject\",\"inLanguage\":\"es\",\"@id\":\"https:\/\/fadia.info\/index.php\/2025\/05\/22\/jaen-acoge-las-ii-jornadas-de-la-energia-organizadas-por-apei-el-proximo-4-de-junio\/#primaryimage\",\"url\":\"https:\/\/fadia.info\/wp-content\/uploads\/2025\/05\/jornada_jaen_apei.png\",\"contentUrl\":\"https:\/\/fadia.info\/wp-content\/uploads\/2025\/05\/jornada_jaen_apei.png\",\"width\":785,\"height\":761},{\"@type\":\"BreadcrumbList\",\"@id\":\"https:\/\/fadia.info\/index.php\/2025\/05\/22\/jaen-acoge-las-ii-jornadas-de-la-energia-organizadas-por-apei-el-proximo-4-de-junio\/#breadcrumb\",\"itemListElement\":[{\"@type\":\"ListItem\",\"position\":1,\"name\":\"Portada\",\"item\":\"https:\/\/fadia.info\/\"},{\"@type\":\"ListItem\",\"position\":2,\"name\":\"Ja\u00e9n acoge las II Jornadas de la Energ\u00eda organizadas por APEI el pr\u00f3ximo 4 de junio\"}]},{\"@type\":\"WebSite\",\"@id\":\"https:\/\/fadia.info\/#website\",\"url\":\"https:\/\/fadia.info\/\",\"name\":\"Fadia\",\"description\":\"\",\"publisher\":{\"@id\":\"https:\/\/fadia.info\/#organization\"},\"alternateName\":\"Federaci\u00f3n de Asociaciones de Instaladores de Andaluc\u00eda\",\"potentialAction\":[{\"@type\":\"SearchAction\",\"target\":{\"@type\":\"EntryPoint\",\"urlTemplate\":\"https:\/\/fadia.info\/?s={search_term_string}\"},\"query-input\":{\"@type\":\"PropertyValueSpecification\",\"valueRequired\":true,\"valueName\":\"search_term_string\"}}],\"inLanguage\":\"es\"},{\"@type\":\"Organization\",\"@id\":\"https:\/\/fadia.info\/#organization\",\"name\":\"Federaci\u00f3n de Asociaciones de Instaladores de Andaluc\u00eda\",\"alternateName\":\"FADIA\",\"url\":\"https:\/\/fadia.info\/\",\"logo\":{\"@type\":\"ImageObject\",\"inLanguage\":\"es\",\"@id\":\"https:\/\/fadia.info\/#\/schema\/logo\/image\/\",\"url\":\"https:\/\/fadia.info\/wp-content\/uploads\/2023\/11\/logo_fadia.png\",\"contentUrl\":\"https:\/\/fadia.info\/wp-content\/uploads\/2023\/11\/logo_fadia.png\",\"width\":619,\"height\":265,\"caption\":\"Federaci\u00f3n de Asociaciones de Instaladores de Andaluc\u00eda\"},\"image\":{\"@id\":\"https:\/\/fadia.info\/#\/schema\/logo\/image\/\"}},{\"@type\":\"Person\",\"@id\":\"https:\/\/fadia.info\/#\/schema\/person\/cdaf7b8ba0a834795f1121971cfaab26\",\"name\":\"Miguel\",\"image\":{\"@type\":\"ImageObject\",\"inLanguage\":\"es\",\"@id\":\"https:\/\/fadia.info\/#\/schema\/person\/image\/\",\"url\":\"https:\/\/secure.gravatar.com\/avatar\/7f4e60b1e9fe9c37d925854cb71b1cb76e7cee4d38db28d6f7e8677375de1b8e?s=96&d=mm&r=g\",\"contentUrl\":\"https:\/\/secure.gravatar.com\/avatar\/7f4e60b1e9fe9c37d925854cb71b1cb76e7cee4d38db28d6f7e8677375de1b8e?s=96&d=mm&r=g\",\"caption\":\"Miguel\"},\"url\":\"https:\/\/fadia.info\/index.php\/author\/miguel\/\"}]}<\/script>\n<!-- \/ Yoast SEO plugin. -->","yoast_head_json":{"title":"Ja\u00e9n acoge las II Jornadas de la Energ\u00eda organizadas por APEI el pr\u00f3ximo 4 de junio - Fadia","robots":{"index":"index","follow":"follow","max-snippet":"max-snippet:-1","max-image-preview":"max-image-preview:large","max-video-preview":"max-video-preview:-1"},"canonical":"https:\/\/fadia.info\/index.php\/2025\/05\/22\/jaen-acoge-las-ii-jornadas-de-la-energia-organizadas-por-apei-el-proximo-4-de-junio\/","og_locale":"es_ES","og_type":"article","og_title":"Ja\u00e9n acoge las II Jornadas de la Energ\u00eda organizadas por APEI el pr\u00f3ximo 4 de junio - Fadia","og_description":"La Asociaci\u00f3n Profesional de Empresas Instaladoras de Ja\u00e9n (APEI) celebrar\u00e1 el 4 de junio las II Jornadas de la Energ\u00eda en el edificio Activa Ja\u00e9n de IFEJA.","og_url":"https:\/\/fadia.info\/index.php\/2025\/05\/22\/jaen-acoge-las-ii-jornadas-de-la-energia-organizadas-por-apei-el-proximo-4-de-junio\/","og_site_name":"Fadia","article_published_time":"2025-05-22T03:58:13+00:00","article_modified_time":"2025-05-22T03:58:27+00:00","og_image":[{"width":785,"height":761,"url":"https:\/\/fadia.info\/wp-content\/uploads\/2025\/05\/jornada_jaen_apei.png","type":"image\/png"}],"author":"Miguel","twitter_card":"summary_large_image","twitter_misc":{"Escrito por":"Miguel","Tiempo de lectura":"2 minutos"},"schema":{"@context":"https:\/\/schema.org","@graph":[{"@type":"Article","@id":"https:\/\/fadia.info\/index.php\/2025\/05\/22\/jaen-acoge-las-ii-jornadas-de-la-energia-organizadas-por-apei-el-proximo-4-de-junio\/#article","isPartOf":{"@id":"https:\/\/fadia.info\/index.php\/2025\/05\/22\/jaen-acoge-las-ii-jornadas-de-la-energia-organizadas-por-apei-el-proximo-4-de-junio\/"},"author":{"name":"Miguel","@id":"https:\/\/fadia.info\/#\/schema\/person\/cdaf7b8ba0a834795f1121971cfaab26"},"headline":"Ja\u00e9n acoge las II Jornadas de la Energ\u00eda organizadas por APEI el pr\u00f3ximo 4 de junio","datePublished":"2025-05-22T03:58:13+00:00","dateModified":"2025-05-22T03:58:27+00:00","mainEntityOfPage":{"@id":"https:\/\/fadia.info\/index.php\/2025\/05\/22\/jaen-acoge-las-ii-jornadas-de-la-energia-organizadas-por-apei-el-proximo-4-de-junio\/"},"wordCount":263,"commentCount":0,"publisher":{"@id":"https:\/\/fadia.info\/#organization"},"image":{"@id":"https:\/\/fadia.info\/index.php\/2025\/05\/22\/jaen-acoge-las-ii-jornadas-de-la-energia-organizadas-por-apei-el-proximo-4-de-junio\/#primaryimage"},"thumbnailUrl":"https:\/\/fadia.info\/wp-content\/uploads\/2025\/05\/jornada_jaen_apei.png","keywords":["APEI JAEN","FADIA","INSTALADORES"],"articleSection":["FADIA"],"inLanguage":"es","potentialAction":[{"@type":"CommentAction","name":"Comment","target":["https:\/\/fadia.info\/index.php\/2025\/05\/22\/jaen-acoge-las-ii-jornadas-de-la-energia-organizadas-por-apei-el-proximo-4-de-junio\/#respond"]}]},{"@type":"WebPage","@id":"https:\/\/fadia.info\/index.php\/2025\/05\/22\/jaen-acoge-las-ii-jornadas-de-la-energia-organizadas-por-apei-el-proximo-4-de-junio\/","url":"https:\/\/fadia.info\/index.php\/2025\/05\/22\/jaen-acoge-las-ii-jornadas-de-la-energia-organizadas-por-apei-el-proximo-4-de-junio\/","name":"Ja\u00e9n acoge las II Jornadas de la Energ\u00eda organizadas por APEI el pr\u00f3ximo 4 de junio - Fadia","isPartOf":{"@id":"https:\/\/fadia.info\/#website"},"primaryImageOfPage":{"@id":"https:\/\/fadia.info\/index.php\/2025\/05\/22\/jaen-acoge-las-ii-jornadas-de-la-energia-organizadas-por-apei-el-proximo-4-de-junio\/#primaryimage"},"image":{"@id":"https:\/\/fadia.info\/index.php\/2025\/05\/22\/jaen-acoge-las-ii-jornadas-de-la-energia-organizadas-por-apei-el-proximo-4-de-junio\/#primaryimage"},"thumbnailUrl":"https:\/\/fadia.info\/wp-content\/uploads\/2025\/05\/jornada_jaen_apei.png","datePublished":"2025-05-22T03:58:13+00:00","dateModified":"2025-05-22T03:58:27+00:00","breadcrumb":{"@id":"https:\/\/fadia.info\/index.php\/2025\/05\/22\/jaen-acoge-las-ii-jornadas-de-la-energia-organizadas-por-apei-el-proximo-4-de-junio\/#breadcrumb"},"inLanguage":"es","potentialAction":[{"@type":"ReadAction","target":["https:\/\/fadia.info\/index.php\/2025\/05\/22\/jaen-acoge-las-ii-jornadas-de-la-energia-organizadas-por-apei-el-proximo-4-de-junio\/"]}]},{"@type":"ImageObject","inLanguage":"es","@id":"https:\/\/fadia.info\/index.php\/2025\/05\/22\/jaen-acoge-las-ii-jornadas-de-la-energia-organizadas-por-apei-el-proximo-4-de-junio\/#primaryimage","url":"https:\/\/fadia.info\/wp-content\/uploads\/2025\/05\/jornada_jaen_apei.png","contentUrl":"https:\/\/fadia.info\/wp-content\/uploads\/2025\/05\/jornada_jaen_apei.png","width":785,"height":761},{"@type":"BreadcrumbList","@id":"https:\/\/fadia.info\/index.php\/2025\/05\/22\/jaen-acoge-las-ii-jornadas-de-la-energia-organizadas-por-apei-el-proximo-4-de-junio\/#breadcrumb","itemListElement":[{"@type":"ListItem","position":1,"name":"Portada","item":"https:\/\/fadia.info\/"},{"@type":"ListItem","position":2,"name":"Ja\u00e9n acoge las II Jornadas de la Energ\u00eda organizadas por APEI el pr\u00f3ximo 4 de junio"}]},{"@type":"WebSite","@id":"https:\/\/fadia.info\/#website","url":"https:\/\/fadia.info\/","name":"Fadia","description":"","publisher":{"@id":"https:\/\/fadia.info\/#organization"},"alternateName":"Federaci\u00f3n de Asociaciones de Instaladores de Andaluc\u00eda","potentialAction":[{"@type":"SearchAction","target":{"@type":"EntryPoint","urlTemplate":"https:\/\/fadia.info\/?s={search_term_string}"},"query-input":{"@type":"PropertyValueSpecification","valueRequired":true,"valueName":"search_term_string"}}],"inLanguage":"es"},{"@type":"Organization","@id":"https:\/\/fadia.info\/#organization","name":"Federaci\u00f3n de Asociaciones de Instaladores de Andaluc\u00eda","alternateName":"FADIA","url":"https:\/\/fadia.info\/","logo":{"@type":"ImageObject","inLanguage":"es","@id":"https:\/\/fadia.info\/#\/schema\/logo\/image\/","url":"https:\/\/fadia.info\/wp-content\/uploads\/2023\/11\/logo_fadia.png","contentUrl":"https:\/\/fadia.info\/wp-content\/uploads\/2023\/11\/logo_fadia.png","width":619,"height":265,"caption":"Federaci\u00f3n de Asociaciones de Instaladores de Andaluc\u00eda"},"image":{"@id":"https:\/\/fadia.info\/#\/schema\/logo\/image\/"}},{"@type":"Person","@id":"https:\/\/fadia.info\/#\/schema\/person\/cdaf7b8ba0a834795f1121971cfaab26","name":"Miguel","image":{"@type":"ImageObject","inLanguage":"es","@id":"https:\/\/fadia.info\/#\/schema\/person\/image\/","url":"https:\/\/secure.gravatar.com\/avatar\/7f4e60b1e9fe9c37d925854cb71b1cb76e7cee4d38db28d6f7e8677375de1b8e?s=96&d=mm&r=g","contentUrl":"https:\/\/secure.gravatar.com\/avatar\/7f4e60b1e9fe9c37d925854cb71b1cb76e7cee4d38db28d6f7e8677375de1b8e?s=96&d=mm&r=g","caption":"Miguel"},"url":"https:\/\/fadia.info\/index.php\/author\/miguel\/"}]}},"_links":{"self":[{"href":"https:\/\/fadia.info\/index.php\/wp-json\/wp\/v2\/posts\/6545","targetHints":{"allow":["GET"]}}],"collection":[{"href":"https:\/\/fadia.info\/index.php\/wp-json\/wp\/v2\/posts"}],"about":[{"href":"https:\/\/fadia.info\/index.php\/wp-json\/wp\/v2\/types\/post"}],"author":[{"embeddable":true,"href":"https:\/\/fadia.info\/index.php\/wp-json\/wp\/v2\/users\/3"}],"replies":[{"embeddable":true,"href":"https:\/\/fadia.info\/index.php\/wp-json\/wp\/v2\/comments?post=6545"}],"version-history":[{"count":1,"href":"https:\/\/fadia.info\/index.php\/wp-json\/wp\/v2\/posts\/6545\/revisions"}],"predecessor-version":[{"id":6548,"href":"https:\/\/fadia.info\/index.php\/wp-json\/wp\/v2\/posts\/6545\/revisions\/6548"}],"wp:featuredmedia":[{"embeddable":true,"href":"https:\/\/fadia.info\/index.php\/wp-json\/wp\/v2\/media\/6546"}],"wp:attachment":[{"href":"https:\/\/fadia.info\/index.php\/wp-json\/wp\/v2\/media?parent=6545"}],"wp:term":[{"taxonomy":"category","embeddable":true,"href":"https:\/\/fadia.info\/index.php\/wp-json\/wp\/v2\/categories?post=6545"},{"taxonomy":"post_tag","embeddable":true,"href":"https:\/\/fadia.info\/index.php\/wp-json\/wp\/v2\/tags?post=6545"}],"curies":[{"name":"wp","href":"https:\/\/api.w.org\/{rel}","templated":true}]}}