{"id":6542,"date":"2025-05-16T11:10:24","date_gmt":"2025-05-16T11:10:24","guid":{"rendered":"https:\/\/fadia.info\/?p=6542"},"modified":"2025-05-16T11:10:30","modified_gmt":"2025-05-16T11:10:30","slug":"ciclo-de-jornadas-provinciales-comunidades-solares-y-energeticas-por-una-energia-compartida","status":"publish","type":"post","link":"https:\/\/fadia.info\/index.php\/2025\/05\/16\/ciclo-de-jornadas-provinciales-comunidades-solares-y-energeticas-por-una-energia-compartida\/","title":{"rendered":"Ciclo de jornadas provinciales \u201cComunidades solares y energ\u00e9ticas: por una energ\u00eda compartida\u201d"},"content":{"rendered":"\n<p>La Consejer\u00eda de Industria, Energ\u00eda y Minas, a trav\u00e9s de sus Delegaciones territoriales y de la Agencia Andaluza de la Energ\u00eda, ha puesto en marcha este ciclo de jornadas en C\u00f3rdoba el 20 de mayo, M\u00e1laga el 21 de mayo, Huelva el 22 de mayo,\u00a0 C\u00e1diz el 26 de mayo,\u00a0Ja\u00e9n el 27 de mayo,\u00a0Granada el 4 de junio,\u00a0Almer\u00eda el 5 de junio y\u00a0Sevilla el 12 de junio.<\/p>\n\n\n\n<!--more-->\n\n\n\n<figure class=\"wp-block-image size-large\"><img loading=\"lazy\" decoding=\"async\" width=\"1024\" height=\"1024\" src=\"https:\/\/fadia.info\/wp-content\/uploads\/2025\/05\/Post-FADIA-morado-6-1024x1024.png\" alt=\"\" class=\"wp-image-6543\" srcset=\"https:\/\/fadia.info\/wp-content\/uploads\/2025\/05\/Post-FADIA-morado-6-1024x1024.png 1024w, https:\/\/fadia.info\/wp-content\/uploads\/2025\/05\/Post-FADIA-morado-6-980x980.png 980w, https:\/\/fadia.info\/wp-content\/uploads\/2025\/05\/Post-FADIA-morado-6-480x480.png 480w\" sizes=\"auto, (min-width: 0px) and (max-width: 480px) 480px, (min-width: 481px) and (max-width: 980px) 980px, (min-width: 981px) 1024px, 100vw\" \/><\/figure>\n\n\n\n<p>Estas jornadas \u00a0tienen como objetivo dar a conocer y asesorar sobre la figura de comunidades solares y energ\u00e9ticas, adem\u00e1s de presentar los trabajos e instrumentos que se est\u00e1n desarrollando desde la Administraci\u00f3n de la Junta de Andaluc\u00eda para su impulso.\u00a0<\/p>\n\n\n\n<p>Las jornadas est\u00e1n dirigidas a<strong>\u00a0entidades que ofrecen servicios y\/o herramientas digitales dentro de la cadena de valor<\/strong>\u00a0del autoconsumo compartido y comunidades solares y energ\u00e9ticas en Andaluc\u00eda, ya sean asesores, promotores, gestores o financiadores;<strong>\u00a0asociaciones empresariales y cl\u00fasteres\u00a0<\/strong>impulsores de estas figuras;\u00a0<strong>grupos de investigaci\u00f3n<\/strong>\u00a0que desarrollen soluciones en estos \u00e1mbitos;\u00a0<strong>entidades financiadoras; administraciones locales<\/strong>\u00a0y sus agrupaciones;\u00a0<strong>comunidades energ\u00e9ticas existentes<\/strong>\u00a0en Andaluc\u00eda y\u00a0<strong>centros formativos<\/strong>\u00a0p\u00fablicos o privados.<\/p>\n\n\n\n<p><strong>Las fechas y ciudades en las que se realizar\u00e1n las jornadas son las siguientes:<\/strong><\/p>\n\n\n\n<ul class=\"wp-block-list\">\n<li><strong>C\u00f3rdoba, 20 de mayo <\/strong>en la Delegaci\u00f3n Territorial de Turismo, Cultura y Deporte en C\u00f3rdoba. C\/ Capitulares, 2.           M\u00e1s informaci\u00f3n: <a href=\"https:\/\/www.agenciaandaluzadelaenergia.es\/es\/proximos-eventos\/ciclo-de-jornadas-provinciales-comunidades-solares-y-energeticas-por-una-energia-compartida-cordoba\">https:\/\/www.agenciaandaluzadelaenergia.es\/es\/proximos-eventos\/ciclo-de-jornadas-provinciales-comunidades-solares-y-energeticas-por-una-energia-compartida-cordoba<\/a><\/li>\n<\/ul>\n\n\n\n<p><\/p>\n\n\n\n<ul class=\"wp-block-list\">\n<li><strong>M\u00e1laga, 21 de mayo <\/strong>en la Delegaci\u00f3n Territorial de Industria, Energ\u00eda y Minas en M\u00e1laga. C\/ Juan XXIII, n\u00fam.82.           M\u00e1s informaci\u00f3n: <a href=\"https:\/\/www.agenciaandaluzadelaenergia.es\/es\/proximos-eventos\/ciclo-de-jornadas-provinciales-comunidades-solares-y-energeticas-por-una-energia-compartida-malaga\">https:\/\/www.agenciaandaluzadelaenergia.es\/es\/proximos-eventos\/ciclo-de-jornadas-provinciales-comunidades-solares-y-energeticas-por-una-energia-compartida-malaga<\/a><\/li>\n<\/ul>\n\n\n\n<p><\/p>\n\n\n\n<ul class=\"wp-block-list\">\n<li><strong>Huelva, 22 de mayo <\/strong>en Teatro Municipal de Trigueros c\/ el Pac\u00edfico, 17.<\/li>\n<\/ul>\n\n\n\n<p><a href=\"https:\/\/www.agenciaandaluzadelaenergia.es\/es\/proximos-eventos\/ciclo-de-jornadas-provinciales-comunidades-solares-y-energeticas-por-una-energia-compartida-huelva\">https:\/\/www.agenciaandaluzadelaenergia.es\/es\/proximos-eventos\/ciclo-de-jornadas-provinciales-comunidades-solares-y-energeticas-por-una-energia-compartida-huelva<\/a><\/p>\n\n\n\n<p>El resto de las jornadas abrir\u00e1n pr\u00f3ximamente sus inscripciones con las siguientes fechas provisionales:<\/p>\n\n\n\n<ul class=\"wp-block-list\">\n<li>C\u00e1diz, 26 de mayo<\/li>\n\n\n\n<li>Ja\u00e9n, 27 de mayo<\/li>\n\n\n\n<li>Granada, 4 de junio<\/li>\n\n\n\n<li>Almer\u00eda, 5 de junio<\/li>\n\n\n\n<li>Sevilla. 12 de junio<\/li>\n<\/ul>\n","protected":false},"excerpt":{"rendered":"<p>La Consejer\u00eda de Industria, Energ\u00eda y Minas, a trav\u00e9s de sus Delegaciones territoriales y de la Agencia Andaluza de la Energ\u00eda, ha puesto en marcha este ciclo de jornadas en [&hellip;]<\/p>\n","protected":false},"author":3,"featured_media":6543,"comment_status":"open","ping_status":"open","sticky":false,"template":"","format":"standard","meta":{"_et_pb_use_builder":"off","_et_pb_old_content":"","_et_gb_content_width":"","_monsterinsights_skip_tracking":false,"_monsterinsights_sitenote_active":false,"_monsterinsights_sitenote_note":"","_monsterinsights_sitenote_category":0,"footnotes":""},"categories":[4],"tags":[17,14,15,16],"class_list":["post-6542","post","type-post","status-publish","format-standard","has-post-thumbnail","hentry","category-fadia","tag-autoconsumo","tag-fadia","tag-instaladores","tag-mesa-autoconsumo"],"yoast_head":"<!-- This site is optimized with the Yoast SEO plugin v24.2 - https:\/\/yoast.com\/wordpress\/plugins\/seo\/ -->\n<title>Ciclo de jornadas provinciales \u201cComunidades solares y energ\u00e9ticas: por una energ\u00eda compartida\u201d - Fadia<\/title>\n<meta name=\"robots\" content=\"index, follow, max-snippet:-1, max-image-preview:large, max-video-preview:-1\" \/>\n<link rel=\"canonical\" href=\"https:\/\/fadia.info\/index.php\/2025\/05\/16\/ciclo-de-jornadas-provinciales-comunidades-solares-y-energeticas-por-una-energia-compartida\/\" \/>\n<meta property=\"og:locale\" content=\"es_ES\" \/>\n<meta property=\"og:type\" content=\"article\" \/>\n<meta property=\"og:title\" content=\"Ciclo de jornadas provinciales \u201cComunidades solares y energ\u00e9ticas: por una energ\u00eda compartida\u201d - Fadia\" \/>\n<meta property=\"og:description\" content=\"La Consejer\u00eda de Industria, Energ\u00eda y Minas, a trav\u00e9s de sus Delegaciones territoriales y de la Agencia Andaluza de la Energ\u00eda, ha puesto en marcha este ciclo de jornadas en [&hellip;]\" \/>\n<meta property=\"og:url\" content=\"https:\/\/fadia.info\/index.php\/2025\/05\/16\/ciclo-de-jornadas-provinciales-comunidades-solares-y-energeticas-por-una-energia-compartida\/\" \/>\n<meta property=\"og:site_name\" content=\"Fadia\" \/>\n<meta property=\"article:published_time\" content=\"2025-05-16T11:10:24+00:00\" \/>\n<meta property=\"article:modified_time\" content=\"2025-05-16T11:10:30+00:00\" \/>\n<meta property=\"og:image\" content=\"https:\/\/fadia.info\/wp-content\/uploads\/2025\/05\/Post-FADIA-morado-6.png\" \/>\n\t<meta property=\"og:image:width\" content=\"1080\" \/>\n\t<meta property=\"og:image:height\" content=\"1080\" \/>\n\t<meta property=\"og:image:type\" content=\"image\/png\" \/>\n<meta name=\"author\" content=\"Miguel\" \/>\n<meta name=\"twitter:card\" content=\"summary_large_image\" \/>\n<meta name=\"twitter:label1\" content=\"Escrito por\" \/>\n\t<meta name=\"twitter:data1\" content=\"Miguel\" \/>\n\t<meta name=\"twitter:label2\" content=\"Tiempo de lectura\" \/>\n\t<meta name=\"twitter:data2\" content=\"2 minutos\" \/>\n<script type=\"application\/ld+json\" class=\"yoast-schema-graph\">{\"@context\":\"https:\/\/schema.org\",\"@graph\":[{\"@type\":\"Article\",\"@id\":\"https:\/\/fadia.info\/index.php\/2025\/05\/16\/ciclo-de-jornadas-provinciales-comunidades-solares-y-energeticas-por-una-energia-compartida\/#article\",\"isPartOf\":{\"@id\":\"https:\/\/fadia.info\/index.php\/2025\/05\/16\/ciclo-de-jornadas-provinciales-comunidades-solares-y-energeticas-por-una-energia-compartida\/\"},\"author\":{\"name\":\"Miguel\",\"@id\":\"https:\/\/fadia.info\/#\/schema\/person\/cdaf7b8ba0a834795f1121971cfaab26\"},\"headline\":\"Ciclo de jornadas provinciales \u201cComunidades solares y energ\u00e9ticas: por una energ\u00eda compartida\u201d\",\"datePublished\":\"2025-05-16T11:10:24+00:00\",\"dateModified\":\"2025-05-16T11:10:30+00:00\",\"mainEntityOfPage\":{\"@id\":\"https:\/\/fadia.info\/index.php\/2025\/05\/16\/ciclo-de-jornadas-provinciales-comunidades-solares-y-energeticas-por-una-energia-compartida\/\"},\"wordCount\":342,\"commentCount\":0,\"publisher\":{\"@id\":\"https:\/\/fadia.info\/#organization\"},\"image\":{\"@id\":\"https:\/\/fadia.info\/index.php\/2025\/05\/16\/ciclo-de-jornadas-provinciales-comunidades-solares-y-energeticas-por-una-energia-compartida\/#primaryimage\"},\"thumbnailUrl\":\"https:\/\/fadia.info\/wp-content\/uploads\/2025\/05\/Post-FADIA-morado-6.png\",\"keywords\":[\"autoconsumo\",\"FADIA\",\"INSTALADORES\",\"mesa autoconsumo\"],\"articleSection\":[\"FADIA\"],\"inLanguage\":\"es\",\"potentialAction\":[{\"@type\":\"CommentAction\",\"name\":\"Comment\",\"target\":[\"https:\/\/fadia.info\/index.php\/2025\/05\/16\/ciclo-de-jornadas-provinciales-comunidades-solares-y-energeticas-por-una-energia-compartida\/#respond\"]}]},{\"@type\":\"WebPage\",\"@id\":\"https:\/\/fadia.info\/index.php\/2025\/05\/16\/ciclo-de-jornadas-provinciales-comunidades-solares-y-energeticas-por-una-energia-compartida\/\",\"url\":\"https:\/\/fadia.info\/index.php\/2025\/05\/16\/ciclo-de-jornadas-provinciales-comunidades-solares-y-energeticas-por-una-energia-compartida\/\",\"name\":\"Ciclo de jornadas provinciales \u201cComunidades solares y energ\u00e9ticas: por una energ\u00eda compartida\u201d - Fadia\",\"isPartOf\":{\"@id\":\"https:\/\/fadia.info\/#website\"},\"primaryImageOfPage\":{\"@id\":\"https:\/\/fadia.info\/index.php\/2025\/05\/16\/ciclo-de-jornadas-provinciales-comunidades-solares-y-energeticas-por-una-energia-compartida\/#primaryimage\"},\"image\":{\"@id\":\"https:\/\/fadia.info\/index.php\/2025\/05\/16\/ciclo-de-jornadas-provinciales-comunidades-solares-y-energeticas-por-una-energia-compartida\/#primaryimage\"},\"thumbnailUrl\":\"https:\/\/fadia.info\/wp-content\/uploads\/2025\/05\/Post-FADIA-morado-6.png\",\"datePublished\":\"2025-05-16T11:10:24+00:00\",\"dateModified\":\"2025-05-16T11:10:30+00:00\",\"breadcrumb\":{\"@id\":\"https:\/\/fadia.info\/index.php\/2025\/05\/16\/ciclo-de-jornadas-provinciales-comunidades-solares-y-energeticas-por-una-energia-compartida\/#breadcrumb\"},\"inLanguage\":\"es\",\"potentialAction\":[{\"@type\":\"ReadAction\",\"target\":[\"https:\/\/fadia.info\/index.php\/2025\/05\/16\/ciclo-de-jornadas-provinciales-comunidades-solares-y-energeticas-por-una-energia-compartida\/\"]}]},{\"@type\":\"ImageObject\",\"inLanguage\":\"es\",\"@id\":\"https:\/\/fadia.info\/index.php\/2025\/05\/16\/ciclo-de-jornadas-provinciales-comunidades-solares-y-energeticas-por-una-energia-compartida\/#primaryimage\",\"url\":\"https:\/\/fadia.info\/wp-content\/uploads\/2025\/05\/Post-FADIA-morado-6.png\",\"contentUrl\":\"https:\/\/fadia.info\/wp-content\/uploads\/2025\/05\/Post-FADIA-morado-6.png\",\"width\":1080,\"height\":1080},{\"@type\":\"BreadcrumbList\",\"@id\":\"https:\/\/fadia.info\/index.php\/2025\/05\/16\/ciclo-de-jornadas-provinciales-comunidades-solares-y-energeticas-por-una-energia-compartida\/#breadcrumb\",\"itemListElement\":[{\"@type\":\"ListItem\",\"position\":1,\"name\":\"Portada\",\"item\":\"https:\/\/fadia.info\/\"},{\"@type\":\"ListItem\",\"position\":2,\"name\":\"Ciclo de jornadas provinciales \u201cComunidades solares y energ\u00e9ticas: por una energ\u00eda compartida\u201d\"}]},{\"@type\":\"WebSite\",\"@id\":\"https:\/\/fadia.info\/#website\",\"url\":\"https:\/\/fadia.info\/\",\"name\":\"Fadia\",\"description\":\"\",\"publisher\":{\"@id\":\"https:\/\/fadia.info\/#organization\"},\"alternateName\":\"Federaci\u00f3n de Asociaciones de Instaladores de Andaluc\u00eda\",\"potentialAction\":[{\"@type\":\"SearchAction\",\"target\":{\"@type\":\"EntryPoint\",\"urlTemplate\":\"https:\/\/fadia.info\/?s={search_term_string}\"},\"query-input\":{\"@type\":\"PropertyValueSpecification\",\"valueRequired\":true,\"valueName\":\"search_term_string\"}}],\"inLanguage\":\"es\"},{\"@type\":\"Organization\",\"@id\":\"https:\/\/fadia.info\/#organization\",\"name\":\"Federaci\u00f3n de Asociaciones de Instaladores de Andaluc\u00eda\",\"alternateName\":\"FADIA\",\"url\":\"https:\/\/fadia.info\/\",\"logo\":{\"@type\":\"ImageObject\",\"inLanguage\":\"es\",\"@id\":\"https:\/\/fadia.info\/#\/schema\/logo\/image\/\",\"url\":\"https:\/\/fadia.info\/wp-content\/uploads\/2023\/11\/logo_fadia.png\",\"contentUrl\":\"https:\/\/fadia.info\/wp-content\/uploads\/2023\/11\/logo_fadia.png\",\"width\":619,\"height\":265,\"caption\":\"Federaci\u00f3n de Asociaciones de Instaladores de Andaluc\u00eda\"},\"image\":{\"@id\":\"https:\/\/fadia.info\/#\/schema\/logo\/image\/\"}},{\"@type\":\"Person\",\"@id\":\"https:\/\/fadia.info\/#\/schema\/person\/cdaf7b8ba0a834795f1121971cfaab26\",\"name\":\"Miguel\",\"image\":{\"@type\":\"ImageObject\",\"inLanguage\":\"es\",\"@id\":\"https:\/\/fadia.info\/#\/schema\/person\/image\/\",\"url\":\"https:\/\/secure.gravatar.com\/avatar\/7f4e60b1e9fe9c37d925854cb71b1cb76e7cee4d38db28d6f7e8677375de1b8e?s=96&d=mm&r=g\",\"contentUrl\":\"https:\/\/secure.gravatar.com\/avatar\/7f4e60b1e9fe9c37d925854cb71b1cb76e7cee4d38db28d6f7e8677375de1b8e?s=96&d=mm&r=g\",\"caption\":\"Miguel\"},\"url\":\"https:\/\/fadia.info\/index.php\/author\/miguel\/\"}]}<\/script>\n<!-- \/ Yoast SEO plugin. -->","yoast_head_json":{"title":"Ciclo de jornadas provinciales \u201cComunidades solares y energ\u00e9ticas: por una energ\u00eda compartida\u201d - Fadia","robots":{"index":"index","follow":"follow","max-snippet":"max-snippet:-1","max-image-preview":"max-image-preview:large","max-video-preview":"max-video-preview:-1"},"canonical":"https:\/\/fadia.info\/index.php\/2025\/05\/16\/ciclo-de-jornadas-provinciales-comunidades-solares-y-energeticas-por-una-energia-compartida\/","og_locale":"es_ES","og_type":"article","og_title":"Ciclo de jornadas provinciales \u201cComunidades solares y energ\u00e9ticas: por una energ\u00eda compartida\u201d - Fadia","og_description":"La Consejer\u00eda de Industria, Energ\u00eda y Minas, a trav\u00e9s de sus Delegaciones territoriales y de la Agencia Andaluza de la Energ\u00eda, ha puesto en marcha este ciclo de jornadas en [&hellip;]","og_url":"https:\/\/fadia.info\/index.php\/2025\/05\/16\/ciclo-de-jornadas-provinciales-comunidades-solares-y-energeticas-por-una-energia-compartida\/","og_site_name":"Fadia","article_published_time":"2025-05-16T11:10:24+00:00","article_modified_time":"2025-05-16T11:10:30+00:00","og_image":[{"width":1080,"height":1080,"url":"https:\/\/fadia.info\/wp-content\/uploads\/2025\/05\/Post-FADIA-morado-6.png","type":"image\/png"}],"author":"Miguel","twitter_card":"summary_large_image","twitter_misc":{"Escrito por":"Miguel","Tiempo de lectura":"2 minutos"},"schema":{"@context":"https:\/\/schema.org","@graph":[{"@type":"Article","@id":"https:\/\/fadia.info\/index.php\/2025\/05\/16\/ciclo-de-jornadas-provinciales-comunidades-solares-y-energeticas-por-una-energia-compartida\/#article","isPartOf":{"@id":"https:\/\/fadia.info\/index.php\/2025\/05\/16\/ciclo-de-jornadas-provinciales-comunidades-solares-y-energeticas-por-una-energia-compartida\/"},"author":{"name":"Miguel","@id":"https:\/\/fadia.info\/#\/schema\/person\/cdaf7b8ba0a834795f1121971cfaab26"},"headline":"Ciclo de jornadas provinciales \u201cComunidades solares y energ\u00e9ticas: por una energ\u00eda compartida\u201d","datePublished":"2025-05-16T11:10:24+00:00","dateModified":"2025-05-16T11:10:30+00:00","mainEntityOfPage":{"@id":"https:\/\/fadia.info\/index.php\/2025\/05\/16\/ciclo-de-jornadas-provinciales-comunidades-solares-y-energeticas-por-una-energia-compartida\/"},"wordCount":342,"commentCount":0,"publisher":{"@id":"https:\/\/fadia.info\/#organization"},"image":{"@id":"https:\/\/fadia.info\/index.php\/2025\/05\/16\/ciclo-de-jornadas-provinciales-comunidades-solares-y-energeticas-por-una-energia-compartida\/#primaryimage"},"thumbnailUrl":"https:\/\/fadia.info\/wp-content\/uploads\/2025\/05\/Post-FADIA-morado-6.png","keywords":["autoconsumo","FADIA","INSTALADORES","mesa autoconsumo"],"articleSection":["FADIA"],"inLanguage":"es","potentialAction":[{"@type":"CommentAction","name":"Comment","target":["https:\/\/fadia.info\/index.php\/2025\/05\/16\/ciclo-de-jornadas-provinciales-comunidades-solares-y-energeticas-por-una-energia-compartida\/#respond"]}]},{"@type":"WebPage","@id":"https:\/\/fadia.info\/index.php\/2025\/05\/16\/ciclo-de-jornadas-provinciales-comunidades-solares-y-energeticas-por-una-energia-compartida\/","url":"https:\/\/fadia.info\/index.php\/2025\/05\/16\/ciclo-de-jornadas-provinciales-comunidades-solares-y-energeticas-por-una-energia-compartida\/","name":"Ciclo de jornadas provinciales \u201cComunidades solares y energ\u00e9ticas: por una energ\u00eda compartida\u201d - Fadia","isPartOf":{"@id":"https:\/\/fadia.info\/#website"},"primaryImageOfPage":{"@id":"https:\/\/fadia.info\/index.php\/2025\/05\/16\/ciclo-de-jornadas-provinciales-comunidades-solares-y-energeticas-por-una-energia-compartida\/#primaryimage"},"image":{"@id":"https:\/\/fadia.info\/index.php\/2025\/05\/16\/ciclo-de-jornadas-provinciales-comunidades-solares-y-energeticas-por-una-energia-compartida\/#primaryimage"},"thumbnailUrl":"https:\/\/fadia.info\/wp-content\/uploads\/2025\/05\/Post-FADIA-morado-6.png","datePublished":"2025-05-16T11:10:24+00:00","dateModified":"2025-05-16T11:10:30+00:00","breadcrumb":{"@id":"https:\/\/fadia.info\/index.php\/2025\/05\/16\/ciclo-de-jornadas-provinciales-comunidades-solares-y-energeticas-por-una-energia-compartida\/#breadcrumb"},"inLanguage":"es","potentialAction":[{"@type":"ReadAction","target":["https:\/\/fadia.info\/index.php\/2025\/05\/16\/ciclo-de-jornadas-provinciales-comunidades-solares-y-energeticas-por-una-energia-compartida\/"]}]},{"@type":"ImageObject","inLanguage":"es","@id":"https:\/\/fadia.info\/index.php\/2025\/05\/16\/ciclo-de-jornadas-provinciales-comunidades-solares-y-energeticas-por-una-energia-compartida\/#primaryimage","url":"https:\/\/fadia.info\/wp-content\/uploads\/2025\/05\/Post-FADIA-morado-6.png","contentUrl":"https:\/\/fadia.info\/wp-content\/uploads\/2025\/05\/Post-FADIA-morado-6.png","width":1080,"height":1080},{"@type":"BreadcrumbList","@id":"https:\/\/fadia.info\/index.php\/2025\/05\/16\/ciclo-de-jornadas-provinciales-comunidades-solares-y-energeticas-por-una-energia-compartida\/#breadcrumb","itemListElement":[{"@type":"ListItem","position":1,"name":"Portada","item":"https:\/\/fadia.info\/"},{"@type":"ListItem","position":2,"name":"Ciclo de jornadas provinciales \u201cComunidades solares y energ\u00e9ticas: por una energ\u00eda compartida\u201d"}]},{"@type":"WebSite","@id":"https:\/\/fadia.info\/#website","url":"https:\/\/fadia.info\/","name":"Fadia","description":"","publisher":{"@id":"https:\/\/fadia.info\/#organization"},"alternateName":"Federaci\u00f3n de Asociaciones de Instaladores de Andaluc\u00eda","potentialAction":[{"@type":"SearchAction","target":{"@type":"EntryPoint","urlTemplate":"https:\/\/fadia.info\/?s={search_term_string}"},"query-input":{"@type":"PropertyValueSpecification","valueRequired":true,"valueName":"search_term_string"}}],"inLanguage":"es"},{"@type":"Organization","@id":"https:\/\/fadia.info\/#organization","name":"Federaci\u00f3n de Asociaciones de Instaladores de Andaluc\u00eda","alternateName":"FADIA","url":"https:\/\/fadia.info\/","logo":{"@type":"ImageObject","inLanguage":"es","@id":"https:\/\/fadia.info\/#\/schema\/logo\/image\/","url":"https:\/\/fadia.info\/wp-content\/uploads\/2023\/11\/logo_fadia.png","contentUrl":"https:\/\/fadia.info\/wp-content\/uploads\/2023\/11\/logo_fadia.png","width":619,"height":265,"caption":"Federaci\u00f3n de Asociaciones de Instaladores de Andaluc\u00eda"},"image":{"@id":"https:\/\/fadia.info\/#\/schema\/logo\/image\/"}},{"@type":"Person","@id":"https:\/\/fadia.info\/#\/schema\/person\/cdaf7b8ba0a834795f1121971cfaab26","name":"Miguel","image":{"@type":"ImageObject","inLanguage":"es","@id":"https:\/\/fadia.info\/#\/schema\/person\/image\/","url":"https:\/\/secure.gravatar.com\/avatar\/7f4e60b1e9fe9c37d925854cb71b1cb76e7cee4d38db28d6f7e8677375de1b8e?s=96&d=mm&r=g","contentUrl":"https:\/\/secure.gravatar.com\/avatar\/7f4e60b1e9fe9c37d925854cb71b1cb76e7cee4d38db28d6f7e8677375de1b8e?s=96&d=mm&r=g","caption":"Miguel"},"url":"https:\/\/fadia.info\/index.php\/author\/miguel\/"}]}},"_links":{"self":[{"href":"https:\/\/fadia.info\/index.php\/wp-json\/wp\/v2\/posts\/6542","targetHints":{"allow":["GET"]}}],"collection":[{"href":"https:\/\/fadia.info\/index.php\/wp-json\/wp\/v2\/posts"}],"about":[{"href":"https:\/\/fadia.info\/index.php\/wp-json\/wp\/v2\/types\/post"}],"author":[{"embeddable":true,"href":"https:\/\/fadia.info\/index.php\/wp-json\/wp\/v2\/users\/3"}],"replies":[{"embeddable":true,"href":"https:\/\/fadia.info\/index.php\/wp-json\/wp\/v2\/comments?post=6542"}],"version-history":[{"count":1,"href":"https:\/\/fadia.info\/index.php\/wp-json\/wp\/v2\/posts\/6542\/revisions"}],"predecessor-version":[{"id":6544,"href":"https:\/\/fadia.info\/index.php\/wp-json\/wp\/v2\/posts\/6542\/revisions\/6544"}],"wp:featuredmedia":[{"embeddable":true,"href":"https:\/\/fadia.info\/index.php\/wp-json\/wp\/v2\/media\/6543"}],"wp:attachment":[{"href":"https:\/\/fadia.info\/index.php\/wp-json\/wp\/v2\/media?parent=6542"}],"wp:term":[{"taxonomy":"category","embeddable":true,"href":"https:\/\/fadia.info\/index.php\/wp-json\/wp\/v2\/categories?post=6542"},{"taxonomy":"post_tag","embeddable":true,"href":"https:\/\/fadia.info\/index.php\/wp-json\/wp\/v2\/tags?post=6542"}],"curies":[{"name":"wp","href":"https:\/\/api.w.org\/{rel}","templated":true}]}}