{"id":6536,"date":"2025-05-09T10:05:55","date_gmt":"2025-05-09T10:05:55","guid":{"rendered":"https:\/\/fadia.info\/?p=6536"},"modified":"2025-05-09T10:18:19","modified_gmt":"2025-05-09T10:18:19","slug":"andres-rodriguez-nuevo-presidente-de-la-asociacion-profeca-cadiz","status":"publish","type":"post","link":"https:\/\/fadia.info\/index.php\/2025\/05\/09\/andres-rodriguez-nuevo-presidente-de-la-asociacion-profeca-cadiz\/","title":{"rendered":"Andr\u00e9s Rodr\u00edguez nuevo presidente de la Asociaci\u00f3n Profeca C\u00e1diz"},"content":{"rendered":"\n<p>La Asociaci\u00f3n Profesional de Instaladores de la Provincia de C\u00e1diz, <a href=\"https:\/\/profeca.es\/\">PROFECA<\/a>, ha constituido una nueva directiva el pasado 24 de abril con motivo de la celebraci\u00f3n de su Asamblea General.<\/p>\n\n\n\n<!--more-->\n\n\n\n<figure class=\"wp-block-image size-large\"><img loading=\"lazy\" decoding=\"async\" width=\"1024\" height=\"1024\" src=\"https:\/\/fadia.info\/wp-content\/uploads\/2025\/05\/Post-FADIA-morado-5-1024x1024.png\" alt=\"\" class=\"wp-image-6537\" srcset=\"https:\/\/fadia.info\/wp-content\/uploads\/2025\/05\/Post-FADIA-morado-5-1024x1024.png 1024w, https:\/\/fadia.info\/wp-content\/uploads\/2025\/05\/Post-FADIA-morado-5-980x980.png 980w, https:\/\/fadia.info\/wp-content\/uploads\/2025\/05\/Post-FADIA-morado-5-480x480.png 480w\" sizes=\"auto, (min-width: 0px) and (max-width: 480px) 480px, (min-width: 481px) and (max-width: 980px) 980px, (min-width: 981px) 1024px, 100vw\" \/><\/figure>\n\n\n\n<p>Andr\u00e9s Rodr\u00edguez ha sido elegido como nuevo presidente de la asociaci\u00f3n gaditana. Este empresario de ENSE Conil, especializado en electricidad y protecciones contra incendios, tiene una amplia experiencia avalada por m\u00e1s de 30 a\u00f1os de trayectoria profesional.<\/p>\n\n\n\n<p>Tras muchos a\u00f1os colaborando con la Junta Directiva, primero como vocal y en los \u00faltimos tiempos como vicepresidente, Rodr\u00edguez asume esta nueva responsabilidad con entusiasmo y compromiso.<\/p>\n\n\n\n<p>Para el nuevo presidente de Profeca uno de los principales objetivos ser\u00e1 el de \u201ctrabajar por el crecimiento y fortalecimiento de la Asociaci\u00f3n, contando con un equipo excepcional de profesionales, continuando con el legado y el camino que hemos emprendido en defensa y mejora de nuestro sector de los instaladores\u201d.<\/p>\n\n\n\n<p>En su saluda, Andr\u00e9s Rodr\u00edguez anima a todos las asociaciones de Fadia a seguir compartiendo conocimientos, iniciativas y a mantener el esp\u00edritu de colaboraci\u00f3n que distingue a la Federaci\u00f3n Andaluza.<\/p>\n\n\n\n<p>\u201cEstoy convencido de que, unidos, continuaremos superando retos y alcanzando logros que elevan el prestigio y la profesionalidad, tan necesaria hoy en d\u00eda\u201d a\u00f1adi\u00f3 el nuevo presidente de la asociaci\u00f3n gaditana.<\/p>\n\n\n\n<figure class=\"wp-block-image size-large\"><img loading=\"lazy\" decoding=\"async\" width=\"1024\" height=\"768\" src=\"https:\/\/fadia.info\/wp-content\/uploads\/2025\/05\/JuntaPROFECA-1024x768.jpg\" alt=\"\" class=\"wp-image-6538\" srcset=\"https:\/\/fadia.info\/wp-content\/uploads\/2025\/05\/JuntaPROFECA-980x735.jpg 980w, https:\/\/fadia.info\/wp-content\/uploads\/2025\/05\/JuntaPROFECA-480x360.jpg 480w\" sizes=\"auto, (min-width: 0px) and (max-width: 480px) 480px, (min-width: 481px) and (max-width: 980px) 980px, (min-width: 981px) 1024px, 100vw\" \/><\/figure>\n\n\n\n<p>La nueva Junta Directiva de Profeca queda constituida de la siguiente manera:<\/p>\n\n\n\n<p>\u2022Presidente: D. Andr\u00e9s Rodr\u00edguez Brenes.<\/p>\n\n\n\n<p>\u2022 Vicepresidente: D. Manuel Moreno Ca\u00f1amaque.<\/p>\n\n\n\n<p>\u2022 Tesorero: D. Diego Moreno Alfaro.<\/p>\n\n\n\n<p>\u2022 Secretario: D. Jos\u00e9 Luis Rouco Cancelas.<\/p>\n\n\n\n<p>\u2022 Vocales:<\/p>\n\n\n\n<p>\u25aa D. Andr\u00e9s Carlos Vega Fern\u00e1ndez,<\/p>\n\n\n\n<p>\u25aa D\u00f1a. Marta G\u00f3mez Rom\u00e1n.<\/p>\n\n\n\n<p>\u25aa D. Aurelio Chaves Berm\u00fadez.<\/p>\n\n\n\n<p>\u25aa D. Manuel S\u00e1nchez Holgado.<\/p>\n\n\n\n<p>\u25aa D. Jos\u00e9 Garc\u00eda Garc\u00eda.<\/p>\n","protected":false},"excerpt":{"rendered":"<p>La Asociaci\u00f3n Profesional de Instaladores de la Provincia de C\u00e1diz, PROFECA, ha constituido una nueva directiva el pasado 24 de abril con motivo de la celebraci\u00f3n de su Asamblea General.<\/p>\n","protected":false},"author":3,"featured_media":6540,"comment_status":"open","ping_status":"open","sticky":false,"template":"","format":"standard","meta":{"_et_pb_use_builder":"off","_et_pb_old_content":"","_et_gb_content_width":"","_monsterinsights_skip_tracking":false,"_monsterinsights_sitenote_active":false,"_monsterinsights_sitenote_note":"","_monsterinsights_sitenote_category":0,"footnotes":""},"categories":[4],"tags":[14,15,23],"class_list":["post-6536","post","type-post","status-publish","format-standard","has-post-thumbnail","hentry","category-fadia","tag-fadia","tag-instaladores","tag-profeca"],"yoast_head":"<!-- This site is optimized with the Yoast SEO plugin v24.2 - https:\/\/yoast.com\/wordpress\/plugins\/seo\/ -->\n<title>Andr\u00e9s Rodr\u00edguez nuevo presidente de la Asociaci\u00f3n Profeca C\u00e1diz - Fadia<\/title>\n<meta name=\"robots\" content=\"index, follow, max-snippet:-1, max-image-preview:large, max-video-preview:-1\" \/>\n<link rel=\"canonical\" href=\"https:\/\/fadia.info\/index.php\/2025\/05\/09\/andres-rodriguez-nuevo-presidente-de-la-asociacion-profeca-cadiz\/\" \/>\n<meta property=\"og:locale\" content=\"es_ES\" \/>\n<meta property=\"og:type\" content=\"article\" \/>\n<meta property=\"og:title\" content=\"Andr\u00e9s Rodr\u00edguez nuevo presidente de la Asociaci\u00f3n Profeca C\u00e1diz - Fadia\" \/>\n<meta property=\"og:description\" content=\"La Asociaci\u00f3n Profesional de Instaladores de la Provincia de C\u00e1diz, PROFECA, ha constituido una nueva directiva el pasado 24 de abril con motivo de la celebraci\u00f3n de su Asamblea General.\" \/>\n<meta property=\"og:url\" content=\"https:\/\/fadia.info\/index.php\/2025\/05\/09\/andres-rodriguez-nuevo-presidente-de-la-asociacion-profeca-cadiz\/\" \/>\n<meta property=\"og:site_name\" content=\"Fadia\" \/>\n<meta property=\"article:published_time\" content=\"2025-05-09T10:05:55+00:00\" \/>\n<meta property=\"article:modified_time\" content=\"2025-05-09T10:18:19+00:00\" \/>\n<meta property=\"og:image\" content=\"https:\/\/fadia.info\/wp-content\/uploads\/2025\/05\/Post-FADIA-destacado.png\" \/>\n\t<meta property=\"og:image:width\" content=\"1066\" \/>\n\t<meta property=\"og:image:height\" content=\"767\" \/>\n\t<meta property=\"og:image:type\" content=\"image\/png\" \/>\n<meta name=\"author\" content=\"Miguel\" \/>\n<meta name=\"twitter:card\" content=\"summary_large_image\" \/>\n<meta name=\"twitter:label1\" content=\"Escrito por\" \/>\n\t<meta name=\"twitter:data1\" content=\"Miguel\" \/>\n\t<meta name=\"twitter:label2\" content=\"Tiempo de lectura\" \/>\n\t<meta name=\"twitter:data2\" content=\"2 minutos\" \/>\n<script type=\"application\/ld+json\" class=\"yoast-schema-graph\">{\"@context\":\"https:\/\/schema.org\",\"@graph\":[{\"@type\":\"Article\",\"@id\":\"https:\/\/fadia.info\/index.php\/2025\/05\/09\/andres-rodriguez-nuevo-presidente-de-la-asociacion-profeca-cadiz\/#article\",\"isPartOf\":{\"@id\":\"https:\/\/fadia.info\/index.php\/2025\/05\/09\/andres-rodriguez-nuevo-presidente-de-la-asociacion-profeca-cadiz\/\"},\"author\":{\"name\":\"Miguel\",\"@id\":\"https:\/\/fadia.info\/#\/schema\/person\/cdaf7b8ba0a834795f1121971cfaab26\"},\"headline\":\"Andr\u00e9s Rodr\u00edguez nuevo presidente de la Asociaci\u00f3n Profeca C\u00e1diz\",\"datePublished\":\"2025-05-09T10:05:55+00:00\",\"dateModified\":\"2025-05-09T10:18:19+00:00\",\"mainEntityOfPage\":{\"@id\":\"https:\/\/fadia.info\/index.php\/2025\/05\/09\/andres-rodriguez-nuevo-presidente-de-la-asociacion-profeca-cadiz\/\"},\"wordCount\":302,\"commentCount\":0,\"publisher\":{\"@id\":\"https:\/\/fadia.info\/#organization\"},\"image\":{\"@id\":\"https:\/\/fadia.info\/index.php\/2025\/05\/09\/andres-rodriguez-nuevo-presidente-de-la-asociacion-profeca-cadiz\/#primaryimage\"},\"thumbnailUrl\":\"https:\/\/fadia.info\/wp-content\/uploads\/2025\/05\/Post-FADIA-destacado.png\",\"keywords\":[\"FADIA\",\"INSTALADORES\",\"profeca\"],\"articleSection\":[\"FADIA\"],\"inLanguage\":\"es\",\"potentialAction\":[{\"@type\":\"CommentAction\",\"name\":\"Comment\",\"target\":[\"https:\/\/fadia.info\/index.php\/2025\/05\/09\/andres-rodriguez-nuevo-presidente-de-la-asociacion-profeca-cadiz\/#respond\"]}]},{\"@type\":\"WebPage\",\"@id\":\"https:\/\/fadia.info\/index.php\/2025\/05\/09\/andres-rodriguez-nuevo-presidente-de-la-asociacion-profeca-cadiz\/\",\"url\":\"https:\/\/fadia.info\/index.php\/2025\/05\/09\/andres-rodriguez-nuevo-presidente-de-la-asociacion-profeca-cadiz\/\",\"name\":\"Andr\u00e9s Rodr\u00edguez nuevo presidente de la Asociaci\u00f3n Profeca C\u00e1diz - Fadia\",\"isPartOf\":{\"@id\":\"https:\/\/fadia.info\/#website\"},\"primaryImageOfPage\":{\"@id\":\"https:\/\/fadia.info\/index.php\/2025\/05\/09\/andres-rodriguez-nuevo-presidente-de-la-asociacion-profeca-cadiz\/#primaryimage\"},\"image\":{\"@id\":\"https:\/\/fadia.info\/index.php\/2025\/05\/09\/andres-rodriguez-nuevo-presidente-de-la-asociacion-profeca-cadiz\/#primaryimage\"},\"thumbnailUrl\":\"https:\/\/fadia.info\/wp-content\/uploads\/2025\/05\/Post-FADIA-destacado.png\",\"datePublished\":\"2025-05-09T10:05:55+00:00\",\"dateModified\":\"2025-05-09T10:18:19+00:00\",\"breadcrumb\":{\"@id\":\"https:\/\/fadia.info\/index.php\/2025\/05\/09\/andres-rodriguez-nuevo-presidente-de-la-asociacion-profeca-cadiz\/#breadcrumb\"},\"inLanguage\":\"es\",\"potentialAction\":[{\"@type\":\"ReadAction\",\"target\":[\"https:\/\/fadia.info\/index.php\/2025\/05\/09\/andres-rodriguez-nuevo-presidente-de-la-asociacion-profeca-cadiz\/\"]}]},{\"@type\":\"ImageObject\",\"inLanguage\":\"es\",\"@id\":\"https:\/\/fadia.info\/index.php\/2025\/05\/09\/andres-rodriguez-nuevo-presidente-de-la-asociacion-profeca-cadiz\/#primaryimage\",\"url\":\"https:\/\/fadia.info\/wp-content\/uploads\/2025\/05\/Post-FADIA-destacado.png\",\"contentUrl\":\"https:\/\/fadia.info\/wp-content\/uploads\/2025\/05\/Post-FADIA-destacado.png\",\"width\":1066,\"height\":767},{\"@type\":\"BreadcrumbList\",\"@id\":\"https:\/\/fadia.info\/index.php\/2025\/05\/09\/andres-rodriguez-nuevo-presidente-de-la-asociacion-profeca-cadiz\/#breadcrumb\",\"itemListElement\":[{\"@type\":\"ListItem\",\"position\":1,\"name\":\"Portada\",\"item\":\"https:\/\/fadia.info\/\"},{\"@type\":\"ListItem\",\"position\":2,\"name\":\"Andr\u00e9s Rodr\u00edguez nuevo presidente de la Asociaci\u00f3n Profeca C\u00e1diz\"}]},{\"@type\":\"WebSite\",\"@id\":\"https:\/\/fadia.info\/#website\",\"url\":\"https:\/\/fadia.info\/\",\"name\":\"Fadia\",\"description\":\"\",\"publisher\":{\"@id\":\"https:\/\/fadia.info\/#organization\"},\"alternateName\":\"Federaci\u00f3n de Asociaciones de Instaladores de Andaluc\u00eda\",\"potentialAction\":[{\"@type\":\"SearchAction\",\"target\":{\"@type\":\"EntryPoint\",\"urlTemplate\":\"https:\/\/fadia.info\/?s={search_term_string}\"},\"query-input\":{\"@type\":\"PropertyValueSpecification\",\"valueRequired\":true,\"valueName\":\"search_term_string\"}}],\"inLanguage\":\"es\"},{\"@type\":\"Organization\",\"@id\":\"https:\/\/fadia.info\/#organization\",\"name\":\"Federaci\u00f3n de Asociaciones de Instaladores de Andaluc\u00eda\",\"alternateName\":\"FADIA\",\"url\":\"https:\/\/fadia.info\/\",\"logo\":{\"@type\":\"ImageObject\",\"inLanguage\":\"es\",\"@id\":\"https:\/\/fadia.info\/#\/schema\/logo\/image\/\",\"url\":\"https:\/\/fadia.info\/wp-content\/uploads\/2023\/11\/logo_fadia.png\",\"contentUrl\":\"https:\/\/fadia.info\/wp-content\/uploads\/2023\/11\/logo_fadia.png\",\"width\":619,\"height\":265,\"caption\":\"Federaci\u00f3n de Asociaciones de Instaladores de Andaluc\u00eda\"},\"image\":{\"@id\":\"https:\/\/fadia.info\/#\/schema\/logo\/image\/\"}},{\"@type\":\"Person\",\"@id\":\"https:\/\/fadia.info\/#\/schema\/person\/cdaf7b8ba0a834795f1121971cfaab26\",\"name\":\"Miguel\",\"image\":{\"@type\":\"ImageObject\",\"inLanguage\":\"es\",\"@id\":\"https:\/\/fadia.info\/#\/schema\/person\/image\/\",\"url\":\"https:\/\/secure.gravatar.com\/avatar\/7f4e60b1e9fe9c37d925854cb71b1cb76e7cee4d38db28d6f7e8677375de1b8e?s=96&d=mm&r=g\",\"contentUrl\":\"https:\/\/secure.gravatar.com\/avatar\/7f4e60b1e9fe9c37d925854cb71b1cb76e7cee4d38db28d6f7e8677375de1b8e?s=96&d=mm&r=g\",\"caption\":\"Miguel\"},\"url\":\"https:\/\/fadia.info\/index.php\/author\/miguel\/\"}]}<\/script>\n<!-- \/ Yoast SEO plugin. -->","yoast_head_json":{"title":"Andr\u00e9s Rodr\u00edguez nuevo presidente de la Asociaci\u00f3n Profeca C\u00e1diz - Fadia","robots":{"index":"index","follow":"follow","max-snippet":"max-snippet:-1","max-image-preview":"max-image-preview:large","max-video-preview":"max-video-preview:-1"},"canonical":"https:\/\/fadia.info\/index.php\/2025\/05\/09\/andres-rodriguez-nuevo-presidente-de-la-asociacion-profeca-cadiz\/","og_locale":"es_ES","og_type":"article","og_title":"Andr\u00e9s Rodr\u00edguez nuevo presidente de la Asociaci\u00f3n Profeca C\u00e1diz - Fadia","og_description":"La Asociaci\u00f3n Profesional de Instaladores de la Provincia de C\u00e1diz, PROFECA, ha constituido una nueva directiva el pasado 24 de abril con motivo de la celebraci\u00f3n de su Asamblea General.","og_url":"https:\/\/fadia.info\/index.php\/2025\/05\/09\/andres-rodriguez-nuevo-presidente-de-la-asociacion-profeca-cadiz\/","og_site_name":"Fadia","article_published_time":"2025-05-09T10:05:55+00:00","article_modified_time":"2025-05-09T10:18:19+00:00","og_image":[{"width":1066,"height":767,"url":"https:\/\/fadia.info\/wp-content\/uploads\/2025\/05\/Post-FADIA-destacado.png","type":"image\/png"}],"author":"Miguel","twitter_card":"summary_large_image","twitter_misc":{"Escrito por":"Miguel","Tiempo de lectura":"2 minutos"},"schema":{"@context":"https:\/\/schema.org","@graph":[{"@type":"Article","@id":"https:\/\/fadia.info\/index.php\/2025\/05\/09\/andres-rodriguez-nuevo-presidente-de-la-asociacion-profeca-cadiz\/#article","isPartOf":{"@id":"https:\/\/fadia.info\/index.php\/2025\/05\/09\/andres-rodriguez-nuevo-presidente-de-la-asociacion-profeca-cadiz\/"},"author":{"name":"Miguel","@id":"https:\/\/fadia.info\/#\/schema\/person\/cdaf7b8ba0a834795f1121971cfaab26"},"headline":"Andr\u00e9s Rodr\u00edguez nuevo presidente de la Asociaci\u00f3n Profeca C\u00e1diz","datePublished":"2025-05-09T10:05:55+00:00","dateModified":"2025-05-09T10:18:19+00:00","mainEntityOfPage":{"@id":"https:\/\/fadia.info\/index.php\/2025\/05\/09\/andres-rodriguez-nuevo-presidente-de-la-asociacion-profeca-cadiz\/"},"wordCount":302,"commentCount":0,"publisher":{"@id":"https:\/\/fadia.info\/#organization"},"image":{"@id":"https:\/\/fadia.info\/index.php\/2025\/05\/09\/andres-rodriguez-nuevo-presidente-de-la-asociacion-profeca-cadiz\/#primaryimage"},"thumbnailUrl":"https:\/\/fadia.info\/wp-content\/uploads\/2025\/05\/Post-FADIA-destacado.png","keywords":["FADIA","INSTALADORES","profeca"],"articleSection":["FADIA"],"inLanguage":"es","potentialAction":[{"@type":"CommentAction","name":"Comment","target":["https:\/\/fadia.info\/index.php\/2025\/05\/09\/andres-rodriguez-nuevo-presidente-de-la-asociacion-profeca-cadiz\/#respond"]}]},{"@type":"WebPage","@id":"https:\/\/fadia.info\/index.php\/2025\/05\/09\/andres-rodriguez-nuevo-presidente-de-la-asociacion-profeca-cadiz\/","url":"https:\/\/fadia.info\/index.php\/2025\/05\/09\/andres-rodriguez-nuevo-presidente-de-la-asociacion-profeca-cadiz\/","name":"Andr\u00e9s Rodr\u00edguez nuevo presidente de la Asociaci\u00f3n Profeca C\u00e1diz - Fadia","isPartOf":{"@id":"https:\/\/fadia.info\/#website"},"primaryImageOfPage":{"@id":"https:\/\/fadia.info\/index.php\/2025\/05\/09\/andres-rodriguez-nuevo-presidente-de-la-asociacion-profeca-cadiz\/#primaryimage"},"image":{"@id":"https:\/\/fadia.info\/index.php\/2025\/05\/09\/andres-rodriguez-nuevo-presidente-de-la-asociacion-profeca-cadiz\/#primaryimage"},"thumbnailUrl":"https:\/\/fadia.info\/wp-content\/uploads\/2025\/05\/Post-FADIA-destacado.png","datePublished":"2025-05-09T10:05:55+00:00","dateModified":"2025-05-09T10:18:19+00:00","breadcrumb":{"@id":"https:\/\/fadia.info\/index.php\/2025\/05\/09\/andres-rodriguez-nuevo-presidente-de-la-asociacion-profeca-cadiz\/#breadcrumb"},"inLanguage":"es","potentialAction":[{"@type":"ReadAction","target":["https:\/\/fadia.info\/index.php\/2025\/05\/09\/andres-rodriguez-nuevo-presidente-de-la-asociacion-profeca-cadiz\/"]}]},{"@type":"ImageObject","inLanguage":"es","@id":"https:\/\/fadia.info\/index.php\/2025\/05\/09\/andres-rodriguez-nuevo-presidente-de-la-asociacion-profeca-cadiz\/#primaryimage","url":"https:\/\/fadia.info\/wp-content\/uploads\/2025\/05\/Post-FADIA-destacado.png","contentUrl":"https:\/\/fadia.info\/wp-content\/uploads\/2025\/05\/Post-FADIA-destacado.png","width":1066,"height":767},{"@type":"BreadcrumbList","@id":"https:\/\/fadia.info\/index.php\/2025\/05\/09\/andres-rodriguez-nuevo-presidente-de-la-asociacion-profeca-cadiz\/#breadcrumb","itemListElement":[{"@type":"ListItem","position":1,"name":"Portada","item":"https:\/\/fadia.info\/"},{"@type":"ListItem","position":2,"name":"Andr\u00e9s Rodr\u00edguez nuevo presidente de la Asociaci\u00f3n Profeca C\u00e1diz"}]},{"@type":"WebSite","@id":"https:\/\/fadia.info\/#website","url":"https:\/\/fadia.info\/","name":"Fadia","description":"","publisher":{"@id":"https:\/\/fadia.info\/#organization"},"alternateName":"Federaci\u00f3n de Asociaciones de Instaladores de Andaluc\u00eda","potentialAction":[{"@type":"SearchAction","target":{"@type":"EntryPoint","urlTemplate":"https:\/\/fadia.info\/?s={search_term_string}"},"query-input":{"@type":"PropertyValueSpecification","valueRequired":true,"valueName":"search_term_string"}}],"inLanguage":"es"},{"@type":"Organization","@id":"https:\/\/fadia.info\/#organization","name":"Federaci\u00f3n de Asociaciones de Instaladores de Andaluc\u00eda","alternateName":"FADIA","url":"https:\/\/fadia.info\/","logo":{"@type":"ImageObject","inLanguage":"es","@id":"https:\/\/fadia.info\/#\/schema\/logo\/image\/","url":"https:\/\/fadia.info\/wp-content\/uploads\/2023\/11\/logo_fadia.png","contentUrl":"https:\/\/fadia.info\/wp-content\/uploads\/2023\/11\/logo_fadia.png","width":619,"height":265,"caption":"Federaci\u00f3n de Asociaciones de Instaladores de Andaluc\u00eda"},"image":{"@id":"https:\/\/fadia.info\/#\/schema\/logo\/image\/"}},{"@type":"Person","@id":"https:\/\/fadia.info\/#\/schema\/person\/cdaf7b8ba0a834795f1121971cfaab26","name":"Miguel","image":{"@type":"ImageObject","inLanguage":"es","@id":"https:\/\/fadia.info\/#\/schema\/person\/image\/","url":"https:\/\/secure.gravatar.com\/avatar\/7f4e60b1e9fe9c37d925854cb71b1cb76e7cee4d38db28d6f7e8677375de1b8e?s=96&d=mm&r=g","contentUrl":"https:\/\/secure.gravatar.com\/avatar\/7f4e60b1e9fe9c37d925854cb71b1cb76e7cee4d38db28d6f7e8677375de1b8e?s=96&d=mm&r=g","caption":"Miguel"},"url":"https:\/\/fadia.info\/index.php\/author\/miguel\/"}]}},"_links":{"self":[{"href":"https:\/\/fadia.info\/index.php\/wp-json\/wp\/v2\/posts\/6536","targetHints":{"allow":["GET"]}}],"collection":[{"href":"https:\/\/fadia.info\/index.php\/wp-json\/wp\/v2\/posts"}],"about":[{"href":"https:\/\/fadia.info\/index.php\/wp-json\/wp\/v2\/types\/post"}],"author":[{"embeddable":true,"href":"https:\/\/fadia.info\/index.php\/wp-json\/wp\/v2\/users\/3"}],"replies":[{"embeddable":true,"href":"https:\/\/fadia.info\/index.php\/wp-json\/wp\/v2\/comments?post=6536"}],"version-history":[{"count":1,"href":"https:\/\/fadia.info\/index.php\/wp-json\/wp\/v2\/posts\/6536\/revisions"}],"predecessor-version":[{"id":6539,"href":"https:\/\/fadia.info\/index.php\/wp-json\/wp\/v2\/posts\/6536\/revisions\/6539"}],"wp:featuredmedia":[{"embeddable":true,"href":"https:\/\/fadia.info\/index.php\/wp-json\/wp\/v2\/media\/6540"}],"wp:attachment":[{"href":"https:\/\/fadia.info\/index.php\/wp-json\/wp\/v2\/media?parent=6536"}],"wp:term":[{"taxonomy":"category","embeddable":true,"href":"https:\/\/fadia.info\/index.php\/wp-json\/wp\/v2\/categories?post=6536"},{"taxonomy":"post_tag","embeddable":true,"href":"https:\/\/fadia.info\/index.php\/wp-json\/wp\/v2\/tags?post=6536"}],"curies":[{"name":"wp","href":"https:\/\/api.w.org\/{rel}","templated":true}]}}