{"id":6523,"date":"2025-04-14T11:12:02","date_gmt":"2025-04-14T11:12:02","guid":{"rendered":"https:\/\/fadia.info\/?p=6523"},"modified":"2025-04-14T11:15:22","modified_gmt":"2025-04-14T11:15:22","slug":"fadia-celebra-su-asamblea-general-anual-y-junta-directiva-con-un-homenaje-a-sus-expresidentes-y-la-vista-puesta-en-el-congreso-de-2026","status":"publish","type":"post","link":"https:\/\/fadia.info\/index.php\/2025\/04\/14\/fadia-celebra-su-asamblea-general-anual-y-junta-directiva-con-un-homenaje-a-sus-expresidentes-y-la-vista-puesta-en-el-congreso-de-2026\/","title":{"rendered":"FADIA celebra su Asamblea General Anual y Junta Directiva con un homenaje a sus expresidentes y la vista puesta en el Congreso de 2026."},"content":{"rendered":"\n<p>La Federaci\u00f3n de Asociaciones de Instaladores de Andaluc\u00eda (FADIA) celebr\u00f3 el pasado martes 8 de abril su Asamblea General Anual y Junta Directiva en un acto que tuvo lugar en Sevilla.<\/p>\n\n\n\n<!--more-->\n\n\n\n<figure class=\"wp-block-image size-large\"><img loading=\"lazy\" decoding=\"async\" width=\"1024\" height=\"683\" src=\"https:\/\/fadia.info\/wp-content\/uploads\/2025\/04\/X-FADIA08042025-1024x683.jpg\" alt=\"\" class=\"wp-image-6515\" srcset=\"https:\/\/fadia.info\/wp-content\/uploads\/2025\/04\/X-FADIA08042025-980x653.jpg 980w, https:\/\/fadia.info\/wp-content\/uploads\/2025\/04\/X-FADIA08042025-480x320.jpg 480w\" sizes=\"auto, (min-width: 0px) and (max-width: 480px) 480px, (min-width: 481px) and (max-width: 980px) 980px, (min-width: 981px) 1024px, 100vw\" \/><\/figure>\n\n\n\n<p>Al encuentro asistieron representantes de todas las asociaciones provinciales que conforman la federaci\u00f3n andaluza, en una jornada marcada por el <strong>d\u00e9cimo aniversario de la Federaci\u00f3n<\/strong> y la proyecci\u00f3n de sus futuros retos.<\/p>\n\n\n\n<p>El presidente de FADIA, \u00c1ngel Noguera, abri\u00f3 la sesi\u00f3n con la presentaci\u00f3n de su informe anual, en el que destac\u00f3 los avances logrados en materia de formaci\u00f3n, relaciones institucionales y representaci\u00f3n sectorial. Le acompa\u00f1aron en la mesa presidencial la presidenta de la asociaci\u00f3n anfitriona Maite Cubero, vocal vicepresidenta; Aurelio Chaves, secretario general; y Juan Jos\u00e9 S\u00e1nchez, tesorero de la entidad.<\/p>\n\n\n\n<figure class=\"wp-block-gallery has-nested-images columns-default is-cropped wp-block-gallery-1 is-layout-flex wp-block-gallery-is-layout-flex\">\n<figure class=\"wp-block-image size-large\"><img loading=\"lazy\" decoding=\"async\" width=\"1024\" height=\"683\" data-id=\"6494\" src=\"https:\/\/fadia.info\/wp-content\/uploads\/2025\/04\/AsambleaFADIA2025-3-1024x683.jpg\" alt=\"\" class=\"wp-image-6494\" srcset=\"https:\/\/fadia.info\/wp-content\/uploads\/2025\/04\/AsambleaFADIA2025-3-980x653.jpg 980w, https:\/\/fadia.info\/wp-content\/uploads\/2025\/04\/AsambleaFADIA2025-3-480x320.jpg 480w\" sizes=\"auto, (min-width: 0px) and (max-width: 480px) 480px, (min-width: 481px) and (max-width: 980px) 980px, (min-width: 981px) 1024px, 100vw\" \/><\/figure>\n\n\n\n<figure class=\"wp-block-image size-large\"><img loading=\"lazy\" decoding=\"async\" width=\"1024\" height=\"683\" data-id=\"6495\" src=\"https:\/\/fadia.info\/wp-content\/uploads\/2025\/04\/AsambleaFADIA2025-4-1024x683.jpg\" alt=\"\" class=\"wp-image-6495\" srcset=\"https:\/\/fadia.info\/wp-content\/uploads\/2025\/04\/AsambleaFADIA2025-4-980x653.jpg 980w, https:\/\/fadia.info\/wp-content\/uploads\/2025\/04\/AsambleaFADIA2025-4-480x320.jpg 480w\" sizes=\"auto, (min-width: 0px) and (max-width: 480px) 480px, (min-width: 481px) and (max-width: 980px) 980px, (min-width: 981px) 1024px, 100vw\" \/><\/figure>\n\n\n\n<figure class=\"wp-block-image size-large\"><img loading=\"lazy\" decoding=\"async\" width=\"1024\" height=\"683\" data-id=\"6496\" src=\"https:\/\/fadia.info\/wp-content\/uploads\/2025\/04\/AsambleaFADIA2025-5-1024x683.jpg\" alt=\"\" class=\"wp-image-6496\" srcset=\"https:\/\/fadia.info\/wp-content\/uploads\/2025\/04\/AsambleaFADIA2025-5-980x653.jpg 980w, https:\/\/fadia.info\/wp-content\/uploads\/2025\/04\/AsambleaFADIA2025-5-480x320.jpg 480w\" sizes=\"auto, (min-width: 0px) and (max-width: 480px) 480px, (min-width: 481px) and (max-width: 980px) 980px, (min-width: 981px) 1024px, 100vw\" \/><\/figure>\n\n\n\n<figure class=\"wp-block-image size-large\"><img loading=\"lazy\" decoding=\"async\" width=\"1024\" height=\"683\" data-id=\"6506\" src=\"https:\/\/fadia.info\/wp-content\/uploads\/2025\/04\/AsambleaFADIA2025-15-1024x683.jpg\" alt=\"\" class=\"wp-image-6506\" srcset=\"https:\/\/fadia.info\/wp-content\/uploads\/2025\/04\/AsambleaFADIA2025-15-980x653.jpg 980w, https:\/\/fadia.info\/wp-content\/uploads\/2025\/04\/AsambleaFADIA2025-15-480x320.jpg 480w\" sizes=\"auto, (min-width: 0px) and (max-width: 480px) 480px, (min-width: 481px) and (max-width: 980px) 980px, (min-width: 981px) 1024px, 100vw\" \/><\/figure>\n\n\n\n<figure class=\"wp-block-image size-large\"><img loading=\"lazy\" decoding=\"async\" width=\"1024\" height=\"683\" data-id=\"6507\" src=\"https:\/\/fadia.info\/wp-content\/uploads\/2025\/04\/AsambleaFADIA2025-16-1024x683.jpg\" alt=\"\" class=\"wp-image-6507\" srcset=\"https:\/\/fadia.info\/wp-content\/uploads\/2025\/04\/AsambleaFADIA2025-16-980x653.jpg 980w, https:\/\/fadia.info\/wp-content\/uploads\/2025\/04\/AsambleaFADIA2025-16-480x320.jpg 480w\" sizes=\"auto, (min-width: 0px) and (max-width: 480px) 480px, (min-width: 481px) and (max-width: 980px) 980px, (min-width: 981px) 1024px, 100vw\" \/><\/figure>\n\n\n\n<figure class=\"wp-block-image size-large\"><img loading=\"lazy\" decoding=\"async\" width=\"1024\" height=\"683\" data-id=\"6505\" src=\"https:\/\/fadia.info\/wp-content\/uploads\/2025\/04\/AsambleaFADIA2025-14-1024x683.jpg\" alt=\"\" class=\"wp-image-6505\" srcset=\"https:\/\/fadia.info\/wp-content\/uploads\/2025\/04\/AsambleaFADIA2025-14-980x653.jpg 980w, https:\/\/fadia.info\/wp-content\/uploads\/2025\/04\/AsambleaFADIA2025-14-480x320.jpg 480w\" sizes=\"auto, (min-width: 0px) and (max-width: 480px) 480px, (min-width: 481px) and (max-width: 980px) 980px, (min-width: 981px) 1024px, 100vw\" \/><\/figure>\n<\/figure>\n\n\n\n<p>Se trataron los asuntos habituales presentando los informes de las comisiones de trabajo, el estado econ\u00f3mico, la memoria anual y el programa de actividades. Uno de los puntos clave de la jornada fue el debate sobre la organizaci\u00f3n del pr\u00f3ximo <strong>Congreso-Feria de los Instaladores de Andaluc\u00eda<\/strong>, previsto para el a\u00f1o 2026. Las asociaciones coincidieron en la importancia de este evento como plataforma para visibilizar el trabajo de los profesionales del sector, as\u00ed como para fomentar la innovaci\u00f3n, el networking y el desarrollo econ\u00f3mico de las empresas instaladoras de Andaluc\u00eda.<\/p>\n\n\n\n<p>La jornada concluy\u00f3 con un emotivo <strong>homenaje a los anteriores presidentes de FADIA<\/strong>, en reconocimiento a su labor y compromiso con la federaci\u00f3n a lo largo de los a\u00f1os. Este acto simb\u00f3lico y cargado de emoci\u00f3n, puso en valor la historia y el legado de quienes han contribuido a consolidar a FADIA durante sus diez a\u00f1os de historia como un referente del sector en la comunidad andaluza. Se premi\u00f3 el gran trabajo realizado por <em>Juan Manuel Plata Plata<\/em>, de la Asociaci\u00f3n de Granada AAIE; <em>Hermenegildo Marchal Mill\u00e1n<\/em>, de la Asociaci\u00f3n de Ja\u00e9n APEI; y a <em>Rafael Gand\u00eda Nevado<\/em>, de la Asociaci\u00f3n de C\u00f3rdoba APIECO; expresidentes de Federaci\u00f3n de Asociaciones de Andaluc\u00eda.<\/p>\n\n\n\n<figure class=\"wp-block-image size-large\"><img loading=\"lazy\" decoding=\"async\" width=\"1024\" height=\"683\" src=\"https:\/\/fadia.info\/wp-content\/uploads\/2025\/04\/AsambleaFADIA2025-P-1024x683.jpg\" alt=\"\" class=\"wp-image-6514\" srcset=\"https:\/\/fadia.info\/wp-content\/uploads\/2025\/04\/AsambleaFADIA2025-P-980x653.jpg 980w, https:\/\/fadia.info\/wp-content\/uploads\/2025\/04\/AsambleaFADIA2025-P-480x320.jpg 480w\" sizes=\"auto, (min-width: 0px) and (max-width: 480px) 480px, (min-width: 481px) and (max-width: 980px) 980px, (min-width: 981px) 1024px, 100vw\" \/><\/figure>\n\n\n\n<p>Con esta asamblea, FADIA reafirma su compromiso con el impulso del sector de las instalaciones en Andaluc\u00eda, apostando por la unidad, el di\u00e1logo y la planificaci\u00f3n estrat\u00e9gica como pilares fundamentales para afrontar los desaf\u00edos del futuro.<\/p>\n","protected":false},"excerpt":{"rendered":"<p>La Federaci\u00f3n de Asociaciones de Instaladores de Andaluc\u00eda (FADIA) celebr\u00f3 el pasado martes 8 de abril su Asamblea General Anual y Junta Directiva en un acto que tuvo lugar en [&hellip;]<\/p>\n","protected":false},"author":3,"featured_media":6515,"comment_status":"open","ping_status":"open","sticky":false,"template":"","format":"standard","meta":{"_et_pb_use_builder":"off","_et_pb_old_content":"","_et_gb_content_width":"","_monsterinsights_skip_tracking":false,"_monsterinsights_sitenote_active":false,"_monsterinsights_sitenote_note":"","_monsterinsights_sitenote_category":0,"footnotes":""},"categories":[4],"tags":[14,15],"class_list":["post-6523","post","type-post","status-publish","format-standard","has-post-thumbnail","hentry","category-fadia","tag-fadia","tag-instaladores"],"yoast_head":"<!-- This site is optimized with the Yoast SEO plugin v24.2 - https:\/\/yoast.com\/wordpress\/plugins\/seo\/ -->\n<title>FADIA celebra su Asamblea General Anual y Junta Directiva con un homenaje a sus expresidentes y la vista puesta en el Congreso de 2026. - Fadia<\/title>\n<meta name=\"robots\" content=\"index, follow, max-snippet:-1, max-image-preview:large, max-video-preview:-1\" \/>\n<link rel=\"canonical\" href=\"https:\/\/fadia.info\/index.php\/2025\/04\/14\/fadia-celebra-su-asamblea-general-anual-y-junta-directiva-con-un-homenaje-a-sus-expresidentes-y-la-vista-puesta-en-el-congreso-de-2026\/\" \/>\n<meta property=\"og:locale\" content=\"es_ES\" \/>\n<meta property=\"og:type\" content=\"article\" \/>\n<meta property=\"og:title\" content=\"FADIA celebra su Asamblea General Anual y Junta Directiva con un homenaje a sus expresidentes y la vista puesta en el Congreso de 2026. - Fadia\" \/>\n<meta property=\"og:description\" content=\"La Federaci\u00f3n de Asociaciones de Instaladores de Andaluc\u00eda (FADIA) celebr\u00f3 el pasado martes 8 de abril su Asamblea General Anual y Junta Directiva en un acto que tuvo lugar en [&hellip;]\" \/>\n<meta property=\"og:url\" content=\"https:\/\/fadia.info\/index.php\/2025\/04\/14\/fadia-celebra-su-asamblea-general-anual-y-junta-directiva-con-un-homenaje-a-sus-expresidentes-y-la-vista-puesta-en-el-congreso-de-2026\/\" \/>\n<meta property=\"og:site_name\" content=\"Fadia\" \/>\n<meta property=\"article:published_time\" content=\"2025-04-14T11:12:02+00:00\" \/>\n<meta property=\"article:modified_time\" content=\"2025-04-14T11:15:22+00:00\" \/>\n<meta property=\"og:image\" content=\"https:\/\/fadia.info\/wp-content\/uploads\/2025\/04\/X-FADIA08042025-scaled.jpg\" \/>\n\t<meta property=\"og:image:width\" content=\"2560\" \/>\n\t<meta property=\"og:image:height\" content=\"1707\" \/>\n\t<meta property=\"og:image:type\" content=\"image\/jpeg\" \/>\n<meta name=\"author\" content=\"Miguel\" \/>\n<meta name=\"twitter:card\" content=\"summary_large_image\" \/>\n<meta name=\"twitter:label1\" content=\"Escrito por\" \/>\n\t<meta name=\"twitter:data1\" content=\"Miguel\" \/>\n\t<meta name=\"twitter:label2\" content=\"Tiempo de lectura\" \/>\n\t<meta name=\"twitter:data2\" content=\"4 minutos\" \/>\n<script type=\"application\/ld+json\" class=\"yoast-schema-graph\">{\"@context\":\"https:\/\/schema.org\",\"@graph\":[{\"@type\":\"Article\",\"@id\":\"https:\/\/fadia.info\/index.php\/2025\/04\/14\/fadia-celebra-su-asamblea-general-anual-y-junta-directiva-con-un-homenaje-a-sus-expresidentes-y-la-vista-puesta-en-el-congreso-de-2026\/#article\",\"isPartOf\":{\"@id\":\"https:\/\/fadia.info\/index.php\/2025\/04\/14\/fadia-celebra-su-asamblea-general-anual-y-junta-directiva-con-un-homenaje-a-sus-expresidentes-y-la-vista-puesta-en-el-congreso-de-2026\/\"},\"author\":{\"name\":\"Miguel\",\"@id\":\"https:\/\/fadia.info\/#\/schema\/person\/cdaf7b8ba0a834795f1121971cfaab26\"},\"headline\":\"FADIA celebra su Asamblea General Anual y Junta Directiva con un homenaje a sus expresidentes y la vista puesta en el Congreso de 2026.\",\"datePublished\":\"2025-04-14T11:12:02+00:00\",\"dateModified\":\"2025-04-14T11:15:22+00:00\",\"mainEntityOfPage\":{\"@id\":\"https:\/\/fadia.info\/index.php\/2025\/04\/14\/fadia-celebra-su-asamblea-general-anual-y-junta-directiva-con-un-homenaje-a-sus-expresidentes-y-la-vista-puesta-en-el-congreso-de-2026\/\"},\"wordCount\":420,\"commentCount\":0,\"publisher\":{\"@id\":\"https:\/\/fadia.info\/#organization\"},\"image\":{\"@id\":\"https:\/\/fadia.info\/index.php\/2025\/04\/14\/fadia-celebra-su-asamblea-general-anual-y-junta-directiva-con-un-homenaje-a-sus-expresidentes-y-la-vista-puesta-en-el-congreso-de-2026\/#primaryimage\"},\"thumbnailUrl\":\"https:\/\/fadia.info\/wp-content\/uploads\/2025\/04\/X-FADIA08042025-scaled.jpg\",\"keywords\":[\"FADIA\",\"INSTALADORES\"],\"articleSection\":[\"FADIA\"],\"inLanguage\":\"es\",\"potentialAction\":[{\"@type\":\"CommentAction\",\"name\":\"Comment\",\"target\":[\"https:\/\/fadia.info\/index.php\/2025\/04\/14\/fadia-celebra-su-asamblea-general-anual-y-junta-directiva-con-un-homenaje-a-sus-expresidentes-y-la-vista-puesta-en-el-congreso-de-2026\/#respond\"]}]},{\"@type\":\"WebPage\",\"@id\":\"https:\/\/fadia.info\/index.php\/2025\/04\/14\/fadia-celebra-su-asamblea-general-anual-y-junta-directiva-con-un-homenaje-a-sus-expresidentes-y-la-vista-puesta-en-el-congreso-de-2026\/\",\"url\":\"https:\/\/fadia.info\/index.php\/2025\/04\/14\/fadia-celebra-su-asamblea-general-anual-y-junta-directiva-con-un-homenaje-a-sus-expresidentes-y-la-vista-puesta-en-el-congreso-de-2026\/\",\"name\":\"FADIA celebra su Asamblea General Anual y Junta Directiva con un homenaje a sus expresidentes y la vista puesta en el Congreso de 2026. - Fadia\",\"isPartOf\":{\"@id\":\"https:\/\/fadia.info\/#website\"},\"primaryImageOfPage\":{\"@id\":\"https:\/\/fadia.info\/index.php\/2025\/04\/14\/fadia-celebra-su-asamblea-general-anual-y-junta-directiva-con-un-homenaje-a-sus-expresidentes-y-la-vista-puesta-en-el-congreso-de-2026\/#primaryimage\"},\"image\":{\"@id\":\"https:\/\/fadia.info\/index.php\/2025\/04\/14\/fadia-celebra-su-asamblea-general-anual-y-junta-directiva-con-un-homenaje-a-sus-expresidentes-y-la-vista-puesta-en-el-congreso-de-2026\/#primaryimage\"},\"thumbnailUrl\":\"https:\/\/fadia.info\/wp-content\/uploads\/2025\/04\/X-FADIA08042025-scaled.jpg\",\"datePublished\":\"2025-04-14T11:12:02+00:00\",\"dateModified\":\"2025-04-14T11:15:22+00:00\",\"breadcrumb\":{\"@id\":\"https:\/\/fadia.info\/index.php\/2025\/04\/14\/fadia-celebra-su-asamblea-general-anual-y-junta-directiva-con-un-homenaje-a-sus-expresidentes-y-la-vista-puesta-en-el-congreso-de-2026\/#breadcrumb\"},\"inLanguage\":\"es\",\"potentialAction\":[{\"@type\":\"ReadAction\",\"target\":[\"https:\/\/fadia.info\/index.php\/2025\/04\/14\/fadia-celebra-su-asamblea-general-anual-y-junta-directiva-con-un-homenaje-a-sus-expresidentes-y-la-vista-puesta-en-el-congreso-de-2026\/\"]}]},{\"@type\":\"ImageObject\",\"inLanguage\":\"es\",\"@id\":\"https:\/\/fadia.info\/index.php\/2025\/04\/14\/fadia-celebra-su-asamblea-general-anual-y-junta-directiva-con-un-homenaje-a-sus-expresidentes-y-la-vista-puesta-en-el-congreso-de-2026\/#primaryimage\",\"url\":\"https:\/\/fadia.info\/wp-content\/uploads\/2025\/04\/X-FADIA08042025-scaled.jpg\",\"contentUrl\":\"https:\/\/fadia.info\/wp-content\/uploads\/2025\/04\/X-FADIA08042025-scaled.jpg\",\"width\":2560,\"height\":1707},{\"@type\":\"BreadcrumbList\",\"@id\":\"https:\/\/fadia.info\/index.php\/2025\/04\/14\/fadia-celebra-su-asamblea-general-anual-y-junta-directiva-con-un-homenaje-a-sus-expresidentes-y-la-vista-puesta-en-el-congreso-de-2026\/#breadcrumb\",\"itemListElement\":[{\"@type\":\"ListItem\",\"position\":1,\"name\":\"Portada\",\"item\":\"https:\/\/fadia.info\/\"},{\"@type\":\"ListItem\",\"position\":2,\"name\":\"FADIA celebra su Asamblea General Anual y Junta Directiva con un homenaje a sus expresidentes y la vista puesta en el Congreso de 2026.\"}]},{\"@type\":\"WebSite\",\"@id\":\"https:\/\/fadia.info\/#website\",\"url\":\"https:\/\/fadia.info\/\",\"name\":\"Fadia\",\"description\":\"\",\"publisher\":{\"@id\":\"https:\/\/fadia.info\/#organization\"},\"alternateName\":\"Federaci\u00f3n de Asociaciones de Instaladores de Andaluc\u00eda\",\"potentialAction\":[{\"@type\":\"SearchAction\",\"target\":{\"@type\":\"EntryPoint\",\"urlTemplate\":\"https:\/\/fadia.info\/?s={search_term_string}\"},\"query-input\":{\"@type\":\"PropertyValueSpecification\",\"valueRequired\":true,\"valueName\":\"search_term_string\"}}],\"inLanguage\":\"es\"},{\"@type\":\"Organization\",\"@id\":\"https:\/\/fadia.info\/#organization\",\"name\":\"Federaci\u00f3n de Asociaciones de Instaladores de Andaluc\u00eda\",\"alternateName\":\"FADIA\",\"url\":\"https:\/\/fadia.info\/\",\"logo\":{\"@type\":\"ImageObject\",\"inLanguage\":\"es\",\"@id\":\"https:\/\/fadia.info\/#\/schema\/logo\/image\/\",\"url\":\"https:\/\/fadia.info\/wp-content\/uploads\/2023\/11\/logo_fadia.png\",\"contentUrl\":\"https:\/\/fadia.info\/wp-content\/uploads\/2023\/11\/logo_fadia.png\",\"width\":619,\"height\":265,\"caption\":\"Federaci\u00f3n de Asociaciones de Instaladores de Andaluc\u00eda\"},\"image\":{\"@id\":\"https:\/\/fadia.info\/#\/schema\/logo\/image\/\"}},{\"@type\":\"Person\",\"@id\":\"https:\/\/fadia.info\/#\/schema\/person\/cdaf7b8ba0a834795f1121971cfaab26\",\"name\":\"Miguel\",\"image\":{\"@type\":\"ImageObject\",\"inLanguage\":\"es\",\"@id\":\"https:\/\/fadia.info\/#\/schema\/person\/image\/\",\"url\":\"https:\/\/secure.gravatar.com\/avatar\/7f4e60b1e9fe9c37d925854cb71b1cb76e7cee4d38db28d6f7e8677375de1b8e?s=96&d=mm&r=g\",\"contentUrl\":\"https:\/\/secure.gravatar.com\/avatar\/7f4e60b1e9fe9c37d925854cb71b1cb76e7cee4d38db28d6f7e8677375de1b8e?s=96&d=mm&r=g\",\"caption\":\"Miguel\"},\"url\":\"https:\/\/fadia.info\/index.php\/author\/miguel\/\"}]}<\/script>\n<!-- \/ Yoast SEO plugin. -->","yoast_head_json":{"title":"FADIA celebra su Asamblea General Anual y Junta Directiva con un homenaje a sus expresidentes y la vista puesta en el Congreso de 2026. - Fadia","robots":{"index":"index","follow":"follow","max-snippet":"max-snippet:-1","max-image-preview":"max-image-preview:large","max-video-preview":"max-video-preview:-1"},"canonical":"https:\/\/fadia.info\/index.php\/2025\/04\/14\/fadia-celebra-su-asamblea-general-anual-y-junta-directiva-con-un-homenaje-a-sus-expresidentes-y-la-vista-puesta-en-el-congreso-de-2026\/","og_locale":"es_ES","og_type":"article","og_title":"FADIA celebra su Asamblea General Anual y Junta Directiva con un homenaje a sus expresidentes y la vista puesta en el Congreso de 2026. - Fadia","og_description":"La Federaci\u00f3n de Asociaciones de Instaladores de Andaluc\u00eda (FADIA) celebr\u00f3 el pasado martes 8 de abril su Asamblea General Anual y Junta Directiva en un acto que tuvo lugar en [&hellip;]","og_url":"https:\/\/fadia.info\/index.php\/2025\/04\/14\/fadia-celebra-su-asamblea-general-anual-y-junta-directiva-con-un-homenaje-a-sus-expresidentes-y-la-vista-puesta-en-el-congreso-de-2026\/","og_site_name":"Fadia","article_published_time":"2025-04-14T11:12:02+00:00","article_modified_time":"2025-04-14T11:15:22+00:00","og_image":[{"width":2560,"height":1707,"url":"https:\/\/fadia.info\/wp-content\/uploads\/2025\/04\/X-FADIA08042025-scaled.jpg","type":"image\/jpeg"}],"author":"Miguel","twitter_card":"summary_large_image","twitter_misc":{"Escrito por":"Miguel","Tiempo de lectura":"4 minutos"},"schema":{"@context":"https:\/\/schema.org","@graph":[{"@type":"Article","@id":"https:\/\/fadia.info\/index.php\/2025\/04\/14\/fadia-celebra-su-asamblea-general-anual-y-junta-directiva-con-un-homenaje-a-sus-expresidentes-y-la-vista-puesta-en-el-congreso-de-2026\/#article","isPartOf":{"@id":"https:\/\/fadia.info\/index.php\/2025\/04\/14\/fadia-celebra-su-asamblea-general-anual-y-junta-directiva-con-un-homenaje-a-sus-expresidentes-y-la-vista-puesta-en-el-congreso-de-2026\/"},"author":{"name":"Miguel","@id":"https:\/\/fadia.info\/#\/schema\/person\/cdaf7b8ba0a834795f1121971cfaab26"},"headline":"FADIA celebra su Asamblea General Anual y Junta Directiva con un homenaje a sus expresidentes y la vista puesta en el Congreso de 2026.","datePublished":"2025-04-14T11:12:02+00:00","dateModified":"2025-04-14T11:15:22+00:00","mainEntityOfPage":{"@id":"https:\/\/fadia.info\/index.php\/2025\/04\/14\/fadia-celebra-su-asamblea-general-anual-y-junta-directiva-con-un-homenaje-a-sus-expresidentes-y-la-vista-puesta-en-el-congreso-de-2026\/"},"wordCount":420,"commentCount":0,"publisher":{"@id":"https:\/\/fadia.info\/#organization"},"image":{"@id":"https:\/\/fadia.info\/index.php\/2025\/04\/14\/fadia-celebra-su-asamblea-general-anual-y-junta-directiva-con-un-homenaje-a-sus-expresidentes-y-la-vista-puesta-en-el-congreso-de-2026\/#primaryimage"},"thumbnailUrl":"https:\/\/fadia.info\/wp-content\/uploads\/2025\/04\/X-FADIA08042025-scaled.jpg","keywords":["FADIA","INSTALADORES"],"articleSection":["FADIA"],"inLanguage":"es","potentialAction":[{"@type":"CommentAction","name":"Comment","target":["https:\/\/fadia.info\/index.php\/2025\/04\/14\/fadia-celebra-su-asamblea-general-anual-y-junta-directiva-con-un-homenaje-a-sus-expresidentes-y-la-vista-puesta-en-el-congreso-de-2026\/#respond"]}]},{"@type":"WebPage","@id":"https:\/\/fadia.info\/index.php\/2025\/04\/14\/fadia-celebra-su-asamblea-general-anual-y-junta-directiva-con-un-homenaje-a-sus-expresidentes-y-la-vista-puesta-en-el-congreso-de-2026\/","url":"https:\/\/fadia.info\/index.php\/2025\/04\/14\/fadia-celebra-su-asamblea-general-anual-y-junta-directiva-con-un-homenaje-a-sus-expresidentes-y-la-vista-puesta-en-el-congreso-de-2026\/","name":"FADIA celebra su Asamblea General Anual y Junta Directiva con un homenaje a sus expresidentes y la vista puesta en el Congreso de 2026. - Fadia","isPartOf":{"@id":"https:\/\/fadia.info\/#website"},"primaryImageOfPage":{"@id":"https:\/\/fadia.info\/index.php\/2025\/04\/14\/fadia-celebra-su-asamblea-general-anual-y-junta-directiva-con-un-homenaje-a-sus-expresidentes-y-la-vista-puesta-en-el-congreso-de-2026\/#primaryimage"},"image":{"@id":"https:\/\/fadia.info\/index.php\/2025\/04\/14\/fadia-celebra-su-asamblea-general-anual-y-junta-directiva-con-un-homenaje-a-sus-expresidentes-y-la-vista-puesta-en-el-congreso-de-2026\/#primaryimage"},"thumbnailUrl":"https:\/\/fadia.info\/wp-content\/uploads\/2025\/04\/X-FADIA08042025-scaled.jpg","datePublished":"2025-04-14T11:12:02+00:00","dateModified":"2025-04-14T11:15:22+00:00","breadcrumb":{"@id":"https:\/\/fadia.info\/index.php\/2025\/04\/14\/fadia-celebra-su-asamblea-general-anual-y-junta-directiva-con-un-homenaje-a-sus-expresidentes-y-la-vista-puesta-en-el-congreso-de-2026\/#breadcrumb"},"inLanguage":"es","potentialAction":[{"@type":"ReadAction","target":["https:\/\/fadia.info\/index.php\/2025\/04\/14\/fadia-celebra-su-asamblea-general-anual-y-junta-directiva-con-un-homenaje-a-sus-expresidentes-y-la-vista-puesta-en-el-congreso-de-2026\/"]}]},{"@type":"ImageObject","inLanguage":"es","@id":"https:\/\/fadia.info\/index.php\/2025\/04\/14\/fadia-celebra-su-asamblea-general-anual-y-junta-directiva-con-un-homenaje-a-sus-expresidentes-y-la-vista-puesta-en-el-congreso-de-2026\/#primaryimage","url":"https:\/\/fadia.info\/wp-content\/uploads\/2025\/04\/X-FADIA08042025-scaled.jpg","contentUrl":"https:\/\/fadia.info\/wp-content\/uploads\/2025\/04\/X-FADIA08042025-scaled.jpg","width":2560,"height":1707},{"@type":"BreadcrumbList","@id":"https:\/\/fadia.info\/index.php\/2025\/04\/14\/fadia-celebra-su-asamblea-general-anual-y-junta-directiva-con-un-homenaje-a-sus-expresidentes-y-la-vista-puesta-en-el-congreso-de-2026\/#breadcrumb","itemListElement":[{"@type":"ListItem","position":1,"name":"Portada","item":"https:\/\/fadia.info\/"},{"@type":"ListItem","position":2,"name":"FADIA celebra su Asamblea General Anual y Junta Directiva con un homenaje a sus expresidentes y la vista puesta en el Congreso de 2026."}]},{"@type":"WebSite","@id":"https:\/\/fadia.info\/#website","url":"https:\/\/fadia.info\/","name":"Fadia","description":"","publisher":{"@id":"https:\/\/fadia.info\/#organization"},"alternateName":"Federaci\u00f3n de Asociaciones de Instaladores de Andaluc\u00eda","potentialAction":[{"@type":"SearchAction","target":{"@type":"EntryPoint","urlTemplate":"https:\/\/fadia.info\/?s={search_term_string}"},"query-input":{"@type":"PropertyValueSpecification","valueRequired":true,"valueName":"search_term_string"}}],"inLanguage":"es"},{"@type":"Organization","@id":"https:\/\/fadia.info\/#organization","name":"Federaci\u00f3n de Asociaciones de Instaladores de Andaluc\u00eda","alternateName":"FADIA","url":"https:\/\/fadia.info\/","logo":{"@type":"ImageObject","inLanguage":"es","@id":"https:\/\/fadia.info\/#\/schema\/logo\/image\/","url":"https:\/\/fadia.info\/wp-content\/uploads\/2023\/11\/logo_fadia.png","contentUrl":"https:\/\/fadia.info\/wp-content\/uploads\/2023\/11\/logo_fadia.png","width":619,"height":265,"caption":"Federaci\u00f3n de Asociaciones de Instaladores de Andaluc\u00eda"},"image":{"@id":"https:\/\/fadia.info\/#\/schema\/logo\/image\/"}},{"@type":"Person","@id":"https:\/\/fadia.info\/#\/schema\/person\/cdaf7b8ba0a834795f1121971cfaab26","name":"Miguel","image":{"@type":"ImageObject","inLanguage":"es","@id":"https:\/\/fadia.info\/#\/schema\/person\/image\/","url":"https:\/\/secure.gravatar.com\/avatar\/7f4e60b1e9fe9c37d925854cb71b1cb76e7cee4d38db28d6f7e8677375de1b8e?s=96&d=mm&r=g","contentUrl":"https:\/\/secure.gravatar.com\/avatar\/7f4e60b1e9fe9c37d925854cb71b1cb76e7cee4d38db28d6f7e8677375de1b8e?s=96&d=mm&r=g","caption":"Miguel"},"url":"https:\/\/fadia.info\/index.php\/author\/miguel\/"}]}},"_links":{"self":[{"href":"https:\/\/fadia.info\/index.php\/wp-json\/wp\/v2\/posts\/6523","targetHints":{"allow":["GET"]}}],"collection":[{"href":"https:\/\/fadia.info\/index.php\/wp-json\/wp\/v2\/posts"}],"about":[{"href":"https:\/\/fadia.info\/index.php\/wp-json\/wp\/v2\/types\/post"}],"author":[{"embeddable":true,"href":"https:\/\/fadia.info\/index.php\/wp-json\/wp\/v2\/users\/3"}],"replies":[{"embeddable":true,"href":"https:\/\/fadia.info\/index.php\/wp-json\/wp\/v2\/comments?post=6523"}],"version-history":[{"count":2,"href":"https:\/\/fadia.info\/index.php\/wp-json\/wp\/v2\/posts\/6523\/revisions"}],"predecessor-version":[{"id":6525,"href":"https:\/\/fadia.info\/index.php\/wp-json\/wp\/v2\/posts\/6523\/revisions\/6525"}],"wp:featuredmedia":[{"embeddable":true,"href":"https:\/\/fadia.info\/index.php\/wp-json\/wp\/v2\/media\/6515"}],"wp:attachment":[{"href":"https:\/\/fadia.info\/index.php\/wp-json\/wp\/v2\/media?parent=6523"}],"wp:term":[{"taxonomy":"category","embeddable":true,"href":"https:\/\/fadia.info\/index.php\/wp-json\/wp\/v2\/categories?post=6523"},{"taxonomy":"post_tag","embeddable":true,"href":"https:\/\/fadia.info\/index.php\/wp-json\/wp\/v2\/tags?post=6523"}],"curies":[{"name":"wp","href":"https:\/\/api.w.org\/{rel}","templated":true}]}}