{"id":6478,"date":"2025-03-21T12:29:40","date_gmt":"2025-03-21T12:29:40","guid":{"rendered":"https:\/\/fadia.info\/?p=6478"},"modified":"2025-03-21T12:29:45","modified_gmt":"2025-03-21T12:29:45","slug":"constituida-la-comision-de-seguimiento-del-protocolo-de-colaboracion-entre-fadia-y-la-junta-de-andalucia-para-el-impulso-de-la-fp-dual","status":"publish","type":"post","link":"https:\/\/fadia.info\/index.php\/2025\/03\/21\/constituida-la-comision-de-seguimiento-del-protocolo-de-colaboracion-entre-fadia-y-la-junta-de-andalucia-para-el-impulso-de-la-fp-dual\/","title":{"rendered":"Constituida la Comisi\u00f3n de Seguimiento del Protocolo de Colaboraci\u00f3n entre FADIA y la Junta de Andaluc\u00eda para el impulso de la FP Dual"},"content":{"rendered":"\n<p>La Consejer\u00eda de Desarrollo Educativo y Formaci\u00f3n Profesional y la Federaci\u00f3n de Asociaciones de Instaladores de Andaluc\u00eda (FADIA) han constituido la Comisi\u00f3n de Seguimiento del Protocolo de Colaboraci\u00f3n para fomentar la Formaci\u00f3n Profesional Dual en el sector.<\/p>\n\n\n\n<!--more-->\n\n\n\n<figure class=\"wp-block-image size-large\"><img loading=\"lazy\" decoding=\"async\" width=\"1024\" height=\"1024\" src=\"https:\/\/fadia.info\/wp-content\/uploads\/2025\/03\/Post-FADIA-morado-1024x1024.png\" alt=\"\" class=\"wp-image-6479\" srcset=\"https:\/\/fadia.info\/wp-content\/uploads\/2025\/03\/Post-FADIA-morado-1024x1024.png 1024w, https:\/\/fadia.info\/wp-content\/uploads\/2025\/03\/Post-FADIA-morado-980x980.png 980w, https:\/\/fadia.info\/wp-content\/uploads\/2025\/03\/Post-FADIA-morado-480x480.png 480w\" sizes=\"auto, (min-width: 0px) and (max-width: 480px) 480px, (min-width: 481px) and (max-width: 980px) 980px, (min-width: 981px) 1024px, 100vw\" \/><\/figure>\n\n\n\n<p>Durante la reuni\u00f3n, celebrada en la sede de la Consejer\u00eda, se abordaron cuestiones clave como la mejora del acceso de los alumnos de FP Dual a las obras de construcci\u00f3n.<\/p>\n\n\n\n<p>Igualmente se coment\u00f3 la necesidad de formaci\u00f3n en prevenci\u00f3n de riesgos laborales, y la gesti\u00f3n de incentivos a proyectos espec\u00edficos de formaci\u00f3n.<\/p>\n\n\n\n<p>Asimismo, se estudi\u00f3 la posible creaci\u00f3n de un portal web de empleo para poner en contacto a alumnos y empresarios del sector.<\/p>\n\n\n\n<p>&nbsp;Por \u00faltimo, se acord\u00f3 la organizaci\u00f3n de encuentros dinamizadores de la FP Dual en las provincias andaluzas, en los que puedan participar profesores, empresarios y alumnos, para poner en com\u00fan las necesidades de todos los actores del sector y estudiar los casos de \u00e9xito llevados a cabo en el mundo de las instalaciones.<\/p>\n\n\n\n<p>La Comisi\u00f3n, formada por miembros de Fadia y de la Junta de Andaluc\u00eda, ha acordado seguir trabajando en estas l\u00edneas estrat\u00e9gicas y volver a reunirse al final del curso escolar para evaluar los avances alcanzados.<\/p>\n","protected":false},"excerpt":{"rendered":"<p>La Consejer\u00eda de Desarrollo Educativo y Formaci\u00f3n Profesional y la Federaci\u00f3n de Asociaciones de Instaladores de Andaluc\u00eda (FADIA) han constituido la Comisi\u00f3n de Seguimiento del Protocolo de Colaboraci\u00f3n para fomentar [&hellip;]<\/p>\n","protected":false},"author":3,"featured_media":6479,"comment_status":"open","ping_status":"open","sticky":false,"template":"","format":"standard","meta":{"_et_pb_use_builder":"off","_et_pb_old_content":"","_et_gb_content_width":"","_monsterinsights_skip_tracking":false,"_monsterinsights_sitenote_active":false,"_monsterinsights_sitenote_note":"","_monsterinsights_sitenote_category":0,"footnotes":""},"categories":[4],"tags":[14,22,15],"class_list":["post-6478","post","type-post","status-publish","format-standard","has-post-thumbnail","hentry","category-fadia","tag-fadia","tag-fp-dual","tag-instaladores"],"yoast_head":"<!-- This site is optimized with the Yoast SEO plugin v24.2 - https:\/\/yoast.com\/wordpress\/plugins\/seo\/ -->\n<title>Constituida la Comisi\u00f3n de Seguimiento del Protocolo de Colaboraci\u00f3n entre FADIA y la Junta de Andaluc\u00eda para el impulso de la FP Dual - Fadia<\/title>\n<meta name=\"robots\" content=\"index, follow, max-snippet:-1, max-image-preview:large, max-video-preview:-1\" \/>\n<link rel=\"canonical\" href=\"https:\/\/fadia.info\/index.php\/2025\/03\/21\/constituida-la-comision-de-seguimiento-del-protocolo-de-colaboracion-entre-fadia-y-la-junta-de-andalucia-para-el-impulso-de-la-fp-dual\/\" \/>\n<meta property=\"og:locale\" content=\"es_ES\" \/>\n<meta property=\"og:type\" content=\"article\" \/>\n<meta property=\"og:title\" content=\"Constituida la Comisi\u00f3n de Seguimiento del Protocolo de Colaboraci\u00f3n entre FADIA y la Junta de Andaluc\u00eda para el impulso de la FP Dual - Fadia\" \/>\n<meta property=\"og:description\" content=\"La Consejer\u00eda de Desarrollo Educativo y Formaci\u00f3n Profesional y la Federaci\u00f3n de Asociaciones de Instaladores de Andaluc\u00eda (FADIA) han constituido la Comisi\u00f3n de Seguimiento del Protocolo de Colaboraci\u00f3n para fomentar [&hellip;]\" \/>\n<meta property=\"og:url\" content=\"https:\/\/fadia.info\/index.php\/2025\/03\/21\/constituida-la-comision-de-seguimiento-del-protocolo-de-colaboracion-entre-fadia-y-la-junta-de-andalucia-para-el-impulso-de-la-fp-dual\/\" \/>\n<meta property=\"og:site_name\" content=\"Fadia\" \/>\n<meta property=\"article:published_time\" content=\"2025-03-21T12:29:40+00:00\" \/>\n<meta property=\"article:modified_time\" content=\"2025-03-21T12:29:45+00:00\" \/>\n<meta property=\"og:image\" content=\"https:\/\/fadia.info\/wp-content\/uploads\/2025\/03\/Post-FADIA-morado.png\" \/>\n\t<meta property=\"og:image:width\" content=\"1080\" \/>\n\t<meta property=\"og:image:height\" content=\"1080\" \/>\n\t<meta property=\"og:image:type\" content=\"image\/png\" \/>\n<meta name=\"author\" content=\"Miguel\" \/>\n<meta name=\"twitter:card\" content=\"summary_large_image\" \/>\n<meta name=\"twitter:label1\" content=\"Escrito por\" \/>\n\t<meta name=\"twitter:data1\" content=\"Miguel\" \/>\n\t<meta name=\"twitter:label2\" content=\"Tiempo de lectura\" \/>\n\t<meta name=\"twitter:data2\" content=\"2 minutos\" \/>\n<script type=\"application\/ld+json\" class=\"yoast-schema-graph\">{\"@context\":\"https:\/\/schema.org\",\"@graph\":[{\"@type\":\"Article\",\"@id\":\"https:\/\/fadia.info\/index.php\/2025\/03\/21\/constituida-la-comision-de-seguimiento-del-protocolo-de-colaboracion-entre-fadia-y-la-junta-de-andalucia-para-el-impulso-de-la-fp-dual\/#article\",\"isPartOf\":{\"@id\":\"https:\/\/fadia.info\/index.php\/2025\/03\/21\/constituida-la-comision-de-seguimiento-del-protocolo-de-colaboracion-entre-fadia-y-la-junta-de-andalucia-para-el-impulso-de-la-fp-dual\/\"},\"author\":{\"name\":\"Miguel\",\"@id\":\"https:\/\/fadia.info\/#\/schema\/person\/cdaf7b8ba0a834795f1121971cfaab26\"},\"headline\":\"Constituida la Comisi\u00f3n de Seguimiento del Protocolo de Colaboraci\u00f3n entre FADIA y la Junta de Andaluc\u00eda para el impulso de la FP Dual\",\"datePublished\":\"2025-03-21T12:29:40+00:00\",\"dateModified\":\"2025-03-21T12:29:45+00:00\",\"mainEntityOfPage\":{\"@id\":\"https:\/\/fadia.info\/index.php\/2025\/03\/21\/constituida-la-comision-de-seguimiento-del-protocolo-de-colaboracion-entre-fadia-y-la-junta-de-andalucia-para-el-impulso-de-la-fp-dual\/\"},\"wordCount\":248,\"commentCount\":0,\"publisher\":{\"@id\":\"https:\/\/fadia.info\/#organization\"},\"image\":{\"@id\":\"https:\/\/fadia.info\/index.php\/2025\/03\/21\/constituida-la-comision-de-seguimiento-del-protocolo-de-colaboracion-entre-fadia-y-la-junta-de-andalucia-para-el-impulso-de-la-fp-dual\/#primaryimage\"},\"thumbnailUrl\":\"https:\/\/fadia.info\/wp-content\/uploads\/2025\/03\/Post-FADIA-morado.png\",\"keywords\":[\"FADIA\",\"FP DUAL\",\"INSTALADORES\"],\"articleSection\":[\"FADIA\"],\"inLanguage\":\"es\",\"potentialAction\":[{\"@type\":\"CommentAction\",\"name\":\"Comment\",\"target\":[\"https:\/\/fadia.info\/index.php\/2025\/03\/21\/constituida-la-comision-de-seguimiento-del-protocolo-de-colaboracion-entre-fadia-y-la-junta-de-andalucia-para-el-impulso-de-la-fp-dual\/#respond\"]}]},{\"@type\":\"WebPage\",\"@id\":\"https:\/\/fadia.info\/index.php\/2025\/03\/21\/constituida-la-comision-de-seguimiento-del-protocolo-de-colaboracion-entre-fadia-y-la-junta-de-andalucia-para-el-impulso-de-la-fp-dual\/\",\"url\":\"https:\/\/fadia.info\/index.php\/2025\/03\/21\/constituida-la-comision-de-seguimiento-del-protocolo-de-colaboracion-entre-fadia-y-la-junta-de-andalucia-para-el-impulso-de-la-fp-dual\/\",\"name\":\"Constituida la Comisi\u00f3n de Seguimiento del Protocolo de Colaboraci\u00f3n entre FADIA y la Junta de Andaluc\u00eda para el impulso de la FP Dual - Fadia\",\"isPartOf\":{\"@id\":\"https:\/\/fadia.info\/#website\"},\"primaryImageOfPage\":{\"@id\":\"https:\/\/fadia.info\/index.php\/2025\/03\/21\/constituida-la-comision-de-seguimiento-del-protocolo-de-colaboracion-entre-fadia-y-la-junta-de-andalucia-para-el-impulso-de-la-fp-dual\/#primaryimage\"},\"image\":{\"@id\":\"https:\/\/fadia.info\/index.php\/2025\/03\/21\/constituida-la-comision-de-seguimiento-del-protocolo-de-colaboracion-entre-fadia-y-la-junta-de-andalucia-para-el-impulso-de-la-fp-dual\/#primaryimage\"},\"thumbnailUrl\":\"https:\/\/fadia.info\/wp-content\/uploads\/2025\/03\/Post-FADIA-morado.png\",\"datePublished\":\"2025-03-21T12:29:40+00:00\",\"dateModified\":\"2025-03-21T12:29:45+00:00\",\"breadcrumb\":{\"@id\":\"https:\/\/fadia.info\/index.php\/2025\/03\/21\/constituida-la-comision-de-seguimiento-del-protocolo-de-colaboracion-entre-fadia-y-la-junta-de-andalucia-para-el-impulso-de-la-fp-dual\/#breadcrumb\"},\"inLanguage\":\"es\",\"potentialAction\":[{\"@type\":\"ReadAction\",\"target\":[\"https:\/\/fadia.info\/index.php\/2025\/03\/21\/constituida-la-comision-de-seguimiento-del-protocolo-de-colaboracion-entre-fadia-y-la-junta-de-andalucia-para-el-impulso-de-la-fp-dual\/\"]}]},{\"@type\":\"ImageObject\",\"inLanguage\":\"es\",\"@id\":\"https:\/\/fadia.info\/index.php\/2025\/03\/21\/constituida-la-comision-de-seguimiento-del-protocolo-de-colaboracion-entre-fadia-y-la-junta-de-andalucia-para-el-impulso-de-la-fp-dual\/#primaryimage\",\"url\":\"https:\/\/fadia.info\/wp-content\/uploads\/2025\/03\/Post-FADIA-morado.png\",\"contentUrl\":\"https:\/\/fadia.info\/wp-content\/uploads\/2025\/03\/Post-FADIA-morado.png\",\"width\":1080,\"height\":1080},{\"@type\":\"BreadcrumbList\",\"@id\":\"https:\/\/fadia.info\/index.php\/2025\/03\/21\/constituida-la-comision-de-seguimiento-del-protocolo-de-colaboracion-entre-fadia-y-la-junta-de-andalucia-para-el-impulso-de-la-fp-dual\/#breadcrumb\",\"itemListElement\":[{\"@type\":\"ListItem\",\"position\":1,\"name\":\"Portada\",\"item\":\"https:\/\/fadia.info\/\"},{\"@type\":\"ListItem\",\"position\":2,\"name\":\"Constituida la Comisi\u00f3n de Seguimiento del Protocolo de Colaboraci\u00f3n entre FADIA y la Junta de Andaluc\u00eda para el impulso de la FP Dual\"}]},{\"@type\":\"WebSite\",\"@id\":\"https:\/\/fadia.info\/#website\",\"url\":\"https:\/\/fadia.info\/\",\"name\":\"Fadia\",\"description\":\"\",\"publisher\":{\"@id\":\"https:\/\/fadia.info\/#organization\"},\"alternateName\":\"Federaci\u00f3n de Asociaciones de Instaladores de Andaluc\u00eda\",\"potentialAction\":[{\"@type\":\"SearchAction\",\"target\":{\"@type\":\"EntryPoint\",\"urlTemplate\":\"https:\/\/fadia.info\/?s={search_term_string}\"},\"query-input\":{\"@type\":\"PropertyValueSpecification\",\"valueRequired\":true,\"valueName\":\"search_term_string\"}}],\"inLanguage\":\"es\"},{\"@type\":\"Organization\",\"@id\":\"https:\/\/fadia.info\/#organization\",\"name\":\"Federaci\u00f3n de Asociaciones de Instaladores de Andaluc\u00eda\",\"alternateName\":\"FADIA\",\"url\":\"https:\/\/fadia.info\/\",\"logo\":{\"@type\":\"ImageObject\",\"inLanguage\":\"es\",\"@id\":\"https:\/\/fadia.info\/#\/schema\/logo\/image\/\",\"url\":\"https:\/\/fadia.info\/wp-content\/uploads\/2023\/11\/logo_fadia.png\",\"contentUrl\":\"https:\/\/fadia.info\/wp-content\/uploads\/2023\/11\/logo_fadia.png\",\"width\":619,\"height\":265,\"caption\":\"Federaci\u00f3n de Asociaciones de Instaladores de Andaluc\u00eda\"},\"image\":{\"@id\":\"https:\/\/fadia.info\/#\/schema\/logo\/image\/\"}},{\"@type\":\"Person\",\"@id\":\"https:\/\/fadia.info\/#\/schema\/person\/cdaf7b8ba0a834795f1121971cfaab26\",\"name\":\"Miguel\",\"image\":{\"@type\":\"ImageObject\",\"inLanguage\":\"es\",\"@id\":\"https:\/\/fadia.info\/#\/schema\/person\/image\/\",\"url\":\"https:\/\/secure.gravatar.com\/avatar\/7f4e60b1e9fe9c37d925854cb71b1cb76e7cee4d38db28d6f7e8677375de1b8e?s=96&d=mm&r=g\",\"contentUrl\":\"https:\/\/secure.gravatar.com\/avatar\/7f4e60b1e9fe9c37d925854cb71b1cb76e7cee4d38db28d6f7e8677375de1b8e?s=96&d=mm&r=g\",\"caption\":\"Miguel\"},\"url\":\"https:\/\/fadia.info\/index.php\/author\/miguel\/\"}]}<\/script>\n<!-- \/ Yoast SEO plugin. -->","yoast_head_json":{"title":"Constituida la Comisi\u00f3n de Seguimiento del Protocolo de Colaboraci\u00f3n entre FADIA y la Junta de Andaluc\u00eda para el impulso de la FP Dual - Fadia","robots":{"index":"index","follow":"follow","max-snippet":"max-snippet:-1","max-image-preview":"max-image-preview:large","max-video-preview":"max-video-preview:-1"},"canonical":"https:\/\/fadia.info\/index.php\/2025\/03\/21\/constituida-la-comision-de-seguimiento-del-protocolo-de-colaboracion-entre-fadia-y-la-junta-de-andalucia-para-el-impulso-de-la-fp-dual\/","og_locale":"es_ES","og_type":"article","og_title":"Constituida la Comisi\u00f3n de Seguimiento del Protocolo de Colaboraci\u00f3n entre FADIA y la Junta de Andaluc\u00eda para el impulso de la FP Dual - Fadia","og_description":"La Consejer\u00eda de Desarrollo Educativo y Formaci\u00f3n Profesional y la Federaci\u00f3n de Asociaciones de Instaladores de Andaluc\u00eda (FADIA) han constituido la Comisi\u00f3n de Seguimiento del Protocolo de Colaboraci\u00f3n para fomentar [&hellip;]","og_url":"https:\/\/fadia.info\/index.php\/2025\/03\/21\/constituida-la-comision-de-seguimiento-del-protocolo-de-colaboracion-entre-fadia-y-la-junta-de-andalucia-para-el-impulso-de-la-fp-dual\/","og_site_name":"Fadia","article_published_time":"2025-03-21T12:29:40+00:00","article_modified_time":"2025-03-21T12:29:45+00:00","og_image":[{"width":1080,"height":1080,"url":"https:\/\/fadia.info\/wp-content\/uploads\/2025\/03\/Post-FADIA-morado.png","type":"image\/png"}],"author":"Miguel","twitter_card":"summary_large_image","twitter_misc":{"Escrito por":"Miguel","Tiempo de lectura":"2 minutos"},"schema":{"@context":"https:\/\/schema.org","@graph":[{"@type":"Article","@id":"https:\/\/fadia.info\/index.php\/2025\/03\/21\/constituida-la-comision-de-seguimiento-del-protocolo-de-colaboracion-entre-fadia-y-la-junta-de-andalucia-para-el-impulso-de-la-fp-dual\/#article","isPartOf":{"@id":"https:\/\/fadia.info\/index.php\/2025\/03\/21\/constituida-la-comision-de-seguimiento-del-protocolo-de-colaboracion-entre-fadia-y-la-junta-de-andalucia-para-el-impulso-de-la-fp-dual\/"},"author":{"name":"Miguel","@id":"https:\/\/fadia.info\/#\/schema\/person\/cdaf7b8ba0a834795f1121971cfaab26"},"headline":"Constituida la Comisi\u00f3n de Seguimiento del Protocolo de Colaboraci\u00f3n entre FADIA y la Junta de Andaluc\u00eda para el impulso de la FP Dual","datePublished":"2025-03-21T12:29:40+00:00","dateModified":"2025-03-21T12:29:45+00:00","mainEntityOfPage":{"@id":"https:\/\/fadia.info\/index.php\/2025\/03\/21\/constituida-la-comision-de-seguimiento-del-protocolo-de-colaboracion-entre-fadia-y-la-junta-de-andalucia-para-el-impulso-de-la-fp-dual\/"},"wordCount":248,"commentCount":0,"publisher":{"@id":"https:\/\/fadia.info\/#organization"},"image":{"@id":"https:\/\/fadia.info\/index.php\/2025\/03\/21\/constituida-la-comision-de-seguimiento-del-protocolo-de-colaboracion-entre-fadia-y-la-junta-de-andalucia-para-el-impulso-de-la-fp-dual\/#primaryimage"},"thumbnailUrl":"https:\/\/fadia.info\/wp-content\/uploads\/2025\/03\/Post-FADIA-morado.png","keywords":["FADIA","FP DUAL","INSTALADORES"],"articleSection":["FADIA"],"inLanguage":"es","potentialAction":[{"@type":"CommentAction","name":"Comment","target":["https:\/\/fadia.info\/index.php\/2025\/03\/21\/constituida-la-comision-de-seguimiento-del-protocolo-de-colaboracion-entre-fadia-y-la-junta-de-andalucia-para-el-impulso-de-la-fp-dual\/#respond"]}]},{"@type":"WebPage","@id":"https:\/\/fadia.info\/index.php\/2025\/03\/21\/constituida-la-comision-de-seguimiento-del-protocolo-de-colaboracion-entre-fadia-y-la-junta-de-andalucia-para-el-impulso-de-la-fp-dual\/","url":"https:\/\/fadia.info\/index.php\/2025\/03\/21\/constituida-la-comision-de-seguimiento-del-protocolo-de-colaboracion-entre-fadia-y-la-junta-de-andalucia-para-el-impulso-de-la-fp-dual\/","name":"Constituida la Comisi\u00f3n de Seguimiento del Protocolo de Colaboraci\u00f3n entre FADIA y la Junta de Andaluc\u00eda para el impulso de la FP Dual - Fadia","isPartOf":{"@id":"https:\/\/fadia.info\/#website"},"primaryImageOfPage":{"@id":"https:\/\/fadia.info\/index.php\/2025\/03\/21\/constituida-la-comision-de-seguimiento-del-protocolo-de-colaboracion-entre-fadia-y-la-junta-de-andalucia-para-el-impulso-de-la-fp-dual\/#primaryimage"},"image":{"@id":"https:\/\/fadia.info\/index.php\/2025\/03\/21\/constituida-la-comision-de-seguimiento-del-protocolo-de-colaboracion-entre-fadia-y-la-junta-de-andalucia-para-el-impulso-de-la-fp-dual\/#primaryimage"},"thumbnailUrl":"https:\/\/fadia.info\/wp-content\/uploads\/2025\/03\/Post-FADIA-morado.png","datePublished":"2025-03-21T12:29:40+00:00","dateModified":"2025-03-21T12:29:45+00:00","breadcrumb":{"@id":"https:\/\/fadia.info\/index.php\/2025\/03\/21\/constituida-la-comision-de-seguimiento-del-protocolo-de-colaboracion-entre-fadia-y-la-junta-de-andalucia-para-el-impulso-de-la-fp-dual\/#breadcrumb"},"inLanguage":"es","potentialAction":[{"@type":"ReadAction","target":["https:\/\/fadia.info\/index.php\/2025\/03\/21\/constituida-la-comision-de-seguimiento-del-protocolo-de-colaboracion-entre-fadia-y-la-junta-de-andalucia-para-el-impulso-de-la-fp-dual\/"]}]},{"@type":"ImageObject","inLanguage":"es","@id":"https:\/\/fadia.info\/index.php\/2025\/03\/21\/constituida-la-comision-de-seguimiento-del-protocolo-de-colaboracion-entre-fadia-y-la-junta-de-andalucia-para-el-impulso-de-la-fp-dual\/#primaryimage","url":"https:\/\/fadia.info\/wp-content\/uploads\/2025\/03\/Post-FADIA-morado.png","contentUrl":"https:\/\/fadia.info\/wp-content\/uploads\/2025\/03\/Post-FADIA-morado.png","width":1080,"height":1080},{"@type":"BreadcrumbList","@id":"https:\/\/fadia.info\/index.php\/2025\/03\/21\/constituida-la-comision-de-seguimiento-del-protocolo-de-colaboracion-entre-fadia-y-la-junta-de-andalucia-para-el-impulso-de-la-fp-dual\/#breadcrumb","itemListElement":[{"@type":"ListItem","position":1,"name":"Portada","item":"https:\/\/fadia.info\/"},{"@type":"ListItem","position":2,"name":"Constituida la Comisi\u00f3n de Seguimiento del Protocolo de Colaboraci\u00f3n entre FADIA y la Junta de Andaluc\u00eda para el impulso de la FP Dual"}]},{"@type":"WebSite","@id":"https:\/\/fadia.info\/#website","url":"https:\/\/fadia.info\/","name":"Fadia","description":"","publisher":{"@id":"https:\/\/fadia.info\/#organization"},"alternateName":"Federaci\u00f3n de Asociaciones de Instaladores de Andaluc\u00eda","potentialAction":[{"@type":"SearchAction","target":{"@type":"EntryPoint","urlTemplate":"https:\/\/fadia.info\/?s={search_term_string}"},"query-input":{"@type":"PropertyValueSpecification","valueRequired":true,"valueName":"search_term_string"}}],"inLanguage":"es"},{"@type":"Organization","@id":"https:\/\/fadia.info\/#organization","name":"Federaci\u00f3n de Asociaciones de Instaladores de Andaluc\u00eda","alternateName":"FADIA","url":"https:\/\/fadia.info\/","logo":{"@type":"ImageObject","inLanguage":"es","@id":"https:\/\/fadia.info\/#\/schema\/logo\/image\/","url":"https:\/\/fadia.info\/wp-content\/uploads\/2023\/11\/logo_fadia.png","contentUrl":"https:\/\/fadia.info\/wp-content\/uploads\/2023\/11\/logo_fadia.png","width":619,"height":265,"caption":"Federaci\u00f3n de Asociaciones de Instaladores de Andaluc\u00eda"},"image":{"@id":"https:\/\/fadia.info\/#\/schema\/logo\/image\/"}},{"@type":"Person","@id":"https:\/\/fadia.info\/#\/schema\/person\/cdaf7b8ba0a834795f1121971cfaab26","name":"Miguel","image":{"@type":"ImageObject","inLanguage":"es","@id":"https:\/\/fadia.info\/#\/schema\/person\/image\/","url":"https:\/\/secure.gravatar.com\/avatar\/7f4e60b1e9fe9c37d925854cb71b1cb76e7cee4d38db28d6f7e8677375de1b8e?s=96&d=mm&r=g","contentUrl":"https:\/\/secure.gravatar.com\/avatar\/7f4e60b1e9fe9c37d925854cb71b1cb76e7cee4d38db28d6f7e8677375de1b8e?s=96&d=mm&r=g","caption":"Miguel"},"url":"https:\/\/fadia.info\/index.php\/author\/miguel\/"}]}},"_links":{"self":[{"href":"https:\/\/fadia.info\/index.php\/wp-json\/wp\/v2\/posts\/6478","targetHints":{"allow":["GET"]}}],"collection":[{"href":"https:\/\/fadia.info\/index.php\/wp-json\/wp\/v2\/posts"}],"about":[{"href":"https:\/\/fadia.info\/index.php\/wp-json\/wp\/v2\/types\/post"}],"author":[{"embeddable":true,"href":"https:\/\/fadia.info\/index.php\/wp-json\/wp\/v2\/users\/3"}],"replies":[{"embeddable":true,"href":"https:\/\/fadia.info\/index.php\/wp-json\/wp\/v2\/comments?post=6478"}],"version-history":[{"count":1,"href":"https:\/\/fadia.info\/index.php\/wp-json\/wp\/v2\/posts\/6478\/revisions"}],"predecessor-version":[{"id":6480,"href":"https:\/\/fadia.info\/index.php\/wp-json\/wp\/v2\/posts\/6478\/revisions\/6480"}],"wp:featuredmedia":[{"embeddable":true,"href":"https:\/\/fadia.info\/index.php\/wp-json\/wp\/v2\/media\/6479"}],"wp:attachment":[{"href":"https:\/\/fadia.info\/index.php\/wp-json\/wp\/v2\/media?parent=6478"}],"wp:term":[{"taxonomy":"category","embeddable":true,"href":"https:\/\/fadia.info\/index.php\/wp-json\/wp\/v2\/categories?post=6478"},{"taxonomy":"post_tag","embeddable":true,"href":"https:\/\/fadia.info\/index.php\/wp-json\/wp\/v2\/tags?post=6478"}],"curies":[{"name":"wp","href":"https:\/\/api.w.org\/{rel}","templated":true}]}}