{"id":6475,"date":"2025-03-14T11:06:30","date_gmt":"2025-03-14T11:06:30","guid":{"rendered":"https:\/\/fadia.info\/?p=6475"},"modified":"2025-03-14T11:06:39","modified_gmt":"2025-03-14T11:06:39","slug":"los-instaladores-valoran-positivamente-la-decision-de-la-junta-de-andalucia-de-impulsar-el-autoconsumo-colectivo-y-el-desarrollo-de-comunidades-energeticas","status":"publish","type":"post","link":"https:\/\/fadia.info\/index.php\/2025\/03\/14\/los-instaladores-valoran-positivamente-la-decision-de-la-junta-de-andalucia-de-impulsar-el-autoconsumo-colectivo-y-el-desarrollo-de-comunidades-energeticas\/","title":{"rendered":"Los instaladores valoran positivamente la decisi\u00f3n de la Junta de Andaluc\u00eda de impulsar el autoconsumo colectivo y el desarrollo de comunidades energ\u00e9ticas"},"content":{"rendered":"\n<p>La reciente iniciativa de la Junta de Andaluc\u00eda para promover el autoconsumo colectivo y el desarrollo de comunidades energ\u00e9ticas ha sido recibida con entusiasmo por la Federaci\u00f3n de Asociaciones de Instaladores de Andaluc\u00eda (FADIA) y los profesionales del sector.<\/p>\n\n\n\n<!--more-->\n\n\n\n<figure class=\"wp-block-image size-large\"><img loading=\"lazy\" decoding=\"async\" width=\"1024\" height=\"1024\" src=\"https:\/\/fadia.info\/wp-content\/uploads\/2025\/03\/post_fadia_autoconsumo-1024x1024.png\" alt=\"\" class=\"wp-image-6476\" srcset=\"https:\/\/fadia.info\/wp-content\/uploads\/2025\/03\/post_fadia_autoconsumo-1024x1024.png 1024w, https:\/\/fadia.info\/wp-content\/uploads\/2025\/03\/post_fadia_autoconsumo-980x980.png 980w, https:\/\/fadia.info\/wp-content\/uploads\/2025\/03\/post_fadia_autoconsumo-480x480.png 480w\" sizes=\"auto, (min-width: 0px) and (max-width: 480px) 480px, (min-width: 481px) and (max-width: 980px) 980px, (min-width: 981px) 1024px, 100vw\" \/><\/figure>\n\n\n\n<p>Este plan, que busca implementar al menos 1.000 nuevas instalaciones hasta finales de 2026, duplicando las existentes y alcanzando una potencia de 68 megavatios, representa una oportunidad significativa para el gremio de instaladores en la regi\u00f3n.<\/p>\n\n\n\n<p>FADIA ha destacado que este impulso no solo fomentar\u00e1 la sostenibilidad energ\u00e9tica, sino que tambi\u00e9n fortalecer\u00e1 el tejido empresarial local. La federaci\u00f3n ha sido proactiva en la formaci\u00f3n de sus asociados, organizando cursos especializados en autoconsumo para instalaciones fotovoltaicas, con el objetivo de garantizar que los profesionales andaluces est\u00e9n preparados para satisfacer la creciente demanda en este \u00e1mbito<\/p>\n\n\n\n<p>Por su parte, los instaladores andaluces ven en esta iniciativa una oportunidad para ampliar sus servicios y contribuir activamente a la transici\u00f3n energ\u00e9tica de la comunidad. La colaboraci\u00f3n p\u00fablico-privada propuesta por la Junta facilitar\u00e1 la creaci\u00f3n de alianzas estrat\u00e9gicas, permitiendo a las empresas locales participar en proyectos de mayor envergadura y complejidad.<\/p>\n\n\n\n<p>Adem\u00e1s, la Agencia Andaluza de la Energ\u00eda ha elaborado herramientas como la \u00abGu\u00eda pr\u00e1ctica para legalizar instalaciones de autoconsumo sin errores ante la administraci\u00f3n\u00bb, lo que simplifica los procesos administrativos y reduce los tiempos de implementaci\u00f3n de nuevas instalaciones.<\/p>\n\n\n\n<p>En resumen, tanto FADIA como los instaladores andaluces reconocen en las medidas adoptadas por la Junta de Andaluc\u00eda, una oportunidad para el crecimiento del sector y la promoci\u00f3n de un modelo energ\u00e9tico m\u00e1s sostenible y participativo.<\/p>\n\n\n\n<p><a href=\"https:\/\/www.juntadeandalucia.es\/presidencia\/portavoz\/economiayempleo\/201927\/JuntadeAndalucia\/ConsejodeGobierno\">Consulta la noticia aqu\u00ed<\/a><\/p>\n","protected":false},"excerpt":{"rendered":"<p>La reciente iniciativa de la Junta de Andaluc\u00eda para promover el autoconsumo colectivo y el desarrollo de comunidades energ\u00e9ticas ha sido recibida con entusiasmo por la Federaci\u00f3n de Asociaciones de [&hellip;]<\/p>\n","protected":false},"author":3,"featured_media":6476,"comment_status":"open","ping_status":"open","sticky":false,"template":"","format":"standard","meta":{"_et_pb_use_builder":"off","_et_pb_old_content":"","_et_gb_content_width":"","_monsterinsights_skip_tracking":false,"_monsterinsights_sitenote_active":false,"_monsterinsights_sitenote_note":"","_monsterinsights_sitenote_category":0,"footnotes":""},"categories":[4],"tags":[17,14,15],"class_list":["post-6475","post","type-post","status-publish","format-standard","has-post-thumbnail","hentry","category-fadia","tag-autoconsumo","tag-fadia","tag-instaladores"],"yoast_head":"<!-- This site is optimized with the Yoast SEO plugin v24.2 - https:\/\/yoast.com\/wordpress\/plugins\/seo\/ -->\n<title>Los instaladores valoran positivamente la decisi\u00f3n de la Junta de Andaluc\u00eda de impulsar el autoconsumo colectivo y el desarrollo de comunidades energ\u00e9ticas - Fadia<\/title>\n<meta name=\"robots\" content=\"index, follow, max-snippet:-1, max-image-preview:large, max-video-preview:-1\" \/>\n<link rel=\"canonical\" href=\"https:\/\/fadia.info\/index.php\/2025\/03\/14\/los-instaladores-valoran-positivamente-la-decision-de-la-junta-de-andalucia-de-impulsar-el-autoconsumo-colectivo-y-el-desarrollo-de-comunidades-energeticas\/\" \/>\n<meta property=\"og:locale\" content=\"es_ES\" \/>\n<meta property=\"og:type\" content=\"article\" \/>\n<meta property=\"og:title\" content=\"Los instaladores valoran positivamente la decisi\u00f3n de la Junta de Andaluc\u00eda de impulsar el autoconsumo colectivo y el desarrollo de comunidades energ\u00e9ticas - Fadia\" \/>\n<meta property=\"og:description\" content=\"La reciente iniciativa de la Junta de Andaluc\u00eda para promover el autoconsumo colectivo y el desarrollo de comunidades energ\u00e9ticas ha sido recibida con entusiasmo por la Federaci\u00f3n de Asociaciones de [&hellip;]\" \/>\n<meta property=\"og:url\" content=\"https:\/\/fadia.info\/index.php\/2025\/03\/14\/los-instaladores-valoran-positivamente-la-decision-de-la-junta-de-andalucia-de-impulsar-el-autoconsumo-colectivo-y-el-desarrollo-de-comunidades-energeticas\/\" \/>\n<meta property=\"og:site_name\" content=\"Fadia\" \/>\n<meta property=\"article:published_time\" content=\"2025-03-14T11:06:30+00:00\" \/>\n<meta property=\"article:modified_time\" content=\"2025-03-14T11:06:39+00:00\" \/>\n<meta property=\"og:image\" content=\"https:\/\/fadia.info\/wp-content\/uploads\/2025\/03\/post_fadia_autoconsumo.png\" \/>\n\t<meta property=\"og:image:width\" content=\"1080\" \/>\n\t<meta property=\"og:image:height\" content=\"1080\" \/>\n\t<meta property=\"og:image:type\" content=\"image\/png\" \/>\n<meta name=\"author\" content=\"Miguel\" \/>\n<meta name=\"twitter:card\" content=\"summary_large_image\" \/>\n<meta name=\"twitter:label1\" content=\"Escrito por\" \/>\n\t<meta name=\"twitter:data1\" content=\"Miguel\" \/>\n\t<meta name=\"twitter:label2\" content=\"Tiempo de lectura\" \/>\n\t<meta name=\"twitter:data2\" content=\"2 minutos\" \/>\n<script type=\"application\/ld+json\" class=\"yoast-schema-graph\">{\"@context\":\"https:\/\/schema.org\",\"@graph\":[{\"@type\":\"Article\",\"@id\":\"https:\/\/fadia.info\/index.php\/2025\/03\/14\/los-instaladores-valoran-positivamente-la-decision-de-la-junta-de-andalucia-de-impulsar-el-autoconsumo-colectivo-y-el-desarrollo-de-comunidades-energeticas\/#article\",\"isPartOf\":{\"@id\":\"https:\/\/fadia.info\/index.php\/2025\/03\/14\/los-instaladores-valoran-positivamente-la-decision-de-la-junta-de-andalucia-de-impulsar-el-autoconsumo-colectivo-y-el-desarrollo-de-comunidades-energeticas\/\"},\"author\":{\"name\":\"Miguel\",\"@id\":\"https:\/\/fadia.info\/#\/schema\/person\/cdaf7b8ba0a834795f1121971cfaab26\"},\"headline\":\"Los instaladores valoran positivamente la decisi\u00f3n de la Junta de Andaluc\u00eda de impulsar el autoconsumo colectivo y el desarrollo de comunidades energ\u00e9ticas\",\"datePublished\":\"2025-03-14T11:06:30+00:00\",\"dateModified\":\"2025-03-14T11:06:39+00:00\",\"mainEntityOfPage\":{\"@id\":\"https:\/\/fadia.info\/index.php\/2025\/03\/14\/los-instaladores-valoran-positivamente-la-decision-de-la-junta-de-andalucia-de-impulsar-el-autoconsumo-colectivo-y-el-desarrollo-de-comunidades-energeticas\/\"},\"wordCount\":312,\"commentCount\":0,\"publisher\":{\"@id\":\"https:\/\/fadia.info\/#organization\"},\"image\":{\"@id\":\"https:\/\/fadia.info\/index.php\/2025\/03\/14\/los-instaladores-valoran-positivamente-la-decision-de-la-junta-de-andalucia-de-impulsar-el-autoconsumo-colectivo-y-el-desarrollo-de-comunidades-energeticas\/#primaryimage\"},\"thumbnailUrl\":\"https:\/\/fadia.info\/wp-content\/uploads\/2025\/03\/post_fadia_autoconsumo.png\",\"keywords\":[\"autoconsumo\",\"FADIA\",\"INSTALADORES\"],\"articleSection\":[\"FADIA\"],\"inLanguage\":\"es\",\"potentialAction\":[{\"@type\":\"CommentAction\",\"name\":\"Comment\",\"target\":[\"https:\/\/fadia.info\/index.php\/2025\/03\/14\/los-instaladores-valoran-positivamente-la-decision-de-la-junta-de-andalucia-de-impulsar-el-autoconsumo-colectivo-y-el-desarrollo-de-comunidades-energeticas\/#respond\"]}]},{\"@type\":\"WebPage\",\"@id\":\"https:\/\/fadia.info\/index.php\/2025\/03\/14\/los-instaladores-valoran-positivamente-la-decision-de-la-junta-de-andalucia-de-impulsar-el-autoconsumo-colectivo-y-el-desarrollo-de-comunidades-energeticas\/\",\"url\":\"https:\/\/fadia.info\/index.php\/2025\/03\/14\/los-instaladores-valoran-positivamente-la-decision-de-la-junta-de-andalucia-de-impulsar-el-autoconsumo-colectivo-y-el-desarrollo-de-comunidades-energeticas\/\",\"name\":\"Los instaladores valoran positivamente la decisi\u00f3n de la Junta de Andaluc\u00eda de impulsar el autoconsumo colectivo y el desarrollo de comunidades energ\u00e9ticas - Fadia\",\"isPartOf\":{\"@id\":\"https:\/\/fadia.info\/#website\"},\"primaryImageOfPage\":{\"@id\":\"https:\/\/fadia.info\/index.php\/2025\/03\/14\/los-instaladores-valoran-positivamente-la-decision-de-la-junta-de-andalucia-de-impulsar-el-autoconsumo-colectivo-y-el-desarrollo-de-comunidades-energeticas\/#primaryimage\"},\"image\":{\"@id\":\"https:\/\/fadia.info\/index.php\/2025\/03\/14\/los-instaladores-valoran-positivamente-la-decision-de-la-junta-de-andalucia-de-impulsar-el-autoconsumo-colectivo-y-el-desarrollo-de-comunidades-energeticas\/#primaryimage\"},\"thumbnailUrl\":\"https:\/\/fadia.info\/wp-content\/uploads\/2025\/03\/post_fadia_autoconsumo.png\",\"datePublished\":\"2025-03-14T11:06:30+00:00\",\"dateModified\":\"2025-03-14T11:06:39+00:00\",\"breadcrumb\":{\"@id\":\"https:\/\/fadia.info\/index.php\/2025\/03\/14\/los-instaladores-valoran-positivamente-la-decision-de-la-junta-de-andalucia-de-impulsar-el-autoconsumo-colectivo-y-el-desarrollo-de-comunidades-energeticas\/#breadcrumb\"},\"inLanguage\":\"es\",\"potentialAction\":[{\"@type\":\"ReadAction\",\"target\":[\"https:\/\/fadia.info\/index.php\/2025\/03\/14\/los-instaladores-valoran-positivamente-la-decision-de-la-junta-de-andalucia-de-impulsar-el-autoconsumo-colectivo-y-el-desarrollo-de-comunidades-energeticas\/\"]}]},{\"@type\":\"ImageObject\",\"inLanguage\":\"es\",\"@id\":\"https:\/\/fadia.info\/index.php\/2025\/03\/14\/los-instaladores-valoran-positivamente-la-decision-de-la-junta-de-andalucia-de-impulsar-el-autoconsumo-colectivo-y-el-desarrollo-de-comunidades-energeticas\/#primaryimage\",\"url\":\"https:\/\/fadia.info\/wp-content\/uploads\/2025\/03\/post_fadia_autoconsumo.png\",\"contentUrl\":\"https:\/\/fadia.info\/wp-content\/uploads\/2025\/03\/post_fadia_autoconsumo.png\",\"width\":1080,\"height\":1080},{\"@type\":\"BreadcrumbList\",\"@id\":\"https:\/\/fadia.info\/index.php\/2025\/03\/14\/los-instaladores-valoran-positivamente-la-decision-de-la-junta-de-andalucia-de-impulsar-el-autoconsumo-colectivo-y-el-desarrollo-de-comunidades-energeticas\/#breadcrumb\",\"itemListElement\":[{\"@type\":\"ListItem\",\"position\":1,\"name\":\"Portada\",\"item\":\"https:\/\/fadia.info\/\"},{\"@type\":\"ListItem\",\"position\":2,\"name\":\"Los instaladores valoran positivamente la decisi\u00f3n de la Junta de Andaluc\u00eda de impulsar el autoconsumo colectivo y el desarrollo de comunidades energ\u00e9ticas\"}]},{\"@type\":\"WebSite\",\"@id\":\"https:\/\/fadia.info\/#website\",\"url\":\"https:\/\/fadia.info\/\",\"name\":\"Fadia\",\"description\":\"\",\"publisher\":{\"@id\":\"https:\/\/fadia.info\/#organization\"},\"alternateName\":\"Federaci\u00f3n de Asociaciones de Instaladores de Andaluc\u00eda\",\"potentialAction\":[{\"@type\":\"SearchAction\",\"target\":{\"@type\":\"EntryPoint\",\"urlTemplate\":\"https:\/\/fadia.info\/?s={search_term_string}\"},\"query-input\":{\"@type\":\"PropertyValueSpecification\",\"valueRequired\":true,\"valueName\":\"search_term_string\"}}],\"inLanguage\":\"es\"},{\"@type\":\"Organization\",\"@id\":\"https:\/\/fadia.info\/#organization\",\"name\":\"Federaci\u00f3n de Asociaciones de Instaladores de Andaluc\u00eda\",\"alternateName\":\"FADIA\",\"url\":\"https:\/\/fadia.info\/\",\"logo\":{\"@type\":\"ImageObject\",\"inLanguage\":\"es\",\"@id\":\"https:\/\/fadia.info\/#\/schema\/logo\/image\/\",\"url\":\"https:\/\/fadia.info\/wp-content\/uploads\/2023\/11\/logo_fadia.png\",\"contentUrl\":\"https:\/\/fadia.info\/wp-content\/uploads\/2023\/11\/logo_fadia.png\",\"width\":619,\"height\":265,\"caption\":\"Federaci\u00f3n de Asociaciones de Instaladores de Andaluc\u00eda\"},\"image\":{\"@id\":\"https:\/\/fadia.info\/#\/schema\/logo\/image\/\"}},{\"@type\":\"Person\",\"@id\":\"https:\/\/fadia.info\/#\/schema\/person\/cdaf7b8ba0a834795f1121971cfaab26\",\"name\":\"Miguel\",\"image\":{\"@type\":\"ImageObject\",\"inLanguage\":\"es\",\"@id\":\"https:\/\/fadia.info\/#\/schema\/person\/image\/\",\"url\":\"https:\/\/secure.gravatar.com\/avatar\/7f4e60b1e9fe9c37d925854cb71b1cb76e7cee4d38db28d6f7e8677375de1b8e?s=96&d=mm&r=g\",\"contentUrl\":\"https:\/\/secure.gravatar.com\/avatar\/7f4e60b1e9fe9c37d925854cb71b1cb76e7cee4d38db28d6f7e8677375de1b8e?s=96&d=mm&r=g\",\"caption\":\"Miguel\"},\"url\":\"https:\/\/fadia.info\/index.php\/author\/miguel\/\"}]}<\/script>\n<!-- \/ Yoast SEO plugin. -->","yoast_head_json":{"title":"Los instaladores valoran positivamente la decisi\u00f3n de la Junta de Andaluc\u00eda de impulsar el autoconsumo colectivo y el desarrollo de comunidades energ\u00e9ticas - Fadia","robots":{"index":"index","follow":"follow","max-snippet":"max-snippet:-1","max-image-preview":"max-image-preview:large","max-video-preview":"max-video-preview:-1"},"canonical":"https:\/\/fadia.info\/index.php\/2025\/03\/14\/los-instaladores-valoran-positivamente-la-decision-de-la-junta-de-andalucia-de-impulsar-el-autoconsumo-colectivo-y-el-desarrollo-de-comunidades-energeticas\/","og_locale":"es_ES","og_type":"article","og_title":"Los instaladores valoran positivamente la decisi\u00f3n de la Junta de Andaluc\u00eda de impulsar el autoconsumo colectivo y el desarrollo de comunidades energ\u00e9ticas - Fadia","og_description":"La reciente iniciativa de la Junta de Andaluc\u00eda para promover el autoconsumo colectivo y el desarrollo de comunidades energ\u00e9ticas ha sido recibida con entusiasmo por la Federaci\u00f3n de Asociaciones de [&hellip;]","og_url":"https:\/\/fadia.info\/index.php\/2025\/03\/14\/los-instaladores-valoran-positivamente-la-decision-de-la-junta-de-andalucia-de-impulsar-el-autoconsumo-colectivo-y-el-desarrollo-de-comunidades-energeticas\/","og_site_name":"Fadia","article_published_time":"2025-03-14T11:06:30+00:00","article_modified_time":"2025-03-14T11:06:39+00:00","og_image":[{"width":1080,"height":1080,"url":"https:\/\/fadia.info\/wp-content\/uploads\/2025\/03\/post_fadia_autoconsumo.png","type":"image\/png"}],"author":"Miguel","twitter_card":"summary_large_image","twitter_misc":{"Escrito por":"Miguel","Tiempo de lectura":"2 minutos"},"schema":{"@context":"https:\/\/schema.org","@graph":[{"@type":"Article","@id":"https:\/\/fadia.info\/index.php\/2025\/03\/14\/los-instaladores-valoran-positivamente-la-decision-de-la-junta-de-andalucia-de-impulsar-el-autoconsumo-colectivo-y-el-desarrollo-de-comunidades-energeticas\/#article","isPartOf":{"@id":"https:\/\/fadia.info\/index.php\/2025\/03\/14\/los-instaladores-valoran-positivamente-la-decision-de-la-junta-de-andalucia-de-impulsar-el-autoconsumo-colectivo-y-el-desarrollo-de-comunidades-energeticas\/"},"author":{"name":"Miguel","@id":"https:\/\/fadia.info\/#\/schema\/person\/cdaf7b8ba0a834795f1121971cfaab26"},"headline":"Los instaladores valoran positivamente la decisi\u00f3n de la Junta de Andaluc\u00eda de impulsar el autoconsumo colectivo y el desarrollo de comunidades energ\u00e9ticas","datePublished":"2025-03-14T11:06:30+00:00","dateModified":"2025-03-14T11:06:39+00:00","mainEntityOfPage":{"@id":"https:\/\/fadia.info\/index.php\/2025\/03\/14\/los-instaladores-valoran-positivamente-la-decision-de-la-junta-de-andalucia-de-impulsar-el-autoconsumo-colectivo-y-el-desarrollo-de-comunidades-energeticas\/"},"wordCount":312,"commentCount":0,"publisher":{"@id":"https:\/\/fadia.info\/#organization"},"image":{"@id":"https:\/\/fadia.info\/index.php\/2025\/03\/14\/los-instaladores-valoran-positivamente-la-decision-de-la-junta-de-andalucia-de-impulsar-el-autoconsumo-colectivo-y-el-desarrollo-de-comunidades-energeticas\/#primaryimage"},"thumbnailUrl":"https:\/\/fadia.info\/wp-content\/uploads\/2025\/03\/post_fadia_autoconsumo.png","keywords":["autoconsumo","FADIA","INSTALADORES"],"articleSection":["FADIA"],"inLanguage":"es","potentialAction":[{"@type":"CommentAction","name":"Comment","target":["https:\/\/fadia.info\/index.php\/2025\/03\/14\/los-instaladores-valoran-positivamente-la-decision-de-la-junta-de-andalucia-de-impulsar-el-autoconsumo-colectivo-y-el-desarrollo-de-comunidades-energeticas\/#respond"]}]},{"@type":"WebPage","@id":"https:\/\/fadia.info\/index.php\/2025\/03\/14\/los-instaladores-valoran-positivamente-la-decision-de-la-junta-de-andalucia-de-impulsar-el-autoconsumo-colectivo-y-el-desarrollo-de-comunidades-energeticas\/","url":"https:\/\/fadia.info\/index.php\/2025\/03\/14\/los-instaladores-valoran-positivamente-la-decision-de-la-junta-de-andalucia-de-impulsar-el-autoconsumo-colectivo-y-el-desarrollo-de-comunidades-energeticas\/","name":"Los instaladores valoran positivamente la decisi\u00f3n de la Junta de Andaluc\u00eda de impulsar el autoconsumo colectivo y el desarrollo de comunidades energ\u00e9ticas - Fadia","isPartOf":{"@id":"https:\/\/fadia.info\/#website"},"primaryImageOfPage":{"@id":"https:\/\/fadia.info\/index.php\/2025\/03\/14\/los-instaladores-valoran-positivamente-la-decision-de-la-junta-de-andalucia-de-impulsar-el-autoconsumo-colectivo-y-el-desarrollo-de-comunidades-energeticas\/#primaryimage"},"image":{"@id":"https:\/\/fadia.info\/index.php\/2025\/03\/14\/los-instaladores-valoran-positivamente-la-decision-de-la-junta-de-andalucia-de-impulsar-el-autoconsumo-colectivo-y-el-desarrollo-de-comunidades-energeticas\/#primaryimage"},"thumbnailUrl":"https:\/\/fadia.info\/wp-content\/uploads\/2025\/03\/post_fadia_autoconsumo.png","datePublished":"2025-03-14T11:06:30+00:00","dateModified":"2025-03-14T11:06:39+00:00","breadcrumb":{"@id":"https:\/\/fadia.info\/index.php\/2025\/03\/14\/los-instaladores-valoran-positivamente-la-decision-de-la-junta-de-andalucia-de-impulsar-el-autoconsumo-colectivo-y-el-desarrollo-de-comunidades-energeticas\/#breadcrumb"},"inLanguage":"es","potentialAction":[{"@type":"ReadAction","target":["https:\/\/fadia.info\/index.php\/2025\/03\/14\/los-instaladores-valoran-positivamente-la-decision-de-la-junta-de-andalucia-de-impulsar-el-autoconsumo-colectivo-y-el-desarrollo-de-comunidades-energeticas\/"]}]},{"@type":"ImageObject","inLanguage":"es","@id":"https:\/\/fadia.info\/index.php\/2025\/03\/14\/los-instaladores-valoran-positivamente-la-decision-de-la-junta-de-andalucia-de-impulsar-el-autoconsumo-colectivo-y-el-desarrollo-de-comunidades-energeticas\/#primaryimage","url":"https:\/\/fadia.info\/wp-content\/uploads\/2025\/03\/post_fadia_autoconsumo.png","contentUrl":"https:\/\/fadia.info\/wp-content\/uploads\/2025\/03\/post_fadia_autoconsumo.png","width":1080,"height":1080},{"@type":"BreadcrumbList","@id":"https:\/\/fadia.info\/index.php\/2025\/03\/14\/los-instaladores-valoran-positivamente-la-decision-de-la-junta-de-andalucia-de-impulsar-el-autoconsumo-colectivo-y-el-desarrollo-de-comunidades-energeticas\/#breadcrumb","itemListElement":[{"@type":"ListItem","position":1,"name":"Portada","item":"https:\/\/fadia.info\/"},{"@type":"ListItem","position":2,"name":"Los instaladores valoran positivamente la decisi\u00f3n de la Junta de Andaluc\u00eda de impulsar el autoconsumo colectivo y el desarrollo de comunidades energ\u00e9ticas"}]},{"@type":"WebSite","@id":"https:\/\/fadia.info\/#website","url":"https:\/\/fadia.info\/","name":"Fadia","description":"","publisher":{"@id":"https:\/\/fadia.info\/#organization"},"alternateName":"Federaci\u00f3n de Asociaciones de Instaladores de Andaluc\u00eda","potentialAction":[{"@type":"SearchAction","target":{"@type":"EntryPoint","urlTemplate":"https:\/\/fadia.info\/?s={search_term_string}"},"query-input":{"@type":"PropertyValueSpecification","valueRequired":true,"valueName":"search_term_string"}}],"inLanguage":"es"},{"@type":"Organization","@id":"https:\/\/fadia.info\/#organization","name":"Federaci\u00f3n de Asociaciones de Instaladores de Andaluc\u00eda","alternateName":"FADIA","url":"https:\/\/fadia.info\/","logo":{"@type":"ImageObject","inLanguage":"es","@id":"https:\/\/fadia.info\/#\/schema\/logo\/image\/","url":"https:\/\/fadia.info\/wp-content\/uploads\/2023\/11\/logo_fadia.png","contentUrl":"https:\/\/fadia.info\/wp-content\/uploads\/2023\/11\/logo_fadia.png","width":619,"height":265,"caption":"Federaci\u00f3n de Asociaciones de Instaladores de Andaluc\u00eda"},"image":{"@id":"https:\/\/fadia.info\/#\/schema\/logo\/image\/"}},{"@type":"Person","@id":"https:\/\/fadia.info\/#\/schema\/person\/cdaf7b8ba0a834795f1121971cfaab26","name":"Miguel","image":{"@type":"ImageObject","inLanguage":"es","@id":"https:\/\/fadia.info\/#\/schema\/person\/image\/","url":"https:\/\/secure.gravatar.com\/avatar\/7f4e60b1e9fe9c37d925854cb71b1cb76e7cee4d38db28d6f7e8677375de1b8e?s=96&d=mm&r=g","contentUrl":"https:\/\/secure.gravatar.com\/avatar\/7f4e60b1e9fe9c37d925854cb71b1cb76e7cee4d38db28d6f7e8677375de1b8e?s=96&d=mm&r=g","caption":"Miguel"},"url":"https:\/\/fadia.info\/index.php\/author\/miguel\/"}]}},"_links":{"self":[{"href":"https:\/\/fadia.info\/index.php\/wp-json\/wp\/v2\/posts\/6475","targetHints":{"allow":["GET"]}}],"collection":[{"href":"https:\/\/fadia.info\/index.php\/wp-json\/wp\/v2\/posts"}],"about":[{"href":"https:\/\/fadia.info\/index.php\/wp-json\/wp\/v2\/types\/post"}],"author":[{"embeddable":true,"href":"https:\/\/fadia.info\/index.php\/wp-json\/wp\/v2\/users\/3"}],"replies":[{"embeddable":true,"href":"https:\/\/fadia.info\/index.php\/wp-json\/wp\/v2\/comments?post=6475"}],"version-history":[{"count":1,"href":"https:\/\/fadia.info\/index.php\/wp-json\/wp\/v2\/posts\/6475\/revisions"}],"predecessor-version":[{"id":6477,"href":"https:\/\/fadia.info\/index.php\/wp-json\/wp\/v2\/posts\/6475\/revisions\/6477"}],"wp:featuredmedia":[{"embeddable":true,"href":"https:\/\/fadia.info\/index.php\/wp-json\/wp\/v2\/media\/6476"}],"wp:attachment":[{"href":"https:\/\/fadia.info\/index.php\/wp-json\/wp\/v2\/media?parent=6475"}],"wp:term":[{"taxonomy":"category","embeddable":true,"href":"https:\/\/fadia.info\/index.php\/wp-json\/wp\/v2\/categories?post=6475"},{"taxonomy":"post_tag","embeddable":true,"href":"https:\/\/fadia.info\/index.php\/wp-json\/wp\/v2\/tags?post=6475"}],"curies":[{"name":"wp","href":"https:\/\/api.w.org\/{rel}","templated":true}]}}