{"id":6470,"date":"2025-02-26T10:01:30","date_gmt":"2025-02-26T10:01:30","guid":{"rendered":"https:\/\/fadia.info\/?p=6470"},"modified":"2025-02-26T10:30:41","modified_gmt":"2025-02-26T10:30:41","slug":"maite-cubero-presidente-de-epyme-entrevistada-por-el-grupo-c-de-comunicacion","status":"publish","type":"post","link":"https:\/\/fadia.info\/index.php\/2025\/02\/26\/maite-cubero-presidente-de-epyme-entrevistada-por-el-grupo-c-de-comunicacion\/","title":{"rendered":"Maite Cubero, presidenta de Epyme, entrevistada por el grupo C de Comunicaci\u00f3n"},"content":{"rendered":"\n<p>En una entrevista con C de Comunicaci\u00f3n, Maite Cubero, presidenta de la Asociaci\u00f3n de Instaladores de Sevilla (Epyme), aborda los desaf\u00edos que enfrenta el sector de las instalaciones, destacando la problem\u00e1tica del intrusismo profesional y la escasa representaci\u00f3n femenina en el gremio.<\/p>\n\n\n\n<!--more-->\n\n\n\n<figure class=\"wp-block-image size-full\"><img loading=\"lazy\" decoding=\"async\" width=\"793\" height=\"450\" src=\"https:\/\/fadia.info\/wp-content\/uploads\/2025\/02\/maite_cubero_entrevista.png\" alt=\"\" class=\"wp-image-6471\" srcset=\"https:\/\/fadia.info\/wp-content\/uploads\/2025\/02\/maite_cubero_entrevista.png 793w, https:\/\/fadia.info\/wp-content\/uploads\/2025\/02\/maite_cubero_entrevista-480x272.png 480w\" sizes=\"auto, (min-width: 0px) and (max-width: 480px) 480px, (min-width: 481px) 793px, 100vw\" \/><\/figure>\n\n\n\n<p><strong>Intrusismo profesional en el sector de las instalaciones<\/strong><\/p>\n\n\n\n<p>Cubero se\u00f1ala que el intrusismo profesional es una de las principales preocupaciones para los instaladores. Este fen\u00f3meno se refiere a la competencia desleal por parte de individuos o empresas que operan sin las certificaciones y conocimientos adecuados, poniendo en riesgo la seguridad de las instalaciones y la confianza de los clientes. La presidenta de Epyme enfatiza la necesidad de una mayor regulaci\u00f3n y control por parte de las autoridades para combatir esta pr\u00e1ctica y proteger tanto a los profesionales leg\u00edtimos como a los consumidores.<\/p>\n\n\n\n<p><strong>Escasa presencia femenina en el sector<\/strong><\/p>\n\n\n\n<p>Otro tema destacado en la entrevista es la baja participaci\u00f3n de mujeres en el sector de las instalaciones. Cubero, ingeniera t\u00e9cnica industrial y primera mujer en presidir Epyme en m\u00e1s de 45 a\u00f1os de historia de la asociaci\u00f3n, subraya que las mujeres representan aproximadamente el 1% de los instaladores. Esta cifra refleja una tendencia que, seg\u00fan ella, no muestra signos de cambio en el corto plazo, ya que la matr\u00edcula femenina en ciclos formativos relacionados con la instalaci\u00f3n sigue siendo m\u00ednima.<\/p>\n\n\n\n<p><strong>Desaf\u00edos y estereotipos <\/strong><\/p>\n\n\n\n<p>La presidenta de Epyme comparte su experiencia personal al ingresar en un sector predominantemente masculino. Admite que enfrent\u00f3 dificultades y estereotipos de g\u00e9nero, teniendo que demostrar constantemente su competencia y profesionalismo. Cubero destaca la importancia de la formaci\u00f3n, la valent\u00eda y la autoconfianza para que las mujeres puedan superar estas barreras y establecerse en la industria. Adem\u00e1s, hace un llamado a las j\u00f3venes interesadas en el oficio para que no se dejen intimidar y persigan sus aspiraciones con determinaci\u00f3n.<\/p>\n\n\n\n<p><strong>Retos actuales del sector<\/strong><\/p>\n\n\n\n<p>M\u00e1s all\u00e1 de los desaf\u00edos relacionados con el intrusismo y la igualdad de g\u00e9nero, Cubero identifica otros problemas que afectan al sector de las instalaciones. Entre ellos, destaca la falta de mano de obra cualificada y la ausencia de relevo generacional, lo que podr\u00eda comprometer la sostenibilidad y el crecimiento de la industria en el futuro. Asimismo, enfatiza la necesidad de avanzar en la digitalizaci\u00f3n y la adopci\u00f3n de nuevas tecnolog\u00edas para mantenerse competitivos y responder a las demandas del mercado actual.<\/p>\n\n\n\n<p><strong>Trayectoria profesional de Maite Cubero<\/strong><\/p>\n\n\n\n<p>La entrevista tambi\u00e9n ofrece una visi\u00f3n sobre la trayectoria profesional de Maite Cubero. Tras finalizar sus estudios en ingenier\u00eda t\u00e9cnica industrial, se incorpor\u00f3 a la empresa familiar, Cutemsa, especializada en proyectos, instalaciones y mantenimiento de calderas y quemadores en el sector industrial. Su dedicaci\u00f3n y compromiso la llevaron a participar activamente en la Comisi\u00f3n de Gas de Epyme y, posteriormente, a asumir roles de liderazgo dentro de la asociaci\u00f3n, hasta convertirse en su presidenta.<\/p>\n\n\n\n<p><strong>Esfuerzos coordinados<\/strong><\/p>\n\n\n\n<p>La conversaci\u00f3n con Maite Cubero pone de manifiesto los desaf\u00edos multifac\u00e9ticos que enfrenta el sector de las instalaciones en Espa\u00f1a. Desde el combate al intrusismo profesional hasta la promoci\u00f3n de la igualdad de g\u00e9nero y la adaptaci\u00f3n a las nuevas tecnolog\u00edas, es evidente que se requieren esfuerzos coordinados entre profesionales, asociaciones y autoridades para abordar estas cuestiones y garantizar un futuro pr\u00f3spero para la industria.<\/p>\n\n\n\n<p>Puedes ver la entrevista completa: <a href=\"https:\/\/material-electrico.cdecomunicacion.es\/noticias\/instaladores\/184799\/maite-cubero-presidenta-epyme-es-muy-dificil-luchar-intrusismo-denuncia\">https:\/\/material-electrico.cdecomunicacion.es\/noticias\/instaladores\/184799\/maite-cubero-presidenta-epyme-es-muy-dificil-luchar-intrusismo-denuncia<\/a><\/p>\n","protected":false},"excerpt":{"rendered":"<p>En una entrevista con C de Comunicaci\u00f3n, Maite Cubero, presidenta de la Asociaci\u00f3n de Instaladores de Sevilla (Epyme), aborda los desaf\u00edos que enfrenta el sector de las instalaciones, destacando la [&hellip;]<\/p>\n","protected":false},"author":3,"featured_media":6471,"comment_status":"open","ping_status":"open","sticky":false,"template":"","format":"standard","meta":{"_et_pb_use_builder":"off","_et_pb_old_content":"","_et_gb_content_width":"","_monsterinsights_skip_tracking":false,"_monsterinsights_sitenote_active":false,"_monsterinsights_sitenote_note":"","_monsterinsights_sitenote_category":0,"footnotes":""},"categories":[4],"tags":[14,21,15,20],"class_list":["post-6470","post","type-post","status-publish","format-standard","has-post-thumbnail","hentry","category-fadia","tag-fadia","tag-igualdad","tag-instaladores","tag-intrusismo"],"yoast_head":"<!-- This site is optimized with the Yoast SEO plugin v24.2 - https:\/\/yoast.com\/wordpress\/plugins\/seo\/ -->\n<title>Maite Cubero, presidenta de Epyme, entrevistada por el grupo C de Comunicaci\u00f3n - Fadia<\/title>\n<meta name=\"robots\" content=\"index, follow, max-snippet:-1, max-image-preview:large, max-video-preview:-1\" \/>\n<link rel=\"canonical\" href=\"https:\/\/fadia.info\/index.php\/2025\/02\/26\/maite-cubero-presidente-de-epyme-entrevistada-por-el-grupo-c-de-comunicacion\/\" \/>\n<meta property=\"og:locale\" content=\"es_ES\" \/>\n<meta property=\"og:type\" content=\"article\" \/>\n<meta property=\"og:title\" content=\"Maite Cubero, presidenta de Epyme, entrevistada por el grupo C de Comunicaci\u00f3n - Fadia\" \/>\n<meta property=\"og:description\" content=\"En una entrevista con C de Comunicaci\u00f3n, Maite Cubero, presidenta de la Asociaci\u00f3n de Instaladores de Sevilla (Epyme), aborda los desaf\u00edos que enfrenta el sector de las instalaciones, destacando la [&hellip;]\" \/>\n<meta property=\"og:url\" content=\"https:\/\/fadia.info\/index.php\/2025\/02\/26\/maite-cubero-presidente-de-epyme-entrevistada-por-el-grupo-c-de-comunicacion\/\" \/>\n<meta property=\"og:site_name\" content=\"Fadia\" \/>\n<meta property=\"article:published_time\" content=\"2025-02-26T10:01:30+00:00\" \/>\n<meta property=\"article:modified_time\" content=\"2025-02-26T10:30:41+00:00\" \/>\n<meta property=\"og:image\" content=\"https:\/\/fadia.info\/wp-content\/uploads\/2025\/02\/maite_cubero_entrevista.png\" \/>\n\t<meta property=\"og:image:width\" content=\"793\" \/>\n\t<meta property=\"og:image:height\" content=\"450\" \/>\n\t<meta property=\"og:image:type\" content=\"image\/png\" \/>\n<meta name=\"author\" content=\"Miguel\" \/>\n<meta name=\"twitter:card\" content=\"summary_large_image\" \/>\n<meta name=\"twitter:label1\" content=\"Escrito por\" \/>\n\t<meta name=\"twitter:data1\" content=\"Miguel\" \/>\n\t<meta name=\"twitter:label2\" content=\"Tiempo de lectura\" \/>\n\t<meta name=\"twitter:data2\" content=\"3 minutos\" \/>\n<script type=\"application\/ld+json\" class=\"yoast-schema-graph\">{\"@context\":\"https:\/\/schema.org\",\"@graph\":[{\"@type\":\"Article\",\"@id\":\"https:\/\/fadia.info\/index.php\/2025\/02\/26\/maite-cubero-presidente-de-epyme-entrevistada-por-el-grupo-c-de-comunicacion\/#article\",\"isPartOf\":{\"@id\":\"https:\/\/fadia.info\/index.php\/2025\/02\/26\/maite-cubero-presidente-de-epyme-entrevistada-por-el-grupo-c-de-comunicacion\/\"},\"author\":{\"name\":\"Miguel\",\"@id\":\"https:\/\/fadia.info\/#\/schema\/person\/cdaf7b8ba0a834795f1121971cfaab26\"},\"headline\":\"Maite Cubero, presidenta de Epyme, entrevistada por el grupo C de Comunicaci\u00f3n\",\"datePublished\":\"2025-02-26T10:01:30+00:00\",\"dateModified\":\"2025-02-26T10:30:41+00:00\",\"mainEntityOfPage\":{\"@id\":\"https:\/\/fadia.info\/index.php\/2025\/02\/26\/maite-cubero-presidente-de-epyme-entrevistada-por-el-grupo-c-de-comunicacion\/\"},\"wordCount\":607,\"commentCount\":0,\"publisher\":{\"@id\":\"https:\/\/fadia.info\/#organization\"},\"image\":{\"@id\":\"https:\/\/fadia.info\/index.php\/2025\/02\/26\/maite-cubero-presidente-de-epyme-entrevistada-por-el-grupo-c-de-comunicacion\/#primaryimage\"},\"thumbnailUrl\":\"https:\/\/fadia.info\/wp-content\/uploads\/2025\/02\/maite_cubero_entrevista.png\",\"keywords\":[\"FADIA\",\"igualdad\",\"INSTALADORES\",\"intrusismo\"],\"articleSection\":[\"FADIA\"],\"inLanguage\":\"es\",\"potentialAction\":[{\"@type\":\"CommentAction\",\"name\":\"Comment\",\"target\":[\"https:\/\/fadia.info\/index.php\/2025\/02\/26\/maite-cubero-presidente-de-epyme-entrevistada-por-el-grupo-c-de-comunicacion\/#respond\"]}]},{\"@type\":\"WebPage\",\"@id\":\"https:\/\/fadia.info\/index.php\/2025\/02\/26\/maite-cubero-presidente-de-epyme-entrevistada-por-el-grupo-c-de-comunicacion\/\",\"url\":\"https:\/\/fadia.info\/index.php\/2025\/02\/26\/maite-cubero-presidente-de-epyme-entrevistada-por-el-grupo-c-de-comunicacion\/\",\"name\":\"Maite Cubero, presidenta de Epyme, entrevistada por el grupo C de Comunicaci\u00f3n - Fadia\",\"isPartOf\":{\"@id\":\"https:\/\/fadia.info\/#website\"},\"primaryImageOfPage\":{\"@id\":\"https:\/\/fadia.info\/index.php\/2025\/02\/26\/maite-cubero-presidente-de-epyme-entrevistada-por-el-grupo-c-de-comunicacion\/#primaryimage\"},\"image\":{\"@id\":\"https:\/\/fadia.info\/index.php\/2025\/02\/26\/maite-cubero-presidente-de-epyme-entrevistada-por-el-grupo-c-de-comunicacion\/#primaryimage\"},\"thumbnailUrl\":\"https:\/\/fadia.info\/wp-content\/uploads\/2025\/02\/maite_cubero_entrevista.png\",\"datePublished\":\"2025-02-26T10:01:30+00:00\",\"dateModified\":\"2025-02-26T10:30:41+00:00\",\"breadcrumb\":{\"@id\":\"https:\/\/fadia.info\/index.php\/2025\/02\/26\/maite-cubero-presidente-de-epyme-entrevistada-por-el-grupo-c-de-comunicacion\/#breadcrumb\"},\"inLanguage\":\"es\",\"potentialAction\":[{\"@type\":\"ReadAction\",\"target\":[\"https:\/\/fadia.info\/index.php\/2025\/02\/26\/maite-cubero-presidente-de-epyme-entrevistada-por-el-grupo-c-de-comunicacion\/\"]}]},{\"@type\":\"ImageObject\",\"inLanguage\":\"es\",\"@id\":\"https:\/\/fadia.info\/index.php\/2025\/02\/26\/maite-cubero-presidente-de-epyme-entrevistada-por-el-grupo-c-de-comunicacion\/#primaryimage\",\"url\":\"https:\/\/fadia.info\/wp-content\/uploads\/2025\/02\/maite_cubero_entrevista.png\",\"contentUrl\":\"https:\/\/fadia.info\/wp-content\/uploads\/2025\/02\/maite_cubero_entrevista.png\",\"width\":793,\"height\":450},{\"@type\":\"BreadcrumbList\",\"@id\":\"https:\/\/fadia.info\/index.php\/2025\/02\/26\/maite-cubero-presidente-de-epyme-entrevistada-por-el-grupo-c-de-comunicacion\/#breadcrumb\",\"itemListElement\":[{\"@type\":\"ListItem\",\"position\":1,\"name\":\"Portada\",\"item\":\"https:\/\/fadia.info\/\"},{\"@type\":\"ListItem\",\"position\":2,\"name\":\"Maite Cubero, presidenta de Epyme, entrevistada por el grupo C de Comunicaci\u00f3n\"}]},{\"@type\":\"WebSite\",\"@id\":\"https:\/\/fadia.info\/#website\",\"url\":\"https:\/\/fadia.info\/\",\"name\":\"Fadia\",\"description\":\"\",\"publisher\":{\"@id\":\"https:\/\/fadia.info\/#organization\"},\"alternateName\":\"Federaci\u00f3n de Asociaciones de Instaladores de Andaluc\u00eda\",\"potentialAction\":[{\"@type\":\"SearchAction\",\"target\":{\"@type\":\"EntryPoint\",\"urlTemplate\":\"https:\/\/fadia.info\/?s={search_term_string}\"},\"query-input\":{\"@type\":\"PropertyValueSpecification\",\"valueRequired\":true,\"valueName\":\"search_term_string\"}}],\"inLanguage\":\"es\"},{\"@type\":\"Organization\",\"@id\":\"https:\/\/fadia.info\/#organization\",\"name\":\"Federaci\u00f3n de Asociaciones de Instaladores de Andaluc\u00eda\",\"alternateName\":\"FADIA\",\"url\":\"https:\/\/fadia.info\/\",\"logo\":{\"@type\":\"ImageObject\",\"inLanguage\":\"es\",\"@id\":\"https:\/\/fadia.info\/#\/schema\/logo\/image\/\",\"url\":\"https:\/\/fadia.info\/wp-content\/uploads\/2023\/11\/logo_fadia.png\",\"contentUrl\":\"https:\/\/fadia.info\/wp-content\/uploads\/2023\/11\/logo_fadia.png\",\"width\":619,\"height\":265,\"caption\":\"Federaci\u00f3n de Asociaciones de Instaladores de Andaluc\u00eda\"},\"image\":{\"@id\":\"https:\/\/fadia.info\/#\/schema\/logo\/image\/\"}},{\"@type\":\"Person\",\"@id\":\"https:\/\/fadia.info\/#\/schema\/person\/cdaf7b8ba0a834795f1121971cfaab26\",\"name\":\"Miguel\",\"image\":{\"@type\":\"ImageObject\",\"inLanguage\":\"es\",\"@id\":\"https:\/\/fadia.info\/#\/schema\/person\/image\/\",\"url\":\"https:\/\/secure.gravatar.com\/avatar\/7f4e60b1e9fe9c37d925854cb71b1cb76e7cee4d38db28d6f7e8677375de1b8e?s=96&d=mm&r=g\",\"contentUrl\":\"https:\/\/secure.gravatar.com\/avatar\/7f4e60b1e9fe9c37d925854cb71b1cb76e7cee4d38db28d6f7e8677375de1b8e?s=96&d=mm&r=g\",\"caption\":\"Miguel\"},\"url\":\"https:\/\/fadia.info\/index.php\/author\/miguel\/\"}]}<\/script>\n<!-- \/ Yoast SEO plugin. -->","yoast_head_json":{"title":"Maite Cubero, presidenta de Epyme, entrevistada por el grupo C de Comunicaci\u00f3n - Fadia","robots":{"index":"index","follow":"follow","max-snippet":"max-snippet:-1","max-image-preview":"max-image-preview:large","max-video-preview":"max-video-preview:-1"},"canonical":"https:\/\/fadia.info\/index.php\/2025\/02\/26\/maite-cubero-presidente-de-epyme-entrevistada-por-el-grupo-c-de-comunicacion\/","og_locale":"es_ES","og_type":"article","og_title":"Maite Cubero, presidenta de Epyme, entrevistada por el grupo C de Comunicaci\u00f3n - Fadia","og_description":"En una entrevista con C de Comunicaci\u00f3n, Maite Cubero, presidenta de la Asociaci\u00f3n de Instaladores de Sevilla (Epyme), aborda los desaf\u00edos que enfrenta el sector de las instalaciones, destacando la [&hellip;]","og_url":"https:\/\/fadia.info\/index.php\/2025\/02\/26\/maite-cubero-presidente-de-epyme-entrevistada-por-el-grupo-c-de-comunicacion\/","og_site_name":"Fadia","article_published_time":"2025-02-26T10:01:30+00:00","article_modified_time":"2025-02-26T10:30:41+00:00","og_image":[{"width":793,"height":450,"url":"https:\/\/fadia.info\/wp-content\/uploads\/2025\/02\/maite_cubero_entrevista.png","type":"image\/png"}],"author":"Miguel","twitter_card":"summary_large_image","twitter_misc":{"Escrito por":"Miguel","Tiempo de lectura":"3 minutos"},"schema":{"@context":"https:\/\/schema.org","@graph":[{"@type":"Article","@id":"https:\/\/fadia.info\/index.php\/2025\/02\/26\/maite-cubero-presidente-de-epyme-entrevistada-por-el-grupo-c-de-comunicacion\/#article","isPartOf":{"@id":"https:\/\/fadia.info\/index.php\/2025\/02\/26\/maite-cubero-presidente-de-epyme-entrevistada-por-el-grupo-c-de-comunicacion\/"},"author":{"name":"Miguel","@id":"https:\/\/fadia.info\/#\/schema\/person\/cdaf7b8ba0a834795f1121971cfaab26"},"headline":"Maite Cubero, presidenta de Epyme, entrevistada por el grupo C de Comunicaci\u00f3n","datePublished":"2025-02-26T10:01:30+00:00","dateModified":"2025-02-26T10:30:41+00:00","mainEntityOfPage":{"@id":"https:\/\/fadia.info\/index.php\/2025\/02\/26\/maite-cubero-presidente-de-epyme-entrevistada-por-el-grupo-c-de-comunicacion\/"},"wordCount":607,"commentCount":0,"publisher":{"@id":"https:\/\/fadia.info\/#organization"},"image":{"@id":"https:\/\/fadia.info\/index.php\/2025\/02\/26\/maite-cubero-presidente-de-epyme-entrevistada-por-el-grupo-c-de-comunicacion\/#primaryimage"},"thumbnailUrl":"https:\/\/fadia.info\/wp-content\/uploads\/2025\/02\/maite_cubero_entrevista.png","keywords":["FADIA","igualdad","INSTALADORES","intrusismo"],"articleSection":["FADIA"],"inLanguage":"es","potentialAction":[{"@type":"CommentAction","name":"Comment","target":["https:\/\/fadia.info\/index.php\/2025\/02\/26\/maite-cubero-presidente-de-epyme-entrevistada-por-el-grupo-c-de-comunicacion\/#respond"]}]},{"@type":"WebPage","@id":"https:\/\/fadia.info\/index.php\/2025\/02\/26\/maite-cubero-presidente-de-epyme-entrevistada-por-el-grupo-c-de-comunicacion\/","url":"https:\/\/fadia.info\/index.php\/2025\/02\/26\/maite-cubero-presidente-de-epyme-entrevistada-por-el-grupo-c-de-comunicacion\/","name":"Maite Cubero, presidenta de Epyme, entrevistada por el grupo C de Comunicaci\u00f3n - Fadia","isPartOf":{"@id":"https:\/\/fadia.info\/#website"},"primaryImageOfPage":{"@id":"https:\/\/fadia.info\/index.php\/2025\/02\/26\/maite-cubero-presidente-de-epyme-entrevistada-por-el-grupo-c-de-comunicacion\/#primaryimage"},"image":{"@id":"https:\/\/fadia.info\/index.php\/2025\/02\/26\/maite-cubero-presidente-de-epyme-entrevistada-por-el-grupo-c-de-comunicacion\/#primaryimage"},"thumbnailUrl":"https:\/\/fadia.info\/wp-content\/uploads\/2025\/02\/maite_cubero_entrevista.png","datePublished":"2025-02-26T10:01:30+00:00","dateModified":"2025-02-26T10:30:41+00:00","breadcrumb":{"@id":"https:\/\/fadia.info\/index.php\/2025\/02\/26\/maite-cubero-presidente-de-epyme-entrevistada-por-el-grupo-c-de-comunicacion\/#breadcrumb"},"inLanguage":"es","potentialAction":[{"@type":"ReadAction","target":["https:\/\/fadia.info\/index.php\/2025\/02\/26\/maite-cubero-presidente-de-epyme-entrevistada-por-el-grupo-c-de-comunicacion\/"]}]},{"@type":"ImageObject","inLanguage":"es","@id":"https:\/\/fadia.info\/index.php\/2025\/02\/26\/maite-cubero-presidente-de-epyme-entrevistada-por-el-grupo-c-de-comunicacion\/#primaryimage","url":"https:\/\/fadia.info\/wp-content\/uploads\/2025\/02\/maite_cubero_entrevista.png","contentUrl":"https:\/\/fadia.info\/wp-content\/uploads\/2025\/02\/maite_cubero_entrevista.png","width":793,"height":450},{"@type":"BreadcrumbList","@id":"https:\/\/fadia.info\/index.php\/2025\/02\/26\/maite-cubero-presidente-de-epyme-entrevistada-por-el-grupo-c-de-comunicacion\/#breadcrumb","itemListElement":[{"@type":"ListItem","position":1,"name":"Portada","item":"https:\/\/fadia.info\/"},{"@type":"ListItem","position":2,"name":"Maite Cubero, presidenta de Epyme, entrevistada por el grupo C de Comunicaci\u00f3n"}]},{"@type":"WebSite","@id":"https:\/\/fadia.info\/#website","url":"https:\/\/fadia.info\/","name":"Fadia","description":"","publisher":{"@id":"https:\/\/fadia.info\/#organization"},"alternateName":"Federaci\u00f3n de Asociaciones de Instaladores de Andaluc\u00eda","potentialAction":[{"@type":"SearchAction","target":{"@type":"EntryPoint","urlTemplate":"https:\/\/fadia.info\/?s={search_term_string}"},"query-input":{"@type":"PropertyValueSpecification","valueRequired":true,"valueName":"search_term_string"}}],"inLanguage":"es"},{"@type":"Organization","@id":"https:\/\/fadia.info\/#organization","name":"Federaci\u00f3n de Asociaciones de Instaladores de Andaluc\u00eda","alternateName":"FADIA","url":"https:\/\/fadia.info\/","logo":{"@type":"ImageObject","inLanguage":"es","@id":"https:\/\/fadia.info\/#\/schema\/logo\/image\/","url":"https:\/\/fadia.info\/wp-content\/uploads\/2023\/11\/logo_fadia.png","contentUrl":"https:\/\/fadia.info\/wp-content\/uploads\/2023\/11\/logo_fadia.png","width":619,"height":265,"caption":"Federaci\u00f3n de Asociaciones de Instaladores de Andaluc\u00eda"},"image":{"@id":"https:\/\/fadia.info\/#\/schema\/logo\/image\/"}},{"@type":"Person","@id":"https:\/\/fadia.info\/#\/schema\/person\/cdaf7b8ba0a834795f1121971cfaab26","name":"Miguel","image":{"@type":"ImageObject","inLanguage":"es","@id":"https:\/\/fadia.info\/#\/schema\/person\/image\/","url":"https:\/\/secure.gravatar.com\/avatar\/7f4e60b1e9fe9c37d925854cb71b1cb76e7cee4d38db28d6f7e8677375de1b8e?s=96&d=mm&r=g","contentUrl":"https:\/\/secure.gravatar.com\/avatar\/7f4e60b1e9fe9c37d925854cb71b1cb76e7cee4d38db28d6f7e8677375de1b8e?s=96&d=mm&r=g","caption":"Miguel"},"url":"https:\/\/fadia.info\/index.php\/author\/miguel\/"}]}},"_links":{"self":[{"href":"https:\/\/fadia.info\/index.php\/wp-json\/wp\/v2\/posts\/6470","targetHints":{"allow":["GET"]}}],"collection":[{"href":"https:\/\/fadia.info\/index.php\/wp-json\/wp\/v2\/posts"}],"about":[{"href":"https:\/\/fadia.info\/index.php\/wp-json\/wp\/v2\/types\/post"}],"author":[{"embeddable":true,"href":"https:\/\/fadia.info\/index.php\/wp-json\/wp\/v2\/users\/3"}],"replies":[{"embeddable":true,"href":"https:\/\/fadia.info\/index.php\/wp-json\/wp\/v2\/comments?post=6470"}],"version-history":[{"count":2,"href":"https:\/\/fadia.info\/index.php\/wp-json\/wp\/v2\/posts\/6470\/revisions"}],"predecessor-version":[{"id":6473,"href":"https:\/\/fadia.info\/index.php\/wp-json\/wp\/v2\/posts\/6470\/revisions\/6473"}],"wp:featuredmedia":[{"embeddable":true,"href":"https:\/\/fadia.info\/index.php\/wp-json\/wp\/v2\/media\/6471"}],"wp:attachment":[{"href":"https:\/\/fadia.info\/index.php\/wp-json\/wp\/v2\/media?parent=6470"}],"wp:term":[{"taxonomy":"category","embeddable":true,"href":"https:\/\/fadia.info\/index.php\/wp-json\/wp\/v2\/categories?post=6470"},{"taxonomy":"post_tag","embeddable":true,"href":"https:\/\/fadia.info\/index.php\/wp-json\/wp\/v2\/tags?post=6470"}],"curies":[{"name":"wp","href":"https:\/\/api.w.org\/{rel}","templated":true}]}}