{"id":6465,"date":"2025-02-22T10:57:15","date_gmt":"2025-02-22T10:57:15","guid":{"rendered":"https:\/\/fadia.info\/?p=6465"},"modified":"2025-02-22T10:57:26","modified_gmt":"2025-02-22T10:57:26","slug":"fadia-estrena-su-cuenta-oficial-en-linkedin","status":"publish","type":"post","link":"https:\/\/fadia.info\/index.php\/2025\/02\/22\/fadia-estrena-su-cuenta-oficial-en-linkedin\/","title":{"rendered":"FADIA estrena su cuenta oficial en LinkedIn"},"content":{"rendered":"\n<p>La Federaci\u00f3n de Asociaciones de Instaladores de Andaluc\u00eda (FADIA) anuncia con entusiasmo el lanzamiento de su nueva cuenta oficial en LinkedIn. Este nuevo canal de comunicaci\u00f3n permitir\u00e1 a la federaci\u00f3n ampliar su alcance, fortalecer su red de contactos y compartir contenido relevante con profesionales, entidades y empresas del sector de la instalaci\u00f3n.<\/p>\n\n\n\n<!--more-->\n\n\n\n<figure class=\"wp-block-image size-full\"><img loading=\"lazy\" decoding=\"async\" width=\"881\" height=\"361\" src=\"https:\/\/fadia.info\/wp-content\/uploads\/2025\/02\/linkedin_fadia.png\" alt=\"\" class=\"wp-image-6467\" srcset=\"https:\/\/fadia.info\/wp-content\/uploads\/2025\/02\/linkedin_fadia.png 881w, https:\/\/fadia.info\/wp-content\/uploads\/2025\/02\/linkedin_fadia-480x197.png 480w\" sizes=\"auto, (min-width: 0px) and (max-width: 480px) 480px, (min-width: 481px) 881px, 100vw\" \/><\/figure>\n\n\n\n<p>Con la apertura de este perfil en LinkedIn, FADIA busca consolidarse como un referente en el \u00e1mbito de las instalaciones en Andaluc\u00eda, promoviendo sus actividades, eventos, logros y novedades en un espacio que facilita la interacci\u00f3n con otros agentes del sector. A trav\u00e9s de esta plataforma, la federaci\u00f3n tambi\u00e9n fomentar\u00e1 la colaboraci\u00f3n con instituciones y empresas interesadas en el desarrollo y profesionalizaci\u00f3n del sector.<\/p>\n\n\n\n<p>El lanzamiento de esta cuenta en LinkedIn representa un paso importante en la estrategia de comunicaci\u00f3n de FADIA. Con este paso se busca aprovechar las oportunidades que ofrece esta plataforma para seguir creciendo, conectar con nuevos p\u00fablicos y fortalecer la presencia de la federaci\u00f3n en el sector.<\/p>\n\n\n\n<p>Desde su perfil en LinkedIn, FADIA compartir\u00e1 noticias de actualidad, convocatorias de eventos, entrevistas con expertos, avances en normativas y proyectos estrat\u00e9gicos y noticias de sus asociaciones miembro, brindando informaci\u00f3n de valor a la comunidad de profesionales y seguidores interesados en este \u00e1mbito.<\/p>\n\n\n\n<p>Invitamos a todos los interesados a seguir nuestra cuenta oficial en LinkedIn y a sumarse a esta comunidad en crecimiento, donde podr\u00e1n mantenerse informados sobre todas las iniciativas y novedades que impulsamos desde FADIA.<\/p>\n\n\n\n<p>Para m\u00e1s informaci\u00f3n, visite nuestra cuenta en LinkedIn: <a href=\"https:\/\/www.linkedin.com\/company\/fadia\">https:\/\/www.linkedin.com\/company\/fadia<\/a><\/p>\n","protected":false},"excerpt":{"rendered":"<p>La Federaci\u00f3n de Asociaciones de Instaladores de Andaluc\u00eda (FADIA) anuncia con entusiasmo el lanzamiento de su nueva cuenta oficial en LinkedIn. Este nuevo canal de comunicaci\u00f3n permitir\u00e1 a la federaci\u00f3n [&hellip;]<\/p>\n","protected":false},"author":3,"featured_media":6467,"comment_status":"open","ping_status":"open","sticky":false,"template":"","format":"standard","meta":{"_et_pb_use_builder":"off","_et_pb_old_content":"","_et_gb_content_width":"","_monsterinsights_skip_tracking":false,"_monsterinsights_sitenote_active":false,"_monsterinsights_sitenote_note":"","_monsterinsights_sitenote_category":0,"footnotes":""},"categories":[4],"tags":[14,15,19],"class_list":["post-6465","post","type-post","status-publish","format-standard","has-post-thumbnail","hentry","category-fadia","tag-fadia","tag-instaladores","tag-redes-sociales"],"yoast_head":"<!-- This site is optimized with the Yoast SEO plugin v24.2 - https:\/\/yoast.com\/wordpress\/plugins\/seo\/ -->\n<title>FADIA estrena su cuenta oficial en LinkedIn - Fadia<\/title>\n<meta name=\"robots\" content=\"index, follow, max-snippet:-1, max-image-preview:large, max-video-preview:-1\" \/>\n<link rel=\"canonical\" href=\"https:\/\/fadia.info\/index.php\/2025\/02\/22\/fadia-estrena-su-cuenta-oficial-en-linkedin\/\" \/>\n<meta property=\"og:locale\" content=\"es_ES\" \/>\n<meta property=\"og:type\" content=\"article\" \/>\n<meta property=\"og:title\" content=\"FADIA estrena su cuenta oficial en LinkedIn - Fadia\" \/>\n<meta property=\"og:description\" content=\"La Federaci\u00f3n de Asociaciones de Instaladores de Andaluc\u00eda (FADIA) anuncia con entusiasmo el lanzamiento de su nueva cuenta oficial en LinkedIn. Este nuevo canal de comunicaci\u00f3n permitir\u00e1 a la federaci\u00f3n [&hellip;]\" \/>\n<meta property=\"og:url\" content=\"https:\/\/fadia.info\/index.php\/2025\/02\/22\/fadia-estrena-su-cuenta-oficial-en-linkedin\/\" \/>\n<meta property=\"og:site_name\" content=\"Fadia\" \/>\n<meta property=\"article:published_time\" content=\"2025-02-22T10:57:15+00:00\" \/>\n<meta property=\"article:modified_time\" content=\"2025-02-22T10:57:26+00:00\" \/>\n<meta property=\"og:image\" content=\"https:\/\/fadia.info\/wp-content\/uploads\/2025\/02\/linkedin_fadia.png\" \/>\n\t<meta property=\"og:image:width\" content=\"881\" \/>\n\t<meta property=\"og:image:height\" content=\"361\" \/>\n\t<meta property=\"og:image:type\" content=\"image\/png\" \/>\n<meta name=\"author\" content=\"Miguel\" \/>\n<meta name=\"twitter:card\" content=\"summary_large_image\" \/>\n<meta name=\"twitter:label1\" content=\"Escrito por\" \/>\n\t<meta name=\"twitter:data1\" content=\"Miguel\" \/>\n\t<meta name=\"twitter:label2\" content=\"Tiempo de lectura\" \/>\n\t<meta name=\"twitter:data2\" content=\"2 minutos\" \/>\n<script type=\"application\/ld+json\" class=\"yoast-schema-graph\">{\"@context\":\"https:\/\/schema.org\",\"@graph\":[{\"@type\":\"Article\",\"@id\":\"https:\/\/fadia.info\/index.php\/2025\/02\/22\/fadia-estrena-su-cuenta-oficial-en-linkedin\/#article\",\"isPartOf\":{\"@id\":\"https:\/\/fadia.info\/index.php\/2025\/02\/22\/fadia-estrena-su-cuenta-oficial-en-linkedin\/\"},\"author\":{\"name\":\"Miguel\",\"@id\":\"https:\/\/fadia.info\/#\/schema\/person\/cdaf7b8ba0a834795f1121971cfaab26\"},\"headline\":\"FADIA estrena su cuenta oficial en LinkedIn\",\"datePublished\":\"2025-02-22T10:57:15+00:00\",\"dateModified\":\"2025-02-22T10:57:26+00:00\",\"mainEntityOfPage\":{\"@id\":\"https:\/\/fadia.info\/index.php\/2025\/02\/22\/fadia-estrena-su-cuenta-oficial-en-linkedin\/\"},\"wordCount\":281,\"commentCount\":0,\"publisher\":{\"@id\":\"https:\/\/fadia.info\/#organization\"},\"image\":{\"@id\":\"https:\/\/fadia.info\/index.php\/2025\/02\/22\/fadia-estrena-su-cuenta-oficial-en-linkedin\/#primaryimage\"},\"thumbnailUrl\":\"https:\/\/fadia.info\/wp-content\/uploads\/2025\/02\/linkedin_fadia.png\",\"keywords\":[\"FADIA\",\"INSTALADORES\",\"redes sociales\"],\"articleSection\":[\"FADIA\"],\"inLanguage\":\"es\",\"potentialAction\":[{\"@type\":\"CommentAction\",\"name\":\"Comment\",\"target\":[\"https:\/\/fadia.info\/index.php\/2025\/02\/22\/fadia-estrena-su-cuenta-oficial-en-linkedin\/#respond\"]}]},{\"@type\":\"WebPage\",\"@id\":\"https:\/\/fadia.info\/index.php\/2025\/02\/22\/fadia-estrena-su-cuenta-oficial-en-linkedin\/\",\"url\":\"https:\/\/fadia.info\/index.php\/2025\/02\/22\/fadia-estrena-su-cuenta-oficial-en-linkedin\/\",\"name\":\"FADIA estrena su cuenta oficial en LinkedIn - Fadia\",\"isPartOf\":{\"@id\":\"https:\/\/fadia.info\/#website\"},\"primaryImageOfPage\":{\"@id\":\"https:\/\/fadia.info\/index.php\/2025\/02\/22\/fadia-estrena-su-cuenta-oficial-en-linkedin\/#primaryimage\"},\"image\":{\"@id\":\"https:\/\/fadia.info\/index.php\/2025\/02\/22\/fadia-estrena-su-cuenta-oficial-en-linkedin\/#primaryimage\"},\"thumbnailUrl\":\"https:\/\/fadia.info\/wp-content\/uploads\/2025\/02\/linkedin_fadia.png\",\"datePublished\":\"2025-02-22T10:57:15+00:00\",\"dateModified\":\"2025-02-22T10:57:26+00:00\",\"breadcrumb\":{\"@id\":\"https:\/\/fadia.info\/index.php\/2025\/02\/22\/fadia-estrena-su-cuenta-oficial-en-linkedin\/#breadcrumb\"},\"inLanguage\":\"es\",\"potentialAction\":[{\"@type\":\"ReadAction\",\"target\":[\"https:\/\/fadia.info\/index.php\/2025\/02\/22\/fadia-estrena-su-cuenta-oficial-en-linkedin\/\"]}]},{\"@type\":\"ImageObject\",\"inLanguage\":\"es\",\"@id\":\"https:\/\/fadia.info\/index.php\/2025\/02\/22\/fadia-estrena-su-cuenta-oficial-en-linkedin\/#primaryimage\",\"url\":\"https:\/\/fadia.info\/wp-content\/uploads\/2025\/02\/linkedin_fadia.png\",\"contentUrl\":\"https:\/\/fadia.info\/wp-content\/uploads\/2025\/02\/linkedin_fadia.png\",\"width\":881,\"height\":361},{\"@type\":\"BreadcrumbList\",\"@id\":\"https:\/\/fadia.info\/index.php\/2025\/02\/22\/fadia-estrena-su-cuenta-oficial-en-linkedin\/#breadcrumb\",\"itemListElement\":[{\"@type\":\"ListItem\",\"position\":1,\"name\":\"Portada\",\"item\":\"https:\/\/fadia.info\/\"},{\"@type\":\"ListItem\",\"position\":2,\"name\":\"FADIA estrena su cuenta oficial en LinkedIn\"}]},{\"@type\":\"WebSite\",\"@id\":\"https:\/\/fadia.info\/#website\",\"url\":\"https:\/\/fadia.info\/\",\"name\":\"Fadia\",\"description\":\"\",\"publisher\":{\"@id\":\"https:\/\/fadia.info\/#organization\"},\"alternateName\":\"Federaci\u00f3n de Asociaciones de Instaladores de Andaluc\u00eda\",\"potentialAction\":[{\"@type\":\"SearchAction\",\"target\":{\"@type\":\"EntryPoint\",\"urlTemplate\":\"https:\/\/fadia.info\/?s={search_term_string}\"},\"query-input\":{\"@type\":\"PropertyValueSpecification\",\"valueRequired\":true,\"valueName\":\"search_term_string\"}}],\"inLanguage\":\"es\"},{\"@type\":\"Organization\",\"@id\":\"https:\/\/fadia.info\/#organization\",\"name\":\"Federaci\u00f3n de Asociaciones de Instaladores de Andaluc\u00eda\",\"alternateName\":\"FADIA\",\"url\":\"https:\/\/fadia.info\/\",\"logo\":{\"@type\":\"ImageObject\",\"inLanguage\":\"es\",\"@id\":\"https:\/\/fadia.info\/#\/schema\/logo\/image\/\",\"url\":\"https:\/\/fadia.info\/wp-content\/uploads\/2023\/11\/logo_fadia.png\",\"contentUrl\":\"https:\/\/fadia.info\/wp-content\/uploads\/2023\/11\/logo_fadia.png\",\"width\":619,\"height\":265,\"caption\":\"Federaci\u00f3n de Asociaciones de Instaladores de Andaluc\u00eda\"},\"image\":{\"@id\":\"https:\/\/fadia.info\/#\/schema\/logo\/image\/\"}},{\"@type\":\"Person\",\"@id\":\"https:\/\/fadia.info\/#\/schema\/person\/cdaf7b8ba0a834795f1121971cfaab26\",\"name\":\"Miguel\",\"image\":{\"@type\":\"ImageObject\",\"inLanguage\":\"es\",\"@id\":\"https:\/\/fadia.info\/#\/schema\/person\/image\/\",\"url\":\"https:\/\/secure.gravatar.com\/avatar\/7f4e60b1e9fe9c37d925854cb71b1cb76e7cee4d38db28d6f7e8677375de1b8e?s=96&d=mm&r=g\",\"contentUrl\":\"https:\/\/secure.gravatar.com\/avatar\/7f4e60b1e9fe9c37d925854cb71b1cb76e7cee4d38db28d6f7e8677375de1b8e?s=96&d=mm&r=g\",\"caption\":\"Miguel\"},\"url\":\"https:\/\/fadia.info\/index.php\/author\/miguel\/\"}]}<\/script>\n<!-- \/ Yoast SEO plugin. -->","yoast_head_json":{"title":"FADIA estrena su cuenta oficial en LinkedIn - Fadia","robots":{"index":"index","follow":"follow","max-snippet":"max-snippet:-1","max-image-preview":"max-image-preview:large","max-video-preview":"max-video-preview:-1"},"canonical":"https:\/\/fadia.info\/index.php\/2025\/02\/22\/fadia-estrena-su-cuenta-oficial-en-linkedin\/","og_locale":"es_ES","og_type":"article","og_title":"FADIA estrena su cuenta oficial en LinkedIn - Fadia","og_description":"La Federaci\u00f3n de Asociaciones de Instaladores de Andaluc\u00eda (FADIA) anuncia con entusiasmo el lanzamiento de su nueva cuenta oficial en LinkedIn. Este nuevo canal de comunicaci\u00f3n permitir\u00e1 a la federaci\u00f3n [&hellip;]","og_url":"https:\/\/fadia.info\/index.php\/2025\/02\/22\/fadia-estrena-su-cuenta-oficial-en-linkedin\/","og_site_name":"Fadia","article_published_time":"2025-02-22T10:57:15+00:00","article_modified_time":"2025-02-22T10:57:26+00:00","og_image":[{"width":881,"height":361,"url":"https:\/\/fadia.info\/wp-content\/uploads\/2025\/02\/linkedin_fadia.png","type":"image\/png"}],"author":"Miguel","twitter_card":"summary_large_image","twitter_misc":{"Escrito por":"Miguel","Tiempo de lectura":"2 minutos"},"schema":{"@context":"https:\/\/schema.org","@graph":[{"@type":"Article","@id":"https:\/\/fadia.info\/index.php\/2025\/02\/22\/fadia-estrena-su-cuenta-oficial-en-linkedin\/#article","isPartOf":{"@id":"https:\/\/fadia.info\/index.php\/2025\/02\/22\/fadia-estrena-su-cuenta-oficial-en-linkedin\/"},"author":{"name":"Miguel","@id":"https:\/\/fadia.info\/#\/schema\/person\/cdaf7b8ba0a834795f1121971cfaab26"},"headline":"FADIA estrena su cuenta oficial en LinkedIn","datePublished":"2025-02-22T10:57:15+00:00","dateModified":"2025-02-22T10:57:26+00:00","mainEntityOfPage":{"@id":"https:\/\/fadia.info\/index.php\/2025\/02\/22\/fadia-estrena-su-cuenta-oficial-en-linkedin\/"},"wordCount":281,"commentCount":0,"publisher":{"@id":"https:\/\/fadia.info\/#organization"},"image":{"@id":"https:\/\/fadia.info\/index.php\/2025\/02\/22\/fadia-estrena-su-cuenta-oficial-en-linkedin\/#primaryimage"},"thumbnailUrl":"https:\/\/fadia.info\/wp-content\/uploads\/2025\/02\/linkedin_fadia.png","keywords":["FADIA","INSTALADORES","redes sociales"],"articleSection":["FADIA"],"inLanguage":"es","potentialAction":[{"@type":"CommentAction","name":"Comment","target":["https:\/\/fadia.info\/index.php\/2025\/02\/22\/fadia-estrena-su-cuenta-oficial-en-linkedin\/#respond"]}]},{"@type":"WebPage","@id":"https:\/\/fadia.info\/index.php\/2025\/02\/22\/fadia-estrena-su-cuenta-oficial-en-linkedin\/","url":"https:\/\/fadia.info\/index.php\/2025\/02\/22\/fadia-estrena-su-cuenta-oficial-en-linkedin\/","name":"FADIA estrena su cuenta oficial en LinkedIn - Fadia","isPartOf":{"@id":"https:\/\/fadia.info\/#website"},"primaryImageOfPage":{"@id":"https:\/\/fadia.info\/index.php\/2025\/02\/22\/fadia-estrena-su-cuenta-oficial-en-linkedin\/#primaryimage"},"image":{"@id":"https:\/\/fadia.info\/index.php\/2025\/02\/22\/fadia-estrena-su-cuenta-oficial-en-linkedin\/#primaryimage"},"thumbnailUrl":"https:\/\/fadia.info\/wp-content\/uploads\/2025\/02\/linkedin_fadia.png","datePublished":"2025-02-22T10:57:15+00:00","dateModified":"2025-02-22T10:57:26+00:00","breadcrumb":{"@id":"https:\/\/fadia.info\/index.php\/2025\/02\/22\/fadia-estrena-su-cuenta-oficial-en-linkedin\/#breadcrumb"},"inLanguage":"es","potentialAction":[{"@type":"ReadAction","target":["https:\/\/fadia.info\/index.php\/2025\/02\/22\/fadia-estrena-su-cuenta-oficial-en-linkedin\/"]}]},{"@type":"ImageObject","inLanguage":"es","@id":"https:\/\/fadia.info\/index.php\/2025\/02\/22\/fadia-estrena-su-cuenta-oficial-en-linkedin\/#primaryimage","url":"https:\/\/fadia.info\/wp-content\/uploads\/2025\/02\/linkedin_fadia.png","contentUrl":"https:\/\/fadia.info\/wp-content\/uploads\/2025\/02\/linkedin_fadia.png","width":881,"height":361},{"@type":"BreadcrumbList","@id":"https:\/\/fadia.info\/index.php\/2025\/02\/22\/fadia-estrena-su-cuenta-oficial-en-linkedin\/#breadcrumb","itemListElement":[{"@type":"ListItem","position":1,"name":"Portada","item":"https:\/\/fadia.info\/"},{"@type":"ListItem","position":2,"name":"FADIA estrena su cuenta oficial en LinkedIn"}]},{"@type":"WebSite","@id":"https:\/\/fadia.info\/#website","url":"https:\/\/fadia.info\/","name":"Fadia","description":"","publisher":{"@id":"https:\/\/fadia.info\/#organization"},"alternateName":"Federaci\u00f3n de Asociaciones de Instaladores de Andaluc\u00eda","potentialAction":[{"@type":"SearchAction","target":{"@type":"EntryPoint","urlTemplate":"https:\/\/fadia.info\/?s={search_term_string}"},"query-input":{"@type":"PropertyValueSpecification","valueRequired":true,"valueName":"search_term_string"}}],"inLanguage":"es"},{"@type":"Organization","@id":"https:\/\/fadia.info\/#organization","name":"Federaci\u00f3n de Asociaciones de Instaladores de Andaluc\u00eda","alternateName":"FADIA","url":"https:\/\/fadia.info\/","logo":{"@type":"ImageObject","inLanguage":"es","@id":"https:\/\/fadia.info\/#\/schema\/logo\/image\/","url":"https:\/\/fadia.info\/wp-content\/uploads\/2023\/11\/logo_fadia.png","contentUrl":"https:\/\/fadia.info\/wp-content\/uploads\/2023\/11\/logo_fadia.png","width":619,"height":265,"caption":"Federaci\u00f3n de Asociaciones de Instaladores de Andaluc\u00eda"},"image":{"@id":"https:\/\/fadia.info\/#\/schema\/logo\/image\/"}},{"@type":"Person","@id":"https:\/\/fadia.info\/#\/schema\/person\/cdaf7b8ba0a834795f1121971cfaab26","name":"Miguel","image":{"@type":"ImageObject","inLanguage":"es","@id":"https:\/\/fadia.info\/#\/schema\/person\/image\/","url":"https:\/\/secure.gravatar.com\/avatar\/7f4e60b1e9fe9c37d925854cb71b1cb76e7cee4d38db28d6f7e8677375de1b8e?s=96&d=mm&r=g","contentUrl":"https:\/\/secure.gravatar.com\/avatar\/7f4e60b1e9fe9c37d925854cb71b1cb76e7cee4d38db28d6f7e8677375de1b8e?s=96&d=mm&r=g","caption":"Miguel"},"url":"https:\/\/fadia.info\/index.php\/author\/miguel\/"}]}},"_links":{"self":[{"href":"https:\/\/fadia.info\/index.php\/wp-json\/wp\/v2\/posts\/6465","targetHints":{"allow":["GET"]}}],"collection":[{"href":"https:\/\/fadia.info\/index.php\/wp-json\/wp\/v2\/posts"}],"about":[{"href":"https:\/\/fadia.info\/index.php\/wp-json\/wp\/v2\/types\/post"}],"author":[{"embeddable":true,"href":"https:\/\/fadia.info\/index.php\/wp-json\/wp\/v2\/users\/3"}],"replies":[{"embeddable":true,"href":"https:\/\/fadia.info\/index.php\/wp-json\/wp\/v2\/comments?post=6465"}],"version-history":[{"count":1,"href":"https:\/\/fadia.info\/index.php\/wp-json\/wp\/v2\/posts\/6465\/revisions"}],"predecessor-version":[{"id":6468,"href":"https:\/\/fadia.info\/index.php\/wp-json\/wp\/v2\/posts\/6465\/revisions\/6468"}],"wp:featuredmedia":[{"embeddable":true,"href":"https:\/\/fadia.info\/index.php\/wp-json\/wp\/v2\/media\/6467"}],"wp:attachment":[{"href":"https:\/\/fadia.info\/index.php\/wp-json\/wp\/v2\/media?parent=6465"}],"wp:term":[{"taxonomy":"category","embeddable":true,"href":"https:\/\/fadia.info\/index.php\/wp-json\/wp\/v2\/categories?post=6465"},{"taxonomy":"post_tag","embeddable":true,"href":"https:\/\/fadia.info\/index.php\/wp-json\/wp\/v2\/tags?post=6465"}],"curies":[{"name":"wp","href":"https:\/\/api.w.org\/{rel}","templated":true}]}}