{"id":6456,"date":"2025-02-11T10:46:40","date_gmt":"2025-02-11T10:46:40","guid":{"rendered":"https:\/\/fadia.info\/?p=6456"},"modified":"2025-02-22T10:53:41","modified_gmt":"2025-02-22T10:53:41","slug":"2014-2024-fadia-ha-celebrado-diez-anos-de-en-el-sector-de-las-instalaciones-en-andalucia","status":"publish","type":"post","link":"https:\/\/fadia.info\/index.php\/2025\/02\/11\/2014-2024-fadia-ha-celebrado-diez-anos-de-en-el-sector-de-las-instalaciones-en-andalucia\/","title":{"rendered":"2014-2024: FADIA ha celebrado diez a\u00f1os en el sector de las instalaciones en Andaluc\u00eda"},"content":{"rendered":"\n<p><strong>La Federaci\u00f3n de Asociaciones de Instaladores de Andaluc\u00eda (FADIA) conmemora su d\u00e9cimo aniversario consolid\u00e1ndose como un pilar fundamental en la representaci\u00f3n y defensa de los instaladores andaluces. Durante estos diez a\u00f1os, la organizaci\u00f3n ha trabajado incansablemente para fortalecer el sector, impulsar la formaci\u00f3n y garantizar el cumplimiento de normativas que beneficien tanto a los profesionales como a los consumidores andaluces.<\/strong><\/p>\n\n\n\n<!--more-->\n\n\n\n<figure class=\"wp-block-image size-large\"><img loading=\"lazy\" decoding=\"async\" width=\"1024\" height=\"1024\" src=\"https:\/\/fadia.info\/wp-content\/uploads\/2025\/02\/fadia_diez_anos_con_el_instalador-1024x1024.png\" alt=\"\" class=\"wp-image-6457\" srcset=\"https:\/\/fadia.info\/wp-content\/uploads\/2025\/02\/fadia_diez_anos_con_el_instalador-1024x1024.png 1024w, https:\/\/fadia.info\/wp-content\/uploads\/2025\/02\/fadia_diez_anos_con_el_instalador-980x980.png 980w, https:\/\/fadia.info\/wp-content\/uploads\/2025\/02\/fadia_diez_anos_con_el_instalador-480x480.png 480w\" sizes=\"auto, (min-width: 0px) and (max-width: 480px) 480px, (min-width: 481px) and (max-width: 980px) 980px, (min-width: 981px) 1024px, 100vw\" \/><\/figure>\n\n\n\n<p>\u00c1ngel Noguera, actual presidente de FADIA, destac\u00f3 la importancia de esta celebraci\u00f3n: <em>\u00abEn estos diez a\u00f1os hemos avanzado significativamente en la profesionalizaci\u00f3n del sector y en la defensa de los intereses de nuestros asociados. Seguiremos trabajando para afrontar los nuevos retos que trae la transici\u00f3n energ\u00e9tica la descarbonizaci\u00f3n, y la digitalizaci\u00f3n en Andaluc\u00eda\u00bb<\/em>.<\/p>\n\n\n\n<p>Desde su fundaci\u00f3n en 2014, FADIA ha representado a miles de profesionales y empresas, promoviendo la formaci\u00f3n continua, la seguridad en las instalaciones, el intrusismo y la adaptaci\u00f3n a nuevas tecnolog\u00edas. Adem\u00e1s, ha sido un interlocutor clave ante administraciones p\u00fablicas, compa\u00f1\u00edas distribuidoras y organismos reguladores, contribuyendo a la modernizaci\u00f3n del sector en Andaluc\u00eda.<\/p>\n\n\n\n<p><strong>Grandes hitos en estos diez a\u00f1os<\/strong><\/p>\n\n\n\n<p>A lo largo de esta d\u00e9cada, FADIA ha impulsado numerosas iniciativas en pro del desarrollo del sector. Entre ellas, destaca la organizaci\u00f3n de la feria y congreso de los instaladores COFIAN que ha servido como punto de encuentro para profesionales, empresas y entidades relacionadas. Su primera y hasta el momento \u00fanica edici\u00f3n en 2021, reuni\u00f3 a m\u00e1s de 3.000 visitantes y 80 expositores, consolid\u00e1ndose como un evento de referencia en el \u00e1mbito regional. En el mes de marzo del 2026 se tiene previsto la celebraci\u00f3n de un nuevo Congreso que reedite los \u00e9xitos obtenidos en el 2021.<\/p>\n\n\n\n<p>Otra de las grandes iniciativas de la Federaci\u00f3n ha sido el liderazgo de las distintas comisiones de las que participa, como ejemplo, la comisi\u00f3n de formaci\u00f3n de la Mesa para el Autoconsumo en Andaluc\u00eda, organizando cursos de formaci\u00f3n para profesionales en todas las provincias andaluzas. En total han sido cerca de veinticinco cursos de formaci\u00f3n que han llegado a m\u00e1s de 400 profesionales desde el 2019.<\/p>\n\n\n\n<p>El hito m\u00e1s reciente, ha sido la firma de un gran convenio de colaboraci\u00f3n para el fomento de la FP dual en Andaluc\u00eda de la mano de la Consejer\u00eda de Desarrollo Formativo y Formaci\u00f3n Profesional.<\/p>\n\n\n\n<p><strong>Uni\u00f3n del sector en la Comunidad Aut\u00f3noma<\/strong><\/p>\n\n\n\n<p>La celebraci\u00f3n del d\u00e9cimo aniversario de FADIA es una oportunidad para reconocer la labor de todos los profesionales y entidades que han contribuido a su crecimiento y \u00e9xito. Sin duda las Asociaciones han sido el motor de la Federaci\u00f3n, y es que las diez asociaciones de instaladores que la componen y los m\u00e1s de cinco mil instaladores representados, son una muestra clara de la unidad y de la cooperaci\u00f3n del sector en Andaluc\u00eda.<\/p>\n\n\n\n<p><strong>Sobre FADIA:<\/strong><\/p>\n\n\n\n<p>La Federaci\u00f3n de Asociaciones de Instaladores de Andaluc\u00eda (FADIA) agrupa a las principales asociaciones provinciales del sector de las instalaciones, representando a miles de profesionales en las \u00e1reas de electricidad, fontaner\u00eda, telecomunicaciones, climatizaci\u00f3n, calefacci\u00f3n, energ\u00edas renovables y afines. Su objetivo es impulsar la competitividad, la formaci\u00f3n y la sostenibilidad en el sector en Andaluc\u00eda.<\/p>\n\n\n\n<p><a href=\"http:\/\/www.fadia.info\">www.fadia.info<\/a><\/p>\n","protected":false},"excerpt":{"rendered":"<p>La Federaci\u00f3n de Asociaciones de Instaladores de Andaluc\u00eda (FADIA) conmemora su d\u00e9cimo aniversario consolid\u00e1ndose como un pilar fundamental en la representaci\u00f3n y defensa de los instaladores andaluces. Durante estos diez [&hellip;]<\/p>\n","protected":false},"author":3,"featured_media":6457,"comment_status":"open","ping_status":"open","sticky":false,"template":"","format":"standard","meta":{"_et_pb_use_builder":"off","_et_pb_old_content":"","_et_gb_content_width":"","_monsterinsights_skip_tracking":false,"_monsterinsights_sitenote_active":false,"_monsterinsights_sitenote_note":"","_monsterinsights_sitenote_category":0,"footnotes":""},"categories":[4],"tags":[14,15],"class_list":["post-6456","post","type-post","status-publish","format-standard","has-post-thumbnail","hentry","category-fadia","tag-fadia","tag-instaladores"],"yoast_head":"<!-- This site is optimized with the Yoast SEO plugin v24.2 - https:\/\/yoast.com\/wordpress\/plugins\/seo\/ -->\n<title>2014-2024: FADIA ha celebrado diez a\u00f1os en el sector de las instalaciones en Andaluc\u00eda - Fadia<\/title>\n<meta name=\"robots\" content=\"index, follow, max-snippet:-1, max-image-preview:large, max-video-preview:-1\" \/>\n<link rel=\"canonical\" href=\"https:\/\/fadia.info\/index.php\/2025\/02\/11\/2014-2024-fadia-ha-celebrado-diez-anos-de-en-el-sector-de-las-instalaciones-en-andalucia\/\" \/>\n<meta property=\"og:locale\" content=\"es_ES\" \/>\n<meta property=\"og:type\" content=\"article\" \/>\n<meta property=\"og:title\" content=\"2014-2024: FADIA ha celebrado diez a\u00f1os en el sector de las instalaciones en Andaluc\u00eda - Fadia\" \/>\n<meta property=\"og:description\" content=\"La Federaci\u00f3n de Asociaciones de Instaladores de Andaluc\u00eda (FADIA) conmemora su d\u00e9cimo aniversario consolid\u00e1ndose como un pilar fundamental en la representaci\u00f3n y defensa de los instaladores andaluces. Durante estos diez [&hellip;]\" \/>\n<meta property=\"og:url\" content=\"https:\/\/fadia.info\/index.php\/2025\/02\/11\/2014-2024-fadia-ha-celebrado-diez-anos-de-en-el-sector-de-las-instalaciones-en-andalucia\/\" \/>\n<meta property=\"og:site_name\" content=\"Fadia\" \/>\n<meta property=\"article:published_time\" content=\"2025-02-11T10:46:40+00:00\" \/>\n<meta property=\"article:modified_time\" content=\"2025-02-22T10:53:41+00:00\" \/>\n<meta property=\"og:image\" content=\"https:\/\/fadia.info\/wp-content\/uploads\/2025\/02\/fadia_diez_anos_con_el_instalador.png\" \/>\n\t<meta property=\"og:image:width\" content=\"1080\" \/>\n\t<meta property=\"og:image:height\" content=\"1080\" \/>\n\t<meta property=\"og:image:type\" content=\"image\/png\" \/>\n<meta name=\"author\" content=\"Miguel\" \/>\n<meta name=\"twitter:card\" content=\"summary_large_image\" \/>\n<meta name=\"twitter:label1\" content=\"Escrito por\" \/>\n\t<meta name=\"twitter:data1\" content=\"Miguel\" \/>\n\t<meta name=\"twitter:label2\" content=\"Tiempo de lectura\" \/>\n\t<meta name=\"twitter:data2\" content=\"3 minutos\" \/>\n<script type=\"application\/ld+json\" class=\"yoast-schema-graph\">{\"@context\":\"https:\/\/schema.org\",\"@graph\":[{\"@type\":\"Article\",\"@id\":\"https:\/\/fadia.info\/index.php\/2025\/02\/11\/2014-2024-fadia-ha-celebrado-diez-anos-de-en-el-sector-de-las-instalaciones-en-andalucia\/#article\",\"isPartOf\":{\"@id\":\"https:\/\/fadia.info\/index.php\/2025\/02\/11\/2014-2024-fadia-ha-celebrado-diez-anos-de-en-el-sector-de-las-instalaciones-en-andalucia\/\"},\"author\":{\"name\":\"Miguel\",\"@id\":\"https:\/\/fadia.info\/#\/schema\/person\/cdaf7b8ba0a834795f1121971cfaab26\"},\"headline\":\"2014-2024: FADIA ha celebrado diez a\u00f1os en el sector de las instalaciones en Andaluc\u00eda\",\"datePublished\":\"2025-02-11T10:46:40+00:00\",\"dateModified\":\"2025-02-22T10:53:41+00:00\",\"mainEntityOfPage\":{\"@id\":\"https:\/\/fadia.info\/index.php\/2025\/02\/11\/2014-2024-fadia-ha-celebrado-diez-anos-de-en-el-sector-de-las-instalaciones-en-andalucia\/\"},\"wordCount\":577,\"commentCount\":0,\"publisher\":{\"@id\":\"https:\/\/fadia.info\/#organization\"},\"image\":{\"@id\":\"https:\/\/fadia.info\/index.php\/2025\/02\/11\/2014-2024-fadia-ha-celebrado-diez-anos-de-en-el-sector-de-las-instalaciones-en-andalucia\/#primaryimage\"},\"thumbnailUrl\":\"https:\/\/fadia.info\/wp-content\/uploads\/2025\/02\/fadia_diez_anos_con_el_instalador.png\",\"keywords\":[\"FADIA\",\"INSTALADORES\"],\"articleSection\":[\"FADIA\"],\"inLanguage\":\"es\",\"potentialAction\":[{\"@type\":\"CommentAction\",\"name\":\"Comment\",\"target\":[\"https:\/\/fadia.info\/index.php\/2025\/02\/11\/2014-2024-fadia-ha-celebrado-diez-anos-de-en-el-sector-de-las-instalaciones-en-andalucia\/#respond\"]}]},{\"@type\":\"WebPage\",\"@id\":\"https:\/\/fadia.info\/index.php\/2025\/02\/11\/2014-2024-fadia-ha-celebrado-diez-anos-de-en-el-sector-de-las-instalaciones-en-andalucia\/\",\"url\":\"https:\/\/fadia.info\/index.php\/2025\/02\/11\/2014-2024-fadia-ha-celebrado-diez-anos-de-en-el-sector-de-las-instalaciones-en-andalucia\/\",\"name\":\"2014-2024: FADIA ha celebrado diez a\u00f1os en el sector de las instalaciones en Andaluc\u00eda - Fadia\",\"isPartOf\":{\"@id\":\"https:\/\/fadia.info\/#website\"},\"primaryImageOfPage\":{\"@id\":\"https:\/\/fadia.info\/index.php\/2025\/02\/11\/2014-2024-fadia-ha-celebrado-diez-anos-de-en-el-sector-de-las-instalaciones-en-andalucia\/#primaryimage\"},\"image\":{\"@id\":\"https:\/\/fadia.info\/index.php\/2025\/02\/11\/2014-2024-fadia-ha-celebrado-diez-anos-de-en-el-sector-de-las-instalaciones-en-andalucia\/#primaryimage\"},\"thumbnailUrl\":\"https:\/\/fadia.info\/wp-content\/uploads\/2025\/02\/fadia_diez_anos_con_el_instalador.png\",\"datePublished\":\"2025-02-11T10:46:40+00:00\",\"dateModified\":\"2025-02-22T10:53:41+00:00\",\"breadcrumb\":{\"@id\":\"https:\/\/fadia.info\/index.php\/2025\/02\/11\/2014-2024-fadia-ha-celebrado-diez-anos-de-en-el-sector-de-las-instalaciones-en-andalucia\/#breadcrumb\"},\"inLanguage\":\"es\",\"potentialAction\":[{\"@type\":\"ReadAction\",\"target\":[\"https:\/\/fadia.info\/index.php\/2025\/02\/11\/2014-2024-fadia-ha-celebrado-diez-anos-de-en-el-sector-de-las-instalaciones-en-andalucia\/\"]}]},{\"@type\":\"ImageObject\",\"inLanguage\":\"es\",\"@id\":\"https:\/\/fadia.info\/index.php\/2025\/02\/11\/2014-2024-fadia-ha-celebrado-diez-anos-de-en-el-sector-de-las-instalaciones-en-andalucia\/#primaryimage\",\"url\":\"https:\/\/fadia.info\/wp-content\/uploads\/2025\/02\/fadia_diez_anos_con_el_instalador.png\",\"contentUrl\":\"https:\/\/fadia.info\/wp-content\/uploads\/2025\/02\/fadia_diez_anos_con_el_instalador.png\",\"width\":1080,\"height\":1080},{\"@type\":\"BreadcrumbList\",\"@id\":\"https:\/\/fadia.info\/index.php\/2025\/02\/11\/2014-2024-fadia-ha-celebrado-diez-anos-de-en-el-sector-de-las-instalaciones-en-andalucia\/#breadcrumb\",\"itemListElement\":[{\"@type\":\"ListItem\",\"position\":1,\"name\":\"Portada\",\"item\":\"https:\/\/fadia.info\/\"},{\"@type\":\"ListItem\",\"position\":2,\"name\":\"2014-2024: FADIA ha celebrado diez a\u00f1os en el sector de las instalaciones en Andaluc\u00eda\"}]},{\"@type\":\"WebSite\",\"@id\":\"https:\/\/fadia.info\/#website\",\"url\":\"https:\/\/fadia.info\/\",\"name\":\"Fadia\",\"description\":\"\",\"publisher\":{\"@id\":\"https:\/\/fadia.info\/#organization\"},\"alternateName\":\"Federaci\u00f3n de Asociaciones de Instaladores de Andaluc\u00eda\",\"potentialAction\":[{\"@type\":\"SearchAction\",\"target\":{\"@type\":\"EntryPoint\",\"urlTemplate\":\"https:\/\/fadia.info\/?s={search_term_string}\"},\"query-input\":{\"@type\":\"PropertyValueSpecification\",\"valueRequired\":true,\"valueName\":\"search_term_string\"}}],\"inLanguage\":\"es\"},{\"@type\":\"Organization\",\"@id\":\"https:\/\/fadia.info\/#organization\",\"name\":\"Federaci\u00f3n de Asociaciones de Instaladores de Andaluc\u00eda\",\"alternateName\":\"FADIA\",\"url\":\"https:\/\/fadia.info\/\",\"logo\":{\"@type\":\"ImageObject\",\"inLanguage\":\"es\",\"@id\":\"https:\/\/fadia.info\/#\/schema\/logo\/image\/\",\"url\":\"https:\/\/fadia.info\/wp-content\/uploads\/2023\/11\/logo_fadia.png\",\"contentUrl\":\"https:\/\/fadia.info\/wp-content\/uploads\/2023\/11\/logo_fadia.png\",\"width\":619,\"height\":265,\"caption\":\"Federaci\u00f3n de Asociaciones de Instaladores de Andaluc\u00eda\"},\"image\":{\"@id\":\"https:\/\/fadia.info\/#\/schema\/logo\/image\/\"}},{\"@type\":\"Person\",\"@id\":\"https:\/\/fadia.info\/#\/schema\/person\/cdaf7b8ba0a834795f1121971cfaab26\",\"name\":\"Miguel\",\"image\":{\"@type\":\"ImageObject\",\"inLanguage\":\"es\",\"@id\":\"https:\/\/fadia.info\/#\/schema\/person\/image\/\",\"url\":\"https:\/\/secure.gravatar.com\/avatar\/7f4e60b1e9fe9c37d925854cb71b1cb76e7cee4d38db28d6f7e8677375de1b8e?s=96&d=mm&r=g\",\"contentUrl\":\"https:\/\/secure.gravatar.com\/avatar\/7f4e60b1e9fe9c37d925854cb71b1cb76e7cee4d38db28d6f7e8677375de1b8e?s=96&d=mm&r=g\",\"caption\":\"Miguel\"},\"url\":\"https:\/\/fadia.info\/index.php\/author\/miguel\/\"}]}<\/script>\n<!-- \/ Yoast SEO plugin. -->","yoast_head_json":{"title":"2014-2024: FADIA ha celebrado diez a\u00f1os en el sector de las instalaciones en Andaluc\u00eda - Fadia","robots":{"index":"index","follow":"follow","max-snippet":"max-snippet:-1","max-image-preview":"max-image-preview:large","max-video-preview":"max-video-preview:-1"},"canonical":"https:\/\/fadia.info\/index.php\/2025\/02\/11\/2014-2024-fadia-ha-celebrado-diez-anos-de-en-el-sector-de-las-instalaciones-en-andalucia\/","og_locale":"es_ES","og_type":"article","og_title":"2014-2024: FADIA ha celebrado diez a\u00f1os en el sector de las instalaciones en Andaluc\u00eda - Fadia","og_description":"La Federaci\u00f3n de Asociaciones de Instaladores de Andaluc\u00eda (FADIA) conmemora su d\u00e9cimo aniversario consolid\u00e1ndose como un pilar fundamental en la representaci\u00f3n y defensa de los instaladores andaluces. Durante estos diez [&hellip;]","og_url":"https:\/\/fadia.info\/index.php\/2025\/02\/11\/2014-2024-fadia-ha-celebrado-diez-anos-de-en-el-sector-de-las-instalaciones-en-andalucia\/","og_site_name":"Fadia","article_published_time":"2025-02-11T10:46:40+00:00","article_modified_time":"2025-02-22T10:53:41+00:00","og_image":[{"width":1080,"height":1080,"url":"https:\/\/fadia.info\/wp-content\/uploads\/2025\/02\/fadia_diez_anos_con_el_instalador.png","type":"image\/png"}],"author":"Miguel","twitter_card":"summary_large_image","twitter_misc":{"Escrito por":"Miguel","Tiempo de lectura":"3 minutos"},"schema":{"@context":"https:\/\/schema.org","@graph":[{"@type":"Article","@id":"https:\/\/fadia.info\/index.php\/2025\/02\/11\/2014-2024-fadia-ha-celebrado-diez-anos-de-en-el-sector-de-las-instalaciones-en-andalucia\/#article","isPartOf":{"@id":"https:\/\/fadia.info\/index.php\/2025\/02\/11\/2014-2024-fadia-ha-celebrado-diez-anos-de-en-el-sector-de-las-instalaciones-en-andalucia\/"},"author":{"name":"Miguel","@id":"https:\/\/fadia.info\/#\/schema\/person\/cdaf7b8ba0a834795f1121971cfaab26"},"headline":"2014-2024: FADIA ha celebrado diez a\u00f1os en el sector de las instalaciones en Andaluc\u00eda","datePublished":"2025-02-11T10:46:40+00:00","dateModified":"2025-02-22T10:53:41+00:00","mainEntityOfPage":{"@id":"https:\/\/fadia.info\/index.php\/2025\/02\/11\/2014-2024-fadia-ha-celebrado-diez-anos-de-en-el-sector-de-las-instalaciones-en-andalucia\/"},"wordCount":577,"commentCount":0,"publisher":{"@id":"https:\/\/fadia.info\/#organization"},"image":{"@id":"https:\/\/fadia.info\/index.php\/2025\/02\/11\/2014-2024-fadia-ha-celebrado-diez-anos-de-en-el-sector-de-las-instalaciones-en-andalucia\/#primaryimage"},"thumbnailUrl":"https:\/\/fadia.info\/wp-content\/uploads\/2025\/02\/fadia_diez_anos_con_el_instalador.png","keywords":["FADIA","INSTALADORES"],"articleSection":["FADIA"],"inLanguage":"es","potentialAction":[{"@type":"CommentAction","name":"Comment","target":["https:\/\/fadia.info\/index.php\/2025\/02\/11\/2014-2024-fadia-ha-celebrado-diez-anos-de-en-el-sector-de-las-instalaciones-en-andalucia\/#respond"]}]},{"@type":"WebPage","@id":"https:\/\/fadia.info\/index.php\/2025\/02\/11\/2014-2024-fadia-ha-celebrado-diez-anos-de-en-el-sector-de-las-instalaciones-en-andalucia\/","url":"https:\/\/fadia.info\/index.php\/2025\/02\/11\/2014-2024-fadia-ha-celebrado-diez-anos-de-en-el-sector-de-las-instalaciones-en-andalucia\/","name":"2014-2024: FADIA ha celebrado diez a\u00f1os en el sector de las instalaciones en Andaluc\u00eda - Fadia","isPartOf":{"@id":"https:\/\/fadia.info\/#website"},"primaryImageOfPage":{"@id":"https:\/\/fadia.info\/index.php\/2025\/02\/11\/2014-2024-fadia-ha-celebrado-diez-anos-de-en-el-sector-de-las-instalaciones-en-andalucia\/#primaryimage"},"image":{"@id":"https:\/\/fadia.info\/index.php\/2025\/02\/11\/2014-2024-fadia-ha-celebrado-diez-anos-de-en-el-sector-de-las-instalaciones-en-andalucia\/#primaryimage"},"thumbnailUrl":"https:\/\/fadia.info\/wp-content\/uploads\/2025\/02\/fadia_diez_anos_con_el_instalador.png","datePublished":"2025-02-11T10:46:40+00:00","dateModified":"2025-02-22T10:53:41+00:00","breadcrumb":{"@id":"https:\/\/fadia.info\/index.php\/2025\/02\/11\/2014-2024-fadia-ha-celebrado-diez-anos-de-en-el-sector-de-las-instalaciones-en-andalucia\/#breadcrumb"},"inLanguage":"es","potentialAction":[{"@type":"ReadAction","target":["https:\/\/fadia.info\/index.php\/2025\/02\/11\/2014-2024-fadia-ha-celebrado-diez-anos-de-en-el-sector-de-las-instalaciones-en-andalucia\/"]}]},{"@type":"ImageObject","inLanguage":"es","@id":"https:\/\/fadia.info\/index.php\/2025\/02\/11\/2014-2024-fadia-ha-celebrado-diez-anos-de-en-el-sector-de-las-instalaciones-en-andalucia\/#primaryimage","url":"https:\/\/fadia.info\/wp-content\/uploads\/2025\/02\/fadia_diez_anos_con_el_instalador.png","contentUrl":"https:\/\/fadia.info\/wp-content\/uploads\/2025\/02\/fadia_diez_anos_con_el_instalador.png","width":1080,"height":1080},{"@type":"BreadcrumbList","@id":"https:\/\/fadia.info\/index.php\/2025\/02\/11\/2014-2024-fadia-ha-celebrado-diez-anos-de-en-el-sector-de-las-instalaciones-en-andalucia\/#breadcrumb","itemListElement":[{"@type":"ListItem","position":1,"name":"Portada","item":"https:\/\/fadia.info\/"},{"@type":"ListItem","position":2,"name":"2014-2024: FADIA ha celebrado diez a\u00f1os en el sector de las instalaciones en Andaluc\u00eda"}]},{"@type":"WebSite","@id":"https:\/\/fadia.info\/#website","url":"https:\/\/fadia.info\/","name":"Fadia","description":"","publisher":{"@id":"https:\/\/fadia.info\/#organization"},"alternateName":"Federaci\u00f3n de Asociaciones de Instaladores de Andaluc\u00eda","potentialAction":[{"@type":"SearchAction","target":{"@type":"EntryPoint","urlTemplate":"https:\/\/fadia.info\/?s={search_term_string}"},"query-input":{"@type":"PropertyValueSpecification","valueRequired":true,"valueName":"search_term_string"}}],"inLanguage":"es"},{"@type":"Organization","@id":"https:\/\/fadia.info\/#organization","name":"Federaci\u00f3n de Asociaciones de Instaladores de Andaluc\u00eda","alternateName":"FADIA","url":"https:\/\/fadia.info\/","logo":{"@type":"ImageObject","inLanguage":"es","@id":"https:\/\/fadia.info\/#\/schema\/logo\/image\/","url":"https:\/\/fadia.info\/wp-content\/uploads\/2023\/11\/logo_fadia.png","contentUrl":"https:\/\/fadia.info\/wp-content\/uploads\/2023\/11\/logo_fadia.png","width":619,"height":265,"caption":"Federaci\u00f3n de Asociaciones de Instaladores de Andaluc\u00eda"},"image":{"@id":"https:\/\/fadia.info\/#\/schema\/logo\/image\/"}},{"@type":"Person","@id":"https:\/\/fadia.info\/#\/schema\/person\/cdaf7b8ba0a834795f1121971cfaab26","name":"Miguel","image":{"@type":"ImageObject","inLanguage":"es","@id":"https:\/\/fadia.info\/#\/schema\/person\/image\/","url":"https:\/\/secure.gravatar.com\/avatar\/7f4e60b1e9fe9c37d925854cb71b1cb76e7cee4d38db28d6f7e8677375de1b8e?s=96&d=mm&r=g","contentUrl":"https:\/\/secure.gravatar.com\/avatar\/7f4e60b1e9fe9c37d925854cb71b1cb76e7cee4d38db28d6f7e8677375de1b8e?s=96&d=mm&r=g","caption":"Miguel"},"url":"https:\/\/fadia.info\/index.php\/author\/miguel\/"}]}},"_links":{"self":[{"href":"https:\/\/fadia.info\/index.php\/wp-json\/wp\/v2\/posts\/6456","targetHints":{"allow":["GET"]}}],"collection":[{"href":"https:\/\/fadia.info\/index.php\/wp-json\/wp\/v2\/posts"}],"about":[{"href":"https:\/\/fadia.info\/index.php\/wp-json\/wp\/v2\/types\/post"}],"author":[{"embeddable":true,"href":"https:\/\/fadia.info\/index.php\/wp-json\/wp\/v2\/users\/3"}],"replies":[{"embeddable":true,"href":"https:\/\/fadia.info\/index.php\/wp-json\/wp\/v2\/comments?post=6456"}],"version-history":[{"count":3,"href":"https:\/\/fadia.info\/index.php\/wp-json\/wp\/v2\/posts\/6456\/revisions"}],"predecessor-version":[{"id":6460,"href":"https:\/\/fadia.info\/index.php\/wp-json\/wp\/v2\/posts\/6456\/revisions\/6460"}],"wp:featuredmedia":[{"embeddable":true,"href":"https:\/\/fadia.info\/index.php\/wp-json\/wp\/v2\/media\/6457"}],"wp:attachment":[{"href":"https:\/\/fadia.info\/index.php\/wp-json\/wp\/v2\/media?parent=6456"}],"wp:term":[{"taxonomy":"category","embeddable":true,"href":"https:\/\/fadia.info\/index.php\/wp-json\/wp\/v2\/categories?post=6456"},{"taxonomy":"post_tag","embeddable":true,"href":"https:\/\/fadia.info\/index.php\/wp-json\/wp\/v2\/tags?post=6456"}],"curies":[{"name":"wp","href":"https:\/\/api.w.org\/{rel}","templated":true}]}}