{"id":6447,"date":"2025-01-24T12:26:28","date_gmt":"2025-01-24T12:26:28","guid":{"rendered":"https:\/\/fadia.info\/?p=6447"},"modified":"2025-01-24T12:31:08","modified_gmt":"2025-01-24T12:31:08","slug":"fadia-celebra-una-reunion-de-secretarios-generales-de-sus-asociaciones-miembros-para-coordinar-un-plan-de-accion-en-el-2025","status":"publish","type":"post","link":"https:\/\/fadia.info\/index.php\/2025\/01\/24\/fadia-celebra-una-reunion-de-secretarios-generales-de-sus-asociaciones-miembros-para-coordinar-un-plan-de-accion-en-el-2025\/","title":{"rendered":"Fadia celebra una reuni\u00f3n de secretarios generales de sus asociaciones miembros para coordinar un Plan de Acci\u00f3n en el 2025"},"content":{"rendered":"\n<p><strong>Los secretarios generales de las principales asociaciones de instaladores de Andaluc\u00eda se reunieron esta semana para analizar su Plan de Acci\u00f3n 2025, una iniciativa que busca fortalecer el sector, promover la innovaci\u00f3n y garantizar un desarrollo sostenible en la regi\u00f3n.<\/strong><\/p>\n\n\n\n<!--more-->\n\n\n\n<figure class=\"wp-block-image size-full\"><img loading=\"lazy\" decoding=\"async\" width=\"960\" height=\"540\" src=\"https:\/\/fadia.info\/wp-content\/uploads\/2025\/01\/video_reunion_fadia.png\" alt=\"\" class=\"wp-image-6448\" srcset=\"https:\/\/fadia.info\/wp-content\/uploads\/2025\/01\/video_reunion_fadia.png 960w, https:\/\/fadia.info\/wp-content\/uploads\/2025\/01\/video_reunion_fadia-480x270.png 480w\" sizes=\"auto, (min-width: 0px) and (max-width: 480px) 480px, (min-width: 481px) 960px, 100vw\" \/><\/figure>\n\n\n\n<p>El encuentro, que reuni\u00f3 a representantes de las ocho provincias andaluzas, tuvo como objetivo coordinar esfuerzos y establecer una hoja de ruta para enfrentar los desaf\u00edos del sector de la instalaci\u00f3n en los pr\u00f3ximos a\u00f1os. Entre los temas destacados estuvieron la transici\u00f3n energ\u00e9tica, la digitalizaci\u00f3n de procesos y la formaci\u00f3n continua de los profesionales y la seguridad industrial.<\/p>\n\n\n\n<p><strong>M\u00e1s participaci\u00f3n y comunicaci\u00f3n con las asociaciones<\/strong><\/p>\n\n\n\n<p>Durante el encuentro se repas\u00f3 tambi\u00e9n el desempe\u00f1o de las diferentes comisiones de trabajo y la marcha general de la Federaci\u00f3n, identificando la necesidad de intensificar la comunicaci\u00f3n entre las Asociaciones Andaluzas.<\/p>\n\n\n\n<p>Tambi\u00e9n se inform\u00f3 acerca del inicio de un plan de comunicaci\u00f3n por parte de la Federaci\u00f3n, para realizar publicaciones interesantes para el sector y ser altavoz de las noticias de las asociaciones provinciales.<\/p>\n\n\n\n<p><strong>Un compromiso conjunto por el futuro del sector<\/strong><\/p>\n\n\n\n<p>Durante la reuni\u00f3n, los asistentes compartieron experiencias y estrategias exitosas implementadas en sus respectivas provincias. Adem\u00e1s, se presentaron las principales l\u00edneas del Plan de Acci\u00f3n 2025, que incluye:<\/p>\n\n\n\n<ul class=\"wp-block-list\">\n<li>Impulso a la eficiencia energ\u00e9tica: Promoci\u00f3n de soluciones sostenibles en proyectos de instalaci\u00f3n.<\/li>\n\n\n\n<li>Seguridad industrial: siendo actores relevantes en la regi\u00f3n, con respecto a el desarrollo de normativas que<\/li>\n\n\n\n<li>Digitalizaci\u00f3n: Introducci\u00f3n de tecnolog\u00edas avanzadas para optimizar los procesos operativos.<\/li>\n\n\n\n<li>Formaci\u00f3n profesional: adapt\u00e1ndose a las nuevas demandas del mercado y realizando un seguimiento del reciente acuerdo alcanzado con la Consejer\u00eda de Desarrollo Educativo y Formaci\u00f3n Profesional.<\/li>\n\n\n\n<li>Colaboraci\u00f3n intersectorial: Fomento de alianzas entre instituciones, empresas y organismos p\u00fablicos.<\/li>\n<\/ul>\n\n\n\n<p>Con esta reuni\u00f3n, el sector de instaladores de Andaluc\u00eda reafirma su compromiso con el desarrollo sostenible, la modernizaci\u00f3n y el fortalecimiento de una profesi\u00f3n clave para el progreso econ\u00f3mico y social de la regi\u00f3n.<strong><\/strong><\/p>\n","protected":false},"excerpt":{"rendered":"<p>Los secretarios generales de las principales asociaciones de instaladores de Andaluc\u00eda se reunieron esta semana para analizar su Plan de Acci\u00f3n 2025, una iniciativa que busca fortalecer el sector, promover [&hellip;]<\/p>\n","protected":false},"author":3,"featured_media":6448,"comment_status":"open","ping_status":"open","sticky":false,"template":"","format":"standard","meta":{"_et_pb_use_builder":"off","_et_pb_old_content":"","_et_gb_content_width":"","_monsterinsights_skip_tracking":false,"_monsterinsights_sitenote_active":false,"_monsterinsights_sitenote_note":"","_monsterinsights_sitenote_category":0,"footnotes":""},"categories":[4],"tags":[],"class_list":["post-6447","post","type-post","status-publish","format-standard","has-post-thumbnail","hentry","category-fadia"],"yoast_head":"<!-- This site is optimized with the Yoast SEO plugin v24.2 - https:\/\/yoast.com\/wordpress\/plugins\/seo\/ -->\n<title>Fadia celebra una reuni\u00f3n de secretarios generales de sus asociaciones miembros para coordinar un Plan de Acci\u00f3n en el 2025 - Fadia<\/title>\n<meta name=\"robots\" content=\"index, follow, max-snippet:-1, max-image-preview:large, max-video-preview:-1\" \/>\n<link rel=\"canonical\" href=\"https:\/\/fadia.info\/index.php\/2025\/01\/24\/fadia-celebra-una-reunion-de-secretarios-generales-de-sus-asociaciones-miembros-para-coordinar-un-plan-de-accion-en-el-2025\/\" \/>\n<meta property=\"og:locale\" content=\"es_ES\" \/>\n<meta property=\"og:type\" content=\"article\" \/>\n<meta property=\"og:title\" content=\"Fadia celebra una reuni\u00f3n de secretarios generales de sus asociaciones miembros para coordinar un Plan de Acci\u00f3n en el 2025 - Fadia\" \/>\n<meta property=\"og:description\" content=\"Los secretarios generales de las principales asociaciones de instaladores de Andaluc\u00eda se reunieron esta semana para analizar su Plan de Acci\u00f3n 2025, una iniciativa que busca fortalecer el sector, promover [&hellip;]\" \/>\n<meta property=\"og:url\" content=\"https:\/\/fadia.info\/index.php\/2025\/01\/24\/fadia-celebra-una-reunion-de-secretarios-generales-de-sus-asociaciones-miembros-para-coordinar-un-plan-de-accion-en-el-2025\/\" \/>\n<meta property=\"og:site_name\" content=\"Fadia\" \/>\n<meta property=\"article:published_time\" content=\"2025-01-24T12:26:28+00:00\" \/>\n<meta property=\"article:modified_time\" content=\"2025-01-24T12:31:08+00:00\" \/>\n<meta property=\"og:image\" content=\"https:\/\/fadia.info\/wp-content\/uploads\/2025\/01\/video_reunion_fadia.png\" \/>\n\t<meta property=\"og:image:width\" content=\"960\" \/>\n\t<meta property=\"og:image:height\" content=\"540\" \/>\n\t<meta property=\"og:image:type\" content=\"image\/png\" \/>\n<meta name=\"author\" content=\"Miguel\" \/>\n<meta name=\"twitter:card\" content=\"summary_large_image\" \/>\n<meta name=\"twitter:label1\" content=\"Escrito por\" \/>\n\t<meta name=\"twitter:data1\" content=\"Miguel\" \/>\n\t<meta name=\"twitter:label2\" content=\"Tiempo de lectura\" \/>\n\t<meta name=\"twitter:data2\" content=\"2 minutos\" \/>\n<script type=\"application\/ld+json\" class=\"yoast-schema-graph\">{\"@context\":\"https:\/\/schema.org\",\"@graph\":[{\"@type\":\"Article\",\"@id\":\"https:\/\/fadia.info\/index.php\/2025\/01\/24\/fadia-celebra-una-reunion-de-secretarios-generales-de-sus-asociaciones-miembros-para-coordinar-un-plan-de-accion-en-el-2025\/#article\",\"isPartOf\":{\"@id\":\"https:\/\/fadia.info\/index.php\/2025\/01\/24\/fadia-celebra-una-reunion-de-secretarios-generales-de-sus-asociaciones-miembros-para-coordinar-un-plan-de-accion-en-el-2025\/\"},\"author\":{\"name\":\"Miguel\",\"@id\":\"https:\/\/fadia.info\/#\/schema\/person\/cdaf7b8ba0a834795f1121971cfaab26\"},\"headline\":\"Fadia celebra una reuni\u00f3n de secretarios generales de sus asociaciones miembros para coordinar un Plan de Acci\u00f3n en el 2025\",\"datePublished\":\"2025-01-24T12:26:28+00:00\",\"dateModified\":\"2025-01-24T12:31:08+00:00\",\"mainEntityOfPage\":{\"@id\":\"https:\/\/fadia.info\/index.php\/2025\/01\/24\/fadia-celebra-una-reunion-de-secretarios-generales-de-sus-asociaciones-miembros-para-coordinar-un-plan-de-accion-en-el-2025\/\"},\"wordCount\":380,\"commentCount\":0,\"publisher\":{\"@id\":\"https:\/\/fadia.info\/#organization\"},\"image\":{\"@id\":\"https:\/\/fadia.info\/index.php\/2025\/01\/24\/fadia-celebra-una-reunion-de-secretarios-generales-de-sus-asociaciones-miembros-para-coordinar-un-plan-de-accion-en-el-2025\/#primaryimage\"},\"thumbnailUrl\":\"https:\/\/fadia.info\/wp-content\/uploads\/2025\/01\/video_reunion_fadia.png\",\"articleSection\":[\"FADIA\"],\"inLanguage\":\"es\",\"potentialAction\":[{\"@type\":\"CommentAction\",\"name\":\"Comment\",\"target\":[\"https:\/\/fadia.info\/index.php\/2025\/01\/24\/fadia-celebra-una-reunion-de-secretarios-generales-de-sus-asociaciones-miembros-para-coordinar-un-plan-de-accion-en-el-2025\/#respond\"]}]},{\"@type\":\"WebPage\",\"@id\":\"https:\/\/fadia.info\/index.php\/2025\/01\/24\/fadia-celebra-una-reunion-de-secretarios-generales-de-sus-asociaciones-miembros-para-coordinar-un-plan-de-accion-en-el-2025\/\",\"url\":\"https:\/\/fadia.info\/index.php\/2025\/01\/24\/fadia-celebra-una-reunion-de-secretarios-generales-de-sus-asociaciones-miembros-para-coordinar-un-plan-de-accion-en-el-2025\/\",\"name\":\"Fadia celebra una reuni\u00f3n de secretarios generales de sus asociaciones miembros para coordinar un Plan de Acci\u00f3n en el 2025 - Fadia\",\"isPartOf\":{\"@id\":\"https:\/\/fadia.info\/#website\"},\"primaryImageOfPage\":{\"@id\":\"https:\/\/fadia.info\/index.php\/2025\/01\/24\/fadia-celebra-una-reunion-de-secretarios-generales-de-sus-asociaciones-miembros-para-coordinar-un-plan-de-accion-en-el-2025\/#primaryimage\"},\"image\":{\"@id\":\"https:\/\/fadia.info\/index.php\/2025\/01\/24\/fadia-celebra-una-reunion-de-secretarios-generales-de-sus-asociaciones-miembros-para-coordinar-un-plan-de-accion-en-el-2025\/#primaryimage\"},\"thumbnailUrl\":\"https:\/\/fadia.info\/wp-content\/uploads\/2025\/01\/video_reunion_fadia.png\",\"datePublished\":\"2025-01-24T12:26:28+00:00\",\"dateModified\":\"2025-01-24T12:31:08+00:00\",\"breadcrumb\":{\"@id\":\"https:\/\/fadia.info\/index.php\/2025\/01\/24\/fadia-celebra-una-reunion-de-secretarios-generales-de-sus-asociaciones-miembros-para-coordinar-un-plan-de-accion-en-el-2025\/#breadcrumb\"},\"inLanguage\":\"es\",\"potentialAction\":[{\"@type\":\"ReadAction\",\"target\":[\"https:\/\/fadia.info\/index.php\/2025\/01\/24\/fadia-celebra-una-reunion-de-secretarios-generales-de-sus-asociaciones-miembros-para-coordinar-un-plan-de-accion-en-el-2025\/\"]}]},{\"@type\":\"ImageObject\",\"inLanguage\":\"es\",\"@id\":\"https:\/\/fadia.info\/index.php\/2025\/01\/24\/fadia-celebra-una-reunion-de-secretarios-generales-de-sus-asociaciones-miembros-para-coordinar-un-plan-de-accion-en-el-2025\/#primaryimage\",\"url\":\"https:\/\/fadia.info\/wp-content\/uploads\/2025\/01\/video_reunion_fadia.png\",\"contentUrl\":\"https:\/\/fadia.info\/wp-content\/uploads\/2025\/01\/video_reunion_fadia.png\",\"width\":960,\"height\":540},{\"@type\":\"BreadcrumbList\",\"@id\":\"https:\/\/fadia.info\/index.php\/2025\/01\/24\/fadia-celebra-una-reunion-de-secretarios-generales-de-sus-asociaciones-miembros-para-coordinar-un-plan-de-accion-en-el-2025\/#breadcrumb\",\"itemListElement\":[{\"@type\":\"ListItem\",\"position\":1,\"name\":\"Portada\",\"item\":\"https:\/\/fadia.info\/\"},{\"@type\":\"ListItem\",\"position\":2,\"name\":\"Fadia celebra una reuni\u00f3n de secretarios generales de sus asociaciones miembros para coordinar un Plan de Acci\u00f3n en el 2025\"}]},{\"@type\":\"WebSite\",\"@id\":\"https:\/\/fadia.info\/#website\",\"url\":\"https:\/\/fadia.info\/\",\"name\":\"Fadia\",\"description\":\"\",\"publisher\":{\"@id\":\"https:\/\/fadia.info\/#organization\"},\"alternateName\":\"Federaci\u00f3n de Asociaciones de Instaladores de Andaluc\u00eda\",\"potentialAction\":[{\"@type\":\"SearchAction\",\"target\":{\"@type\":\"EntryPoint\",\"urlTemplate\":\"https:\/\/fadia.info\/?s={search_term_string}\"},\"query-input\":{\"@type\":\"PropertyValueSpecification\",\"valueRequired\":true,\"valueName\":\"search_term_string\"}}],\"inLanguage\":\"es\"},{\"@type\":\"Organization\",\"@id\":\"https:\/\/fadia.info\/#organization\",\"name\":\"Federaci\u00f3n de Asociaciones de Instaladores de Andaluc\u00eda\",\"alternateName\":\"FADIA\",\"url\":\"https:\/\/fadia.info\/\",\"logo\":{\"@type\":\"ImageObject\",\"inLanguage\":\"es\",\"@id\":\"https:\/\/fadia.info\/#\/schema\/logo\/image\/\",\"url\":\"https:\/\/fadia.info\/wp-content\/uploads\/2023\/11\/logo_fadia.png\",\"contentUrl\":\"https:\/\/fadia.info\/wp-content\/uploads\/2023\/11\/logo_fadia.png\",\"width\":619,\"height\":265,\"caption\":\"Federaci\u00f3n de Asociaciones de Instaladores de Andaluc\u00eda\"},\"image\":{\"@id\":\"https:\/\/fadia.info\/#\/schema\/logo\/image\/\"}},{\"@type\":\"Person\",\"@id\":\"https:\/\/fadia.info\/#\/schema\/person\/cdaf7b8ba0a834795f1121971cfaab26\",\"name\":\"Miguel\",\"image\":{\"@type\":\"ImageObject\",\"inLanguage\":\"es\",\"@id\":\"https:\/\/fadia.info\/#\/schema\/person\/image\/\",\"url\":\"https:\/\/secure.gravatar.com\/avatar\/7f4e60b1e9fe9c37d925854cb71b1cb76e7cee4d38db28d6f7e8677375de1b8e?s=96&d=mm&r=g\",\"contentUrl\":\"https:\/\/secure.gravatar.com\/avatar\/7f4e60b1e9fe9c37d925854cb71b1cb76e7cee4d38db28d6f7e8677375de1b8e?s=96&d=mm&r=g\",\"caption\":\"Miguel\"},\"url\":\"https:\/\/fadia.info\/index.php\/author\/miguel\/\"}]}<\/script>\n<!-- \/ Yoast SEO plugin. -->","yoast_head_json":{"title":"Fadia celebra una reuni\u00f3n de secretarios generales de sus asociaciones miembros para coordinar un Plan de Acci\u00f3n en el 2025 - Fadia","robots":{"index":"index","follow":"follow","max-snippet":"max-snippet:-1","max-image-preview":"max-image-preview:large","max-video-preview":"max-video-preview:-1"},"canonical":"https:\/\/fadia.info\/index.php\/2025\/01\/24\/fadia-celebra-una-reunion-de-secretarios-generales-de-sus-asociaciones-miembros-para-coordinar-un-plan-de-accion-en-el-2025\/","og_locale":"es_ES","og_type":"article","og_title":"Fadia celebra una reuni\u00f3n de secretarios generales de sus asociaciones miembros para coordinar un Plan de Acci\u00f3n en el 2025 - Fadia","og_description":"Los secretarios generales de las principales asociaciones de instaladores de Andaluc\u00eda se reunieron esta semana para analizar su Plan de Acci\u00f3n 2025, una iniciativa que busca fortalecer el sector, promover [&hellip;]","og_url":"https:\/\/fadia.info\/index.php\/2025\/01\/24\/fadia-celebra-una-reunion-de-secretarios-generales-de-sus-asociaciones-miembros-para-coordinar-un-plan-de-accion-en-el-2025\/","og_site_name":"Fadia","article_published_time":"2025-01-24T12:26:28+00:00","article_modified_time":"2025-01-24T12:31:08+00:00","og_image":[{"width":960,"height":540,"url":"https:\/\/fadia.info\/wp-content\/uploads\/2025\/01\/video_reunion_fadia.png","type":"image\/png"}],"author":"Miguel","twitter_card":"summary_large_image","twitter_misc":{"Escrito por":"Miguel","Tiempo de lectura":"2 minutos"},"schema":{"@context":"https:\/\/schema.org","@graph":[{"@type":"Article","@id":"https:\/\/fadia.info\/index.php\/2025\/01\/24\/fadia-celebra-una-reunion-de-secretarios-generales-de-sus-asociaciones-miembros-para-coordinar-un-plan-de-accion-en-el-2025\/#article","isPartOf":{"@id":"https:\/\/fadia.info\/index.php\/2025\/01\/24\/fadia-celebra-una-reunion-de-secretarios-generales-de-sus-asociaciones-miembros-para-coordinar-un-plan-de-accion-en-el-2025\/"},"author":{"name":"Miguel","@id":"https:\/\/fadia.info\/#\/schema\/person\/cdaf7b8ba0a834795f1121971cfaab26"},"headline":"Fadia celebra una reuni\u00f3n de secretarios generales de sus asociaciones miembros para coordinar un Plan de Acci\u00f3n en el 2025","datePublished":"2025-01-24T12:26:28+00:00","dateModified":"2025-01-24T12:31:08+00:00","mainEntityOfPage":{"@id":"https:\/\/fadia.info\/index.php\/2025\/01\/24\/fadia-celebra-una-reunion-de-secretarios-generales-de-sus-asociaciones-miembros-para-coordinar-un-plan-de-accion-en-el-2025\/"},"wordCount":380,"commentCount":0,"publisher":{"@id":"https:\/\/fadia.info\/#organization"},"image":{"@id":"https:\/\/fadia.info\/index.php\/2025\/01\/24\/fadia-celebra-una-reunion-de-secretarios-generales-de-sus-asociaciones-miembros-para-coordinar-un-plan-de-accion-en-el-2025\/#primaryimage"},"thumbnailUrl":"https:\/\/fadia.info\/wp-content\/uploads\/2025\/01\/video_reunion_fadia.png","articleSection":["FADIA"],"inLanguage":"es","potentialAction":[{"@type":"CommentAction","name":"Comment","target":["https:\/\/fadia.info\/index.php\/2025\/01\/24\/fadia-celebra-una-reunion-de-secretarios-generales-de-sus-asociaciones-miembros-para-coordinar-un-plan-de-accion-en-el-2025\/#respond"]}]},{"@type":"WebPage","@id":"https:\/\/fadia.info\/index.php\/2025\/01\/24\/fadia-celebra-una-reunion-de-secretarios-generales-de-sus-asociaciones-miembros-para-coordinar-un-plan-de-accion-en-el-2025\/","url":"https:\/\/fadia.info\/index.php\/2025\/01\/24\/fadia-celebra-una-reunion-de-secretarios-generales-de-sus-asociaciones-miembros-para-coordinar-un-plan-de-accion-en-el-2025\/","name":"Fadia celebra una reuni\u00f3n de secretarios generales de sus asociaciones miembros para coordinar un Plan de Acci\u00f3n en el 2025 - Fadia","isPartOf":{"@id":"https:\/\/fadia.info\/#website"},"primaryImageOfPage":{"@id":"https:\/\/fadia.info\/index.php\/2025\/01\/24\/fadia-celebra-una-reunion-de-secretarios-generales-de-sus-asociaciones-miembros-para-coordinar-un-plan-de-accion-en-el-2025\/#primaryimage"},"image":{"@id":"https:\/\/fadia.info\/index.php\/2025\/01\/24\/fadia-celebra-una-reunion-de-secretarios-generales-de-sus-asociaciones-miembros-para-coordinar-un-plan-de-accion-en-el-2025\/#primaryimage"},"thumbnailUrl":"https:\/\/fadia.info\/wp-content\/uploads\/2025\/01\/video_reunion_fadia.png","datePublished":"2025-01-24T12:26:28+00:00","dateModified":"2025-01-24T12:31:08+00:00","breadcrumb":{"@id":"https:\/\/fadia.info\/index.php\/2025\/01\/24\/fadia-celebra-una-reunion-de-secretarios-generales-de-sus-asociaciones-miembros-para-coordinar-un-plan-de-accion-en-el-2025\/#breadcrumb"},"inLanguage":"es","potentialAction":[{"@type":"ReadAction","target":["https:\/\/fadia.info\/index.php\/2025\/01\/24\/fadia-celebra-una-reunion-de-secretarios-generales-de-sus-asociaciones-miembros-para-coordinar-un-plan-de-accion-en-el-2025\/"]}]},{"@type":"ImageObject","inLanguage":"es","@id":"https:\/\/fadia.info\/index.php\/2025\/01\/24\/fadia-celebra-una-reunion-de-secretarios-generales-de-sus-asociaciones-miembros-para-coordinar-un-plan-de-accion-en-el-2025\/#primaryimage","url":"https:\/\/fadia.info\/wp-content\/uploads\/2025\/01\/video_reunion_fadia.png","contentUrl":"https:\/\/fadia.info\/wp-content\/uploads\/2025\/01\/video_reunion_fadia.png","width":960,"height":540},{"@type":"BreadcrumbList","@id":"https:\/\/fadia.info\/index.php\/2025\/01\/24\/fadia-celebra-una-reunion-de-secretarios-generales-de-sus-asociaciones-miembros-para-coordinar-un-plan-de-accion-en-el-2025\/#breadcrumb","itemListElement":[{"@type":"ListItem","position":1,"name":"Portada","item":"https:\/\/fadia.info\/"},{"@type":"ListItem","position":2,"name":"Fadia celebra una reuni\u00f3n de secretarios generales de sus asociaciones miembros para coordinar un Plan de Acci\u00f3n en el 2025"}]},{"@type":"WebSite","@id":"https:\/\/fadia.info\/#website","url":"https:\/\/fadia.info\/","name":"Fadia","description":"","publisher":{"@id":"https:\/\/fadia.info\/#organization"},"alternateName":"Federaci\u00f3n de Asociaciones de Instaladores de Andaluc\u00eda","potentialAction":[{"@type":"SearchAction","target":{"@type":"EntryPoint","urlTemplate":"https:\/\/fadia.info\/?s={search_term_string}"},"query-input":{"@type":"PropertyValueSpecification","valueRequired":true,"valueName":"search_term_string"}}],"inLanguage":"es"},{"@type":"Organization","@id":"https:\/\/fadia.info\/#organization","name":"Federaci\u00f3n de Asociaciones de Instaladores de Andaluc\u00eda","alternateName":"FADIA","url":"https:\/\/fadia.info\/","logo":{"@type":"ImageObject","inLanguage":"es","@id":"https:\/\/fadia.info\/#\/schema\/logo\/image\/","url":"https:\/\/fadia.info\/wp-content\/uploads\/2023\/11\/logo_fadia.png","contentUrl":"https:\/\/fadia.info\/wp-content\/uploads\/2023\/11\/logo_fadia.png","width":619,"height":265,"caption":"Federaci\u00f3n de Asociaciones de Instaladores de Andaluc\u00eda"},"image":{"@id":"https:\/\/fadia.info\/#\/schema\/logo\/image\/"}},{"@type":"Person","@id":"https:\/\/fadia.info\/#\/schema\/person\/cdaf7b8ba0a834795f1121971cfaab26","name":"Miguel","image":{"@type":"ImageObject","inLanguage":"es","@id":"https:\/\/fadia.info\/#\/schema\/person\/image\/","url":"https:\/\/secure.gravatar.com\/avatar\/7f4e60b1e9fe9c37d925854cb71b1cb76e7cee4d38db28d6f7e8677375de1b8e?s=96&d=mm&r=g","contentUrl":"https:\/\/secure.gravatar.com\/avatar\/7f4e60b1e9fe9c37d925854cb71b1cb76e7cee4d38db28d6f7e8677375de1b8e?s=96&d=mm&r=g","caption":"Miguel"},"url":"https:\/\/fadia.info\/index.php\/author\/miguel\/"}]}},"_links":{"self":[{"href":"https:\/\/fadia.info\/index.php\/wp-json\/wp\/v2\/posts\/6447","targetHints":{"allow":["GET"]}}],"collection":[{"href":"https:\/\/fadia.info\/index.php\/wp-json\/wp\/v2\/posts"}],"about":[{"href":"https:\/\/fadia.info\/index.php\/wp-json\/wp\/v2\/types\/post"}],"author":[{"embeddable":true,"href":"https:\/\/fadia.info\/index.php\/wp-json\/wp\/v2\/users\/3"}],"replies":[{"embeddable":true,"href":"https:\/\/fadia.info\/index.php\/wp-json\/wp\/v2\/comments?post=6447"}],"version-history":[{"count":2,"href":"https:\/\/fadia.info\/index.php\/wp-json\/wp\/v2\/posts\/6447\/revisions"}],"predecessor-version":[{"id":6451,"href":"https:\/\/fadia.info\/index.php\/wp-json\/wp\/v2\/posts\/6447\/revisions\/6451"}],"wp:featuredmedia":[{"embeddable":true,"href":"https:\/\/fadia.info\/index.php\/wp-json\/wp\/v2\/media\/6448"}],"wp:attachment":[{"href":"https:\/\/fadia.info\/index.php\/wp-json\/wp\/v2\/media?parent=6447"}],"wp:term":[{"taxonomy":"category","embeddable":true,"href":"https:\/\/fadia.info\/index.php\/wp-json\/wp\/v2\/categories?post=6447"},{"taxonomy":"post_tag","embeddable":true,"href":"https:\/\/fadia.info\/index.php\/wp-json\/wp\/v2\/tags?post=6447"}],"curies":[{"name":"wp","href":"https:\/\/api.w.org\/{rel}","templated":true}]}}