{"id":6441,"date":"2025-01-14T13:52:10","date_gmt":"2025-01-14T13:52:10","guid":{"rendered":"https:\/\/fadia.info\/?p=6441"},"modified":"2025-01-14T13:55:11","modified_gmt":"2025-01-14T13:55:11","slug":"entrevista-a-manuel-contreras-presidente-de-aaie","status":"publish","type":"post","link":"https:\/\/fadia.info\/index.php\/2025\/01\/14\/entrevista-a-manuel-contreras-presidente-de-aaie\/","title":{"rendered":"Entrevista a Manuel Contreras, presidente de AAIE"},"content":{"rendered":"\n<figure class=\"wp-block-image alignfull size-full is-style-rounded\"><img loading=\"lazy\" decoding=\"async\" width=\"567\" height=\"319\" src=\"https:\/\/fadia.info\/wp-content\/uploads\/2025\/01\/Manuel-Contreras.jpg\" alt=\"\" class=\"wp-image-6442\" srcset=\"https:\/\/fadia.info\/wp-content\/uploads\/2025\/01\/Manuel-Contreras.jpg 567w, https:\/\/fadia.info\/wp-content\/uploads\/2025\/01\/Manuel-Contreras-480x270.jpg 480w\" sizes=\"auto, (min-width: 0px) and (max-width: 480px) 480px, (min-width: 481px) 567px, 100vw\" \/><figcaption class=\"wp-element-caption\"><em>\u201cSiempre he pensado que como m\u00ednimo existen 3 pilares fundamentales que nos mueven en cualquier asociaci\u00f3n o federaci\u00f3n; formaci\u00f3n, unidad, protecci\u00f3n y defensa de nuestro colectivo.\u201d<\/em><\/figcaption><\/figure>\n\n\n\n<p class=\"has-text-align-left\">Desde C Comunicaci\u00f3n se ha realizado una entrevista a Manuel Contreras Arag\u00f3n, Presidente de AAIE Granada.<\/p>\n\n\n\n<p class=\"has-text-align-left\">Donde destaca la importancia del asociacionismo y los principales objetivos de representaci\u00f3n y defensa de los instaladores.<br>Los problemas con las Distribuidoras, las relaciones con las administraciones p\u00fablicas, la importancia de la formaci\u00f3n educativa y pr\u00e1ctica de los nuevos profesionales.<br>Tambi\u00e9n nos habla de la morosidad y el intrusismo que nos afecta.<\/p>\n\n\n\n<p class=\"has-text-align-left\">Una buena entrevista acorde con lo que pensamos sobre la importancia del asociacionismo y los problemas con los que nos encontramos en el sector de los instaladores. Enhorabuena Manuel!!!<\/p>\n\n\n\n<p class=\"has-text-align-left\">Enlace a la entrevista:<\/p>\n\n\n\n<p><a href=\"https:\/\/material-electrico.cdecomunicacion.es\/noticias\/instaladores\/181050\/entrevista-manuel-contreras-presidente-aaie-empresas-instaladoras\">https:\/\/material-electrico.cdecomunicacion.es\/noticias\/instaladores\/181050\/entrevista-manuel-contreras-presidente-aaie-empresas-instaladoras<\/a><\/p>\n","protected":false},"excerpt":{"rendered":"<p>Desde C Comunicaci\u00f3n se ha realizado una entrevista a Manuel Contreras Arag\u00f3n, Presidente de AAIE Granada. Donde destaca la importancia del asociacionismo y los principales objetivos de representaci\u00f3n y defensa [&hellip;]<\/p>\n","protected":false},"author":1,"featured_media":6442,"comment_status":"open","ping_status":"open","sticky":false,"template":"","format":"standard","meta":{"_et_pb_use_builder":"off","_et_pb_old_content":"","_et_gb_content_width":"","_monsterinsights_skip_tracking":false,"_monsterinsights_sitenote_active":false,"_monsterinsights_sitenote_note":"","_monsterinsights_sitenote_category":0,"footnotes":""},"categories":[4],"tags":[],"class_list":["post-6441","post","type-post","status-publish","format-standard","has-post-thumbnail","hentry","category-fadia"],"yoast_head":"<!-- This site is optimized with the Yoast SEO plugin v24.2 - https:\/\/yoast.com\/wordpress\/plugins\/seo\/ -->\n<title>Entrevista a Manuel Contreras, presidente de AAIE - Fadia<\/title>\n<meta name=\"robots\" content=\"index, follow, max-snippet:-1, max-image-preview:large, max-video-preview:-1\" \/>\n<link rel=\"canonical\" href=\"https:\/\/fadia.info\/index.php\/2025\/01\/14\/entrevista-a-manuel-contreras-presidente-de-aaie\/\" \/>\n<meta property=\"og:locale\" content=\"es_ES\" \/>\n<meta property=\"og:type\" content=\"article\" \/>\n<meta property=\"og:title\" content=\"Entrevista a Manuel Contreras, presidente de AAIE - Fadia\" \/>\n<meta property=\"og:description\" content=\"Desde C Comunicaci\u00f3n se ha realizado una entrevista a Manuel Contreras Arag\u00f3n, Presidente de AAIE Granada. Donde destaca la importancia del asociacionismo y los principales objetivos de representaci\u00f3n y defensa [&hellip;]\" \/>\n<meta property=\"og:url\" content=\"https:\/\/fadia.info\/index.php\/2025\/01\/14\/entrevista-a-manuel-contreras-presidente-de-aaie\/\" \/>\n<meta property=\"og:site_name\" content=\"Fadia\" \/>\n<meta property=\"article:published_time\" content=\"2025-01-14T13:52:10+00:00\" \/>\n<meta property=\"article:modified_time\" content=\"2025-01-14T13:55:11+00:00\" \/>\n<meta property=\"og:image\" content=\"https:\/\/fadia.info\/wp-content\/uploads\/2025\/01\/Manuel-Contreras.jpg\" \/>\n\t<meta property=\"og:image:width\" content=\"567\" \/>\n\t<meta property=\"og:image:height\" content=\"319\" \/>\n\t<meta property=\"og:image:type\" content=\"image\/jpeg\" \/>\n<meta name=\"author\" content=\"admin\" \/>\n<meta name=\"twitter:card\" content=\"summary_large_image\" \/>\n<meta name=\"twitter:label1\" content=\"Escrito por\" \/>\n\t<meta name=\"twitter:data1\" content=\"admin\" \/>\n\t<meta name=\"twitter:label2\" content=\"Tiempo de lectura\" \/>\n\t<meta name=\"twitter:data2\" content=\"1 minuto\" \/>\n<script type=\"application\/ld+json\" class=\"yoast-schema-graph\">{\"@context\":\"https:\/\/schema.org\",\"@graph\":[{\"@type\":\"Article\",\"@id\":\"https:\/\/fadia.info\/index.php\/2025\/01\/14\/entrevista-a-manuel-contreras-presidente-de-aaie\/#article\",\"isPartOf\":{\"@id\":\"https:\/\/fadia.info\/index.php\/2025\/01\/14\/entrevista-a-manuel-contreras-presidente-de-aaie\/\"},\"author\":{\"name\":\"admin\",\"@id\":\"https:\/\/fadia.info\/#\/schema\/person\/e62997a92cb152a1d1581e8555237a80\"},\"headline\":\"Entrevista a Manuel Contreras, presidente de AAIE\",\"datePublished\":\"2025-01-14T13:52:10+00:00\",\"dateModified\":\"2025-01-14T13:55:11+00:00\",\"mainEntityOfPage\":{\"@id\":\"https:\/\/fadia.info\/index.php\/2025\/01\/14\/entrevista-a-manuel-contreras-presidente-de-aaie\/\"},\"wordCount\":152,\"commentCount\":0,\"publisher\":{\"@id\":\"https:\/\/fadia.info\/#organization\"},\"image\":{\"@id\":\"https:\/\/fadia.info\/index.php\/2025\/01\/14\/entrevista-a-manuel-contreras-presidente-de-aaie\/#primaryimage\"},\"thumbnailUrl\":\"https:\/\/fadia.info\/wp-content\/uploads\/2025\/01\/Manuel-Contreras.jpg\",\"articleSection\":[\"FADIA\"],\"inLanguage\":\"es\",\"potentialAction\":[{\"@type\":\"CommentAction\",\"name\":\"Comment\",\"target\":[\"https:\/\/fadia.info\/index.php\/2025\/01\/14\/entrevista-a-manuel-contreras-presidente-de-aaie\/#respond\"]}]},{\"@type\":\"WebPage\",\"@id\":\"https:\/\/fadia.info\/index.php\/2025\/01\/14\/entrevista-a-manuel-contreras-presidente-de-aaie\/\",\"url\":\"https:\/\/fadia.info\/index.php\/2025\/01\/14\/entrevista-a-manuel-contreras-presidente-de-aaie\/\",\"name\":\"Entrevista a Manuel Contreras, presidente de AAIE - Fadia\",\"isPartOf\":{\"@id\":\"https:\/\/fadia.info\/#website\"},\"primaryImageOfPage\":{\"@id\":\"https:\/\/fadia.info\/index.php\/2025\/01\/14\/entrevista-a-manuel-contreras-presidente-de-aaie\/#primaryimage\"},\"image\":{\"@id\":\"https:\/\/fadia.info\/index.php\/2025\/01\/14\/entrevista-a-manuel-contreras-presidente-de-aaie\/#primaryimage\"},\"thumbnailUrl\":\"https:\/\/fadia.info\/wp-content\/uploads\/2025\/01\/Manuel-Contreras.jpg\",\"datePublished\":\"2025-01-14T13:52:10+00:00\",\"dateModified\":\"2025-01-14T13:55:11+00:00\",\"breadcrumb\":{\"@id\":\"https:\/\/fadia.info\/index.php\/2025\/01\/14\/entrevista-a-manuel-contreras-presidente-de-aaie\/#breadcrumb\"},\"inLanguage\":\"es\",\"potentialAction\":[{\"@type\":\"ReadAction\",\"target\":[\"https:\/\/fadia.info\/index.php\/2025\/01\/14\/entrevista-a-manuel-contreras-presidente-de-aaie\/\"]}]},{\"@type\":\"ImageObject\",\"inLanguage\":\"es\",\"@id\":\"https:\/\/fadia.info\/index.php\/2025\/01\/14\/entrevista-a-manuel-contreras-presidente-de-aaie\/#primaryimage\",\"url\":\"https:\/\/fadia.info\/wp-content\/uploads\/2025\/01\/Manuel-Contreras.jpg\",\"contentUrl\":\"https:\/\/fadia.info\/wp-content\/uploads\/2025\/01\/Manuel-Contreras.jpg\",\"width\":567,\"height\":319},{\"@type\":\"BreadcrumbList\",\"@id\":\"https:\/\/fadia.info\/index.php\/2025\/01\/14\/entrevista-a-manuel-contreras-presidente-de-aaie\/#breadcrumb\",\"itemListElement\":[{\"@type\":\"ListItem\",\"position\":1,\"name\":\"Portada\",\"item\":\"https:\/\/fadia.info\/\"},{\"@type\":\"ListItem\",\"position\":2,\"name\":\"Entrevista a Manuel Contreras, presidente de AAIE\"}]},{\"@type\":\"WebSite\",\"@id\":\"https:\/\/fadia.info\/#website\",\"url\":\"https:\/\/fadia.info\/\",\"name\":\"Fadia\",\"description\":\"\",\"publisher\":{\"@id\":\"https:\/\/fadia.info\/#organization\"},\"alternateName\":\"Federaci\u00f3n de Asociaciones de Instaladores de Andaluc\u00eda\",\"potentialAction\":[{\"@type\":\"SearchAction\",\"target\":{\"@type\":\"EntryPoint\",\"urlTemplate\":\"https:\/\/fadia.info\/?s={search_term_string}\"},\"query-input\":{\"@type\":\"PropertyValueSpecification\",\"valueRequired\":true,\"valueName\":\"search_term_string\"}}],\"inLanguage\":\"es\"},{\"@type\":\"Organization\",\"@id\":\"https:\/\/fadia.info\/#organization\",\"name\":\"Federaci\u00f3n de Asociaciones de Instaladores de Andaluc\u00eda\",\"alternateName\":\"FADIA\",\"url\":\"https:\/\/fadia.info\/\",\"logo\":{\"@type\":\"ImageObject\",\"inLanguage\":\"es\",\"@id\":\"https:\/\/fadia.info\/#\/schema\/logo\/image\/\",\"url\":\"https:\/\/fadia.info\/wp-content\/uploads\/2023\/11\/logo_fadia.png\",\"contentUrl\":\"https:\/\/fadia.info\/wp-content\/uploads\/2023\/11\/logo_fadia.png\",\"width\":619,\"height\":265,\"caption\":\"Federaci\u00f3n de Asociaciones de Instaladores de Andaluc\u00eda\"},\"image\":{\"@id\":\"https:\/\/fadia.info\/#\/schema\/logo\/image\/\"}},{\"@type\":\"Person\",\"@id\":\"https:\/\/fadia.info\/#\/schema\/person\/e62997a92cb152a1d1581e8555237a80\",\"name\":\"admin\",\"image\":{\"@type\":\"ImageObject\",\"inLanguage\":\"es\",\"@id\":\"https:\/\/fadia.info\/#\/schema\/person\/image\/\",\"url\":\"https:\/\/secure.gravatar.com\/avatar\/c0865c03db8bfd457d680c8a95515c197654dffb42037ea598e58b413f208056?s=96&d=mm&r=g\",\"contentUrl\":\"https:\/\/secure.gravatar.com\/avatar\/c0865c03db8bfd457d680c8a95515c197654dffb42037ea598e58b413f208056?s=96&d=mm&r=g\",\"caption\":\"admin\"},\"sameAs\":[\"https:\/\/fadia.info\"],\"url\":\"https:\/\/fadia.info\/index.php\/author\/admin_fadia\/\"}]}<\/script>\n<!-- \/ Yoast SEO plugin. -->","yoast_head_json":{"title":"Entrevista a Manuel Contreras, presidente de AAIE - Fadia","robots":{"index":"index","follow":"follow","max-snippet":"max-snippet:-1","max-image-preview":"max-image-preview:large","max-video-preview":"max-video-preview:-1"},"canonical":"https:\/\/fadia.info\/index.php\/2025\/01\/14\/entrevista-a-manuel-contreras-presidente-de-aaie\/","og_locale":"es_ES","og_type":"article","og_title":"Entrevista a Manuel Contreras, presidente de AAIE - Fadia","og_description":"Desde C Comunicaci\u00f3n se ha realizado una entrevista a Manuel Contreras Arag\u00f3n, Presidente de AAIE Granada. Donde destaca la importancia del asociacionismo y los principales objetivos de representaci\u00f3n y defensa [&hellip;]","og_url":"https:\/\/fadia.info\/index.php\/2025\/01\/14\/entrevista-a-manuel-contreras-presidente-de-aaie\/","og_site_name":"Fadia","article_published_time":"2025-01-14T13:52:10+00:00","article_modified_time":"2025-01-14T13:55:11+00:00","og_image":[{"width":567,"height":319,"url":"https:\/\/fadia.info\/wp-content\/uploads\/2025\/01\/Manuel-Contreras.jpg","type":"image\/jpeg"}],"author":"admin","twitter_card":"summary_large_image","twitter_misc":{"Escrito por":"admin","Tiempo de lectura":"1 minuto"},"schema":{"@context":"https:\/\/schema.org","@graph":[{"@type":"Article","@id":"https:\/\/fadia.info\/index.php\/2025\/01\/14\/entrevista-a-manuel-contreras-presidente-de-aaie\/#article","isPartOf":{"@id":"https:\/\/fadia.info\/index.php\/2025\/01\/14\/entrevista-a-manuel-contreras-presidente-de-aaie\/"},"author":{"name":"admin","@id":"https:\/\/fadia.info\/#\/schema\/person\/e62997a92cb152a1d1581e8555237a80"},"headline":"Entrevista a Manuel Contreras, presidente de AAIE","datePublished":"2025-01-14T13:52:10+00:00","dateModified":"2025-01-14T13:55:11+00:00","mainEntityOfPage":{"@id":"https:\/\/fadia.info\/index.php\/2025\/01\/14\/entrevista-a-manuel-contreras-presidente-de-aaie\/"},"wordCount":152,"commentCount":0,"publisher":{"@id":"https:\/\/fadia.info\/#organization"},"image":{"@id":"https:\/\/fadia.info\/index.php\/2025\/01\/14\/entrevista-a-manuel-contreras-presidente-de-aaie\/#primaryimage"},"thumbnailUrl":"https:\/\/fadia.info\/wp-content\/uploads\/2025\/01\/Manuel-Contreras.jpg","articleSection":["FADIA"],"inLanguage":"es","potentialAction":[{"@type":"CommentAction","name":"Comment","target":["https:\/\/fadia.info\/index.php\/2025\/01\/14\/entrevista-a-manuel-contreras-presidente-de-aaie\/#respond"]}]},{"@type":"WebPage","@id":"https:\/\/fadia.info\/index.php\/2025\/01\/14\/entrevista-a-manuel-contreras-presidente-de-aaie\/","url":"https:\/\/fadia.info\/index.php\/2025\/01\/14\/entrevista-a-manuel-contreras-presidente-de-aaie\/","name":"Entrevista a Manuel Contreras, presidente de AAIE - Fadia","isPartOf":{"@id":"https:\/\/fadia.info\/#website"},"primaryImageOfPage":{"@id":"https:\/\/fadia.info\/index.php\/2025\/01\/14\/entrevista-a-manuel-contreras-presidente-de-aaie\/#primaryimage"},"image":{"@id":"https:\/\/fadia.info\/index.php\/2025\/01\/14\/entrevista-a-manuel-contreras-presidente-de-aaie\/#primaryimage"},"thumbnailUrl":"https:\/\/fadia.info\/wp-content\/uploads\/2025\/01\/Manuel-Contreras.jpg","datePublished":"2025-01-14T13:52:10+00:00","dateModified":"2025-01-14T13:55:11+00:00","breadcrumb":{"@id":"https:\/\/fadia.info\/index.php\/2025\/01\/14\/entrevista-a-manuel-contreras-presidente-de-aaie\/#breadcrumb"},"inLanguage":"es","potentialAction":[{"@type":"ReadAction","target":["https:\/\/fadia.info\/index.php\/2025\/01\/14\/entrevista-a-manuel-contreras-presidente-de-aaie\/"]}]},{"@type":"ImageObject","inLanguage":"es","@id":"https:\/\/fadia.info\/index.php\/2025\/01\/14\/entrevista-a-manuel-contreras-presidente-de-aaie\/#primaryimage","url":"https:\/\/fadia.info\/wp-content\/uploads\/2025\/01\/Manuel-Contreras.jpg","contentUrl":"https:\/\/fadia.info\/wp-content\/uploads\/2025\/01\/Manuel-Contreras.jpg","width":567,"height":319},{"@type":"BreadcrumbList","@id":"https:\/\/fadia.info\/index.php\/2025\/01\/14\/entrevista-a-manuel-contreras-presidente-de-aaie\/#breadcrumb","itemListElement":[{"@type":"ListItem","position":1,"name":"Portada","item":"https:\/\/fadia.info\/"},{"@type":"ListItem","position":2,"name":"Entrevista a Manuel Contreras, presidente de AAIE"}]},{"@type":"WebSite","@id":"https:\/\/fadia.info\/#website","url":"https:\/\/fadia.info\/","name":"Fadia","description":"","publisher":{"@id":"https:\/\/fadia.info\/#organization"},"alternateName":"Federaci\u00f3n de Asociaciones de Instaladores de Andaluc\u00eda","potentialAction":[{"@type":"SearchAction","target":{"@type":"EntryPoint","urlTemplate":"https:\/\/fadia.info\/?s={search_term_string}"},"query-input":{"@type":"PropertyValueSpecification","valueRequired":true,"valueName":"search_term_string"}}],"inLanguage":"es"},{"@type":"Organization","@id":"https:\/\/fadia.info\/#organization","name":"Federaci\u00f3n de Asociaciones de Instaladores de Andaluc\u00eda","alternateName":"FADIA","url":"https:\/\/fadia.info\/","logo":{"@type":"ImageObject","inLanguage":"es","@id":"https:\/\/fadia.info\/#\/schema\/logo\/image\/","url":"https:\/\/fadia.info\/wp-content\/uploads\/2023\/11\/logo_fadia.png","contentUrl":"https:\/\/fadia.info\/wp-content\/uploads\/2023\/11\/logo_fadia.png","width":619,"height":265,"caption":"Federaci\u00f3n de Asociaciones de Instaladores de Andaluc\u00eda"},"image":{"@id":"https:\/\/fadia.info\/#\/schema\/logo\/image\/"}},{"@type":"Person","@id":"https:\/\/fadia.info\/#\/schema\/person\/e62997a92cb152a1d1581e8555237a80","name":"admin","image":{"@type":"ImageObject","inLanguage":"es","@id":"https:\/\/fadia.info\/#\/schema\/person\/image\/","url":"https:\/\/secure.gravatar.com\/avatar\/c0865c03db8bfd457d680c8a95515c197654dffb42037ea598e58b413f208056?s=96&d=mm&r=g","contentUrl":"https:\/\/secure.gravatar.com\/avatar\/c0865c03db8bfd457d680c8a95515c197654dffb42037ea598e58b413f208056?s=96&d=mm&r=g","caption":"admin"},"sameAs":["https:\/\/fadia.info"],"url":"https:\/\/fadia.info\/index.php\/author\/admin_fadia\/"}]}},"_links":{"self":[{"href":"https:\/\/fadia.info\/index.php\/wp-json\/wp\/v2\/posts\/6441","targetHints":{"allow":["GET"]}}],"collection":[{"href":"https:\/\/fadia.info\/index.php\/wp-json\/wp\/v2\/posts"}],"about":[{"href":"https:\/\/fadia.info\/index.php\/wp-json\/wp\/v2\/types\/post"}],"author":[{"embeddable":true,"href":"https:\/\/fadia.info\/index.php\/wp-json\/wp\/v2\/users\/1"}],"replies":[{"embeddable":true,"href":"https:\/\/fadia.info\/index.php\/wp-json\/wp\/v2\/comments?post=6441"}],"version-history":[{"count":1,"href":"https:\/\/fadia.info\/index.php\/wp-json\/wp\/v2\/posts\/6441\/revisions"}],"predecessor-version":[{"id":6443,"href":"https:\/\/fadia.info\/index.php\/wp-json\/wp\/v2\/posts\/6441\/revisions\/6443"}],"wp:featuredmedia":[{"embeddable":true,"href":"https:\/\/fadia.info\/index.php\/wp-json\/wp\/v2\/media\/6442"}],"wp:attachment":[{"href":"https:\/\/fadia.info\/index.php\/wp-json\/wp\/v2\/media?parent=6441"}],"wp:term":[{"taxonomy":"category","embeddable":true,"href":"https:\/\/fadia.info\/index.php\/wp-json\/wp\/v2\/categories?post=6441"},{"taxonomy":"post_tag","embeddable":true,"href":"https:\/\/fadia.info\/index.php\/wp-json\/wp\/v2\/tags?post=6441"}],"curies":[{"name":"wp","href":"https:\/\/api.w.org\/{rel}","templated":true}]}}