{"id":6427,"date":"2024-12-03T21:02:57","date_gmt":"2024-12-03T21:02:57","guid":{"rendered":"https:\/\/fadia.info\/?p=6427"},"modified":"2024-12-03T21:09:53","modified_gmt":"2024-12-03T21:09:53","slug":"educacion-firma-un-protocolo-con-las-empresas-instaladoras-de-andalucia-para-impulsar-la-fp-dual-para-casi-47-000-estudiantes","status":"publish","type":"post","link":"https:\/\/fadia.info\/index.php\/2024\/12\/03\/educacion-firma-un-protocolo-con-las-empresas-instaladoras-de-andalucia-para-impulsar-la-fp-dual-para-casi-47-000-estudiantes\/","title":{"rendered":"Educaci\u00f3n firma un protocolo con las Empresas Instaladoras de Andaluc\u00eda para impulsar la FP Dual para casi 47.000 estudiantes."},"content":{"rendered":"\n<p><strong>La consejera Castillo y FADIA plasman la colaboraci\u00f3n directa entre la Junta y las empresas del sector, con ciclos que incluyen hasta cinco familias profesionales distintas.<\/strong><\/p>\n\n\n\n<figure class=\"wp-block-image size-large\"><img loading=\"lazy\" decoding=\"async\" width=\"1024\" height=\"683\" src=\"https:\/\/fadia.info\/wp-content\/uploads\/2024\/12\/IMG_7407-1024x683.jpg\" alt=\"\" class=\"wp-image-6428\" srcset=\"https:\/\/fadia.info\/wp-content\/uploads\/2024\/12\/IMG_7407-980x653.jpg 980w, https:\/\/fadia.info\/wp-content\/uploads\/2024\/12\/IMG_7407-480x320.jpg 480w\" sizes=\"auto, (min-width: 0px) and (max-width: 480px) 480px, (min-width: 481px) and (max-width: 980px) 980px, (min-width: 981px) 1024px, 100vw\" \/><\/figure>\n\n\n\n<p>La Consejera de Desarrollo Educativo y Formaci\u00f3n Profesional, Mar\u00eda del Carmen Castillo, y en representaci\u00f3n de la Federaci\u00f3n de Asociaciones de Instaladores de Andaluc\u00eda (FADIA) y como presidenta de la Asociaci\u00f3n Provincial de Empresas Instaladoras de Sevilla (Epyme), Mar\u00eda Teresa Cubero, han firmado en Sevilla un protocolo para fomentar e impulsar la Formaci\u00f3n Profesional en Andaluc\u00eda, que a partir de este curso pasa a impartirse en Dual para cumplir con la normativa estatal que regula estas ense\u00f1anzas. En concreto, toda la FP Grado B\u00e1sico, Medio y Superior as\u00ed como en los cursos de especializaci\u00f3n que incluyan una fase de formaci\u00f3n pr\u00e1ctica en las empresas se dualizan en el primer curso.<br>La consejera ha se\u00f1alado que con esta iniciativa se puede beneficiar el alumnado que curse las familias profesionales de Administraci\u00f3n y Gesti\u00f3n; Comercio y Marketing, Electricidad y Electr\u00f3nica; Energ\u00eda y Agua e Instalaci\u00f3n y Mantenimiento. Este curso la Consejer\u00eda ha ofertado m\u00e1s de 46.800 plazas en centros p\u00fablicos de estos ciclos formativos relacionados con el sector productivo que representa FADIA.<br>Mar\u00eda del Carmen Castillo ha explicado que este acuerdo pretende adem\u00e1s dar a conocer entre las empresas la Formaci\u00f3n Profesional y su importancia como motor de desarrollo econ\u00f3mico. \u201cEsta modalidad no solo beneficia al alumnado, sino que tambi\u00e9n fortalece la competitividad de nuestras empresas locales y, por lo tanto, hay que vincular la FP al sector productivo\u201d, ha aseverado. Se trata de dar a los estudiantes de estas ense\u00f1anzas la mejor formaci\u00f3n tanto en las aulas como en la fase de formaci\u00f3n en empresa u organismo equiparado.<br>Castillo ha asegurado que \u201cseguimos necesitando m\u00e1s presencia empresarial, porque sin empresas no tiene sentido la FP, y sin titulados el mercado de trabajo no dispondr\u00e1 de la mano de obra cualificada que necesita\u201d. Para ello, ha afirmado que es \u201cimprescindible fortalecer los v\u00ednculos entre la administraci\u00f3n educativa, centros educativos y el tejido empresarial\u201d. Adem\u00e1s, ha destacado que es esencial que todas las empresas, no solo grandes corporaciones sino especialmente las pymes y micropymes, se sumen en la nueva FP, \u201cporque todas son importantes y necesarias\u201d.<br>Igualmente, Castillo ha mandado un mensaje de tranquilidad a los empresarios, al igual que en el pasado curso, todo el alumnado estar\u00e1 dado de alta en la Seguridad Social, un coste que no ha sido repercutido en las empresas andaluzas sino asumido por la Consejer\u00eda. Tal y como sucede con los centros p\u00fablicos, tanto al alumnado como a los propios centros concertados se les exime de cualquier carga burocr\u00e1tica que suponga la cotizaci\u00f3n de las pr\u00e1cticas no remuneradas.<br>Por su parte Mar\u00eda Teresa Cubero, vicepresidenta de FADIA, indic\u00f3 que el presente convenio es una muestra de c\u00f3mo la colaboraci\u00f3n p\u00fablico-privada puede brindar oportunidades tanto a las pymes del sector como a los estudiantes de toda Andaluc\u00eda. \u201cCon esta firma ofrecemos a los estudiantes de la FP Dual la oportunidad de ingresar en un sector din\u00e1mico, con pleno empleo y con mucho futuro. Al mismo tiempo, las empresas instaladoras podr\u00e1n hacer frente a uno de sus grandes desaf\u00edos: la falta de mano de obra cualificada en las instalaciones\u201d.<br>El convenio recoge distintas l\u00edneas de actuaci\u00f3n tales como fomentar el n\u00famero de plazas formativas para el desarrollo de la fase de formaci\u00f3n en empresas u organismos equiparados; difundir y dar a conocer el papel y las formas de participaci\u00f3n de la empresas en la FP Andaluza o impulsar las relaciones entre centros docentes y empresas con el fin de conocer las necesidades de perfiles formativos que precisan los sectores productivos para formar a futuros profesionales que respondan a las necesidades del mercado laboral.<\/p>\n","protected":false},"excerpt":{"rendered":"<p>La consejera Castillo y FADIA plasman la colaboraci\u00f3n directa entre la Junta y las empresas del sector, con ciclos que incluyen hasta cinco familias profesionales distintas. La Consejera de Desarrollo [&hellip;]<\/p>\n","protected":false},"author":1,"featured_media":6428,"comment_status":"open","ping_status":"open","sticky":false,"template":"","format":"standard","meta":{"_et_pb_use_builder":"off","_et_pb_old_content":"","_et_gb_content_width":"","_monsterinsights_skip_tracking":false,"_monsterinsights_sitenote_active":false,"_monsterinsights_sitenote_note":"","_monsterinsights_sitenote_category":0,"footnotes":""},"categories":[4],"tags":[],"class_list":["post-6427","post","type-post","status-publish","format-standard","has-post-thumbnail","hentry","category-fadia"],"yoast_head":"<!-- This site is optimized with the Yoast SEO plugin v24.2 - https:\/\/yoast.com\/wordpress\/plugins\/seo\/ -->\n<title>Educaci\u00f3n firma un protocolo con las Empresas Instaladoras de Andaluc\u00eda para impulsar la FP Dual para casi 47.000 estudiantes. - Fadia<\/title>\n<meta name=\"robots\" content=\"index, follow, max-snippet:-1, max-image-preview:large, max-video-preview:-1\" \/>\n<link rel=\"canonical\" href=\"https:\/\/fadia.info\/index.php\/2024\/12\/03\/educacion-firma-un-protocolo-con-las-empresas-instaladoras-de-andalucia-para-impulsar-la-fp-dual-para-casi-47-000-estudiantes\/\" \/>\n<meta property=\"og:locale\" content=\"es_ES\" \/>\n<meta property=\"og:type\" content=\"article\" \/>\n<meta property=\"og:title\" content=\"Educaci\u00f3n firma un protocolo con las Empresas Instaladoras de Andaluc\u00eda para impulsar la FP Dual para casi 47.000 estudiantes. - Fadia\" \/>\n<meta property=\"og:description\" content=\"La consejera Castillo y FADIA plasman la colaboraci\u00f3n directa entre la Junta y las empresas del sector, con ciclos que incluyen hasta cinco familias profesionales distintas. La Consejera de Desarrollo [&hellip;]\" \/>\n<meta property=\"og:url\" content=\"https:\/\/fadia.info\/index.php\/2024\/12\/03\/educacion-firma-un-protocolo-con-las-empresas-instaladoras-de-andalucia-para-impulsar-la-fp-dual-para-casi-47-000-estudiantes\/\" \/>\n<meta property=\"og:site_name\" content=\"Fadia\" \/>\n<meta property=\"article:published_time\" content=\"2024-12-03T21:02:57+00:00\" \/>\n<meta property=\"article:modified_time\" content=\"2024-12-03T21:09:53+00:00\" \/>\n<meta property=\"og:image\" content=\"https:\/\/fadia.info\/wp-content\/uploads\/2024\/12\/IMG_7407-scaled.jpg\" \/>\n\t<meta property=\"og:image:width\" content=\"2560\" \/>\n\t<meta property=\"og:image:height\" content=\"1707\" \/>\n\t<meta property=\"og:image:type\" content=\"image\/jpeg\" \/>\n<meta name=\"author\" content=\"admin\" \/>\n<meta name=\"twitter:card\" content=\"summary_large_image\" \/>\n<meta name=\"twitter:label1\" content=\"Escrito por\" \/>\n\t<meta name=\"twitter:data1\" content=\"admin\" \/>\n\t<meta name=\"twitter:label2\" content=\"Tiempo de lectura\" \/>\n\t<meta name=\"twitter:data2\" content=\"4 minutos\" \/>\n<script type=\"application\/ld+json\" class=\"yoast-schema-graph\">{\"@context\":\"https:\/\/schema.org\",\"@graph\":[{\"@type\":\"Article\",\"@id\":\"https:\/\/fadia.info\/index.php\/2024\/12\/03\/educacion-firma-un-protocolo-con-las-empresas-instaladoras-de-andalucia-para-impulsar-la-fp-dual-para-casi-47-000-estudiantes\/#article\",\"isPartOf\":{\"@id\":\"https:\/\/fadia.info\/index.php\/2024\/12\/03\/educacion-firma-un-protocolo-con-las-empresas-instaladoras-de-andalucia-para-impulsar-la-fp-dual-para-casi-47-000-estudiantes\/\"},\"author\":{\"name\":\"admin\",\"@id\":\"https:\/\/fadia.info\/#\/schema\/person\/e62997a92cb152a1d1581e8555237a80\"},\"headline\":\"Educaci\u00f3n firma un protocolo con las Empresas Instaladoras de Andaluc\u00eda para impulsar la FP Dual para casi 47.000 estudiantes.\",\"datePublished\":\"2024-12-03T21:02:57+00:00\",\"dateModified\":\"2024-12-03T21:09:53+00:00\",\"mainEntityOfPage\":{\"@id\":\"https:\/\/fadia.info\/index.php\/2024\/12\/03\/educacion-firma-un-protocolo-con-las-empresas-instaladoras-de-andalucia-para-impulsar-la-fp-dual-para-casi-47-000-estudiantes\/\"},\"wordCount\":693,\"commentCount\":0,\"publisher\":{\"@id\":\"https:\/\/fadia.info\/#organization\"},\"image\":{\"@id\":\"https:\/\/fadia.info\/index.php\/2024\/12\/03\/educacion-firma-un-protocolo-con-las-empresas-instaladoras-de-andalucia-para-impulsar-la-fp-dual-para-casi-47-000-estudiantes\/#primaryimage\"},\"thumbnailUrl\":\"https:\/\/fadia.info\/wp-content\/uploads\/2024\/12\/IMG_7407-scaled.jpg\",\"articleSection\":[\"FADIA\"],\"inLanguage\":\"es\",\"potentialAction\":[{\"@type\":\"CommentAction\",\"name\":\"Comment\",\"target\":[\"https:\/\/fadia.info\/index.php\/2024\/12\/03\/educacion-firma-un-protocolo-con-las-empresas-instaladoras-de-andalucia-para-impulsar-la-fp-dual-para-casi-47-000-estudiantes\/#respond\"]}]},{\"@type\":\"WebPage\",\"@id\":\"https:\/\/fadia.info\/index.php\/2024\/12\/03\/educacion-firma-un-protocolo-con-las-empresas-instaladoras-de-andalucia-para-impulsar-la-fp-dual-para-casi-47-000-estudiantes\/\",\"url\":\"https:\/\/fadia.info\/index.php\/2024\/12\/03\/educacion-firma-un-protocolo-con-las-empresas-instaladoras-de-andalucia-para-impulsar-la-fp-dual-para-casi-47-000-estudiantes\/\",\"name\":\"Educaci\u00f3n firma un protocolo con las Empresas Instaladoras de Andaluc\u00eda para impulsar la FP Dual para casi 47.000 estudiantes. - Fadia\",\"isPartOf\":{\"@id\":\"https:\/\/fadia.info\/#website\"},\"primaryImageOfPage\":{\"@id\":\"https:\/\/fadia.info\/index.php\/2024\/12\/03\/educacion-firma-un-protocolo-con-las-empresas-instaladoras-de-andalucia-para-impulsar-la-fp-dual-para-casi-47-000-estudiantes\/#primaryimage\"},\"image\":{\"@id\":\"https:\/\/fadia.info\/index.php\/2024\/12\/03\/educacion-firma-un-protocolo-con-las-empresas-instaladoras-de-andalucia-para-impulsar-la-fp-dual-para-casi-47-000-estudiantes\/#primaryimage\"},\"thumbnailUrl\":\"https:\/\/fadia.info\/wp-content\/uploads\/2024\/12\/IMG_7407-scaled.jpg\",\"datePublished\":\"2024-12-03T21:02:57+00:00\",\"dateModified\":\"2024-12-03T21:09:53+00:00\",\"breadcrumb\":{\"@id\":\"https:\/\/fadia.info\/index.php\/2024\/12\/03\/educacion-firma-un-protocolo-con-las-empresas-instaladoras-de-andalucia-para-impulsar-la-fp-dual-para-casi-47-000-estudiantes\/#breadcrumb\"},\"inLanguage\":\"es\",\"potentialAction\":[{\"@type\":\"ReadAction\",\"target\":[\"https:\/\/fadia.info\/index.php\/2024\/12\/03\/educacion-firma-un-protocolo-con-las-empresas-instaladoras-de-andalucia-para-impulsar-la-fp-dual-para-casi-47-000-estudiantes\/\"]}]},{\"@type\":\"ImageObject\",\"inLanguage\":\"es\",\"@id\":\"https:\/\/fadia.info\/index.php\/2024\/12\/03\/educacion-firma-un-protocolo-con-las-empresas-instaladoras-de-andalucia-para-impulsar-la-fp-dual-para-casi-47-000-estudiantes\/#primaryimage\",\"url\":\"https:\/\/fadia.info\/wp-content\/uploads\/2024\/12\/IMG_7407-scaled.jpg\",\"contentUrl\":\"https:\/\/fadia.info\/wp-content\/uploads\/2024\/12\/IMG_7407-scaled.jpg\",\"width\":2560,\"height\":1707},{\"@type\":\"BreadcrumbList\",\"@id\":\"https:\/\/fadia.info\/index.php\/2024\/12\/03\/educacion-firma-un-protocolo-con-las-empresas-instaladoras-de-andalucia-para-impulsar-la-fp-dual-para-casi-47-000-estudiantes\/#breadcrumb\",\"itemListElement\":[{\"@type\":\"ListItem\",\"position\":1,\"name\":\"Portada\",\"item\":\"https:\/\/fadia.info\/\"},{\"@type\":\"ListItem\",\"position\":2,\"name\":\"Educaci\u00f3n firma un protocolo con las Empresas Instaladoras de Andaluc\u00eda para impulsar la FP Dual para casi 47.000 estudiantes.\"}]},{\"@type\":\"WebSite\",\"@id\":\"https:\/\/fadia.info\/#website\",\"url\":\"https:\/\/fadia.info\/\",\"name\":\"Fadia\",\"description\":\"\",\"publisher\":{\"@id\":\"https:\/\/fadia.info\/#organization\"},\"alternateName\":\"Federaci\u00f3n de Asociaciones de Instaladores de Andaluc\u00eda\",\"potentialAction\":[{\"@type\":\"SearchAction\",\"target\":{\"@type\":\"EntryPoint\",\"urlTemplate\":\"https:\/\/fadia.info\/?s={search_term_string}\"},\"query-input\":{\"@type\":\"PropertyValueSpecification\",\"valueRequired\":true,\"valueName\":\"search_term_string\"}}],\"inLanguage\":\"es\"},{\"@type\":\"Organization\",\"@id\":\"https:\/\/fadia.info\/#organization\",\"name\":\"Federaci\u00f3n de Asociaciones de Instaladores de Andaluc\u00eda\",\"alternateName\":\"FADIA\",\"url\":\"https:\/\/fadia.info\/\",\"logo\":{\"@type\":\"ImageObject\",\"inLanguage\":\"es\",\"@id\":\"https:\/\/fadia.info\/#\/schema\/logo\/image\/\",\"url\":\"https:\/\/fadia.info\/wp-content\/uploads\/2023\/11\/logo_fadia.png\",\"contentUrl\":\"https:\/\/fadia.info\/wp-content\/uploads\/2023\/11\/logo_fadia.png\",\"width\":619,\"height\":265,\"caption\":\"Federaci\u00f3n de Asociaciones de Instaladores de Andaluc\u00eda\"},\"image\":{\"@id\":\"https:\/\/fadia.info\/#\/schema\/logo\/image\/\"}},{\"@type\":\"Person\",\"@id\":\"https:\/\/fadia.info\/#\/schema\/person\/e62997a92cb152a1d1581e8555237a80\",\"name\":\"admin\",\"image\":{\"@type\":\"ImageObject\",\"inLanguage\":\"es\",\"@id\":\"https:\/\/fadia.info\/#\/schema\/person\/image\/\",\"url\":\"https:\/\/secure.gravatar.com\/avatar\/c0865c03db8bfd457d680c8a95515c197654dffb42037ea598e58b413f208056?s=96&d=mm&r=g\",\"contentUrl\":\"https:\/\/secure.gravatar.com\/avatar\/c0865c03db8bfd457d680c8a95515c197654dffb42037ea598e58b413f208056?s=96&d=mm&r=g\",\"caption\":\"admin\"},\"sameAs\":[\"https:\/\/fadia.info\"],\"url\":\"https:\/\/fadia.info\/index.php\/author\/admin_fadia\/\"}]}<\/script>\n<!-- \/ Yoast SEO plugin. -->","yoast_head_json":{"title":"Educaci\u00f3n firma un protocolo con las Empresas Instaladoras de Andaluc\u00eda para impulsar la FP Dual para casi 47.000 estudiantes. - Fadia","robots":{"index":"index","follow":"follow","max-snippet":"max-snippet:-1","max-image-preview":"max-image-preview:large","max-video-preview":"max-video-preview:-1"},"canonical":"https:\/\/fadia.info\/index.php\/2024\/12\/03\/educacion-firma-un-protocolo-con-las-empresas-instaladoras-de-andalucia-para-impulsar-la-fp-dual-para-casi-47-000-estudiantes\/","og_locale":"es_ES","og_type":"article","og_title":"Educaci\u00f3n firma un protocolo con las Empresas Instaladoras de Andaluc\u00eda para impulsar la FP Dual para casi 47.000 estudiantes. - Fadia","og_description":"La consejera Castillo y FADIA plasman la colaboraci\u00f3n directa entre la Junta y las empresas del sector, con ciclos que incluyen hasta cinco familias profesionales distintas. La Consejera de Desarrollo [&hellip;]","og_url":"https:\/\/fadia.info\/index.php\/2024\/12\/03\/educacion-firma-un-protocolo-con-las-empresas-instaladoras-de-andalucia-para-impulsar-la-fp-dual-para-casi-47-000-estudiantes\/","og_site_name":"Fadia","article_published_time":"2024-12-03T21:02:57+00:00","article_modified_time":"2024-12-03T21:09:53+00:00","og_image":[{"width":2560,"height":1707,"url":"https:\/\/fadia.info\/wp-content\/uploads\/2024\/12\/IMG_7407-scaled.jpg","type":"image\/jpeg"}],"author":"admin","twitter_card":"summary_large_image","twitter_misc":{"Escrito por":"admin","Tiempo de lectura":"4 minutos"},"schema":{"@context":"https:\/\/schema.org","@graph":[{"@type":"Article","@id":"https:\/\/fadia.info\/index.php\/2024\/12\/03\/educacion-firma-un-protocolo-con-las-empresas-instaladoras-de-andalucia-para-impulsar-la-fp-dual-para-casi-47-000-estudiantes\/#article","isPartOf":{"@id":"https:\/\/fadia.info\/index.php\/2024\/12\/03\/educacion-firma-un-protocolo-con-las-empresas-instaladoras-de-andalucia-para-impulsar-la-fp-dual-para-casi-47-000-estudiantes\/"},"author":{"name":"admin","@id":"https:\/\/fadia.info\/#\/schema\/person\/e62997a92cb152a1d1581e8555237a80"},"headline":"Educaci\u00f3n firma un protocolo con las Empresas Instaladoras de Andaluc\u00eda para impulsar la FP Dual para casi 47.000 estudiantes.","datePublished":"2024-12-03T21:02:57+00:00","dateModified":"2024-12-03T21:09:53+00:00","mainEntityOfPage":{"@id":"https:\/\/fadia.info\/index.php\/2024\/12\/03\/educacion-firma-un-protocolo-con-las-empresas-instaladoras-de-andalucia-para-impulsar-la-fp-dual-para-casi-47-000-estudiantes\/"},"wordCount":693,"commentCount":0,"publisher":{"@id":"https:\/\/fadia.info\/#organization"},"image":{"@id":"https:\/\/fadia.info\/index.php\/2024\/12\/03\/educacion-firma-un-protocolo-con-las-empresas-instaladoras-de-andalucia-para-impulsar-la-fp-dual-para-casi-47-000-estudiantes\/#primaryimage"},"thumbnailUrl":"https:\/\/fadia.info\/wp-content\/uploads\/2024\/12\/IMG_7407-scaled.jpg","articleSection":["FADIA"],"inLanguage":"es","potentialAction":[{"@type":"CommentAction","name":"Comment","target":["https:\/\/fadia.info\/index.php\/2024\/12\/03\/educacion-firma-un-protocolo-con-las-empresas-instaladoras-de-andalucia-para-impulsar-la-fp-dual-para-casi-47-000-estudiantes\/#respond"]}]},{"@type":"WebPage","@id":"https:\/\/fadia.info\/index.php\/2024\/12\/03\/educacion-firma-un-protocolo-con-las-empresas-instaladoras-de-andalucia-para-impulsar-la-fp-dual-para-casi-47-000-estudiantes\/","url":"https:\/\/fadia.info\/index.php\/2024\/12\/03\/educacion-firma-un-protocolo-con-las-empresas-instaladoras-de-andalucia-para-impulsar-la-fp-dual-para-casi-47-000-estudiantes\/","name":"Educaci\u00f3n firma un protocolo con las Empresas Instaladoras de Andaluc\u00eda para impulsar la FP Dual para casi 47.000 estudiantes. - Fadia","isPartOf":{"@id":"https:\/\/fadia.info\/#website"},"primaryImageOfPage":{"@id":"https:\/\/fadia.info\/index.php\/2024\/12\/03\/educacion-firma-un-protocolo-con-las-empresas-instaladoras-de-andalucia-para-impulsar-la-fp-dual-para-casi-47-000-estudiantes\/#primaryimage"},"image":{"@id":"https:\/\/fadia.info\/index.php\/2024\/12\/03\/educacion-firma-un-protocolo-con-las-empresas-instaladoras-de-andalucia-para-impulsar-la-fp-dual-para-casi-47-000-estudiantes\/#primaryimage"},"thumbnailUrl":"https:\/\/fadia.info\/wp-content\/uploads\/2024\/12\/IMG_7407-scaled.jpg","datePublished":"2024-12-03T21:02:57+00:00","dateModified":"2024-12-03T21:09:53+00:00","breadcrumb":{"@id":"https:\/\/fadia.info\/index.php\/2024\/12\/03\/educacion-firma-un-protocolo-con-las-empresas-instaladoras-de-andalucia-para-impulsar-la-fp-dual-para-casi-47-000-estudiantes\/#breadcrumb"},"inLanguage":"es","potentialAction":[{"@type":"ReadAction","target":["https:\/\/fadia.info\/index.php\/2024\/12\/03\/educacion-firma-un-protocolo-con-las-empresas-instaladoras-de-andalucia-para-impulsar-la-fp-dual-para-casi-47-000-estudiantes\/"]}]},{"@type":"ImageObject","inLanguage":"es","@id":"https:\/\/fadia.info\/index.php\/2024\/12\/03\/educacion-firma-un-protocolo-con-las-empresas-instaladoras-de-andalucia-para-impulsar-la-fp-dual-para-casi-47-000-estudiantes\/#primaryimage","url":"https:\/\/fadia.info\/wp-content\/uploads\/2024\/12\/IMG_7407-scaled.jpg","contentUrl":"https:\/\/fadia.info\/wp-content\/uploads\/2024\/12\/IMG_7407-scaled.jpg","width":2560,"height":1707},{"@type":"BreadcrumbList","@id":"https:\/\/fadia.info\/index.php\/2024\/12\/03\/educacion-firma-un-protocolo-con-las-empresas-instaladoras-de-andalucia-para-impulsar-la-fp-dual-para-casi-47-000-estudiantes\/#breadcrumb","itemListElement":[{"@type":"ListItem","position":1,"name":"Portada","item":"https:\/\/fadia.info\/"},{"@type":"ListItem","position":2,"name":"Educaci\u00f3n firma un protocolo con las Empresas Instaladoras de Andaluc\u00eda para impulsar la FP Dual para casi 47.000 estudiantes."}]},{"@type":"WebSite","@id":"https:\/\/fadia.info\/#website","url":"https:\/\/fadia.info\/","name":"Fadia","description":"","publisher":{"@id":"https:\/\/fadia.info\/#organization"},"alternateName":"Federaci\u00f3n de Asociaciones de Instaladores de Andaluc\u00eda","potentialAction":[{"@type":"SearchAction","target":{"@type":"EntryPoint","urlTemplate":"https:\/\/fadia.info\/?s={search_term_string}"},"query-input":{"@type":"PropertyValueSpecification","valueRequired":true,"valueName":"search_term_string"}}],"inLanguage":"es"},{"@type":"Organization","@id":"https:\/\/fadia.info\/#organization","name":"Federaci\u00f3n de Asociaciones de Instaladores de Andaluc\u00eda","alternateName":"FADIA","url":"https:\/\/fadia.info\/","logo":{"@type":"ImageObject","inLanguage":"es","@id":"https:\/\/fadia.info\/#\/schema\/logo\/image\/","url":"https:\/\/fadia.info\/wp-content\/uploads\/2023\/11\/logo_fadia.png","contentUrl":"https:\/\/fadia.info\/wp-content\/uploads\/2023\/11\/logo_fadia.png","width":619,"height":265,"caption":"Federaci\u00f3n de Asociaciones de Instaladores de Andaluc\u00eda"},"image":{"@id":"https:\/\/fadia.info\/#\/schema\/logo\/image\/"}},{"@type":"Person","@id":"https:\/\/fadia.info\/#\/schema\/person\/e62997a92cb152a1d1581e8555237a80","name":"admin","image":{"@type":"ImageObject","inLanguage":"es","@id":"https:\/\/fadia.info\/#\/schema\/person\/image\/","url":"https:\/\/secure.gravatar.com\/avatar\/c0865c03db8bfd457d680c8a95515c197654dffb42037ea598e58b413f208056?s=96&d=mm&r=g","contentUrl":"https:\/\/secure.gravatar.com\/avatar\/c0865c03db8bfd457d680c8a95515c197654dffb42037ea598e58b413f208056?s=96&d=mm&r=g","caption":"admin"},"sameAs":["https:\/\/fadia.info"],"url":"https:\/\/fadia.info\/index.php\/author\/admin_fadia\/"}]}},"_links":{"self":[{"href":"https:\/\/fadia.info\/index.php\/wp-json\/wp\/v2\/posts\/6427","targetHints":{"allow":["GET"]}}],"collection":[{"href":"https:\/\/fadia.info\/index.php\/wp-json\/wp\/v2\/posts"}],"about":[{"href":"https:\/\/fadia.info\/index.php\/wp-json\/wp\/v2\/types\/post"}],"author":[{"embeddable":true,"href":"https:\/\/fadia.info\/index.php\/wp-json\/wp\/v2\/users\/1"}],"replies":[{"embeddable":true,"href":"https:\/\/fadia.info\/index.php\/wp-json\/wp\/v2\/comments?post=6427"}],"version-history":[{"count":1,"href":"https:\/\/fadia.info\/index.php\/wp-json\/wp\/v2\/posts\/6427\/revisions"}],"predecessor-version":[{"id":6429,"href":"https:\/\/fadia.info\/index.php\/wp-json\/wp\/v2\/posts\/6427\/revisions\/6429"}],"wp:featuredmedia":[{"embeddable":true,"href":"https:\/\/fadia.info\/index.php\/wp-json\/wp\/v2\/media\/6428"}],"wp:attachment":[{"href":"https:\/\/fadia.info\/index.php\/wp-json\/wp\/v2\/media?parent=6427"}],"wp:term":[{"taxonomy":"category","embeddable":true,"href":"https:\/\/fadia.info\/index.php\/wp-json\/wp\/v2\/categories?post=6427"},{"taxonomy":"post_tag","embeddable":true,"href":"https:\/\/fadia.info\/index.php\/wp-json\/wp\/v2\/tags?post=6427"}],"curies":[{"name":"wp","href":"https:\/\/api.w.org\/{rel}","templated":true}]}}