{"id":6399,"date":"2024-10-08T11:37:00","date_gmt":"2024-10-08T11:37:00","guid":{"rendered":"https:\/\/amaim.es\/?p=6399"},"modified":"2024-10-10T12:49:19","modified_gmt":"2024-10-10T12:49:19","slug":"fadia-congreso-conaif-2024-castellon","status":"publish","type":"post","link":"https:\/\/fadia.info\/index.php\/2024\/10\/08\/fadia-congreso-conaif-2024-castellon\/","title":{"rendered":"FADIA en el Congreso CONAIF 2024 en Castell\u00f3n"},"content":{"rendered":"<p>[et_pb_section fb_built=\u00bb1&#8243; admin_label=\u00bbHero\u00bb _builder_version=\u00bb4.17.6&#8243; _module_preset=\u00bbdefault\u00bb min_height=\u00bb465.2px\u00bb custom_padding=\u00bb||0px|||\u00bb locked=\u00bboff\u00bb collapsed=\u00bbon\u00bb global_colors_info=\u00bb{}\u00bb][et_pb_row column_structure=\u00bb3_5,2_5&#8243; _builder_version=\u00bb4.17.6&#8243; _module_preset=\u00bb5138c454-be54-4233-bd3b-f8e6a8747976&#8243; global_colors_info=\u00bb{}\u00bb][et_pb_column type=\u00bb3_5&#8243; _builder_version=\u00bb4.16&#8243; _module_preset=\u00bb73121f80-a3ef-4484-8763-c3f18e3c56d2&#8243; global_colors_info=\u00bb{}\u00bb][et_pb_heading title=\u00bbFADIA en el 34\u00ba Congreso Nacional de CONAIF\u00bb _builder_version=\u00bb4.23&#8243; _module_preset=\u00bbddeb8c09-9078-4424-bc15-2efb6572e28e\u00bb title_font=\u00bbIBM Plex Sans Condensed|IBM Plex Sans Condensed_weight|||||||\u00bb title_text_color=\u00bb#111111&#8243; title_font_size=\u00bb72px\u00bb title_line_height=\u00bb1.15em\u00bb title_font_size_tablet=\u00bb40px\u00bb title_font_size_phone=\u00bb24px\u00bb title_font_size_last_edited=\u00bbon|phone\u00bb locked=\u00bboff\u00bb global_colors_info=\u00bb{}\u00bb width=\u00bb100%\u00bb custom_margin=\u00bb|-67px||||\u00bb][\/et_pb_heading][et_pb_text _builder_version=\u00bb4.23&#8243; _module_preset=\u00bbdefault\u00bb custom_margin=\u00bb84px|-357px||||\u00bb hover_enabled=\u00bb0&#8243; global_colors_info=\u00bb{}\u00bb max_width_last_edited=\u00bbon|desktop\u00bb max_width_phone=\u00bb100%\u00bb sticky_enabled=\u00bb0&#8243;]<\/p>\n<p style=\"text-align: justify;\">La Federaci\u00f3n de Asociaciones de Instaladores de Andaluc\u00eda (FADIA) tuvo el privilegio de asistir al 34\u00ba Congreso Nacional de CONAIF, celebrado los d\u00edas 3 y 4 de octubre de 2024 en el Palacio de Congresos de Castell\u00f3n. Organizado por la Confederaci\u00f3n Nacional de Asociaciones de Instaladores y Fluidos (CONAIF), este evento se consolid\u00f3 como un importante punto de encuentro para los profesionales del sector, contando con un destacado programa de conferencias y actividades paralelas. Adem\u00e1s, estuvieron presentes asociaciones pertenecientes a FADIA, como ASINAL, AMAIM y EPYME, reforzando la representaci\u00f3n andaluza en este relevante foro nacional.<\/p>\n<p style=\"text-align: justify;\">La participaci\u00f3n de FADIA en el 34\u00ba Congreso Nacional de CONAIF fue representada por su presidente \u00c1ngel Noguera. En el congreso se trataron temas de gran inter\u00e9s y actualidad. Entre ellas, destac\u00f3 la presentaci\u00f3n de Javier Ares, director general de Cobertec, sobre la aplicaci\u00f3n de la inteligencia artificial a los sistemas de climatizaci\u00f3n, calefacci\u00f3n y fr\u00edo industrial. Tambi\u00e9n fue relevante la intervenci\u00f3n del analista econ\u00f3mico Marc Vidal, quien brind\u00f3 una visi\u00f3n estrat\u00e9gica sobre las oportunidades que la tecnolog\u00eda ofrece.\u00a0 La actuaci\u00f3n del ilusionista \u00abMago Yunque\u00bb a\u00f1adi\u00f3 un toque innovador y estimulante al evento.<\/p>\n<p style=\"text-align: justify;\">Este Congreso brind\u00f3 a FADIA una excelente oportunidad para profundizar en conocimientos relacionados con la transici\u00f3n energ\u00e9tica y la descarbonizaci\u00f3n de las instalaciones, temas que representan desaf\u00edos cruciales para el futuro del sector. Las ponencias t\u00e9cnicas ofrecieron valiosas herramientas y enfoques para enfrentar estos retos de manera efectiva.<\/p>\n<p style=\"text-align: justify;\">Durante el evento Antonio Ruiz, director de la empresa Bettergy, ofreci\u00f3 una ponencia clave en la que subray\u00f3 el papel fundamental de los certificados de ahorro energ\u00e9tico (CAE\u00b4s)\u00a0 y la innovacion de una nueva plataforma que simplificara los procedimientos de obtenci\u00f3n de los certificados entre empresas y organismos p\u00fablicos.<\/p>\n<p style=\"text-align: justify;\">Adem\u00e1s, el evento foment\u00f3 un ambiente de colaboraci\u00f3n y networking entre los asistentes. Las actividades sociales, como la ruta de tapas por el centro hist\u00f3rico de Castell\u00f3n y la cena de gala en la Mas\u00eda Fuente La Reina, facilitaron el intercambio de ideas y la interacci\u00f3n entre profesionales y patrocinadores, creando un espacio propicio para la cooperaci\u00f3n y el crecimiento profesional.<\/p>\n<p>[\/et_pb_text][\/et_pb_column][et_pb_column type=\u00bb2_5&#8243; _builder_version=\u00bb4.16&#8243; _module_preset=\u00bb73121f80-a3ef-4484-8763-c3f18e3c56d2&#8243; global_colors_info=\u00bb{}\u00bb][\/et_pb_column][\/et_pb_row][\/et_pb_section][et_pb_section fb_built=\u00bb1&#8243; admin_label=\u00bbEvent\u00bb _builder_version=\u00bb4.24.3&#8243; _module_preset=\u00bb_initial\u00bb min_height=\u00bb698.4px\u00bb custom_padding=\u00bb||1px|||\u00bb locked=\u00bboff\u00bb collapsed=\u00bbon\u00bb global_colors_info=\u00bb{%22gcid-36fd78a7-34bc-404d-873c-dafa34efaae5%22:%91%22colorStart%22%93}\u00bb][et_pb_row _builder_version=\u00bb4.18.0&#8243; _module_preset=\u00bb5138c454-be54-4233-bd3b-f8e6a8747976&#8243; custom_margin=\u00bb-60px|auto||auto||\u00bb global_colors_info=\u00bb{}\u00bb][et_pb_column type=\u00bb4_4&#8243; _builder_version=\u00bb4.16&#8243; _module_preset=\u00bb73121f80-a3ef-4484-8763-c3f18e3c56d2&#8243; global_colors_info=\u00bb{}\u00bb][et_pb_heading title=\u00bb34\u00ba Congreso Nacional de CONAIF\u00bb _builder_version=\u00bb4.24.3&#8243; _module_preset=\u00bbc33f07d9-41e0-421a-8799-5799df695cce\u00bb title_level=\u00bbh2&#8243; title_font=\u00bbIBM Plex Sans Condensed|IBM Plex Sans Condensed_weight|||||||\u00bb title_text_color=\u00bb#111111&#8243; title_font_size=\u00bb50px\u00bb title_line_height=\u00bb1.2em\u00bb custom_margin=\u00bb||10px||false|false\u00bb title_font_size_tablet=\u00bb28px\u00bb title_font_size_phone=\u00bb20px\u00bb title_font_size_last_edited=\u00bbon|phone\u00bb locked=\u00bboff\u00bb global_colors_info=\u00bb{}\u00bb][\/et_pb_heading][et_pb_text quote_border_color=\u00bb#457b9d\u00bb _builder_version=\u00bb4.24.3&#8243; _module_preset=\u00bbca5459fa-2abd-4000-9b59-3cb483bcc17e\u00bb text_font=\u00bbIBM Plex Sans||||||||\u00bb text_text_color=\u00bbrgba(0,0,0,0.64)\u00bb text_font_size=\u00bb18px\u00bb text_line_height=\u00bb1.75em\u00bb link_text_color=\u00bb#1d3557&#8243; quote_font=\u00bbIBM Plex Sans Condensed|700|||||||\u00bb quote_text_color=\u00bb#111111&#8243; header_font=\u00bbIBM Plex Sans Condensed|700|||||||\u00bb header_text_color=\u00bb#111111&#8243; header_font_size=\u00bb72px\u00bb header_line_height=\u00bb1.15em\u00bb header_2_font=\u00bbIBM Plex Sans Condensed|700|||||||\u00bb header_2_text_color=\u00bb#111111&#8243; header_2_font_size=\u00bb50px\u00bb header_2_line_height=\u00bb1.2em\u00bb header_3_font=\u00bbIBM Plex Sans Condensed|700|||||||\u00bb header_3_text_color=\u00bb#111111&#8243; header_3_font_size=\u00bb32px\u00bb header_3_line_height=\u00bb1.3em\u00bb header_4_font=\u00bbIBM Plex Sans Condensed|700|||||||\u00bb header_4_text_color=\u00bb#111111&#8243; header_4_font_size=\u00bb24px\u00bb header_4_line_height=\u00bb1.4em\u00bb header_5_font=\u00bbIBM Plex Sans Condensed|700|||||||\u00bb header_5_text_color=\u00bb#111111&#8243; header_5_font_size=\u00bb18px\u00bb header_5_line_height=\u00bb1.4em\u00bb header_6_font=\u00bbIBM Plex Sans Condensed|700|||||||\u00bb header_6_text_color=\u00bb#111111&#8243; header_6_line_height=\u00bb1.5em\u00bb custom_margin=\u00bb||10px||false|false\u00bb text_font_size_tablet=\u00bb16px\u00bb text_font_size_phone=\u00bb14px\u00bb text_font_size_last_edited=\u00bbon|desktop\u00bb header_font_size_tablet=\u00bb40px\u00bb header_font_size_phone=\u00bb24px\u00bb header_font_size_last_edited=\u00bbon|desktop\u00bb header_2_font_size_tablet=\u00bb28px\u00bb header_2_font_size_phone=\u00bb20px\u00bb header_2_font_size_last_edited=\u00bbon|phone\u00bb header_3_font_size_tablet=\u00bb22px\u00bb header_3_font_size_phone=\u00bb17px\u00bb header_3_font_size_last_edited=\u00bbon|phone\u00bb header_4_font_size_tablet=\u00bb18px\u00bb header_4_font_size_phone=\u00bb15px\u00bb header_4_font_size_last_edited=\u00bbon|tablet\u00bb header_5_font_size_tablet=\u00bb15px\u00bb header_5_font_size_phone=\u00bb14px\u00bb header_5_font_size_last_edited=\u00bbon|desktop\u00bb header_6_font_size_tablet=\u00bb13px\u00bb header_6_font_size_phone=\u00bb13px\u00bb header_6_font_size_last_edited=\u00bbon|desktop\u00bb locked=\u00bboff\u00bb global_colors_info=\u00bb{}\u00bb]<\/p>\n<p>3 y 4 de octubre de 2024<\/p>\n<p>[\/et_pb_text][et_pb_image src=\u00bbhttps:\/\/amaim.es\/wp-content\/uploads\/2024\/10\/1400&#215;560.jpg\u00bb title_text=\u00bb1400&#215;560&#8243; _builder_version=\u00bb4.27.2&#8243; _module_preset=\u00bb8249bb47-7bda-4c77-8a37-2a958f7a9826&#8243; border_radii=\u00bbon|6px|6px|6px|6px\u00bb locked=\u00bboff\u00bb global_colors_info=\u00bb{}\u00bb][\/et_pb_image][et_pb_text quote_border_color=\u00bb#457b9d\u00bb _builder_version=\u00bb4.27.2&#8243; _module_preset=\u00bb2c55a9c4-feed-423b-9edb-ae0b5b365cac\u00bb text_font=\u00bb&#8211;et_global_body_font|IBM Plex Sans_weight|||||||\u00bb text_text_color=\u00bbrgba(0,0,0,0.64)\u00bb text_font_size=\u00bb16px\u00bb text_line_height=\u00bb1.75em\u00bb link_font=\u00bb|IBM Plex Sans_weight|||||||\u00bb link_text_color=\u00bb#1d3557&#8243; quote_font=\u00bbIBM Plex Sans Condensed|IBM Plex Sans Condensed_weight|||||||\u00bb quote_text_color=\u00bb#111111&#8243; header_font=\u00bbIBM Plex Sans Condensed|IBM Plex Sans Condensed_weight|||||||\u00bb header_text_color=\u00bb#111111&#8243; header_font_size=\u00bb72px\u00bb header_line_height=\u00bb1.15em\u00bb header_2_font=\u00bbIBM Plex Sans Condensed|IBM Plex Sans Condensed_weight|||||||\u00bb header_2_text_color=\u00bb#111111&#8243; header_2_font_size=\u00bb50px\u00bb header_2_line_height=\u00bb1.2em\u00bb header_3_font=\u00bbIBM Plex Sans Condensed|IBM Plex Sans Condensed_weight|||||||\u00bb header_3_text_color=\u00bb#111111&#8243; header_3_font_size=\u00bb32px\u00bb header_3_line_height=\u00bb1.3em\u00bb header_4_font=\u00bbIBM Plex Sans Condensed|IBM Plex Sans Condensed_weight|||||||\u00bb header_4_text_color=\u00bb#111111&#8243; header_4_font_size=\u00bb24px\u00bb header_4_line_height=\u00bb1.4em\u00bb header_5_font=\u00bbIBM Plex Sans Condensed|IBM Plex Sans Condensed_weight|||||||\u00bb header_5_text_color=\u00bb#111111&#8243; header_5_font_size=\u00bb18px\u00bb header_5_line_height=\u00bb1.4em\u00bb header_6_font=\u00bbIBM Plex Sans Condensed|IBM Plex Sans Condensed_weight|||||||\u00bb header_6_text_color=\u00bb#111111&#8243; header_6_line_height=\u00bb1.5em\u00bb custom_margin=\u00bb||||false|false\u00bb text_font_size_tablet=\u00bb15px\u00bb text_font_size_phone=\u00bb14px\u00bb text_font_size_last_edited=\u00bbon|phone\u00bb header_font_size_tablet=\u00bb40px\u00bb header_font_size_phone=\u00bb24px\u00bb header_font_size_last_edited=\u00bbon|desktop\u00bb header_2_font_size_tablet=\u00bb28px\u00bb header_2_font_size_phone=\u00bb20px\u00bb header_2_font_size_last_edited=\u00bbon|phone\u00bb header_3_font_size_tablet=\u00bb22px\u00bb header_3_font_size_phone=\u00bb17px\u00bb header_3_font_size_last_edited=\u00bbon|phone\u00bb header_4_font_size_tablet=\u00bb18px\u00bb header_4_font_size_phone=\u00bb15px\u00bb header_4_font_size_last_edited=\u00bbon|tablet\u00bb header_5_font_size_tablet=\u00bb15px\u00bb header_5_font_size_phone=\u00bb14px\u00bb header_5_font_size_last_edited=\u00bbon|desktop\u00bb header_6_font_size_tablet=\u00bb13px\u00bb header_6_font_size_phone=\u00bb13px\u00bb header_6_font_size_last_edited=\u00bbon|desktop\u00bb global_colors_info=\u00bb{}\u00bb]<\/p>\n<p>El Congreso Nacional de CONAIF es un evento esencial para los profesionales del sector, ofreciendo un programa de conferencias de alto nivel y oportunidades de networking en el Palacio de Congresos de Castell\u00f3n. Este a\u00f1o, el congreso se centra en la transici\u00f3n energ\u00e9tica y la descarbonizaci\u00f3n, temas cruciales para el futuro de la industria.<\/p>\n<p>[\/et_pb_text][\/et_pb_column][\/et_pb_row][\/et_pb_section][et_pb_section fb_built=\u00bb1&#8243; admin_label=\u00bbFeatures\u00bb _builder_version=\u00bb4.17.3&#8243; _module_preset=\u00bbdefault\u00bb custom_padding=\u00bb40px||23px|||\u00bb collapsed=\u00bbon\u00bb global_colors_info=\u00bb{}\u00bb][et_pb_row _builder_version=\u00bb4.27.2&#8243; _module_preset=\u00bb5138c454-be54-4233-bd3b-f8e6a8747976&#8243; custom_margin=\u00bb-128px|auto||auto||\u00bb global_colors_info=\u00bb{}\u00bb][et_pb_column type=\u00bb4_4&#8243; _builder_version=\u00bb4.17.3&#8243; _module_preset=\u00bb73121f80-a3ef-4484-8763-c3f18e3c56d2&#8243; global_colors_info=\u00bb{}\u00bb][et_pb_heading title=\u00bbTemas Destacados\u00bb _builder_version=\u00bb4.27.2&#8243; _module_preset=\u00bbc33f07d9-41e0-421a-8799-5799df695cce\u00bb title_level=\u00bbh2&#8243; title_font=\u00bb&#8211;et_global_body_font|600|||||||\u00bb title_text_align=\u00bbcenter\u00bb title_text_color=\u00bb#111111&#8243; title_font_size=\u00bb50px\u00bb title_line_height=\u00bb1.2em\u00bb custom_margin=\u00bb||10px||false|false\u00bb title_font_size_tablet=\u00bb28px\u00bb title_font_size_phone=\u00bb20px\u00bb title_font_size_last_edited=\u00bbon|phone\u00bb locked=\u00bboff\u00bb global_colors_info=\u00bb{}\u00bb][\/et_pb_heading][et_pb_text quote_border_color=\u00bb#457b9d\u00bb _builder_version=\u00bb4.27.2&#8243; _module_preset=\u00bb2c55a9c4-feed-423b-9edb-ae0b5b365cac\u00bb text_font=\u00bb&#8211;et_global_body_font|IBM Plex Sans_weight|||||||\u00bb text_text_color=\u00bbrgba(0,0,0,0.64)\u00bb text_font_size=\u00bb16px\u00bb text_line_height=\u00bb1.75em\u00bb link_font=\u00bb|IBM Plex Sans_weight|||||||\u00bb link_text_color=\u00bb#1d3557&#8243; quote_font=\u00bbIBM Plex Sans Condensed|IBM Plex Sans Condensed_weight|||||||\u00bb quote_text_color=\u00bb#111111&#8243; header_font=\u00bbIBM Plex Sans Condensed|IBM Plex Sans Condensed_weight|||||||\u00bb header_text_color=\u00bb#111111&#8243; header_font_size=\u00bb72px\u00bb header_line_height=\u00bb1.15em\u00bb header_2_font=\u00bbIBM Plex Sans Condensed|IBM Plex Sans Condensed_weight|||||||\u00bb header_2_text_color=\u00bb#111111&#8243; header_2_font_size=\u00bb50px\u00bb header_2_line_height=\u00bb1.2em\u00bb header_3_font=\u00bbIBM Plex Sans Condensed|IBM Plex Sans Condensed_weight|||||||\u00bb header_3_text_color=\u00bb#111111&#8243; header_3_font_size=\u00bb32px\u00bb header_3_line_height=\u00bb1.3em\u00bb header_4_font=\u00bbIBM Plex Sans Condensed|IBM Plex Sans Condensed_weight|||||||\u00bb header_4_text_color=\u00bb#111111&#8243; header_4_font_size=\u00bb24px\u00bb header_4_line_height=\u00bb1.4em\u00bb header_5_font=\u00bbIBM Plex Sans Condensed|IBM Plex Sans Condensed_weight|||||||\u00bb header_5_text_color=\u00bb#111111&#8243; header_5_font_size=\u00bb18px\u00bb header_5_line_height=\u00bb1.4em\u00bb header_6_font=\u00bbIBM Plex Sans Condensed|IBM Plex Sans Condensed_weight|||||||\u00bb header_6_text_color=\u00bb#111111&#8243; header_6_line_height=\u00bb1.5em\u00bb text_orientation=\u00bbcenter\u00bb max_width=\u00bb800px\u00bb module_alignment=\u00bbcenter\u00bb custom_margin=\u00bb||||false|false\u00bb text_font_size_tablet=\u00bb15px\u00bb text_font_size_phone=\u00bb14px\u00bb text_font_size_last_edited=\u00bbon|phone\u00bb header_font_size_tablet=\u00bb40px\u00bb header_font_size_phone=\u00bb24px\u00bb header_font_size_last_edited=\u00bbon|desktop\u00bb header_2_font_size_tablet=\u00bb28px\u00bb header_2_font_size_phone=\u00bb20px\u00bb header_2_font_size_last_edited=\u00bbon|phone\u00bb header_3_font_size_tablet=\u00bb22px\u00bb header_3_font_size_phone=\u00bb17px\u00bb header_3_font_size_last_edited=\u00bbon|phone\u00bb header_4_font_size_tablet=\u00bb18px\u00bb header_4_font_size_phone=\u00bb15px\u00bb header_4_font_size_last_edited=\u00bbon|tablet\u00bb header_5_font_size_tablet=\u00bb15px\u00bb header_5_font_size_phone=\u00bb14px\u00bb header_5_font_size_last_edited=\u00bbon|desktop\u00bb header_6_font_size_tablet=\u00bb13px\u00bb header_6_font_size_phone=\u00bb13px\u00bb header_6_font_size_last_edited=\u00bbon|desktop\u00bb global_colors_info=\u00bb{}\u00bb]<\/p>\n<p>Durante el congreso, se abordaron temas de gran relevancia para el sector, destacando la inteligencia artificial aplicada en los sistemas de climatizaci\u00f3n y la transici\u00f3n energ\u00e9tica hacia un futuro m\u00e1s sostenible.<\/p>\n<p>[\/et_pb_text][\/et_pb_column][\/et_pb_row][et_pb_row column_structure=\u00bb1_3,1_3,1_3&#8243; make_equal=\u00bbon\u00bb _builder_version=\u00bb4.24.3&#8243; _module_preset=\u00bb5138c454-be54-4233-bd3b-f8e6a8747976&#8243; global_colors_info=\u00bb{}\u00bb][et_pb_column type=\u00bb1_3&#8243; _builder_version=\u00bb4.24.3&#8243; _module_preset=\u00bb50607da8-57bc-4d4b-aaef-f02e41c2cc4a\u00bb background_color=\u00bb#FFFFFF\u00bb custom_padding=\u00bb30px|30px|30px|30px|true|true\u00bb custom_padding_tablet=\u00bb30px|30px|30px|30px|true|true\u00bb custom_padding_phone=\u00bb20px|20px|20px|20px|false|true\u00bb custom_padding_last_edited=\u00bbon|phone\u00bb border_radii=\u00bbon|6px|6px|6px|6px\u00bb box_shadow_style=\u00bbpreset1&#8243; box_shadow_vertical=\u00bb24px\u00bb box_shadow_blur=\u00bb72px\u00bb box_shadow_spread=\u00bb-12px\u00bb box_shadow_color=\u00bbrgba(0,0,0,0.12)\u00bb global_colors_info=\u00bb{}\u00bb][et_pb_blurb title=\u00bbInteligencia Artificial\u00bb use_icon=\u00bbon\u00bb font_icon=\u00bb&#xf812;||fa||900&#8243; icon_color=\u00bb#457b9d\u00bb image_icon_width=\u00bb32px\u00bb icon_alignment=\u00bbleft\u00bb content_max_width=\u00bb100%\u00bb _builder_version=\u00bb4.24.3&#8243; _module_preset=\u00bb212b201d-2c34-41bd-936c-851b7357d08b\u00bb header_font=\u00bbIBM Plex Sans Condensed|IBM Plex Sans Condensed_weight|||||||\u00bb header_text_color=\u00bb#111111&#8243; header_font_size=\u00bb18px\u00bb header_line_height=\u00bb1.4em\u00bb body_font=\u00bbIBM Plex Sans|IBM Plex Sans_weight|||||||\u00bb body_text_color=\u00bbrgba(0,0,0,0.64)\u00bb body_font_size=\u00bb16px\u00bb body_line_height=\u00bb1.75em\u00bb body_link_text_color=\u00bb#1d3557&#8243; background_mask_style=\u00bbcorner-pill\u00bb image_icon_custom_margin=\u00bb||||false|false\u00bb image_icon_custom_padding=\u00bb||||false|false\u00bb animation=\u00bboff\u00bb header_font_size_tablet=\u00bb15px\u00bb header_font_size_phone=\u00bb13px\u00bb header_font_size_last_edited=\u00bbon|phone\u00bb body_font_size_tablet=\u00bb15px\u00bb body_font_size_phone=\u00bb14px\u00bb body_font_size_last_edited=\u00bbon|desktop\u00bb border_radii_image=\u00bbon|6px|6px|6px|6px\u00bb locked=\u00bboff\u00bb global_colors_info=\u00bb{%22#3c3a47%22:%91%22body_text_color%22,%22body_text_color%22%93,%22#0e0c19%22:%91%22header_text_color%22,%22header_text_color%22%93,%22#457b9d%22:%91%22icon_color%22%93}\u00bb]<\/p>\n<p>La aplicaci\u00f3n de inteligencia artificial en climatizaci\u00f3n permite optimizar el uso de energ\u00eda y mejorar la eficiencia de los sistemas.<\/p>\n<p>[\/et_pb_blurb][\/et_pb_column][et_pb_column type=\u00bb1_3&#8243; _builder_version=\u00bb4.24.3&#8243; _module_preset=\u00bb50607da8-57bc-4d4b-aaef-f02e41c2cc4a\u00bb background_color=\u00bb#FFFFFF\u00bb custom_padding=\u00bb30px|30px|30px|30px|true|true\u00bb custom_padding_tablet=\u00bb30px|30px|30px|30px|true|true\u00bb custom_padding_phone=\u00bb20px|20px|20px|20px|false|true\u00bb custom_padding_last_edited=\u00bbon|phone\u00bb border_radii=\u00bbon|6px|6px|6px|6px\u00bb box_shadow_style=\u00bbpreset1&#8243; box_shadow_vertical=\u00bb24px\u00bb box_shadow_blur=\u00bb72px\u00bb box_shadow_spread=\u00bb-12px\u00bb box_shadow_color=\u00bbrgba(0,0,0,0.12)\u00bb global_colors_info=\u00bb{}\u00bb][et_pb_blurb title=\u00bbTransici\u00f3n Energ\u00e9tica\u00bb use_icon=\u00bbon\u00bb font_icon=\u00bb&#xf018;||fa||900&#8243; icon_color=\u00bb#457b9d\u00bb image_icon_width=\u00bb32px\u00bb icon_alignment=\u00bbleft\u00bb content_max_width=\u00bb100%\u00bb _builder_version=\u00bb4.24.3&#8243; _module_preset=\u00bb212b201d-2c34-41bd-936c-851b7357d08b\u00bb header_font=\u00bbIBM Plex Sans Condensed|IBM Plex Sans Condensed_weight|||||||\u00bb header_text_color=\u00bb#111111&#8243; header_font_size=\u00bb18px\u00bb header_line_height=\u00bb1.4em\u00bb body_font=\u00bbIBM Plex Sans|IBM Plex Sans_weight|||||||\u00bb body_text_color=\u00bbrgba(0,0,0,0.64)\u00bb body_font_size=\u00bb16px\u00bb body_line_height=\u00bb1.75em\u00bb body_link_text_color=\u00bb#1d3557&#8243; background_mask_style=\u00bbcorner-pill\u00bb image_icon_custom_margin=\u00bb||||false|false\u00bb image_icon_custom_padding=\u00bb||||false|false\u00bb animation=\u00bboff\u00bb header_font_size_tablet=\u00bb15px\u00bb header_font_size_phone=\u00bb13px\u00bb header_font_size_last_edited=\u00bbon|phone\u00bb body_font_size_tablet=\u00bb15px\u00bb body_font_size_phone=\u00bb14px\u00bb body_font_size_last_edited=\u00bbon|desktop\u00bb border_radii_image=\u00bbon|6px|6px|6px|6px\u00bb locked=\u00bboff\u00bb global_colors_info=\u00bb{%22#3c3a47%22:%91%22body_text_color%22,%22body_text_color%22%93,%22#0e0c19%22:%91%22header_text_color%22,%22header_text_color%22%93,%22#457b9d%22:%91%22icon_color%22%93}\u00bb]<\/p>\n<p>Se discutieron estrategias para avanzar hacia la descarbonizaci\u00f3n de instalaciones, un paso crucial para la sostenibilidad.<\/p>\n<p>[\/et_pb_blurb][\/et_pb_column][et_pb_column type=\u00bb1_3&#8243; _builder_version=\u00bb4.24.3&#8243; _module_preset=\u00bb50607da8-57bc-4d4b-aaef-f02e41c2cc4a\u00bb background_color=\u00bb#FFFFFF\u00bb custom_padding=\u00bb30px|30px|30px|30px|true|true\u00bb custom_padding_tablet=\u00bb30px|30px|30px|30px|true|true\u00bb custom_padding_phone=\u00bb20px|20px|20px|20px|false|true\u00bb custom_padding_last_edited=\u00bbon|phone\u00bb border_radii=\u00bbon|6px|6px|6px|6px\u00bb box_shadow_style=\u00bbpreset1&#8243; box_shadow_vertical=\u00bb24px\u00bb box_shadow_blur=\u00bb72px\u00bb box_shadow_spread=\u00bb-12px\u00bb box_shadow_color=\u00bbrgba(0,0,0,0.12)\u00bb global_colors_info=\u00bb{}\u00bb][et_pb_blurb title=\u00bbInnovaci\u00f3n Tecnol\u00f3gica\u00bb use_icon=\u00bbon\u00bb font_icon=\u00bb&#xe012;||divi||400&#8243; icon_color=\u00bb#457b9d\u00bb image_icon_width=\u00bb32px\u00bb icon_alignment=\u00bbleft\u00bb content_max_width=\u00bb100%\u00bb _builder_version=\u00bb4.24.3&#8243; _module_preset=\u00bb212b201d-2c34-41bd-936c-851b7357d08b\u00bb header_font=\u00bbIBM Plex Sans Condensed|IBM Plex Sans Condensed_weight|||||||\u00bb header_text_color=\u00bb#111111&#8243; header_font_size=\u00bb18px\u00bb header_line_height=\u00bb1.4em\u00bb body_font=\u00bbIBM Plex Sans|IBM Plex Sans_weight|||||||\u00bb body_text_color=\u00bbrgba(0,0,0,0.64)\u00bb body_font_size=\u00bb16px\u00bb body_line_height=\u00bb1.75em\u00bb body_link_text_color=\u00bb#1d3557&#8243; background_mask_style=\u00bbcorner-pill\u00bb image_icon_custom_margin=\u00bb||||false|false\u00bb image_icon_custom_padding=\u00bb||||false|false\u00bb animation=\u00bboff\u00bb header_font_size_tablet=\u00bb15px\u00bb header_font_size_phone=\u00bb13px\u00bb header_font_size_last_edited=\u00bbon|phone\u00bb body_font_size_tablet=\u00bb15px\u00bb body_font_size_phone=\u00bb14px\u00bb body_font_size_last_edited=\u00bbon|desktop\u00bb border_radii_image=\u00bbon|6px|6px|6px|6px\u00bb locked=\u00bboff\u00bb global_colors_info=\u00bb{%22#3c3a47%22:%91%22body_text_color%22,%22body_text_color%22%93,%22#0e0c19%22:%91%22header_text_color%22,%22header_text_color%22%93,%22#457b9d%22:%91%22icon_color%22%93}\u00bb]<\/p>\n<p>Las ponencias resaltaron la importancia de la innovaci\u00f3n para enfrentar los desaf\u00edos actuales del sector.<\/p>\n<p>[\/et_pb_blurb][\/et_pb_column][\/et_pb_row][\/et_pb_section]<\/p>\n","protected":false},"excerpt":{"rendered":"<p>La Federaci\u00f3n de Asociaciones de Instaladores de Andaluc\u00eda (FADIA) tuvo el privilegio de asistir al 34\u00ba Congreso Nacional de CONAIF, celebrado los d\u00edas 3 y 4 de octubre de 2024 [&hellip;]<\/p>\n","protected":false},"author":1,"featured_media":0,"comment_status":"open","ping_status":"open","sticky":false,"template":"","format":"standard","meta":{"_et_pb_use_builder":"on","_et_pb_old_content":"","_et_gb_content_width":"","_monsterinsights_skip_tracking":false,"_monsterinsights_sitenote_active":false,"_monsterinsights_sitenote_note":"","_monsterinsights_sitenote_category":0,"footnotes":""},"categories":[4],"tags":[],"class_list":["post-6399","post","type-post","status-publish","format-standard","hentry","category-fadia"],"yoast_head":"<!-- This site is optimized with the Yoast SEO plugin v24.2 - https:\/\/yoast.com\/wordpress\/plugins\/seo\/ -->\n<title>FADIA en el Congreso CONAIF 2024 en Castell\u00f3n - Fadia<\/title>\n<meta name=\"robots\" content=\"index, follow, max-snippet:-1, max-image-preview:large, max-video-preview:-1\" \/>\n<link rel=\"canonical\" href=\"https:\/\/fadia.info\/index.php\/2024\/10\/08\/fadia-congreso-conaif-2024-castellon\/\" \/>\n<meta property=\"og:locale\" content=\"es_ES\" \/>\n<meta property=\"og:type\" content=\"article\" \/>\n<meta property=\"og:title\" content=\"FADIA en el Congreso CONAIF 2024 en Castell\u00f3n - Fadia\" \/>\n<meta property=\"og:description\" content=\"La Federaci\u00f3n de Asociaciones de Instaladores de Andaluc\u00eda (FADIA) tuvo el privilegio de asistir al 34\u00ba Congreso Nacional de CONAIF, celebrado los d\u00edas 3 y 4 de octubre de 2024 [&hellip;]\" \/>\n<meta property=\"og:url\" content=\"https:\/\/fadia.info\/index.php\/2024\/10\/08\/fadia-congreso-conaif-2024-castellon\/\" \/>\n<meta property=\"og:site_name\" content=\"Fadia\" \/>\n<meta property=\"article:published_time\" content=\"2024-10-08T11:37:00+00:00\" \/>\n<meta property=\"article:modified_time\" content=\"2024-10-10T12:49:19+00:00\" \/>\n<meta name=\"author\" content=\"admin\" \/>\n<meta name=\"twitter:card\" content=\"summary_large_image\" \/>\n<meta name=\"twitter:label1\" content=\"Escrito por\" \/>\n\t<meta name=\"twitter:data1\" content=\"admin\" \/>\n\t<meta name=\"twitter:label2\" content=\"Tiempo de lectura\" \/>\n\t<meta name=\"twitter:data2\" content=\"3 minutos\" \/>\n<script type=\"application\/ld+json\" class=\"yoast-schema-graph\">{\"@context\":\"https:\/\/schema.org\",\"@graph\":[{\"@type\":\"Article\",\"@id\":\"https:\/\/fadia.info\/index.php\/2024\/10\/08\/fadia-congreso-conaif-2024-castellon\/#article\",\"isPartOf\":{\"@id\":\"https:\/\/fadia.info\/index.php\/2024\/10\/08\/fadia-congreso-conaif-2024-castellon\/\"},\"author\":{\"name\":\"admin\",\"@id\":\"https:\/\/fadia.info\/#\/schema\/person\/e62997a92cb152a1d1581e8555237a80\"},\"headline\":\"FADIA en el Congreso CONAIF 2024 en Castell\u00f3n\",\"datePublished\":\"2024-10-08T11:37:00+00:00\",\"dateModified\":\"2024-10-10T12:49:19+00:00\",\"mainEntityOfPage\":{\"@id\":\"https:\/\/fadia.info\/index.php\/2024\/10\/08\/fadia-congreso-conaif-2024-castellon\/\"},\"wordCount\":2855,\"commentCount\":0,\"publisher\":{\"@id\":\"https:\/\/fadia.info\/#organization\"},\"articleSection\":[\"FADIA\"],\"inLanguage\":\"es\",\"potentialAction\":[{\"@type\":\"CommentAction\",\"name\":\"Comment\",\"target\":[\"https:\/\/fadia.info\/index.php\/2024\/10\/08\/fadia-congreso-conaif-2024-castellon\/#respond\"]}]},{\"@type\":\"WebPage\",\"@id\":\"https:\/\/fadia.info\/index.php\/2024\/10\/08\/fadia-congreso-conaif-2024-castellon\/\",\"url\":\"https:\/\/fadia.info\/index.php\/2024\/10\/08\/fadia-congreso-conaif-2024-castellon\/\",\"name\":\"FADIA en el Congreso CONAIF 2024 en Castell\u00f3n - Fadia\",\"isPartOf\":{\"@id\":\"https:\/\/fadia.info\/#website\"},\"datePublished\":\"2024-10-08T11:37:00+00:00\",\"dateModified\":\"2024-10-10T12:49:19+00:00\",\"breadcrumb\":{\"@id\":\"https:\/\/fadia.info\/index.php\/2024\/10\/08\/fadia-congreso-conaif-2024-castellon\/#breadcrumb\"},\"inLanguage\":\"es\",\"potentialAction\":[{\"@type\":\"ReadAction\",\"target\":[\"https:\/\/fadia.info\/index.php\/2024\/10\/08\/fadia-congreso-conaif-2024-castellon\/\"]}]},{\"@type\":\"BreadcrumbList\",\"@id\":\"https:\/\/fadia.info\/index.php\/2024\/10\/08\/fadia-congreso-conaif-2024-castellon\/#breadcrumb\",\"itemListElement\":[{\"@type\":\"ListItem\",\"position\":1,\"name\":\"Portada\",\"item\":\"https:\/\/fadia.info\/\"},{\"@type\":\"ListItem\",\"position\":2,\"name\":\"FADIA en el Congreso CONAIF 2024 en Castell\u00f3n\"}]},{\"@type\":\"WebSite\",\"@id\":\"https:\/\/fadia.info\/#website\",\"url\":\"https:\/\/fadia.info\/\",\"name\":\"Fadia\",\"description\":\"\",\"publisher\":{\"@id\":\"https:\/\/fadia.info\/#organization\"},\"alternateName\":\"Federaci\u00f3n de Asociaciones de Instaladores de Andaluc\u00eda\",\"potentialAction\":[{\"@type\":\"SearchAction\",\"target\":{\"@type\":\"EntryPoint\",\"urlTemplate\":\"https:\/\/fadia.info\/?s={search_term_string}\"},\"query-input\":{\"@type\":\"PropertyValueSpecification\",\"valueRequired\":true,\"valueName\":\"search_term_string\"}}],\"inLanguage\":\"es\"},{\"@type\":\"Organization\",\"@id\":\"https:\/\/fadia.info\/#organization\",\"name\":\"Federaci\u00f3n de Asociaciones de Instaladores de Andaluc\u00eda\",\"alternateName\":\"FADIA\",\"url\":\"https:\/\/fadia.info\/\",\"logo\":{\"@type\":\"ImageObject\",\"inLanguage\":\"es\",\"@id\":\"https:\/\/fadia.info\/#\/schema\/logo\/image\/\",\"url\":\"https:\/\/fadia.info\/wp-content\/uploads\/2023\/11\/logo_fadia.png\",\"contentUrl\":\"https:\/\/fadia.info\/wp-content\/uploads\/2023\/11\/logo_fadia.png\",\"width\":619,\"height\":265,\"caption\":\"Federaci\u00f3n de Asociaciones de Instaladores de Andaluc\u00eda\"},\"image\":{\"@id\":\"https:\/\/fadia.info\/#\/schema\/logo\/image\/\"}},{\"@type\":\"Person\",\"@id\":\"https:\/\/fadia.info\/#\/schema\/person\/e62997a92cb152a1d1581e8555237a80\",\"name\":\"admin\",\"image\":{\"@type\":\"ImageObject\",\"inLanguage\":\"es\",\"@id\":\"https:\/\/fadia.info\/#\/schema\/person\/image\/\",\"url\":\"https:\/\/secure.gravatar.com\/avatar\/c0865c03db8bfd457d680c8a95515c197654dffb42037ea598e58b413f208056?s=96&d=mm&r=g\",\"contentUrl\":\"https:\/\/secure.gravatar.com\/avatar\/c0865c03db8bfd457d680c8a95515c197654dffb42037ea598e58b413f208056?s=96&d=mm&r=g\",\"caption\":\"admin\"},\"sameAs\":[\"https:\/\/fadia.info\"],\"url\":\"https:\/\/fadia.info\/index.php\/author\/admin_fadia\/\"}]}<\/script>\n<!-- \/ Yoast SEO plugin. -->","yoast_head_json":{"title":"FADIA en el Congreso CONAIF 2024 en Castell\u00f3n - Fadia","robots":{"index":"index","follow":"follow","max-snippet":"max-snippet:-1","max-image-preview":"max-image-preview:large","max-video-preview":"max-video-preview:-1"},"canonical":"https:\/\/fadia.info\/index.php\/2024\/10\/08\/fadia-congreso-conaif-2024-castellon\/","og_locale":"es_ES","og_type":"article","og_title":"FADIA en el Congreso CONAIF 2024 en Castell\u00f3n - Fadia","og_description":"La Federaci\u00f3n de Asociaciones de Instaladores de Andaluc\u00eda (FADIA) tuvo el privilegio de asistir al 34\u00ba Congreso Nacional de CONAIF, celebrado los d\u00edas 3 y 4 de octubre de 2024 [&hellip;]","og_url":"https:\/\/fadia.info\/index.php\/2024\/10\/08\/fadia-congreso-conaif-2024-castellon\/","og_site_name":"Fadia","article_published_time":"2024-10-08T11:37:00+00:00","article_modified_time":"2024-10-10T12:49:19+00:00","author":"admin","twitter_card":"summary_large_image","twitter_misc":{"Escrito por":"admin","Tiempo de lectura":"3 minutos"},"schema":{"@context":"https:\/\/schema.org","@graph":[{"@type":"Article","@id":"https:\/\/fadia.info\/index.php\/2024\/10\/08\/fadia-congreso-conaif-2024-castellon\/#article","isPartOf":{"@id":"https:\/\/fadia.info\/index.php\/2024\/10\/08\/fadia-congreso-conaif-2024-castellon\/"},"author":{"name":"admin","@id":"https:\/\/fadia.info\/#\/schema\/person\/e62997a92cb152a1d1581e8555237a80"},"headline":"FADIA en el Congreso CONAIF 2024 en Castell\u00f3n","datePublished":"2024-10-08T11:37:00+00:00","dateModified":"2024-10-10T12:49:19+00:00","mainEntityOfPage":{"@id":"https:\/\/fadia.info\/index.php\/2024\/10\/08\/fadia-congreso-conaif-2024-castellon\/"},"wordCount":2855,"commentCount":0,"publisher":{"@id":"https:\/\/fadia.info\/#organization"},"articleSection":["FADIA"],"inLanguage":"es","potentialAction":[{"@type":"CommentAction","name":"Comment","target":["https:\/\/fadia.info\/index.php\/2024\/10\/08\/fadia-congreso-conaif-2024-castellon\/#respond"]}]},{"@type":"WebPage","@id":"https:\/\/fadia.info\/index.php\/2024\/10\/08\/fadia-congreso-conaif-2024-castellon\/","url":"https:\/\/fadia.info\/index.php\/2024\/10\/08\/fadia-congreso-conaif-2024-castellon\/","name":"FADIA en el Congreso CONAIF 2024 en Castell\u00f3n - Fadia","isPartOf":{"@id":"https:\/\/fadia.info\/#website"},"datePublished":"2024-10-08T11:37:00+00:00","dateModified":"2024-10-10T12:49:19+00:00","breadcrumb":{"@id":"https:\/\/fadia.info\/index.php\/2024\/10\/08\/fadia-congreso-conaif-2024-castellon\/#breadcrumb"},"inLanguage":"es","potentialAction":[{"@type":"ReadAction","target":["https:\/\/fadia.info\/index.php\/2024\/10\/08\/fadia-congreso-conaif-2024-castellon\/"]}]},{"@type":"BreadcrumbList","@id":"https:\/\/fadia.info\/index.php\/2024\/10\/08\/fadia-congreso-conaif-2024-castellon\/#breadcrumb","itemListElement":[{"@type":"ListItem","position":1,"name":"Portada","item":"https:\/\/fadia.info\/"},{"@type":"ListItem","position":2,"name":"FADIA en el Congreso CONAIF 2024 en Castell\u00f3n"}]},{"@type":"WebSite","@id":"https:\/\/fadia.info\/#website","url":"https:\/\/fadia.info\/","name":"Fadia","description":"","publisher":{"@id":"https:\/\/fadia.info\/#organization"},"alternateName":"Federaci\u00f3n de Asociaciones de Instaladores de Andaluc\u00eda","potentialAction":[{"@type":"SearchAction","target":{"@type":"EntryPoint","urlTemplate":"https:\/\/fadia.info\/?s={search_term_string}"},"query-input":{"@type":"PropertyValueSpecification","valueRequired":true,"valueName":"search_term_string"}}],"inLanguage":"es"},{"@type":"Organization","@id":"https:\/\/fadia.info\/#organization","name":"Federaci\u00f3n de Asociaciones de Instaladores de Andaluc\u00eda","alternateName":"FADIA","url":"https:\/\/fadia.info\/","logo":{"@type":"ImageObject","inLanguage":"es","@id":"https:\/\/fadia.info\/#\/schema\/logo\/image\/","url":"https:\/\/fadia.info\/wp-content\/uploads\/2023\/11\/logo_fadia.png","contentUrl":"https:\/\/fadia.info\/wp-content\/uploads\/2023\/11\/logo_fadia.png","width":619,"height":265,"caption":"Federaci\u00f3n de Asociaciones de Instaladores de Andaluc\u00eda"},"image":{"@id":"https:\/\/fadia.info\/#\/schema\/logo\/image\/"}},{"@type":"Person","@id":"https:\/\/fadia.info\/#\/schema\/person\/e62997a92cb152a1d1581e8555237a80","name":"admin","image":{"@type":"ImageObject","inLanguage":"es","@id":"https:\/\/fadia.info\/#\/schema\/person\/image\/","url":"https:\/\/secure.gravatar.com\/avatar\/c0865c03db8bfd457d680c8a95515c197654dffb42037ea598e58b413f208056?s=96&d=mm&r=g","contentUrl":"https:\/\/secure.gravatar.com\/avatar\/c0865c03db8bfd457d680c8a95515c197654dffb42037ea598e58b413f208056?s=96&d=mm&r=g","caption":"admin"},"sameAs":["https:\/\/fadia.info"],"url":"https:\/\/fadia.info\/index.php\/author\/admin_fadia\/"}]}},"_links":{"self":[{"href":"https:\/\/fadia.info\/index.php\/wp-json\/wp\/v2\/posts\/6399","targetHints":{"allow":["GET"]}}],"collection":[{"href":"https:\/\/fadia.info\/index.php\/wp-json\/wp\/v2\/posts"}],"about":[{"href":"https:\/\/fadia.info\/index.php\/wp-json\/wp\/v2\/types\/post"}],"author":[{"embeddable":true,"href":"https:\/\/fadia.info\/index.php\/wp-json\/wp\/v2\/users\/1"}],"replies":[{"embeddable":true,"href":"https:\/\/fadia.info\/index.php\/wp-json\/wp\/v2\/comments?post=6399"}],"version-history":[{"count":6,"href":"https:\/\/fadia.info\/index.php\/wp-json\/wp\/v2\/posts\/6399\/revisions"}],"predecessor-version":[{"id":6415,"href":"https:\/\/fadia.info\/index.php\/wp-json\/wp\/v2\/posts\/6399\/revisions\/6415"}],"wp:attachment":[{"href":"https:\/\/fadia.info\/index.php\/wp-json\/wp\/v2\/media?parent=6399"}],"wp:term":[{"taxonomy":"category","embeddable":true,"href":"https:\/\/fadia.info\/index.php\/wp-json\/wp\/v2\/categories?post=6399"},{"taxonomy":"post_tag","embeddable":true,"href":"https:\/\/fadia.info\/index.php\/wp-json\/wp\/v2\/tags?post=6399"}],"curies":[{"name":"wp","href":"https:\/\/api.w.org\/{rel}","templated":true}]}}