{"id":415,"date":"2024-09-23T12:20:06","date_gmt":"2024-09-23T12:20:06","guid":{"rendered":"https:\/\/fadia.info\/?p=415"},"modified":"2024-09-23T12:20:44","modified_gmt":"2024-09-23T12:20:44","slug":"415","status":"publish","type":"post","link":"https:\/\/fadia.info\/index.php\/2024\/09\/23\/415\/","title":{"rendered":"Manuel Contreras, nuevo presidente de la Asociaci\u00f3n Aut\u00f3noma de Instaladores El\u00e9ctricos y de Telecomunicaciones de Granada"},"content":{"rendered":"\n[et_pb_section fb_built=\u00bb1&#8243; _builder_version=\u00bb4.23&#8243; _module_preset=\u00bbdefault\u00bb custom_padding=\u00bb1px|||||\u00bb global_colors_info=\u00bb{}\u00bb theme_builder_area=\u00bbpost_content\u00bb][et_pb_row _builder_version=\u00bb4.23&#8243; _module_preset=\u00bbdefault\u00bb global_colors_info=\u00bb{}\u00bb theme_builder_area=\u00bbpost_content\u00bb][et_pb_column type=\u00bb4_4&#8243; _builder_version=\u00bb4.23&#8243; _module_preset=\u00bbdefault\u00bb global_colors_info=\u00bb{}\u00bb theme_builder_area=\u00bbpost_content\u00bb][et_pb_image src=\u00bbhttps:\/\/fadia.info\/wp-content\/uploads\/2024\/09\/Imagen-de-WhatsApp-2024-09-23-a-las-14.16.06_c068c1fb.jpg\u00bb title_text=\u00bbImagen de WhatsApp 2024-09-23 a las 14.16.06_c068c1fb\u00bb _builder_version=\u00bb4.23&#8243; _module_preset=\u00bbdefault\u00bb global_colors_info=\u00bb{}\u00bb theme_builder_area=\u00bbpost_content\u00bb][\/et_pb_image][\/et_pb_column][\/et_pb_row][et_pb_row _builder_version=\u00bb4.23&#8243; _module_preset=\u00bbdefault\u00bb custom_padding=\u00bb13px|||||\u00bb global_colors_info=\u00bb{}\u00bb theme_builder_area=\u00bbpost_content\u00bb][et_pb_column type=\u00bb4_4&#8243; _builder_version=\u00bb4.23&#8243; _module_preset=\u00bbdefault\u00bb global_colors_info=\u00bb{}\u00bb theme_builder_area=\u00bbpost_content\u00bb][et_pb_cta button_text=\u00bbClics\u00bb _builder_version=\u00bb4.23&#8243; _module_preset=\u00bbdefault\u00bb body_text_color=\u00bb#000000&#8243; body_font_size=\u00bb16px\u00bb background_color=\u00bb#DDFFBD\u00bb custom_padding=\u00bb|50px||||\u00bb global_colors_info=\u00bb{}\u00bb theme_builder_area=\u00bbpost_content\u00bb]<p style=\"text-align: justify;\">Manuel Contreras Arag\u00f3n ha sido elegido nuevo presidente de la Asociaci\u00f3n Aut\u00f3noma de Instaladores El\u00e9ctricos y de Telecomunicaciones de Granada (AAIE), tras la celebraci\u00f3n de un proceso electoral en el que se ha renovado la Junta Directiva de la organizaci\u00f3n.<\/p>\n<p style=\"text-align: justify;\">Manuel Contreras, que hasta ahora desempe\u00f1aba el cargo de vicepresidente, lideraba la \u00fanica candidatura que ha concurrido al proceso, de la que forman parte tanto algunos miembros de la anterior Junta Directiva como nuevos empresarios instaladores. De esta forma, se ha conformado una directiva parcialmente renovada y con representaci\u00f3n de las distintas zonas y comarcas de la provincia.<\/p>\n<p style=\"text-align: justify;\">El nuevo presidente estar\u00e1 acompa\u00f1ado por Gabriel Villalobos Masegosa como vicepresidente; Francisco Javier Gonz\u00e1lez L\u00f3pez como secretario; Rafael Jes\u00fas P\u00e9rez L\u00f3pez como tesorero; y Jos\u00e9 Antonio Jim\u00e9nez Castro, Jos\u00e9 Manuel Linde G\u00f3mez, Jos\u00e9 Antonio Paqu\u00e9 S\u00e1nchez, Rafael Rodr\u00edguez \u00c1vila y Jos\u00e9 Toral G\u00f3mez, como vocales.<\/p>\n<p style=\"text-align: justify;\">Las primeras palabras del nuevo presidente de la asociaci\u00f3n han sido de agradecimiento. En primer lugar, Manuel Contreras ha dado las gracias a su predecesor en el cargo, Juan Manuel Plata, por el gran trabajo y la importante labor que ha desarrollado durante los a\u00f1os que ha liderado la organizaci\u00f3n, convirti\u00e9ndola en una de las m\u00e1s relevantes de Andaluc\u00eda.<\/p>\n<p style=\"text-align: justify;\">En segundo lugar, el nuevo presidente de AAIE ha agradecido el apoyo y la confianza de los compa\u00f1eros que forman parte de la nueva Junta Directiva, cuyo compromiso es seguir trabajando para consolidar el trabajo realizado hasta la fecha y mejorar en lo posible tanto la situaci\u00f3n de la propia organizaci\u00f3n como de todas las empresas instaladoras asociadas, en un momento en el que considera que \u201cel sector debe tener un papel fundamental en la revoluci\u00f3n energ\u00e9tica\u201d que se deriva de la progresiva electrificaci\u00f3n de los procesos y de todos los programas orientados a la rehabilitaci\u00f3n y la eficiencia de las instalaciones.<\/p>\n<p style=\"text-align: justify;\"><strong><em>Sobre la Asociaci\u00f3n Aut\u00f3noma de Instaladores El\u00e9ctricos y de Telecomunicaciones de Granada (AAIE)<\/em><\/strong><\/p>\n<p style=\"text-align: justify;\"><em>Esta Asociaci\u00f3n empresarial fue fundada en el a\u00f1o 1977. Integra en la actualidad a m\u00e1s de 260 empresas instaladoras de los sectores de la electricidad y las telecomunicaciones, adem\u00e1s de las energ\u00edas renovables, repartidas por toda la provincia de Granada que efect\u00faan instalaciones, mantenimientos y proyectos en estos \u00e1mbitos de actividad. La actividad de la Asociaci\u00f3n es impulsar, coordinar y promover acciones t\u00e9cnicas, sociales, econ\u00f3micas y formativas para todos sus asociados, adem\u00e1s de proporcionarles servicios y defender sus intereses profesionales.<\/em><\/p>\n<p style=\"text-align: justify;\">[\/et_pb_cta][\/et_pb_column][\/et_pb_row][\/et_pb_section]\n","protected":false},"excerpt":{"rendered":"<p>Manuel Contreras Arag\u00f3n ha sido elegido nuevo presidente de la Asociaci\u00f3n Aut\u00f3noma de Instaladores El\u00e9ctricos y de Telecomunicaciones de Granada (AAIE), tras la celebraci\u00f3n de un proceso electoral en el [&hellip;]<\/p>\n","protected":false},"author":1,"featured_media":413,"comment_status":"open","ping_status":"open","sticky":false,"template":"","format":"standard","meta":{"_et_pb_use_builder":"on","_et_pb_old_content":"","_et_gb_content_width":"","_monsterinsights_skip_tracking":false,"_monsterinsights_sitenote_active":false,"_monsterinsights_sitenote_note":"","_monsterinsights_sitenote_category":0,"footnotes":""},"categories":[4],"tags":[],"class_list":["post-415","post","type-post","status-publish","format-standard","has-post-thumbnail","hentry","category-fadia"],"yoast_head":"<!-- This site is optimized with the Yoast SEO plugin v24.2 - https:\/\/yoast.com\/wordpress\/plugins\/seo\/ -->\n<title>Manuel Contreras, nuevo presidente de la Asociaci\u00f3n Aut\u00f3noma de Instaladores El\u00e9ctricos y de Telecomunicaciones de Granada - Fadia<\/title>\n<meta name=\"robots\" content=\"index, follow, max-snippet:-1, max-image-preview:large, max-video-preview:-1\" \/>\n<link rel=\"canonical\" href=\"https:\/\/fadia.info\/index.php\/2024\/09\/23\/415\/\" \/>\n<meta property=\"og:locale\" content=\"es_ES\" \/>\n<meta property=\"og:type\" content=\"article\" \/>\n<meta property=\"og:title\" content=\"Manuel Contreras, nuevo presidente de la Asociaci\u00f3n Aut\u00f3noma de Instaladores El\u00e9ctricos y de Telecomunicaciones de Granada - Fadia\" \/>\n<meta property=\"og:description\" content=\"Manuel Contreras Arag\u00f3n ha sido elegido nuevo presidente de la Asociaci\u00f3n Aut\u00f3noma de Instaladores El\u00e9ctricos y de Telecomunicaciones de Granada (AAIE), tras la celebraci\u00f3n de un proceso electoral en el [&hellip;]\" \/>\n<meta property=\"og:url\" content=\"https:\/\/fadia.info\/index.php\/2024\/09\/23\/415\/\" \/>\n<meta property=\"og:site_name\" content=\"Fadia\" \/>\n<meta property=\"article:published_time\" content=\"2024-09-23T12:20:06+00:00\" \/>\n<meta property=\"article:modified_time\" content=\"2024-09-23T12:20:44+00:00\" \/>\n<meta property=\"og:image\" content=\"https:\/\/fadia.info\/wp-content\/uploads\/2024\/09\/Imagen-de-WhatsApp-2024-09-23-a-las-14.16.06_c068c1fb.jpg\" \/>\n\t<meta property=\"og:image:width\" content=\"1600\" \/>\n\t<meta property=\"og:image:height\" content=\"1065\" \/>\n\t<meta property=\"og:image:type\" content=\"image\/jpeg\" \/>\n<meta name=\"author\" content=\"admin\" \/>\n<meta name=\"twitter:card\" content=\"summary_large_image\" \/>\n<meta name=\"twitter:label1\" content=\"Escrito por\" \/>\n\t<meta name=\"twitter:data1\" content=\"admin\" \/>\n\t<meta name=\"twitter:label2\" content=\"Tiempo de lectura\" \/>\n\t<meta name=\"twitter:data2\" content=\"3 minutos\" \/>\n<script type=\"application\/ld+json\" class=\"yoast-schema-graph\">{\"@context\":\"https:\/\/schema.org\",\"@graph\":[{\"@type\":\"Article\",\"@id\":\"https:\/\/fadia.info\/index.php\/2024\/09\/23\/415\/#article\",\"isPartOf\":{\"@id\":\"https:\/\/fadia.info\/index.php\/2024\/09\/23\/415\/\"},\"author\":{\"name\":\"admin\",\"@id\":\"https:\/\/fadia.info\/#\/schema\/person\/e62997a92cb152a1d1581e8555237a80\"},\"headline\":\"Manuel Contreras, nuevo presidente de la Asociaci\u00f3n Aut\u00f3noma de Instaladores El\u00e9ctricos y de Telecomunicaciones de Granada\",\"datePublished\":\"2024-09-23T12:20:06+00:00\",\"dateModified\":\"2024-09-23T12:20:44+00:00\",\"mainEntityOfPage\":{\"@id\":\"https:\/\/fadia.info\/index.php\/2024\/09\/23\/415\/\"},\"wordCount\":644,\"commentCount\":0,\"publisher\":{\"@id\":\"https:\/\/fadia.info\/#organization\"},\"image\":{\"@id\":\"https:\/\/fadia.info\/index.php\/2024\/09\/23\/415\/#primaryimage\"},\"thumbnailUrl\":\"https:\/\/fadia.info\/wp-content\/uploads\/2024\/09\/Imagen-de-WhatsApp-2024-09-23-a-las-14.16.06_c068c1fb.jpg\",\"articleSection\":[\"FADIA\"],\"inLanguage\":\"es\",\"potentialAction\":[{\"@type\":\"CommentAction\",\"name\":\"Comment\",\"target\":[\"https:\/\/fadia.info\/index.php\/2024\/09\/23\/415\/#respond\"]}]},{\"@type\":\"WebPage\",\"@id\":\"https:\/\/fadia.info\/index.php\/2024\/09\/23\/415\/\",\"url\":\"https:\/\/fadia.info\/index.php\/2024\/09\/23\/415\/\",\"name\":\"Manuel Contreras, nuevo presidente de la Asociaci\u00f3n Aut\u00f3noma de Instaladores El\u00e9ctricos y de Telecomunicaciones de Granada - Fadia\",\"isPartOf\":{\"@id\":\"https:\/\/fadia.info\/#website\"},\"primaryImageOfPage\":{\"@id\":\"https:\/\/fadia.info\/index.php\/2024\/09\/23\/415\/#primaryimage\"},\"image\":{\"@id\":\"https:\/\/fadia.info\/index.php\/2024\/09\/23\/415\/#primaryimage\"},\"thumbnailUrl\":\"https:\/\/fadia.info\/wp-content\/uploads\/2024\/09\/Imagen-de-WhatsApp-2024-09-23-a-las-14.16.06_c068c1fb.jpg\",\"datePublished\":\"2024-09-23T12:20:06+00:00\",\"dateModified\":\"2024-09-23T12:20:44+00:00\",\"breadcrumb\":{\"@id\":\"https:\/\/fadia.info\/index.php\/2024\/09\/23\/415\/#breadcrumb\"},\"inLanguage\":\"es\",\"potentialAction\":[{\"@type\":\"ReadAction\",\"target\":[\"https:\/\/fadia.info\/index.php\/2024\/09\/23\/415\/\"]}]},{\"@type\":\"ImageObject\",\"inLanguage\":\"es\",\"@id\":\"https:\/\/fadia.info\/index.php\/2024\/09\/23\/415\/#primaryimage\",\"url\":\"https:\/\/fadia.info\/wp-content\/uploads\/2024\/09\/Imagen-de-WhatsApp-2024-09-23-a-las-14.16.06_c068c1fb.jpg\",\"contentUrl\":\"https:\/\/fadia.info\/wp-content\/uploads\/2024\/09\/Imagen-de-WhatsApp-2024-09-23-a-las-14.16.06_c068c1fb.jpg\",\"width\":1600,\"height\":1065},{\"@type\":\"BreadcrumbList\",\"@id\":\"https:\/\/fadia.info\/index.php\/2024\/09\/23\/415\/#breadcrumb\",\"itemListElement\":[{\"@type\":\"ListItem\",\"position\":1,\"name\":\"Portada\",\"item\":\"https:\/\/fadia.info\/\"},{\"@type\":\"ListItem\",\"position\":2,\"name\":\"Manuel Contreras, nuevo presidente de la Asociaci\u00f3n Aut\u00f3noma de Instaladores El\u00e9ctricos y de Telecomunicaciones de Granada\"}]},{\"@type\":\"WebSite\",\"@id\":\"https:\/\/fadia.info\/#website\",\"url\":\"https:\/\/fadia.info\/\",\"name\":\"Fadia\",\"description\":\"\",\"publisher\":{\"@id\":\"https:\/\/fadia.info\/#organization\"},\"alternateName\":\"Federaci\u00f3n de Asociaciones de Instaladores de Andaluc\u00eda\",\"potentialAction\":[{\"@type\":\"SearchAction\",\"target\":{\"@type\":\"EntryPoint\",\"urlTemplate\":\"https:\/\/fadia.info\/?s={search_term_string}\"},\"query-input\":{\"@type\":\"PropertyValueSpecification\",\"valueRequired\":true,\"valueName\":\"search_term_string\"}}],\"inLanguage\":\"es\"},{\"@type\":\"Organization\",\"@id\":\"https:\/\/fadia.info\/#organization\",\"name\":\"Federaci\u00f3n de Asociaciones de Instaladores de Andaluc\u00eda\",\"alternateName\":\"FADIA\",\"url\":\"https:\/\/fadia.info\/\",\"logo\":{\"@type\":\"ImageObject\",\"inLanguage\":\"es\",\"@id\":\"https:\/\/fadia.info\/#\/schema\/logo\/image\/\",\"url\":\"https:\/\/fadia.info\/wp-content\/uploads\/2023\/11\/logo_fadia.png\",\"contentUrl\":\"https:\/\/fadia.info\/wp-content\/uploads\/2023\/11\/logo_fadia.png\",\"width\":619,\"height\":265,\"caption\":\"Federaci\u00f3n de Asociaciones de Instaladores de Andaluc\u00eda\"},\"image\":{\"@id\":\"https:\/\/fadia.info\/#\/schema\/logo\/image\/\"}},{\"@type\":\"Person\",\"@id\":\"https:\/\/fadia.info\/#\/schema\/person\/e62997a92cb152a1d1581e8555237a80\",\"name\":\"admin\",\"image\":{\"@type\":\"ImageObject\",\"inLanguage\":\"es\",\"@id\":\"https:\/\/fadia.info\/#\/schema\/person\/image\/\",\"url\":\"https:\/\/secure.gravatar.com\/avatar\/c0865c03db8bfd457d680c8a95515c197654dffb42037ea598e58b413f208056?s=96&d=mm&r=g\",\"contentUrl\":\"https:\/\/secure.gravatar.com\/avatar\/c0865c03db8bfd457d680c8a95515c197654dffb42037ea598e58b413f208056?s=96&d=mm&r=g\",\"caption\":\"admin\"},\"sameAs\":[\"https:\/\/fadia.info\"],\"url\":\"https:\/\/fadia.info\/index.php\/author\/admin_fadia\/\"}]}<\/script>\n<!-- \/ Yoast SEO plugin. -->","yoast_head_json":{"title":"Manuel Contreras, nuevo presidente de la Asociaci\u00f3n Aut\u00f3noma de Instaladores El\u00e9ctricos y de Telecomunicaciones de Granada - Fadia","robots":{"index":"index","follow":"follow","max-snippet":"max-snippet:-1","max-image-preview":"max-image-preview:large","max-video-preview":"max-video-preview:-1"},"canonical":"https:\/\/fadia.info\/index.php\/2024\/09\/23\/415\/","og_locale":"es_ES","og_type":"article","og_title":"Manuel Contreras, nuevo presidente de la Asociaci\u00f3n Aut\u00f3noma de Instaladores El\u00e9ctricos y de Telecomunicaciones de Granada - Fadia","og_description":"Manuel Contreras Arag\u00f3n ha sido elegido nuevo presidente de la Asociaci\u00f3n Aut\u00f3noma de Instaladores El\u00e9ctricos y de Telecomunicaciones de Granada (AAIE), tras la celebraci\u00f3n de un proceso electoral en el [&hellip;]","og_url":"https:\/\/fadia.info\/index.php\/2024\/09\/23\/415\/","og_site_name":"Fadia","article_published_time":"2024-09-23T12:20:06+00:00","article_modified_time":"2024-09-23T12:20:44+00:00","og_image":[{"width":1600,"height":1065,"url":"https:\/\/fadia.info\/wp-content\/uploads\/2024\/09\/Imagen-de-WhatsApp-2024-09-23-a-las-14.16.06_c068c1fb.jpg","type":"image\/jpeg"}],"author":"admin","twitter_card":"summary_large_image","twitter_misc":{"Escrito por":"admin","Tiempo de lectura":"3 minutos"},"schema":{"@context":"https:\/\/schema.org","@graph":[{"@type":"Article","@id":"https:\/\/fadia.info\/index.php\/2024\/09\/23\/415\/#article","isPartOf":{"@id":"https:\/\/fadia.info\/index.php\/2024\/09\/23\/415\/"},"author":{"name":"admin","@id":"https:\/\/fadia.info\/#\/schema\/person\/e62997a92cb152a1d1581e8555237a80"},"headline":"Manuel Contreras, nuevo presidente de la Asociaci\u00f3n Aut\u00f3noma de Instaladores El\u00e9ctricos y de Telecomunicaciones de Granada","datePublished":"2024-09-23T12:20:06+00:00","dateModified":"2024-09-23T12:20:44+00:00","mainEntityOfPage":{"@id":"https:\/\/fadia.info\/index.php\/2024\/09\/23\/415\/"},"wordCount":644,"commentCount":0,"publisher":{"@id":"https:\/\/fadia.info\/#organization"},"image":{"@id":"https:\/\/fadia.info\/index.php\/2024\/09\/23\/415\/#primaryimage"},"thumbnailUrl":"https:\/\/fadia.info\/wp-content\/uploads\/2024\/09\/Imagen-de-WhatsApp-2024-09-23-a-las-14.16.06_c068c1fb.jpg","articleSection":["FADIA"],"inLanguage":"es","potentialAction":[{"@type":"CommentAction","name":"Comment","target":["https:\/\/fadia.info\/index.php\/2024\/09\/23\/415\/#respond"]}]},{"@type":"WebPage","@id":"https:\/\/fadia.info\/index.php\/2024\/09\/23\/415\/","url":"https:\/\/fadia.info\/index.php\/2024\/09\/23\/415\/","name":"Manuel Contreras, nuevo presidente de la Asociaci\u00f3n Aut\u00f3noma de Instaladores El\u00e9ctricos y de Telecomunicaciones de Granada - Fadia","isPartOf":{"@id":"https:\/\/fadia.info\/#website"},"primaryImageOfPage":{"@id":"https:\/\/fadia.info\/index.php\/2024\/09\/23\/415\/#primaryimage"},"image":{"@id":"https:\/\/fadia.info\/index.php\/2024\/09\/23\/415\/#primaryimage"},"thumbnailUrl":"https:\/\/fadia.info\/wp-content\/uploads\/2024\/09\/Imagen-de-WhatsApp-2024-09-23-a-las-14.16.06_c068c1fb.jpg","datePublished":"2024-09-23T12:20:06+00:00","dateModified":"2024-09-23T12:20:44+00:00","breadcrumb":{"@id":"https:\/\/fadia.info\/index.php\/2024\/09\/23\/415\/#breadcrumb"},"inLanguage":"es","potentialAction":[{"@type":"ReadAction","target":["https:\/\/fadia.info\/index.php\/2024\/09\/23\/415\/"]}]},{"@type":"ImageObject","inLanguage":"es","@id":"https:\/\/fadia.info\/index.php\/2024\/09\/23\/415\/#primaryimage","url":"https:\/\/fadia.info\/wp-content\/uploads\/2024\/09\/Imagen-de-WhatsApp-2024-09-23-a-las-14.16.06_c068c1fb.jpg","contentUrl":"https:\/\/fadia.info\/wp-content\/uploads\/2024\/09\/Imagen-de-WhatsApp-2024-09-23-a-las-14.16.06_c068c1fb.jpg","width":1600,"height":1065},{"@type":"BreadcrumbList","@id":"https:\/\/fadia.info\/index.php\/2024\/09\/23\/415\/#breadcrumb","itemListElement":[{"@type":"ListItem","position":1,"name":"Portada","item":"https:\/\/fadia.info\/"},{"@type":"ListItem","position":2,"name":"Manuel Contreras, nuevo presidente de la Asociaci\u00f3n Aut\u00f3noma de Instaladores El\u00e9ctricos y de Telecomunicaciones de Granada"}]},{"@type":"WebSite","@id":"https:\/\/fadia.info\/#website","url":"https:\/\/fadia.info\/","name":"Fadia","description":"","publisher":{"@id":"https:\/\/fadia.info\/#organization"},"alternateName":"Federaci\u00f3n de Asociaciones de Instaladores de Andaluc\u00eda","potentialAction":[{"@type":"SearchAction","target":{"@type":"EntryPoint","urlTemplate":"https:\/\/fadia.info\/?s={search_term_string}"},"query-input":{"@type":"PropertyValueSpecification","valueRequired":true,"valueName":"search_term_string"}}],"inLanguage":"es"},{"@type":"Organization","@id":"https:\/\/fadia.info\/#organization","name":"Federaci\u00f3n de Asociaciones de Instaladores de Andaluc\u00eda","alternateName":"FADIA","url":"https:\/\/fadia.info\/","logo":{"@type":"ImageObject","inLanguage":"es","@id":"https:\/\/fadia.info\/#\/schema\/logo\/image\/","url":"https:\/\/fadia.info\/wp-content\/uploads\/2023\/11\/logo_fadia.png","contentUrl":"https:\/\/fadia.info\/wp-content\/uploads\/2023\/11\/logo_fadia.png","width":619,"height":265,"caption":"Federaci\u00f3n de Asociaciones de Instaladores de Andaluc\u00eda"},"image":{"@id":"https:\/\/fadia.info\/#\/schema\/logo\/image\/"}},{"@type":"Person","@id":"https:\/\/fadia.info\/#\/schema\/person\/e62997a92cb152a1d1581e8555237a80","name":"admin","image":{"@type":"ImageObject","inLanguage":"es","@id":"https:\/\/fadia.info\/#\/schema\/person\/image\/","url":"https:\/\/secure.gravatar.com\/avatar\/c0865c03db8bfd457d680c8a95515c197654dffb42037ea598e58b413f208056?s=96&d=mm&r=g","contentUrl":"https:\/\/secure.gravatar.com\/avatar\/c0865c03db8bfd457d680c8a95515c197654dffb42037ea598e58b413f208056?s=96&d=mm&r=g","caption":"admin"},"sameAs":["https:\/\/fadia.info"],"url":"https:\/\/fadia.info\/index.php\/author\/admin_fadia\/"}]}},"_links":{"self":[{"href":"https:\/\/fadia.info\/index.php\/wp-json\/wp\/v2\/posts\/415","targetHints":{"allow":["GET"]}}],"collection":[{"href":"https:\/\/fadia.info\/index.php\/wp-json\/wp\/v2\/posts"}],"about":[{"href":"https:\/\/fadia.info\/index.php\/wp-json\/wp\/v2\/types\/post"}],"author":[{"embeddable":true,"href":"https:\/\/fadia.info\/index.php\/wp-json\/wp\/v2\/users\/1"}],"replies":[{"embeddable":true,"href":"https:\/\/fadia.info\/index.php\/wp-json\/wp\/v2\/comments?post=415"}],"version-history":[{"count":3,"href":"https:\/\/fadia.info\/index.php\/wp-json\/wp\/v2\/posts\/415\/revisions"}],"predecessor-version":[{"id":418,"href":"https:\/\/fadia.info\/index.php\/wp-json\/wp\/v2\/posts\/415\/revisions\/418"}],"wp:featuredmedia":[{"embeddable":true,"href":"https:\/\/fadia.info\/index.php\/wp-json\/wp\/v2\/media\/413"}],"wp:attachment":[{"href":"https:\/\/fadia.info\/index.php\/wp-json\/wp\/v2\/media?parent=415"}],"wp:term":[{"taxonomy":"category","embeddable":true,"href":"https:\/\/fadia.info\/index.php\/wp-json\/wp\/v2\/categories?post=415"},{"taxonomy":"post_tag","embeddable":true,"href":"https:\/\/fadia.info\/index.php\/wp-json\/wp\/v2\/tags?post=415"}],"curies":[{"name":"wp","href":"https:\/\/api.w.org\/{rel}","templated":true}]}}